{"id":11115,"date":"2025-07-27T00:07:53","date_gmt":"2025-07-26T23:07:53","guid":{"rendered":"https:\/\/elcotarro.com\/?p=11115"},"modified":"2025-07-27T00:07:53","modified_gmt":"2025-07-26T23:07:53","slug":"el-cotarro-568-del-domingo-27-07-2025","status":"publish","type":"post","link":"https:\/\/elcotarro.com\/?p=11115","title":{"rendered":"EL COTARRO \/ 568, DEL DOMINGO, 27\/07\/2025"},"content":{"rendered":"<p><img loading=\"lazy\" decoding=\"async\" class=\"size-full wp-image-9057 aligncenter\" src=\"https:\/\/canariasenpositivo.com\/wp-content\/uploads\/2025\/02\/1.-EL-COTARRO-DA-1.jpg\" alt=\"\" width=\"894\" height=\"145\" \/><\/p>\n<p style=\"text-align: center\"><span style=\"color: #ff0000\"><strong>N\u00ba568 DEL 27 DE JULIO DE 2025<\/strong><\/span><\/p>\n<p>&nbsp;<\/p>\n<p><span style=\"color: #0000ff\"><strong>La Familia Kiessling hace renacer el hotel Bot\u00e1nico<\/strong><\/span><\/p>\n<ul>\n<li>Sin lugar a dudas, es una persona muy especial. Dios mediante, el pr\u00f3ximo 17 de septiembre, el empresario <strong>Wolfgang Kiessling<\/strong>, alem\u00e1n de nacimiento y tinerfe\u00f1o de adopci\u00f3n, cumplir\u00e1 88 a\u00f1os de edad. Con esa misma edad, otras personas est\u00e1n disfrutando de su jubilaci\u00f3n y dedic\u00e1ndose a disfrutar de la vida, sin m\u00e1s. Pero en el caso de <strong>Wolfgang<\/strong> y su encantadora esposa <strong>Brigitte Kiessling<\/strong>, la norma se rompe. Los dos siguen m\u00e1s que activos cuidando sus empresas y, con ellas, generando y manteniendo cientos de puestos de trabajo, a la vez que creando riqueza en nuestra tierra. En 1995, hace ahora 30 a\u00f1os, <strong>Wolfgang Kiessling<\/strong> decidi\u00f3 comprar el Hotel Bot\u00e1nico, cuando el establecimiento ten\u00eda ya 20 a\u00f1os de edad. Acometi\u00f3 una reforma integral que lo convirti\u00f3 en el Hotel Bot\u00e1nico &amp; The Oriental Spa Garden, que hoy sigue siendo, uno de los 10 mejores hoteles de Canarias. Hace menos de tres meses, <strong>Wolfgang<\/strong> y <strong>Brigitte<\/strong> decidieron cerrar el hotel para reformarlo y modernizarlo, convirti\u00e9ndolo en una aut\u00e9ntica y renovada \u201cjoya\u201d de la hosteler\u00eda canaria. Este pasado jueves, se present\u00f3 esta maravilla a la prensa y autoridades.<\/li>\n<\/ul>\n<p><em><img loading=\"lazy\" decoding=\"async\" class=\"size-large wp-image-9591 aligncenter\" src=\"https:\/\/canariasenpositivo.com\/wp-content\/uploads\/2025\/07\/1.-REAPERTURA-BOTANICO-1024x683.jpg\" alt=\"\" width=\"660\" height=\"440\" \/><\/em><\/p>\n<p style=\"text-align: center\"><em>En la foto de familia de la reapertura del Hotel Bot\u00e1nico, de izquierda a derecha: <\/em><em>Brigitte Kiessling, Wolfgang Kiessling, Desir\u00e9 D\u00edaz (concejala de Turismo de Puerto de la Cruz) Leopoldo Afonso (alcalde de Puerto de la Cruz) Jos\u00e9 Manuel Sanabria (viceconsejero de Turismo del Gobierno canario) y Lope Afonso (vicepresidente del Cabildo de Tenerife)<\/em><\/p>\n<p><em>\u00a0<\/em><\/p>\n<p><span style=\"color: #0000ff\"><strong>Hotel para que el Puerto sea \u201cLa Perla del Atl\u00e1ntico\u201d<\/strong><\/span><\/p>\n<ul>\n<li>Nuestra filosof\u00eda, dijo <strong>Wolfgang Kiessling<\/strong>, <em>\u201ces ofrecer un servicio excepcional que aporte valor al destino y contribuya a que el Puerto recupere su posici\u00f3n como La Perla del Atl\u00e1ntico\u201d<\/em> y afirm\u00f3 que <em>\u201ccon esta reforma, estamos preparados para seguir representando no solo a nuestro municipio, sino a toda la isla, como el primer \u201cLeading Hotel of the World en Canarias\u00bb referente del lujo sostenible en Europa, consolid\u00e1ndose como un aut\u00e9ntico refugio de exclusividad y confort en el coraz\u00f3n del Puerto de la Cruz<\/em>\u201d. La reforma, que ha tenido a su esposa, <strong>Brigitte Kiessling,<\/strong> ocup\u00e1ndose personalmente de todos los detalles de la decoraci\u00f3n, ha transformado significativamente las habitaciones, suites y el restaurante La Parrilla (destaca por la incorporaci\u00f3n de un horno Josper, conocido por su capacidad para cocinar con carb\u00f3n vegetal) manteniendo su esencia, pero elevando su propuesta gastron\u00f3mica y est\u00e9tica. Las habitaciones triples se han convertido en dobles, perdiendo unidades alojativas, pero ganando en amplitud y confort, as\u00ed como ba\u00f1os de m\u00e1rmol italiano, terrazas privadas y tecnolog\u00eda de vanguardia.<\/li>\n<\/ul>\n<p><em> <img loading=\"lazy\" decoding=\"async\" class=\"size-full wp-image-9593 aligncenter\" src=\"https:\/\/canariasenpositivo.com\/wp-content\/uploads\/2025\/07\/2.-BOTANICO-HABITACION-SUITE.jpg\" alt=\"\" width=\"653\" height=\"490\" \/><\/em><\/p>\n<p style=\"text-align: center\"><em>Panor\u00e1mica de una peque\u00f1a parte de la Penthouse Suite Presidencial del renovado Hotel Bot\u00e1nico &amp; The Oriental Spa Garden, en Puerto de la Cruz.<\/em><\/p>\n<p><em>\u00a0<\/em><\/p>\n<p><span style=\"color: #0000ff\"><strong>Reivindicaci\u00f3n de Kiessling y de Puerto de la Cruz<\/strong><\/span><\/p>\n<ul>\n<li>A sus casi 88 a\u00f1os, despu\u00e9s de crear el imperio empresarial que hoy es una exitosa realidad en Tenerife y Canarias, <strong>Wolfang Kiessling<\/strong> se puede permitir decir lo que estime oportuno, por mucho que a m\u00e1s un pol\u00edtico se le ponga (o se le deber\u00eda poner) la cara colorada. En su corto pero intenso y directo discurso, <strong>Wolfgang<\/strong> no se cort\u00f3 en recordar que muchos empresarios est\u00e1n apostando por una oferta de alojamiento de primera calidad y lujo en el Puerto de la Cruz, y que necesita de comercios de marcas de primer nivel y de lujo para sus visitantes. <strong>Wolfgang<\/strong> dijo que en otros destinos tur\u00edsticos peque\u00f1os y similares, como M\u00f3naco, por ejemplo, est\u00e1n complementados con tiendas y centros comerciales que atraen a residentes y visitantes, que dejan mucha riqueza en el destino. Pero, frente a esto, <strong>Wolfgang Kiessling<\/strong> record\u00f3 que han pasado la friolera de 40 a\u00f1os (desde la d\u00e9cada de los 80) y el tan cacareado, y m\u00e1s de una vez presentado, <em>\u201cPuerto Pesquero, Deportivo, Comercial y Tur\u00edstico de Puerto de la Cruz\u201d<\/em> sigue siendo solamente\u2026 una inmensa esplanada de tierra junto al mar, que solo ocupan coches aparcados de aquella manera, de vez en cuando los feriantes en las fiestas, y alg\u00fan evento puntual.<\/li>\n<\/ul>\n<p><img loading=\"lazy\" decoding=\"async\" class=\"size-full wp-image-9594 aligncenter\" src=\"https:\/\/canariasenpositivo.com\/wp-content\/uploads\/2025\/07\/3.-BOTANICO-PISCINA.jpg\" alt=\"\" width=\"671\" height=\"490\" \/><\/p>\n<p style=\"text-align: center\"><em>Panor\u00e1mica de la piscina principal del Hotel Bot\u00e1nico, donde se puede ver, a la izquierda, el restaurante Palmera Real, abierto al mediod\u00eda para los almuerzos.<\/em><\/p>\n<p>&nbsp;<\/p>\n<p><span style=\"color: #0000ff\"><strong>6 presidentes de Cabildo, 9 alcaldes y\u2026 una explanada<\/strong><\/span><\/p>\n<ul>\n<li>Desde el a\u00f1o 1980 han pasado por la Presidencia del Cabildo 6 personas: <strong>Jos\u00e9 Segura<\/strong> (PSOE), <strong>Ad\u00e1n Mart\u00edn<\/strong> (CC), <strong>Ricardo Melchior<\/strong> (CC), <strong>Carlos Alonso<\/strong> (CC), <strong>Pedro Mart\u00edn<\/strong> (PSOE y en la actualidad <strong>Rosa D\u00e1vila<\/strong> (CC) En el Puerto de la Cruz, por su parte, desde 1980 han pasado por su alcald\u00eda 9 personas: <strong>Francisco Afonso<\/strong> (PSOE) <strong>F\u00e9lix Real<\/strong> (PSOE) <strong>Salvador Garc\u00eda<\/strong> (PSOE), <strong>Marcos Brito<\/strong> (CC), <strong>Dolores \u201cLola\u201d Padr\u00f3n<\/strong> (PSOE) <strong>Sandra Rodr\u00edguez<\/strong> (CC) <strong>Lope Afonso<\/strong> (PP), <strong>Marco Antonio Gonz\u00e1lez<\/strong> (PSOE) y hoy <strong>Leopoldo Afonso<\/strong> (PP). El mes de abril de 2016, en una rueda de prensa celebrada en el ayuntamiento del Puerto, el alcalde <strong>Lope Afonso<\/strong> (PP) y el presidente del Cabildo, <strong>Carlos Alonso<\/strong> (CC) presentaban un acuerdo en el titular del <strong>Diario de Avisos<\/strong> de pudo leer <em>\u201cEsta vez s\u00ed hay consenso en el muelle deportivo\u201d<\/em> y se aseguraba que <em>\u201cla obra de la infraestructura comenzar\u00e1 antes de finalizar 2017 y se har\u00e1 en una fase<\/em>\u201d. Pero la verdad es que\u2026 hasta hoy.<\/li>\n<\/ul>\n<p><img loading=\"lazy\" decoding=\"async\" class=\"size-large wp-image-9595 aligncenter\" src=\"https:\/\/canariasenpositivo.com\/wp-content\/uploads\/2025\/07\/4.-PUERTO-DE-LA-CRUZ-1024x512.jpg\" alt=\"\" width=\"660\" height=\"330\" \/><\/p>\n<p style=\"text-align: center\"><em>Panor\u00e1mica de parte de la costa de Puerto de la Cruz. A la derecha, abajo, se puede ver la explanada donde deber\u00eda estar desde hace a\u00f1os el \u00abPuerto Pesquero, Deportivo, Comercial y Tur\u00edstico\u00bb de Puerto de la Cruz, pero solamente lleno de atracciones de feriantes.<\/em><\/p>\n<p>&nbsp;<\/p>\n<p><span style=\"color: #0000ff\"><strong>Un prof\u00e9tico v\u00eddeo\u2026 nada prof\u00e9tico, por ahora.<\/strong><\/span><\/p>\n<ul>\n<li>El mes de mayo de 2016, el Cabildo de Tenerife, cuyo presidente era <strong>Carlos Alonso<\/strong> (CC) lanzaba un v\u00eddeo promocional que presentaba el mencionado <em>\u201cPuerto Pesquero, Deportivo, Comercial y Tur\u00edstico de Puerto de la Cruz\u201d<\/em> (lo pueden encontrar en Facebook) que en su parte terrestre contaba con un atractivo proyecto del arquitecto tinerfe\u00f1o <strong>Fernando Mart\u00edn Menis<\/strong>. En el v\u00eddeo se daban las cifras de 110.000 m2 de uso p\u00fablico, 157,6 millones de euros de inversi\u00f3n p\u00fablica, 4.642 m2 para una d\u00e1rsena pesquera, 12.500 m2 de aparcamientos, 14.546 m2 para una zona o centro comercial de alto standing, 84.972 m2 de zona deportiva, l\u00ednea de atraque para cruceros de hasta 80 metros de eslora y una d\u00e1rsena o puerto deportivo con 780 atraques con un ancho de bocana de m\u00e1s de 88 metros. Todo estos, seg\u00fan se aseguraba en el propio v\u00eddeo, convertir\u00eda al Puerto de la Cruz en el <em>\u201cmotor econ\u00f3mico del Norte de Tenerife\u201d<\/em> y se rescatar\u00eda lo mejor de la ciudad. El v\u00eddeo terminaba diciendo <em>\u201cel futuro comienza hoy\u201d<\/em>. La verdad es que el v\u00eddeo es muy atractivo, pero nada prof\u00e9tico. Esperemos que, como desea y solicita <strong>Wolfgang Kiessling<\/strong> el mejor futuro para Puerto de la Cruz, comience muy pronto.<\/li>\n<\/ul>\n<p><img loading=\"lazy\" decoding=\"async\" class=\"size-full wp-image-9596 aligncenter\" src=\"https:\/\/canariasenpositivo.com\/wp-content\/uploads\/2025\/07\/5.-PROYECTO-MARTIN-MENIS.jpg\" alt=\"\" width=\"800\" height=\"449\" \/><\/p>\n<p style=\"text-align: center\"><em>Infograf\u00eda del proyecto de Fernando Mart\u00edn Menis del demandado y nunca hecho realidad Puerto Pesquero, Deportivo, Comercial y Tur\u00edstico del Puerto de la Cruz, que \u00abduerme\u00bb desde 2016<\/em><\/p>\n<p>&nbsp;<\/p>\n<p><span style=\"color: #0000ff\"><strong>Gloria Estefan disfrut\u00f3 de Loro Parque y Brunelli\u2019s<\/strong><\/span><\/p>\n<ul>\n<li>\u00a0Por cierto. <strong>Wolfgang Kiessling<\/strong> record\u00f3 el paso por el hotel Bot\u00e1nico de figuras tan relevantes como <strong>Michael Jackson, Bill Clinton, la Reina Sirikit de Tailandia, Sylvester Stallone<\/strong>, el <strong>Dal\u00e1i Lama<\/strong> o los Reyes em\u00e9ritos de Espa\u00f1a, <strong>Juan Carlos<\/strong> y <strong>Sof\u00eda<\/strong>, destacando que ya han disfrutado de la nueva reforma y modernizaci\u00f3n artistas como <strong>Gloria Estefan<\/strong> y <strong>Sebasti\u00e1n Yatra<\/strong>. La cantante cubana no solo se aloj\u00f3 y descans\u00f3 en el renovado hotel, sino que disfrut\u00f3 de Loro Parque y degust\u00f3 la cocina del restaurante Brunelli\u2019s Steakhouse (tambi\u00e9n perteneciente a la Compa\u00f1\u00eda Loro Parque) siendo recibida por su directora, <strong>Elena Mart\u00ednez<\/strong> y atendida de maravilla por todo el equipo del restaurante, considerado por la cr\u00edtica uno de los mejores steakhouse de Canarias, que est\u00e1 ubicado en el barrio portuense de Punta Brava, frente mismo a la entrada principal del Loro Parque.\u00a0 Creo que todos nos debemos felicitar a la <strong>Familia Kiessling<\/strong> por la brillante renovaci\u00f3n de nuestro emblem\u00e1tico Hotel Bot\u00e1nico &amp; The Oriental Spa Garden y desearles toda la suerte que, sin duda, se merecen.<\/li>\n<\/ul>\n<p><img loading=\"lazy\" decoding=\"async\" class=\"size-large wp-image-9597 aligncenter\" src=\"https:\/\/canariasenpositivo.com\/wp-content\/uploads\/2025\/07\/6.-ESTEFAN-EN-BRUNELLIS-1024x884.jpg\" alt=\"\" width=\"660\" height=\"570\" \/><\/p>\n<p style=\"text-align: center\"><em>Gloria Estefan (3\u00aa por la izquierda) junto con Elena Mart\u00ednez (de rojo) y el resto del equipo del magn\u00edfico restaurante Brunelli\u2019s Steakhouse<\/em><\/p>\n<p>&nbsp;<\/p>\n<p><span style=\"color: #0000ff\"><strong>Los \u201cnuestros\u201d velan por nuestra seguridad en L\u00edbano<\/strong><\/span><\/p>\n<ul>\n<li>Mientras todos cuidamos aqu\u00ed del Turismo en el m\u00e1s amplio y mejor sentido de la palabra, lejos de aqu\u00ed, en L\u00edbano, paisanos militares dependientes del Mando de Canarias, trabajan profesionalmente para que la seguridad que ellos \u201csiembran\u201d all\u00e1 y que es tan necesaria para cuidar el sector del Turismo, llegue y se sienta aqu\u00ed. Me estoy refiriendo a los hombres y mujeres espa\u00f1oles procedentes del Mando de Canarias (MCANA) que lidera el teniente general <strong>Julio Salom Herrera<\/strong> y que, en este momento, como \u201ccascos azules\u201d pertenecientes a la Unidad espa\u00f1ola de Ingenieros de la Brigada Multinacional Este de la Fuerza Provisional de las Naciones Unidas para el L\u00edbano (UNIFIL) junto con militares libaneses de las Fuerzas Armadas Libanesas (LAF), trabajan unidos para mejorar la movilidad y el acceso de la poblaci\u00f3n civil a sus hogares en las poblaciones en el sur del L\u00edbano (las m\u00e1s afectadas por el conflicto armado que vive la zona), haci\u00e9ndolo m\u00e1s seguro.<\/li>\n<\/ul>\n<p><img loading=\"lazy\" decoding=\"async\" class=\"size-large wp-image-9599 aligncenter\" src=\"https:\/\/canariasenpositivo.com\/wp-content\/uploads\/2025\/07\/7.-UNIFIL-Y-LAF-TRABAJANDO-UNIDOS-1024x576.jpg\" alt=\"\" width=\"660\" height=\"371\" \/><\/p>\n<p style=\"text-align: center\"><em>Profesionales de Canarias pertenecientes a UNIFIL trabajan conjuntamente con las LAF<\/em><\/p>\n<p>&nbsp;<\/p>\n<p><span style=\"color: #0000ff\"><strong>Facilitan la reagrupaci\u00f3n de las familias a sus hogares<\/strong><\/span><\/p>\n<ul>\n<li>Para el general <strong>Ricardo Esteban Cabrejos<\/strong>, jefe del Sector Este de UNIFIL, <em>\u201cel objetivo final de esta rehabilitaci\u00f3n de los caminos da\u00f1ados no es otro que facilitar la reagrupaci\u00f3n y regreso de las familias a sus hogares, pero tambi\u00e9n el acceso de la ayuda humanitaria, a la regi\u00f3n.\u201d<\/em> Por ello, UNIFIL y las LAF contin\u00faan trabajando en estrecha coordinaci\u00f3n con las autoridades locales y la poblaci\u00f3n civil, convencidos de que la estabilidad se construye desde el terreno, con la participaci\u00f3n activa de quienes m\u00e1s la necesitan. El general <strong>Ricardo Esteban<\/strong> afirma que \u201c<em>con este tipo de acciones UNIFIL y, por tanto, Espa\u00f1a demuestran su firme apoyo y estrecha coordinaci\u00f3n con las LAF, con la mirada siempre puesta en lograr la paz y la estabilidad duradera en <\/em>el sur del pa\u00eds, que es el objetivo final de la Resoluci\u00f3n 1701 de Naciones Unidas\u201d. La misi\u00f3n de la ONU en el L\u00edbano tiene, entre sus principales tareas, vigilar el cese de las hostilidades entre Hezbollah e Israel, adem\u00e1s de acompa\u00f1ar y ayudar a las Fuerzas Armadas Libanesas en el sur del pa\u00eds y a lo largo de la separaci\u00f3n entre los dos estados, la denominada \u2018Blue Line\u2019.<\/li>\n<\/ul>\n<p><img loading=\"lazy\" decoding=\"async\" class=\"size-large wp-image-9600 aligncenter\" src=\"https:\/\/canariasenpositivo.com\/wp-content\/uploads\/2025\/07\/8.-MAQUINARIA-RETIRANDO-ARBOLES-1024x768.jpg\" alt=\"\" width=\"660\" height=\"495\" \/><\/p>\n<p style=\"text-align: center\"><em>Maquinaria de la Unidad de Ingenieros de UNIFIL retirando \u00e1rboles de los caminos.<\/em><\/p>\n<p>&nbsp;<\/p>\n<p><span style=\"color: #0000ff\"><strong>Buscando la paz y estabilidad duraderas en la zona<\/strong><\/span><\/p>\n<ul>\n<li>Tambi\u00e9n garantiza el acceso humanitario a las poblaciones civiles, as\u00ed como el retorno voluntario y seguro de las personas desplazadas. En este contexto, el contingente espa\u00f1ol desplegado en L\u00edbano \u2014conformado por unidades del Mando de Canarias- establece observatorios de vigilancia en distintos destacamentos y puntos sensibles de la zona de responsabilidad de la Brigada del Sector Este, liderada por Espa\u00f1a; al tiempo que realiza otras actividades en colaboraci\u00f3n con las Fuerzas Armadas Libanesas (LAF, por sus siglas en ingl\u00e9s). Con todo, y cuando el contingente espa\u00f1ol est\u00e1 camino de llegar al ecuador de su despliegue, su trabajo constante y entregado al sur de L\u00edbano se ha traducido en una notable mejora de las condiciones de vida de unas poblaciones devastadas por el reciente conflicto, lo que demuestra el firme compromiso espa\u00f1ol con la paz y la seguridad internacional y de Espa\u00f1a. Procede felicitar y agradecer al general <strong>Ricardo Esteban Cabrejos<\/strong> y a todos los militares, hombres y mujeres pertenecientes al Mando de Canarias, por la impagable labor que est\u00e1n realizando en L\u00edbano y que, aunque nos cueste creerlo, tiene mucho que ver con nuestra seguridad.<\/li>\n<\/ul>\n<p><img loading=\"lazy\" decoding=\"async\" class=\"size-large wp-image-9601 aligncenter\" src=\"https:\/\/canariasenpositivo.com\/wp-content\/uploads\/2025\/07\/9.-REMOVIENDO-BLOQUES-EN-CARRETERA-1024x768.jpg\" alt=\"\" width=\"660\" height=\"495\" \/><\/p>\n<p style=\"text-align: center\"><em>Los \u201cnuestros\u201d, hombres y mujeres del Mando de Canarias (MCANA), ayudando despejando caminos para facilitar el regreso y reagrupamiento de las familias libanesas<\/em><\/p>\n<p>&nbsp;<\/p>\n<p>&nbsp;<\/p>\n<p><span style=\"color: #0000ff\"><strong>Jos\u00e9 Carlos MARRERO GONZ\u00c1LEZ<\/strong><\/span><\/p>\n<p>Periodista y analista de la actualidad.<\/p>\n<p>Director de <strong><em>El Cotarro<\/em><\/strong> (www.elcotarro.com)<\/p>\n<p>Director de <strong><em>Canarias en Positivo<\/em><\/strong> (www.canariasenpositivo.com)<\/p>\n<p>Director de <strong><em>GastroCanarias<\/em><\/strong> (www.gastrocanarias.com)<\/p>\n<p>&nbsp;<\/p>\n<p>&nbsp;<\/p>\n<p>Islas Canarias, 27 de julio de 2025<\/p>\n<p><img loading=\"lazy\" decoding=\"async\" class=\"size-full wp-image-9058 aligncenter\" src=\"https:\/\/canariasenpositivo.com\/wp-content\/uploads\/2025\/02\/4.-CARECA-INSULA.jpg\" alt=\"\" width=\"750\" height=\"153\" \/><\/p>\n","protected":false},"excerpt":{"rendered":"<p>N\u00ba568 DEL 27 DE JULIO DE 2025 &nbsp; La Familia Kiessling hace renacer el hotel Bot\u00e1nico Sin lugar a dudas, es una persona muy especial. Dios mediante, el pr\u00f3ximo 17 de septiembre, el empresario Wolfgang Kiessling, alem\u00e1n de nacimiento y tinerfe\u00f1o de adopci\u00f3n, cumplir\u00e1 88 a\u00f1os de edad. Con esa misma edad, otras personas est\u00e1n &#8230; <a class=\"read-more\" href=\"https:\/\/elcotarro.com\/?p=11115\">Read more<\/a><\/p>\n","protected":false},"author":2,"featured_media":0,"comment_status":"open","ping_status":"open","sticky":false,"template":"","format":"standard","meta":{"_jetpack_memberships_contains_paid_content":false,"footnotes":""},"categories":[4],"tags":[],"class_list":["post-11115","post","type-post","status-publish","format-standard","hentry","category-el-cotarro"],"yoast_head":"<!-- This site is optimized with the Yoast SEO plugin v27.0 - https:\/\/yoast.com\/product\/yoast-seo-wordpress\/ -->\n<title>EL COTARRO \/ 568, DEL DOMINGO, 27\/07\/2025 - El Cotarro<\/title>\n<meta name=\"robots\" content=\"index, follow, max-snippet:-1, max-image-preview:large, max-video-preview:-1\" \/>\n<link rel=\"canonical\" href=\"https:\/\/elcotarro.com\/?p=11115\" \/>\n<meta property=\"og:locale\" content=\"es_ES\" \/>\n<meta property=\"og:type\" content=\"article\" \/>\n<meta property=\"og:title\" content=\"EL COTARRO \/ 568, DEL DOMINGO, 27\/07\/2025 - El Cotarro\" \/>\n<meta property=\"og:description\" content=\"N\u00ba568 DEL 27 DE JULIO DE 2025 &nbsp; La Familia Kiessling hace renacer el hotel Bot\u00e1nico Sin lugar a dudas, es una persona muy especial. Dios mediante, el pr\u00f3ximo 17 de septiembre, el empresario Wolfgang Kiessling, alem\u00e1n de nacimiento y tinerfe\u00f1o de adopci\u00f3n, cumplir\u00e1 88 a\u00f1os de edad. Con esa misma edad, otras personas est\u00e1n ... Read more\" \/>\n<meta property=\"og:url\" content=\"https:\/\/elcotarro.com\/?p=11115\" \/>\n<meta property=\"og:site_name\" content=\"El Cotarro\" \/>\n<meta property=\"article:publisher\" content=\"https:\/\/www.facebook.com\/ElCotarro.Tenerife\" \/>\n<meta property=\"article:published_time\" content=\"2025-07-26T23:07:53+00:00\" \/>\n<meta property=\"og:image\" content=\"https:\/\/canariasenpositivo.com\/wp-content\/uploads\/2025\/02\/1.-EL-COTARRO-DA-1.jpg\" \/>\n<meta name=\"author\" content=\"Jos\u00e9 Carlos Marrero Gonz\u00e1lez\" \/>\n<meta name=\"twitter:label1\" content=\"Escrito por\" \/>\n\t<meta name=\"twitter:data1\" content=\"Jos\u00e9 Carlos Marrero Gonz\u00e1lez\" \/>\n\t<meta name=\"twitter:label2\" content=\"Tiempo de lectura\" \/>\n\t<meta name=\"twitter:data2\" content=\"12 minutos\" \/>\n<script type=\"application\/ld+json\" class=\"yoast-schema-graph\">{\"@context\":\"https:\/\/schema.org\",\"@graph\":[{\"@type\":\"Article\",\"@id\":\"https:\/\/elcotarro.com\/?p=11115#article\",\"isPartOf\":{\"@id\":\"https:\/\/elcotarro.com\/?p=11115\"},\"author\":{\"name\":\"Jos\u00e9 Carlos Marrero Gonz\u00e1lez\",\"@id\":\"https:\/\/elcotarro.com\/#\/schema\/person\/af537ee7d60d15984c7e0affcd8a918b\"},\"headline\":\"EL COTARRO \/ 568, DEL DOMINGO, 27\/07\/2025\",\"datePublished\":\"2025-07-26T23:07:53+00:00\",\"mainEntityOfPage\":{\"@id\":\"https:\/\/elcotarro.com\/?p=11115\"},\"wordCount\":2150,\"commentCount\":0,\"publisher\":{\"@id\":\"https:\/\/elcotarro.com\/#organization\"},\"image\":{\"@id\":\"https:\/\/elcotarro.com\/?p=11115#primaryimage\"},\"thumbnailUrl\":\"https:\/\/canariasenpositivo.com\/wp-content\/uploads\/2025\/02\/1.-EL-COTARRO-DA-1.jpg\",\"articleSection\":[\"El Cotarro\"],\"inLanguage\":\"es\",\"potentialAction\":[{\"@type\":\"CommentAction\",\"name\":\"Comment\",\"target\":[\"https:\/\/elcotarro.com\/?p=11115#respond\"]}]},{\"@type\":\"WebPage\",\"@id\":\"https:\/\/elcotarro.com\/?p=11115\",\"url\":\"https:\/\/elcotarro.com\/?p=11115\",\"name\":\"EL COTARRO \/ 568, DEL DOMINGO, 27\/07\/2025 - El Cotarro\",\"isPartOf\":{\"@id\":\"https:\/\/elcotarro.com\/#website\"},\"primaryImageOfPage\":{\"@id\":\"https:\/\/elcotarro.com\/?p=11115#primaryimage\"},\"image\":{\"@id\":\"https:\/\/elcotarro.com\/?p=11115#primaryimage\"},\"thumbnailUrl\":\"https:\/\/canariasenpositivo.com\/wp-content\/uploads\/2025\/02\/1.-EL-COTARRO-DA-1.jpg\",\"datePublished\":\"2025-07-26T23:07:53+00:00\",\"breadcrumb\":{\"@id\":\"https:\/\/elcotarro.com\/?p=11115#breadcrumb\"},\"inLanguage\":\"es\",\"potentialAction\":[{\"@type\":\"ReadAction\",\"target\":[\"https:\/\/elcotarro.com\/?p=11115\"]}]},{\"@type\":\"ImageObject\",\"inLanguage\":\"es\",\"@id\":\"https:\/\/elcotarro.com\/?p=11115#primaryimage\",\"url\":\"https:\/\/canariasenpositivo.com\/wp-content\/uploads\/2025\/02\/1.-EL-COTARRO-DA-1.jpg\",\"contentUrl\":\"https:\/\/canariasenpositivo.com\/wp-content\/uploads\/2025\/02\/1.-EL-COTARRO-DA-1.jpg\"},{\"@type\":\"BreadcrumbList\",\"@id\":\"https:\/\/elcotarro.com\/?p=11115#breadcrumb\",\"itemListElement\":[{\"@type\":\"ListItem\",\"position\":1,\"name\":\"Portada\",\"item\":\"https:\/\/elcotarro.com\/\"},{\"@type\":\"ListItem\",\"position\":2,\"name\":\"EL COTARRO \/ 568, DEL DOMINGO, 27\/07\/2025\"}]},{\"@type\":\"WebSite\",\"@id\":\"https:\/\/elcotarro.com\/#website\",\"url\":\"https:\/\/elcotarro.com\/\",\"name\":\"El Cotarro\",\"description\":\"Peri\u00f3dico Digital Independiente dirigido por Jos\u00e9 Carlos Marrero\",\"publisher\":{\"@id\":\"https:\/\/elcotarro.com\/#organization\"},\"potentialAction\":[{\"@type\":\"SearchAction\",\"target\":{\"@type\":\"EntryPoint\",\"urlTemplate\":\"https:\/\/elcotarro.com\/?s={search_term_string}\"},\"query-input\":{\"@type\":\"PropertyValueSpecification\",\"valueRequired\":true,\"valueName\":\"search_term_string\"}}],\"inLanguage\":\"es\"},{\"@type\":\"Organization\",\"@id\":\"https:\/\/elcotarro.com\/#organization\",\"name\":\"El Cotarro\",\"url\":\"https:\/\/elcotarro.com\/\",\"logo\":{\"@type\":\"ImageObject\",\"inLanguage\":\"es\",\"@id\":\"https:\/\/elcotarro.com\/#\/schema\/logo\/image\/\",\"url\":\"https:\/\/elcotarro.com\/wp-content\/uploads\/2014\/09\/Cabecera_El_Cotarro_v2.jpg\",\"contentUrl\":\"https:\/\/elcotarro.com\/wp-content\/uploads\/2014\/09\/Cabecera_El_Cotarro_v2.jpg\",\"width\":3540,\"height\":441,\"caption\":\"El Cotarro\"},\"image\":{\"@id\":\"https:\/\/elcotarro.com\/#\/schema\/logo\/image\/\"},\"sameAs\":[\"https:\/\/www.facebook.com\/ElCotarro.Tenerife\"]},{\"@type\":\"Person\",\"@id\":\"https:\/\/elcotarro.com\/#\/schema\/person\/af537ee7d60d15984c7e0affcd8a918b\",\"name\":\"Jos\u00e9 Carlos Marrero Gonz\u00e1lez\",\"image\":{\"@type\":\"ImageObject\",\"inLanguage\":\"es\",\"@id\":\"https:\/\/elcotarro.com\/#\/schema\/person\/image\/\",\"url\":\"https:\/\/secure.gravatar.com\/avatar\/def4da036efb5d32c74d49c351f6dccc064dd69ad9f3aadc295c5a9a5391ca01?s=96&d=mm&r=g\",\"contentUrl\":\"https:\/\/secure.gravatar.com\/avatar\/def4da036efb5d32c74d49c351f6dccc064dd69ad9f3aadc295c5a9a5391ca01?s=96&d=mm&r=g\",\"caption\":\"Jos\u00e9 Carlos Marrero Gonz\u00e1lez\"},\"sameAs\":[\"https:\/\/elcotarro.com\"],\"url\":\"https:\/\/elcotarro.com\/?author=2\"}]}<\/script>\n<!-- \/ Yoast SEO plugin. -->","yoast_head_json":{"title":"EL COTARRO \/ 568, DEL DOMINGO, 27\/07\/2025 - El Cotarro","robots":{"index":"index","follow":"follow","max-snippet":"max-snippet:-1","max-image-preview":"max-image-preview:large","max-video-preview":"max-video-preview:-1"},"canonical":"https:\/\/elcotarro.com\/?p=11115","og_locale":"es_ES","og_type":"article","og_title":"EL COTARRO \/ 568, DEL DOMINGO, 27\/07\/2025 - El Cotarro","og_description":"N\u00ba568 DEL 27 DE JULIO DE 2025 &nbsp; La Familia Kiessling hace renacer el hotel Bot\u00e1nico Sin lugar a dudas, es una persona muy especial. Dios mediante, el pr\u00f3ximo 17 de septiembre, el empresario Wolfgang Kiessling, alem\u00e1n de nacimiento y tinerfe\u00f1o de adopci\u00f3n, cumplir\u00e1 88 a\u00f1os de edad. Con esa misma edad, otras personas est\u00e1n ... Read more","og_url":"https:\/\/elcotarro.com\/?p=11115","og_site_name":"El Cotarro","article_publisher":"https:\/\/www.facebook.com\/ElCotarro.Tenerife","article_published_time":"2025-07-26T23:07:53+00:00","og_image":[{"url":"https:\/\/canariasenpositivo.com\/wp-content\/uploads\/2025\/02\/1.-EL-COTARRO-DA-1.jpg","type":"","width":"","height":""}],"author":"Jos\u00e9 Carlos Marrero Gonz\u00e1lez","twitter_misc":{"Escrito por":"Jos\u00e9 Carlos Marrero Gonz\u00e1lez","Tiempo de lectura":"12 minutos"},"schema":{"@context":"https:\/\/schema.org","@graph":[{"@type":"Article","@id":"https:\/\/elcotarro.com\/?p=11115#article","isPartOf":{"@id":"https:\/\/elcotarro.com\/?p=11115"},"author":{"name":"Jos\u00e9 Carlos Marrero Gonz\u00e1lez","@id":"https:\/\/elcotarro.com\/#\/schema\/person\/af537ee7d60d15984c7e0affcd8a918b"},"headline":"EL COTARRO \/ 568, DEL DOMINGO, 27\/07\/2025","datePublished":"2025-07-26T23:07:53+00:00","mainEntityOfPage":{"@id":"https:\/\/elcotarro.com\/?p=11115"},"wordCount":2150,"commentCount":0,"publisher":{"@id":"https:\/\/elcotarro.com\/#organization"},"image":{"@id":"https:\/\/elcotarro.com\/?p=11115#primaryimage"},"thumbnailUrl":"https:\/\/canariasenpositivo.com\/wp-content\/uploads\/2025\/02\/1.-EL-COTARRO-DA-1.jpg","articleSection":["El Cotarro"],"inLanguage":"es","potentialAction":[{"@type":"CommentAction","name":"Comment","target":["https:\/\/elcotarro.com\/?p=11115#respond"]}]},{"@type":"WebPage","@id":"https:\/\/elcotarro.com\/?p=11115","url":"https:\/\/elcotarro.com\/?p=11115","name":"EL COTARRO \/ 568, DEL DOMINGO, 27\/07\/2025 - El Cotarro","isPartOf":{"@id":"https:\/\/elcotarro.com\/#website"},"primaryImageOfPage":{"@id":"https:\/\/elcotarro.com\/?p=11115#primaryimage"},"image":{"@id":"https:\/\/elcotarro.com\/?p=11115#primaryimage"},"thumbnailUrl":"https:\/\/canariasenpositivo.com\/wp-content\/uploads\/2025\/02\/1.-EL-COTARRO-DA-1.jpg","datePublished":"2025-07-26T23:07:53+00:00","breadcrumb":{"@id":"https:\/\/elcotarro.com\/?p=11115#breadcrumb"},"inLanguage":"es","potentialAction":[{"@type":"ReadAction","target":["https:\/\/elcotarro.com\/?p=11115"]}]},{"@type":"ImageObject","inLanguage":"es","@id":"https:\/\/elcotarro.com\/?p=11115#primaryimage","url":"https:\/\/canariasenpositivo.com\/wp-content\/uploads\/2025\/02\/1.-EL-COTARRO-DA-1.jpg","contentUrl":"https:\/\/canariasenpositivo.com\/wp-content\/uploads\/2025\/02\/1.-EL-COTARRO-DA-1.jpg"},{"@type":"BreadcrumbList","@id":"https:\/\/elcotarro.com\/?p=11115#breadcrumb","itemListElement":[{"@type":"ListItem","position":1,"name":"Portada","item":"https:\/\/elcotarro.com\/"},{"@type":"ListItem","position":2,"name":"EL COTARRO \/ 568, DEL DOMINGO, 27\/07\/2025"}]},{"@type":"WebSite","@id":"https:\/\/elcotarro.com\/#website","url":"https:\/\/elcotarro.com\/","name":"El Cotarro","description":"Peri\u00f3dico Digital Independiente dirigido por Jos\u00e9 Carlos Marrero","publisher":{"@id":"https:\/\/elcotarro.com\/#organization"},"potentialAction":[{"@type":"SearchAction","target":{"@type":"EntryPoint","urlTemplate":"https:\/\/elcotarro.com\/?s={search_term_string}"},"query-input":{"@type":"PropertyValueSpecification","valueRequired":true,"valueName":"search_term_string"}}],"inLanguage":"es"},{"@type":"Organization","@id":"https:\/\/elcotarro.com\/#organization","name":"El Cotarro","url":"https:\/\/elcotarro.com\/","logo":{"@type":"ImageObject","inLanguage":"es","@id":"https:\/\/elcotarro.com\/#\/schema\/logo\/image\/","url":"https:\/\/elcotarro.com\/wp-content\/uploads\/2014\/09\/Cabecera_El_Cotarro_v2.jpg","contentUrl":"https:\/\/elcotarro.com\/wp-content\/uploads\/2014\/09\/Cabecera_El_Cotarro_v2.jpg","width":3540,"height":441,"caption":"El Cotarro"},"image":{"@id":"https:\/\/elcotarro.com\/#\/schema\/logo\/image\/"},"sameAs":["https:\/\/www.facebook.com\/ElCotarro.Tenerife"]},{"@type":"Person","@id":"https:\/\/elcotarro.com\/#\/schema\/person\/af537ee7d60d15984c7e0affcd8a918b","name":"Jos\u00e9 Carlos Marrero Gonz\u00e1lez","image":{"@type":"ImageObject","inLanguage":"es","@id":"https:\/\/elcotarro.com\/#\/schema\/person\/image\/","url":"https:\/\/secure.gravatar.com\/avatar\/def4da036efb5d32c74d49c351f6dccc064dd69ad9f3aadc295c5a9a5391ca01?s=96&d=mm&r=g","contentUrl":"https:\/\/secure.gravatar.com\/avatar\/def4da036efb5d32c74d49c351f6dccc064dd69ad9f3aadc295c5a9a5391ca01?s=96&d=mm&r=g","caption":"Jos\u00e9 Carlos Marrero Gonz\u00e1lez"},"sameAs":["https:\/\/elcotarro.com"],"url":"https:\/\/elcotarro.com\/?author=2"}]}},"jetpack_featured_media_url":"","jetpack_sharing_enabled":true,"_links":{"self":[{"href":"https:\/\/elcotarro.com\/index.php?rest_route=\/wp\/v2\/posts\/11115","targetHints":{"allow":["GET"]}}],"collection":[{"href":"https:\/\/elcotarro.com\/index.php?rest_route=\/wp\/v2\/posts"}],"about":[{"href":"https:\/\/elcotarro.com\/index.php?rest_route=\/wp\/v2\/types\/post"}],"author":[{"embeddable":true,"href":"https:\/\/elcotarro.com\/index.php?rest_route=\/wp\/v2\/users\/2"}],"replies":[{"embeddable":true,"href":"https:\/\/elcotarro.com\/index.php?rest_route=%2Fwp%2Fv2%2Fcomments&post=11115"}],"version-history":[{"count":0,"href":"https:\/\/elcotarro.com\/index.php?rest_route=\/wp\/v2\/posts\/11115\/revisions"}],"wp:attachment":[{"href":"https:\/\/elcotarro.com\/index.php?rest_route=%2Fwp%2Fv2%2Fmedia&parent=11115"}],"wp:term":[{"taxonomy":"category","embeddable":true,"href":"https:\/\/elcotarro.com\/index.php?rest_route=%2Fwp%2Fv2%2Fcategories&post=11115"},{"taxonomy":"post_tag","embeddable":true,"href":"https:\/\/elcotarro.com\/index.php?rest_route=%2Fwp%2Fv2%2Ftags&post=11115"}],"curies":[{"name":"wp","href":"https:\/\/api.w.org\/{rel}","templated":true}]}}