{"id":11124,"date":"2025-08-10T00:37:55","date_gmt":"2025-08-09T23:37:55","guid":{"rendered":"https:\/\/elcotarro.com\/?p=11124"},"modified":"2025-08-10T00:37:55","modified_gmt":"2025-08-09T23:37:55","slug":"el-cotarro-570-del-domingo-10-08-2025","status":"publish","type":"post","link":"https:\/\/elcotarro.com\/?p=11124","title":{"rendered":"EL COTARRO \/ 570, DEL DOMINGO, 10\/08\/2025"},"content":{"rendered":"<p><img loading=\"lazy\" decoding=\"async\" class=\"size-full wp-image-9057 aligncenter\" src=\"http:\/\/canariasenpositivo.com\/wp-content\/uploads\/2025\/02\/1.-EL-COTARRO-DA-1.jpg\" alt=\"\" width=\"894\" height=\"145\" \/><\/p>\n<p style=\"text-align: center\"><span style=\"color: #ff0000\"><strong>N\u00ba570 DEL 10 DE AGOSTO DE 2025<\/strong><\/span><\/p>\n<p>&nbsp;<\/p>\n<p><strong>Inteligencia artificial, redes sociales y\u2026. adi\u00f3s<\/strong><\/p>\n<ul>\n<li>Desde hace mucho tiempo, un martillo, un destornillador, un cuchillo o hasta la televisi\u00f3n, son objetos inventados de cara a ser usados como herramientas para mejorar la vida de las personas\u2026 En estos \u00faltimos tiempos, los tel\u00e9fonos m\u00f3viles, los smart-phones y las redes sociales son herramientas nacidas, en principio para ayudarnos y mejorar nuestra existencia\u2026 Y actualmente el Instagram y la novedosa Inteligencia Artificial, ya com\u00fanmente llamada por todos \u201cIA\u201d, que tambi\u00e9n tendr\u00edan que servir para mejorar nuestras vidas, est\u00e1 haciendo estragos\u2026 El f\u00edsico alem\u00e1n <strong>Albert Einstein<\/strong> dijo que <em>\u201cLa mente es como un paraca\u00eddas, solo funciona si est\u00e1 abierta\u201d.<\/em> Creo que <strong>Einstein<\/strong> ten\u00eda y sigue teniendo raz\u00f3n, pero muchas personas est\u00e1n dejando de tener la mente abierta, para dejar que la IA piense por ellas. El escritor estadounidense <strong>Roy T. Bennett<\/strong>, conocido por sus libros de desarrollo personal dijo lo siguiente: <em>\u201ccree en ti mismo y en tu mente; son las herramientas m\u00e1s poderosas que posees\u201d<\/em>. No dejemos que una herramienta en positivo como puede ser la \u201cIA\u201d, se convierta en un arma arrojadiza contra otras personas e, incluso, contra nosotros mismos.<\/li>\n<\/ul>\n<p><img loading=\"lazy\" decoding=\"async\" class=\"size-large wp-image-9649 aligncenter\" src=\"http:\/\/canariasenpositivo.com\/wp-content\/uploads\/2025\/08\/1.-ALBERT-EINSTEIN-1024x767.webp\" alt=\"\" width=\"660\" height=\"494\" \/><\/p>\n<p style=\"text-align: center\"><em>Retrato-caricatura de Albert Einstein, sin duda alguna, un genio de la ciencia.<\/em><\/p>\n<p><em>\u00a0<\/em><\/p>\n<p><strong>Un \u201creel\u201d muy lagunero que ya se est\u00e1 haciendo viral<\/strong><\/p>\n<ul>\n<li>Un \u201creel\u201d, para quien (como yo) no est\u00e9 muy al loro de las \u00faltimas tendencias en el \u00e1mbito de las redes sociales (Instagram y Facebook, sobre todo, viene a ser un video corto y vertical, similar a TikTok, que permite a los usuarios crear contenido creativo combinando m\u00fasica, texto, efectos y transiciones. Y esto viene a cuento porque, \u00faltimamente, muchas personas (alg\u00fan pol\u00edtico y expol\u00edtico) se est\u00e1n dedicando a elaborar \u201creels\u201d para atacar y minar la honorabilidad de \u201cpersonas contrarias\u201d. En La Laguna se ha hecho viral uno de estos \u201creels\u201d donde su narrador y protagonista (ex pol\u00edtico tinerfe\u00f1o) afirme estar utilizando, no una, sino varias plataformas de inteligencia artificial, para, conseguir informaci\u00f3n \u201csensible\u201d que publicar\u00e1 el pr\u00f3ximo mes de septiembre y por la que, supuestamente, m\u00e1s de un pol\u00edtico deber\u00eda estar preocupado. Se est\u00e1 usando la IA como arma y el escritor franc\u00e9s, <strong>Gustave Flaubert<\/strong>, dijo que <em>\u201cno le demos al mundo armas contra nosotros, porque las utilizar\u00e1\u201d<\/em>. Y ser\u00e1 malo para todo el mundo. O sea que\u2026 \u00a1haya paz!<\/li>\n<\/ul>\n<p><em> <img loading=\"lazy\" decoding=\"async\" class=\"size-full wp-image-9650 aligncenter\" src=\"http:\/\/canariasenpositivo.com\/wp-content\/uploads\/2025\/08\/2.-INTELIGENCIA-ARTIFICIAL.jpeg\" alt=\"\" width=\"290\" height=\"174\" \/><\/em><\/p>\n<p style=\"text-align: center\"><em>La inteligencia artificial (AI) a veces est\u00e1 \u201capagando\u201d nuestra propia inteligencia<\/em><\/p>\n<p><em>\u00a0<\/em><\/p>\n<p><strong>1,2 millones de \u20ac, fue el impacto econ\u00f3mico del DIFAS<\/strong><\/p>\n<ul>\n<li>Seguramente, el positivo balance y resultados efectivos de lo que ha supuesto la celebraci\u00f3n del D\u00eda de las Fuerzas Armadas \u2013 DIFAS 2025, en nuestra tierra, en lo que a disuasi\u00f3n y Cultura de Defensa se refiere, en el \u00e1mbito de los pa\u00edses vecinos del \u00c1frica occidental y m\u00e1s de un grupo terrorista que deambula por El Sahel, ser\u00e1 del todo incalculable y, sobre todo, impagable. Pero est\u00e1 el otro positivo balance que el alcalde chicharrero, <strong>Jos\u00e9 Manuel Berm\u00fadez<\/strong>, acaba de ofrecer. Unos datos impresionantes recogidos en un informe que asegura que el evento logr\u00f3 movilizar a una cantidad de poblaci\u00f3n, con cifras estimadas que oscilan entre los 42.000 y los 68.000 asistentes. Desde el punto de vista econ\u00f3mico, el estudio confirma que el evento gener\u00f3 un impacto directo muy relevante en la ciudad, especialmente a trav\u00e9s del gasto en restauraci\u00f3n por parte de los asistentes. Afirm\u00f3 <strong>Berm\u00fadez<\/strong> que el gasto medio por persona en Santa Cruz fue de 22,84 euros, lo que permiti\u00f3 estimar un impacto econ\u00f3mico total de aproximadamente 1.256.229,02 de euros, solo en el municipio. Este impacto asciende a m\u00e1s de un mill\u00f3n y medio de euros en el escenario m\u00e1s optimista, donde se registran hasta 954.304,16 euros en restauraci\u00f3n y m\u00e1s de 269.379,76 en alojamiento. Sin duda alguna, un total \u00e9xito.<\/li>\n<\/ul>\n<p><img loading=\"lazy\" decoding=\"async\" class=\"size-large wp-image-9651 aligncenter\" src=\"http:\/\/canariasenpositivo.com\/wp-content\/uploads\/2025\/08\/3.-DIFAS-2025-EN-TENERIFE-1024x682.jpeg\" alt=\"\" width=\"660\" height=\"440\" \/><\/p>\n<p style=\"text-align: center\"><em>Imagen del exitoso desfile principal del DIFAS 2025 en Santa Cruz de Tenerife<\/em><\/p>\n<p>&nbsp;<\/p>\n<p><strong>Gracias a los art\u00edfices de la \u201cOperaci\u00f3n Agasajo\u201d<\/strong><\/p>\n<ul>\n<li>El dicho que reza <em>\u201ces de bien nacidos el ser agradecidos\u201d<\/em> debemos aplicarlo hoy al teniente general <strong>Julio Salom Herrera<\/strong>, jefe del Mando de Canarias del Ej\u00e9rcito de Tierra, su plana mayor y estrechos colaboradores. El propio <strong>Julio Salom<\/strong> se preocup\u00f3 de entregar en mano un recuerdo de agradecimiento a las personas, instituciones, entidades y empresas, p\u00fablicas y privadas, que, de una u otra manera, hicieron realidad la exitosa celebraci\u00f3n de la semana y el D\u00eda de las Fuerzas Armadas \u2013 DIFAS 2025, del mes de junio en Santa Cruz de Tenerife y Las Palmas. De forma especial, <strong>Julio Salom<\/strong> ampli\u00f3 ese agradecimiento a quienes hicieron posible la muy celebrada y agradecida \u201cOperaci\u00f3n Agasajo\u201d, que ofreci\u00f3 productos canarios y recuerdos de Tenerife y Canarias a la inmensa mayor\u00eda de soldados, hombres y mujeres que, de distintos puntos de la pen\u00ednsula vinieron a desfilar o a colaborar en la log\u00edstica del desfile y dem\u00e1s actos para que nada fallara. Aqu\u00ed quiero recordar, una vez m\u00e1s, al gran <strong>I\u00f1aqui Dom\u00ednguez Paniagua, <\/strong>gerente de la Instituci\u00f3n Ferial de Tenerife, quien podr\u00edamos decir que \u201cfalleci\u00f3 en acto de servicio\u201d cuando el Recinto Ferial se estaba convirtiendo en el hogar de m\u00e1s de 2500 militares<\/li>\n<\/ul>\n<p><img loading=\"lazy\" decoding=\"async\" class=\"size-large wp-image-9652 aligncenter\" src=\"http:\/\/canariasenpositivo.com\/wp-content\/uploads\/2025\/08\/4.-OPERACION-AGASAJO-1024x683.jpg\" alt=\"\" width=\"660\" height=\"440\" \/><\/p>\n<p style=\"text-align: center\"><em>Julio Salom (en el centro) con las personas representantes de algunas las instituciones, entidades y empresas colaboradoras en el DIFAS 2025 en Canarias.<\/em><\/p>\n<p>&nbsp;<\/p>\n<p><strong>Julio Salom representar\u00e1 a Felipe VI en el Cristo<\/strong><\/p>\n<ul>\n<li>Por cierto. Esta pasada semana, la Junta de Gobierno de la Pontificia Real y Venerable Esclavitud del Sant\u00edsimo Cristo de La Laguna, cuyo Esclavo Mayor es actualmente <strong>Eladio Alexis D\u00edaz Marrero<\/strong>, ha informado que, cumpliendo el deseo de quien es Esclavo Mayor Honorario y Perpetuo: <strong>Su Majestad, El Rey Don Felipe VI<\/strong>, quien, no pudiendo estar presente el pr\u00f3ximo 14 de septiembre en la Fiesta Mayor del Cristo lagunero, ha otorgado su representaci\u00f3n en el teniente general <strong>Julio Salom Herrera<\/strong>, jefe del Mando de Canarias del Ej\u00e9rcito de Tierra, quien, por otra parte, es miembro de la Esclavitud del Cristo. Deben saber que, inteligentemente y desde hace ya muchos a\u00f1os, la Casa Real ha ido designando a las personas que representan a <strong>Su Majestad El Rey<\/strong> por un sistema de rotaci\u00f3n entre cuatro personalidades: un a\u00f1o, quien presida el Gobierno de Canarias (en 2022, <strong>Fernando Clavijo Batlle<\/strong>), el siguiente a\u00f1o quien ocupe la Alcald\u00eda de La Laguna (el a\u00f1o 2023, <strong>Luis Yeray Guti\u00e9rrez P\u00e9rez<\/strong>) el a\u00f1o siguiente, quien presida el Parlamento de Canarias (en 2024, <strong>Astrid P\u00e9rez Batista<\/strong>) y, el cuarto a\u00f1o, quien ostente el cargo de teniente general Jefe del Mando de Canarias (en 2025, <strong>Julio Salom Herrera<\/strong>). As\u00ed sucede tambi\u00e9n en otras fiestas, como la de la <strong>Virgen de Candelaria<\/strong>, en agosto.<\/li>\n<\/ul>\n<p><img loading=\"lazy\" decoding=\"async\" class=\"size-large wp-image-9653 aligncenter\" src=\"http:\/\/canariasenpositivo.com\/wp-content\/uploads\/2025\/08\/5.-ESCLAVITUD-1024x683.jpg\" alt=\"\" width=\"660\" height=\"440\" \/><\/p>\n<p style=\"text-align: center\"><em>Julio Salom y Alexis D\u00edaz (en el centro) en la entrega de la carta de la Casa Real nombrando al jefe del Mando de Canarias como representante de S.M. El Rey.<\/em><\/p>\n<p>&nbsp;<\/p>\n<p><strong>* Jos\u00e9 Carlos MARRERO GONZ\u00c1LEZ<\/strong><\/p>\n<p>Periodista y analista de la actualidad.<\/p>\n<p>Director de <strong><em>El Cotarro<\/em><\/strong> (www.elcotarro.com)<\/p>\n<p>Director de <strong><em>Canarias en Positivo<\/em><\/strong> (www.canariasenpositivo.com)<\/p>\n<p>Director de <strong><em>GastroCanarias<\/em><\/strong> (www.gastrocanarias.com)<\/p>\n<p>&nbsp;<\/p>\n<p>Islas Canarias, 10 de agosto de 2025<\/p>\n<p><img loading=\"lazy\" decoding=\"async\" class=\"size-full wp-image-9058 aligncenter\" src=\"http:\/\/canariasenpositivo.com\/wp-content\/uploads\/2025\/02\/4.-CARECA-INSULA.jpg\" alt=\"\" width=\"750\" height=\"153\" \/><\/p>\n<p>&nbsp;<\/p>\n","protected":false},"excerpt":{"rendered":"<p>N\u00ba570 DEL 10 DE AGOSTO DE 2025 &nbsp; Inteligencia artificial, redes sociales y\u2026. adi\u00f3s Desde hace mucho tiempo, un martillo, un destornillador, un cuchillo o hasta la televisi\u00f3n, son objetos inventados de cara a ser usados como herramientas para mejorar la vida de las personas\u2026 En estos \u00faltimos tiempos, los tel\u00e9fonos m\u00f3viles, los smart-phones y &#8230; <a class=\"read-more\" href=\"https:\/\/elcotarro.com\/?p=11124\">Read more<\/a><\/p>\n","protected":false},"author":2,"featured_media":0,"comment_status":"open","ping_status":"open","sticky":false,"template":"","format":"standard","meta":{"_jetpack_memberships_contains_paid_content":false,"footnotes":""},"categories":[4],"tags":[],"class_list":["post-11124","post","type-post","status-publish","format-standard","hentry","category-el-cotarro"],"yoast_head":"<!-- This site is optimized with the Yoast SEO plugin v27.0 - https:\/\/yoast.com\/product\/yoast-seo-wordpress\/ -->\n<title>EL COTARRO \/ 570, DEL DOMINGO, 10\/08\/2025 - El Cotarro<\/title>\n<meta name=\"robots\" content=\"index, follow, max-snippet:-1, max-image-preview:large, max-video-preview:-1\" \/>\n<link rel=\"canonical\" href=\"https:\/\/elcotarro.com\/?p=11124\" \/>\n<meta property=\"og:locale\" content=\"es_ES\" \/>\n<meta property=\"og:type\" content=\"article\" \/>\n<meta property=\"og:title\" content=\"EL COTARRO \/ 570, DEL DOMINGO, 10\/08\/2025 - El Cotarro\" \/>\n<meta property=\"og:description\" content=\"N\u00ba570 DEL 10 DE AGOSTO DE 2025 &nbsp; Inteligencia artificial, redes sociales y\u2026. adi\u00f3s Desde hace mucho tiempo, un martillo, un destornillador, un cuchillo o hasta la televisi\u00f3n, son objetos inventados de cara a ser usados como herramientas para mejorar la vida de las personas\u2026 En estos \u00faltimos tiempos, los tel\u00e9fonos m\u00f3viles, los smart-phones y ... Read more\" \/>\n<meta property=\"og:url\" content=\"https:\/\/elcotarro.com\/?p=11124\" \/>\n<meta property=\"og:site_name\" content=\"El Cotarro\" \/>\n<meta property=\"article:publisher\" content=\"https:\/\/www.facebook.com\/ElCotarro.Tenerife\" \/>\n<meta property=\"article:published_time\" content=\"2025-08-09T23:37:55+00:00\" \/>\n<meta property=\"og:image\" content=\"http:\/\/canariasenpositivo.com\/wp-content\/uploads\/2025\/02\/1.-EL-COTARRO-DA-1.jpg\" \/>\n<meta name=\"author\" content=\"Jos\u00e9 Carlos Marrero Gonz\u00e1lez\" \/>\n<meta name=\"twitter:label1\" content=\"Escrito por\" \/>\n\t<meta name=\"twitter:data1\" content=\"Jos\u00e9 Carlos Marrero Gonz\u00e1lez\" \/>\n\t<meta name=\"twitter:label2\" content=\"Tiempo de lectura\" \/>\n\t<meta name=\"twitter:data2\" content=\"7 minutos\" \/>\n<script type=\"application\/ld+json\" class=\"yoast-schema-graph\">{\"@context\":\"https:\/\/schema.org\",\"@graph\":[{\"@type\":\"Article\",\"@id\":\"https:\/\/elcotarro.com\/?p=11124#article\",\"isPartOf\":{\"@id\":\"https:\/\/elcotarro.com\/?p=11124\"},\"author\":{\"name\":\"Jos\u00e9 Carlos Marrero Gonz\u00e1lez\",\"@id\":\"https:\/\/elcotarro.com\/#\/schema\/person\/af537ee7d60d15984c7e0affcd8a918b\"},\"headline\":\"EL COTARRO \/ 570, DEL DOMINGO, 10\/08\/2025\",\"datePublished\":\"2025-08-09T23:37:55+00:00\",\"mainEntityOfPage\":{\"@id\":\"https:\/\/elcotarro.com\/?p=11124\"},\"wordCount\":1229,\"commentCount\":0,\"publisher\":{\"@id\":\"https:\/\/elcotarro.com\/#organization\"},\"image\":{\"@id\":\"https:\/\/elcotarro.com\/?p=11124#primaryimage\"},\"thumbnailUrl\":\"http:\/\/canariasenpositivo.com\/wp-content\/uploads\/2025\/02\/1.-EL-COTARRO-DA-1.jpg\",\"articleSection\":[\"El Cotarro\"],\"inLanguage\":\"es\",\"potentialAction\":[{\"@type\":\"CommentAction\",\"name\":\"Comment\",\"target\":[\"https:\/\/elcotarro.com\/?p=11124#respond\"]}]},{\"@type\":\"WebPage\",\"@id\":\"https:\/\/elcotarro.com\/?p=11124\",\"url\":\"https:\/\/elcotarro.com\/?p=11124\",\"name\":\"EL COTARRO \/ 570, DEL DOMINGO, 10\/08\/2025 - El Cotarro\",\"isPartOf\":{\"@id\":\"https:\/\/elcotarro.com\/#website\"},\"primaryImageOfPage\":{\"@id\":\"https:\/\/elcotarro.com\/?p=11124#primaryimage\"},\"image\":{\"@id\":\"https:\/\/elcotarro.com\/?p=11124#primaryimage\"},\"thumbnailUrl\":\"http:\/\/canariasenpositivo.com\/wp-content\/uploads\/2025\/02\/1.-EL-COTARRO-DA-1.jpg\",\"datePublished\":\"2025-08-09T23:37:55+00:00\",\"breadcrumb\":{\"@id\":\"https:\/\/elcotarro.com\/?p=11124#breadcrumb\"},\"inLanguage\":\"es\",\"potentialAction\":[{\"@type\":\"ReadAction\",\"target\":[\"https:\/\/elcotarro.com\/?p=11124\"]}]},{\"@type\":\"ImageObject\",\"inLanguage\":\"es\",\"@id\":\"https:\/\/elcotarro.com\/?p=11124#primaryimage\",\"url\":\"http:\/\/canariasenpositivo.com\/wp-content\/uploads\/2025\/02\/1.-EL-COTARRO-DA-1.jpg\",\"contentUrl\":\"http:\/\/canariasenpositivo.com\/wp-content\/uploads\/2025\/02\/1.-EL-COTARRO-DA-1.jpg\"},{\"@type\":\"BreadcrumbList\",\"@id\":\"https:\/\/elcotarro.com\/?p=11124#breadcrumb\",\"itemListElement\":[{\"@type\":\"ListItem\",\"position\":1,\"name\":\"Portada\",\"item\":\"https:\/\/elcotarro.com\/\"},{\"@type\":\"ListItem\",\"position\":2,\"name\":\"EL COTARRO \/ 570, DEL DOMINGO, 10\/08\/2025\"}]},{\"@type\":\"WebSite\",\"@id\":\"https:\/\/elcotarro.com\/#website\",\"url\":\"https:\/\/elcotarro.com\/\",\"name\":\"El Cotarro\",\"description\":\"Peri\u00f3dico Digital Independiente dirigido por Jos\u00e9 Carlos Marrero\",\"publisher\":{\"@id\":\"https:\/\/elcotarro.com\/#organization\"},\"potentialAction\":[{\"@type\":\"SearchAction\",\"target\":{\"@type\":\"EntryPoint\",\"urlTemplate\":\"https:\/\/elcotarro.com\/?s={search_term_string}\"},\"query-input\":{\"@type\":\"PropertyValueSpecification\",\"valueRequired\":true,\"valueName\":\"search_term_string\"}}],\"inLanguage\":\"es\"},{\"@type\":\"Organization\",\"@id\":\"https:\/\/elcotarro.com\/#organization\",\"name\":\"El Cotarro\",\"url\":\"https:\/\/elcotarro.com\/\",\"logo\":{\"@type\":\"ImageObject\",\"inLanguage\":\"es\",\"@id\":\"https:\/\/elcotarro.com\/#\/schema\/logo\/image\/\",\"url\":\"https:\/\/elcotarro.com\/wp-content\/uploads\/2014\/09\/Cabecera_El_Cotarro_v2.jpg\",\"contentUrl\":\"https:\/\/elcotarro.com\/wp-content\/uploads\/2014\/09\/Cabecera_El_Cotarro_v2.jpg\",\"width\":3540,\"height\":441,\"caption\":\"El Cotarro\"},\"image\":{\"@id\":\"https:\/\/elcotarro.com\/#\/schema\/logo\/image\/\"},\"sameAs\":[\"https:\/\/www.facebook.com\/ElCotarro.Tenerife\"]},{\"@type\":\"Person\",\"@id\":\"https:\/\/elcotarro.com\/#\/schema\/person\/af537ee7d60d15984c7e0affcd8a918b\",\"name\":\"Jos\u00e9 Carlos Marrero Gonz\u00e1lez\",\"image\":{\"@type\":\"ImageObject\",\"inLanguage\":\"es\",\"@id\":\"https:\/\/elcotarro.com\/#\/schema\/person\/image\/\",\"url\":\"https:\/\/secure.gravatar.com\/avatar\/def4da036efb5d32c74d49c351f6dccc064dd69ad9f3aadc295c5a9a5391ca01?s=96&d=mm&r=g\",\"contentUrl\":\"https:\/\/secure.gravatar.com\/avatar\/def4da036efb5d32c74d49c351f6dccc064dd69ad9f3aadc295c5a9a5391ca01?s=96&d=mm&r=g\",\"caption\":\"Jos\u00e9 Carlos Marrero Gonz\u00e1lez\"},\"sameAs\":[\"https:\/\/elcotarro.com\"],\"url\":\"https:\/\/elcotarro.com\/?author=2\"}]}<\/script>\n<!-- \/ Yoast SEO plugin. -->","yoast_head_json":{"title":"EL COTARRO \/ 570, DEL DOMINGO, 10\/08\/2025 - El Cotarro","robots":{"index":"index","follow":"follow","max-snippet":"max-snippet:-1","max-image-preview":"max-image-preview:large","max-video-preview":"max-video-preview:-1"},"canonical":"https:\/\/elcotarro.com\/?p=11124","og_locale":"es_ES","og_type":"article","og_title":"EL COTARRO \/ 570, DEL DOMINGO, 10\/08\/2025 - El Cotarro","og_description":"N\u00ba570 DEL 10 DE AGOSTO DE 2025 &nbsp; Inteligencia artificial, redes sociales y\u2026. adi\u00f3s Desde hace mucho tiempo, un martillo, un destornillador, un cuchillo o hasta la televisi\u00f3n, son objetos inventados de cara a ser usados como herramientas para mejorar la vida de las personas\u2026 En estos \u00faltimos tiempos, los tel\u00e9fonos m\u00f3viles, los smart-phones y ... Read more","og_url":"https:\/\/elcotarro.com\/?p=11124","og_site_name":"El Cotarro","article_publisher":"https:\/\/www.facebook.com\/ElCotarro.Tenerife","article_published_time":"2025-08-09T23:37:55+00:00","og_image":[{"url":"http:\/\/canariasenpositivo.com\/wp-content\/uploads\/2025\/02\/1.-EL-COTARRO-DA-1.jpg","type":"","width":"","height":""}],"author":"Jos\u00e9 Carlos Marrero Gonz\u00e1lez","twitter_misc":{"Escrito por":"Jos\u00e9 Carlos Marrero Gonz\u00e1lez","Tiempo de lectura":"7 minutos"},"schema":{"@context":"https:\/\/schema.org","@graph":[{"@type":"Article","@id":"https:\/\/elcotarro.com\/?p=11124#article","isPartOf":{"@id":"https:\/\/elcotarro.com\/?p=11124"},"author":{"name":"Jos\u00e9 Carlos Marrero Gonz\u00e1lez","@id":"https:\/\/elcotarro.com\/#\/schema\/person\/af537ee7d60d15984c7e0affcd8a918b"},"headline":"EL COTARRO \/ 570, DEL DOMINGO, 10\/08\/2025","datePublished":"2025-08-09T23:37:55+00:00","mainEntityOfPage":{"@id":"https:\/\/elcotarro.com\/?p=11124"},"wordCount":1229,"commentCount":0,"publisher":{"@id":"https:\/\/elcotarro.com\/#organization"},"image":{"@id":"https:\/\/elcotarro.com\/?p=11124#primaryimage"},"thumbnailUrl":"http:\/\/canariasenpositivo.com\/wp-content\/uploads\/2025\/02\/1.-EL-COTARRO-DA-1.jpg","articleSection":["El Cotarro"],"inLanguage":"es","potentialAction":[{"@type":"CommentAction","name":"Comment","target":["https:\/\/elcotarro.com\/?p=11124#respond"]}]},{"@type":"WebPage","@id":"https:\/\/elcotarro.com\/?p=11124","url":"https:\/\/elcotarro.com\/?p=11124","name":"EL COTARRO \/ 570, DEL DOMINGO, 10\/08\/2025 - El Cotarro","isPartOf":{"@id":"https:\/\/elcotarro.com\/#website"},"primaryImageOfPage":{"@id":"https:\/\/elcotarro.com\/?p=11124#primaryimage"},"image":{"@id":"https:\/\/elcotarro.com\/?p=11124#primaryimage"},"thumbnailUrl":"http:\/\/canariasenpositivo.com\/wp-content\/uploads\/2025\/02\/1.-EL-COTARRO-DA-1.jpg","datePublished":"2025-08-09T23:37:55+00:00","breadcrumb":{"@id":"https:\/\/elcotarro.com\/?p=11124#breadcrumb"},"inLanguage":"es","potentialAction":[{"@type":"ReadAction","target":["https:\/\/elcotarro.com\/?p=11124"]}]},{"@type":"ImageObject","inLanguage":"es","@id":"https:\/\/elcotarro.com\/?p=11124#primaryimage","url":"http:\/\/canariasenpositivo.com\/wp-content\/uploads\/2025\/02\/1.-EL-COTARRO-DA-1.jpg","contentUrl":"http:\/\/canariasenpositivo.com\/wp-content\/uploads\/2025\/02\/1.-EL-COTARRO-DA-1.jpg"},{"@type":"BreadcrumbList","@id":"https:\/\/elcotarro.com\/?p=11124#breadcrumb","itemListElement":[{"@type":"ListItem","position":1,"name":"Portada","item":"https:\/\/elcotarro.com\/"},{"@type":"ListItem","position":2,"name":"EL COTARRO \/ 570, DEL DOMINGO, 10\/08\/2025"}]},{"@type":"WebSite","@id":"https:\/\/elcotarro.com\/#website","url":"https:\/\/elcotarro.com\/","name":"El Cotarro","description":"Peri\u00f3dico Digital Independiente dirigido por Jos\u00e9 Carlos Marrero","publisher":{"@id":"https:\/\/elcotarro.com\/#organization"},"potentialAction":[{"@type":"SearchAction","target":{"@type":"EntryPoint","urlTemplate":"https:\/\/elcotarro.com\/?s={search_term_string}"},"query-input":{"@type":"PropertyValueSpecification","valueRequired":true,"valueName":"search_term_string"}}],"inLanguage":"es"},{"@type":"Organization","@id":"https:\/\/elcotarro.com\/#organization","name":"El Cotarro","url":"https:\/\/elcotarro.com\/","logo":{"@type":"ImageObject","inLanguage":"es","@id":"https:\/\/elcotarro.com\/#\/schema\/logo\/image\/","url":"https:\/\/elcotarro.com\/wp-content\/uploads\/2014\/09\/Cabecera_El_Cotarro_v2.jpg","contentUrl":"https:\/\/elcotarro.com\/wp-content\/uploads\/2014\/09\/Cabecera_El_Cotarro_v2.jpg","width":3540,"height":441,"caption":"El Cotarro"},"image":{"@id":"https:\/\/elcotarro.com\/#\/schema\/logo\/image\/"},"sameAs":["https:\/\/www.facebook.com\/ElCotarro.Tenerife"]},{"@type":"Person","@id":"https:\/\/elcotarro.com\/#\/schema\/person\/af537ee7d60d15984c7e0affcd8a918b","name":"Jos\u00e9 Carlos Marrero Gonz\u00e1lez","image":{"@type":"ImageObject","inLanguage":"es","@id":"https:\/\/elcotarro.com\/#\/schema\/person\/image\/","url":"https:\/\/secure.gravatar.com\/avatar\/def4da036efb5d32c74d49c351f6dccc064dd69ad9f3aadc295c5a9a5391ca01?s=96&d=mm&r=g","contentUrl":"https:\/\/secure.gravatar.com\/avatar\/def4da036efb5d32c74d49c351f6dccc064dd69ad9f3aadc295c5a9a5391ca01?s=96&d=mm&r=g","caption":"Jos\u00e9 Carlos Marrero Gonz\u00e1lez"},"sameAs":["https:\/\/elcotarro.com"],"url":"https:\/\/elcotarro.com\/?author=2"}]}},"jetpack_featured_media_url":"","jetpack_sharing_enabled":true,"_links":{"self":[{"href":"https:\/\/elcotarro.com\/index.php?rest_route=\/wp\/v2\/posts\/11124","targetHints":{"allow":["GET"]}}],"collection":[{"href":"https:\/\/elcotarro.com\/index.php?rest_route=\/wp\/v2\/posts"}],"about":[{"href":"https:\/\/elcotarro.com\/index.php?rest_route=\/wp\/v2\/types\/post"}],"author":[{"embeddable":true,"href":"https:\/\/elcotarro.com\/index.php?rest_route=\/wp\/v2\/users\/2"}],"replies":[{"embeddable":true,"href":"https:\/\/elcotarro.com\/index.php?rest_route=%2Fwp%2Fv2%2Fcomments&post=11124"}],"version-history":[{"count":0,"href":"https:\/\/elcotarro.com\/index.php?rest_route=\/wp\/v2\/posts\/11124\/revisions"}],"wp:attachment":[{"href":"https:\/\/elcotarro.com\/index.php?rest_route=%2Fwp%2Fv2%2Fmedia&parent=11124"}],"wp:term":[{"taxonomy":"category","embeddable":true,"href":"https:\/\/elcotarro.com\/index.php?rest_route=%2Fwp%2Fv2%2Fcategories&post=11124"},{"taxonomy":"post_tag","embeddable":true,"href":"https:\/\/elcotarro.com\/index.php?rest_route=%2Fwp%2Fv2%2Ftags&post=11124"}],"curies":[{"name":"wp","href":"https:\/\/api.w.org\/{rel}","templated":true}]}}