{"id":11129,"date":"2025-08-24T00:59:26","date_gmt":"2025-08-23T23:59:26","guid":{"rendered":"https:\/\/elcotarro.com\/?p=11129"},"modified":"2025-08-22T21:00:14","modified_gmt":"2025-08-22T20:00:14","slug":"el-cotarro-572-del-domingo-24-08-2025","status":"publish","type":"post","link":"https:\/\/elcotarro.com\/?p=11129","title":{"rendered":"EL COTARRO \/ 572, DEL DOMINGO, 24\/08\/2025"},"content":{"rendered":"<p><img loading=\"lazy\" decoding=\"async\" class=\"size-full wp-image-9057 aligncenter\" src=\"http:\/\/canariasenpositivo.com\/wp-content\/uploads\/2025\/02\/1.-EL-COTARRO-DA-1.jpg\" alt=\"\" width=\"894\" height=\"145\" \/><\/p>\n<p style=\"text-align: center\"><span style=\"color: #ff0000\"><strong>N\u00ba572 DEL 24 DE AGOSTO DE 2025<\/strong><\/span><\/p>\n<p><strong>\u00a0<\/strong><\/p>\n<p><strong><span style=\"color: #0000ff\">Se han calcinado miles de hect\u00e1reas\u2026 de confianza<\/span> <\/strong><\/p>\n<ul>\n<li>Comienzo confes\u00e1ndoles que, desde hace muchos a\u00f1os tengo absoluta debilidad por un gran arquitecto, dibujante, humorista, divulgador cultural y escritor espa\u00f1ol llamado <strong>Jos\u00e9 Mar\u00eda P\u00e9rez Gonz\u00e1lez<\/strong>, y que todo el mundo respeta profesionalmente y conoce popularmente con el sobrenombre de <strong>Peridis<\/strong>. Una sola de las populares vi\u00f1etas \u201chumor\u00edsticas\u201d del gran <strong>Peridis<\/strong> es todo un art\u00edculo de fondo, cuando no un profundo editorial. Hace unos d\u00edas, en una de las diarias vi\u00f1etas de <strong>Peridis<\/strong> en la prensa, uno de los protagonistas de la misma dec\u00eda: <em>\u201cLo peor de todo es\u2026 que en cada desastre se calcinan muchas hect\u00e1reas de confianza en las instituciones\u201d. <\/em>Si ustedes me lo permiten, yo a\u00f1adir\u00eda: \u201c<em>y en los pol\u00edticos\u201d<\/em>. Creo que no se puede decir mejor y m\u00e1s claro, a la vista de lo que est\u00e1 pasando con las cat\u00e1strofes en Espa\u00f1a (terremoto en Lorca, erupci\u00f3n del volc\u00e1n Tajogaite, dana en Valencia, incendios forestales en media Espa\u00f1a\u2026) y nuestra \u201cclase pol\u00edtica\u201d instalada en el absurdo, in\u00fatil y cabreante fango del <em>\u201cy t\u00fa m\u00e1s\u201d<\/em><\/li>\n<\/ul>\n<p><em><img loading=\"lazy\" decoding=\"async\" class=\"size-large wp-image-9686 aligncenter\" src=\"http:\/\/canariasenpositivo.com\/wp-content\/uploads\/2025\/08\/1.-PERIDIS-1024x581.webp\" alt=\"\" width=\"660\" height=\"374\" \/><\/em><\/p>\n<p style=\"text-align: center\"><em>El arquitecto, dibujante, humorista y escritor Jos\u00e9 Mar\u00eda P\u00e9rez Gonz\u00e1lez, \u201cPeridis\u201d<\/em><\/p>\n<p><em>\u00a0<\/em><\/p>\n<p><span style=\"color: #0000ff\"><strong>Estamos rodeados de muchos pol\u00edticos incendiarios<\/strong><\/span><\/p>\n<ul>\n<li>El mismo d\u00eda de la publicaci\u00f3n de la vi\u00f1eta de <strong>Peridis<\/strong>, el profesor universitario y polit\u00f3logo espa\u00f1ol, <strong>Fernando Vallesp\u00edn<\/strong> <strong>O\u00f1a<\/strong>, catedr\u00e1tico de Ciencia Pol\u00edtica de la Universidad Aut\u00f3noma de Madrid (UAM), quien presidi\u00f3 el Centro de Investigaciones Sociol\u00f3gicas (CIS) entre 2004 y 2008, afirm\u00f3 en un art\u00edculo titulado \u201c<strong>Prometeo<\/strong> y otros pir\u00f3manos\u201d que <em>\u201cEstamos rodeados de pol\u00edticos incendiarios para quienes desprestigiar al adversario es m\u00e1s importante que abordar de verdad posibles soluciones\u201d<\/em>. No ser\u00e9 yo quien contradiga al reconocido <strong>Fernando Vallesp\u00edn<\/strong>, quien, por otra parte, es acad\u00e9mico de la Real Academia de Ciencias Morales y Pol\u00edticas. Todo lo contrario; pienso que estos <em>\u201cpol\u00edticos incendiarios\u201d<\/em> (que los y las hay de todas las ideolog\u00edas, todos los colores y en todos los partidos, de la extrema derecha a la extrema izquierda) est\u00e1n haciendo que nuestra sociedad crea cada vez menos en ellos y ellas, sienta m\u00e1s desafecci\u00f3n de la pol\u00edtica, y vaya a costar Dios y ayuda, que una persona honrada, con talento, formada, trabajadora, capaz y v\u00e1lida, acepte entrar en una lista electoral. Y seguir\u00e1n gobern\u00e1ndonos cada vez m\u00e1s mediocres.<\/li>\n<\/ul>\n<p><img loading=\"lazy\" decoding=\"async\" class=\"size-full wp-image-9687 aligncenter\" src=\"http:\/\/canariasenpositivo.com\/wp-content\/uploads\/2025\/08\/2.-FERNANDO-VALLESPIN.jpg\" alt=\"\" width=\"920\" height=\"573\" \/><\/p>\n<p style=\"text-align: center\"><em>Fernando Vallesp\u00edn en unas jornadas en la Fundaci\u00f3n C\u00e9sar Manrique, el a\u00f1o 2019<\/em><\/p>\n<p>&nbsp;<\/p>\n<p><span style=\"color: #0000ff\"><strong>Partida de tres amigos hacia el \u201ccampamento eterno\u201d<\/strong><\/span><\/p>\n<ul>\n<li>La semana pasada ha sido una semana muy pu\u00f1etera. Tres grandes amigos de edades diferentes, de profesiones diversas y trayectorias vitales muy distintas diferentes, se han ido para siempre. El m\u00e1s joven de ellos, con 44 a\u00f1os, ha sido mi amigo y compa\u00f1ero periodista radiof\u00f3nico, <strong>H\u00e9ctor Palmero<\/strong> <strong>Barrera<\/strong>, puntal que comenz\u00f3 en COPE Tenerife y lleg\u00f3 a lo m\u00e1s alto en Radio Club Tenerife (SER). El segundo ellos, que ha marchado a los 66 a\u00f1os, ha sido <strong>Fernando Senante Mascare\u00f1o<\/strong>, con una polifac\u00e9tica trayectoria vital como abogado urbanista, escritos, poeta, periodista deportivo y mucho m\u00e1s, hasta el infinito y m\u00e1s all\u00e1. Y el tercer amigo, el m\u00e1s veterano, que nos dijo adi\u00f3s a los 89 a\u00f1os, ha sido el futbolista profesional, <strong>Juan Padr\u00f3n Morales<\/strong>, dirigente del futbol espa\u00f1ol durante muchos a\u00f1os, a nivel insular, nacional e internacional. En estos \u00faltimos d\u00edas, se han publicado infinidad de rese\u00f1as, en las que se ha glosado de forma intensa y amplia la personalidad de ellos y su recorrido por esta vida. Yo me voy a limitar a recordarles con alguna pincelada vital que pude compartir con ellos. Como decimos los scouts: ya los tres descansan junto al Padre en el Gran Campamento Eterno.<\/li>\n<\/ul>\n<p><strong> <img loading=\"lazy\" decoding=\"async\" class=\"size-full wp-image-9688 aligncenter\" src=\"http:\/\/canariasenpositivo.com\/wp-content\/uploads\/2025\/08\/3.-JUAN-NANDO-Y-HECTOR.jpg\" alt=\"\" width=\"701\" height=\"273\" \/><\/strong><\/p>\n<p style=\"text-align: center\"><em>Juan Padr\u00f3n Morales, Fernando Senante Mascare\u00f1o y H\u00e9ctor Palmero Barrera<\/em><\/p>\n<p><strong>\u00a0<\/strong><\/p>\n<p><span style=\"color: #0000ff\"><strong>H\u00e9ctor Palmero: el optimismo y la permanente alegr\u00eda<\/strong><\/span><\/p>\n<ul>\n<li>El bueno de <strong>H\u00e9ctor Palmero Barrera<\/strong> retorn\u00f3 a mi vida al llegar a COPE Tenerife como becario, cuando yo ten\u00eda el honor de dirigir la querida emisora. Se present\u00f3 como becario y me record\u00f3 que era el nieto de <strong>Do\u00f1a Ascensi\u00f3n<\/strong>. Hab\u00edamos sido vecinos en el Barrio Nuevo de La Laguna, donde su familia ten\u00eda uno de los mejores talleres de chapa y pintura. Le ense\u00f1amos todo lo que pudimos y m\u00e1s, pero <strong>H\u00e9ctor<\/strong> aprend\u00eda, se desenvolv\u00eda y se desarrollaba solo. Sin duda alguna, <strong>H\u00e9ctor Palmero<\/strong> quiz\u00e1 haya sido el periodista que, desde los <em>\u201cinformativos\u201d<\/em> haya sabido transmitir la actualidad desde la cruda realidad de las noticias, sin dejar de ser, simult\u00e1nea y paralelamente, una persona absolutamente optimista, alegre, positiva, cualidades que transmiti\u00f3 siempre a cuantas personas le rodeaban. Tras su tiempo como becario y un poco m\u00e1s, <strong>H\u00e9ctor Palmero<\/strong> vol\u00f3 profesionalmente hacia Radio Club Tenerife (Cadena SER) donde lleg\u00f3 a lo m\u00e1s alto profesionalmente. Pero, a\u00fan m\u00e1s arriba, siempre estuvo su irrepetible personalidad de <strong>H\u00e9ctor<\/strong>. Lo que te vas a re\u00edr all\u00e1 arriba junto a tu abuela <strong>Do\u00f1a Ascensi\u00f3n<\/strong>, tambi\u00e9n siempre alegre.<\/li>\n<\/ul>\n<p><img loading=\"lazy\" decoding=\"async\" class=\"size-large wp-image-9689 aligncenter\" src=\"http:\/\/canariasenpositivo.com\/wp-content\/uploads\/2025\/08\/4.-HECTOR-PALMERO-02-1024x717.webp\" alt=\"\" width=\"660\" height=\"462\" \/><\/p>\n<p style=\"text-align: center\"><em>El gran periodista radiof\u00f3nico, H\u00e9ctor Palmero Barrera, ejemplo de profesionalidad.<\/em><\/p>\n<p>&nbsp;<\/p>\n<p><span style=\"color: #0000ff\"><strong>Fernando Senante: <em>\u201cEl hombre de las cinco C\u201d<\/em><\/strong><\/span><\/p>\n<ul>\n<li>Sobre el irrepetible y bueno de <strong>Fernando \u201cNando\u201d Senante Mascare\u00f1o<\/strong> me da miedo escribir despu\u00e9s de todo lo que ya han escrito de forma brillantemente otros compa\u00f1eros periodistas y amigos m\u00e1s preparados y mejores conocedores de <strong>Nando<\/strong> que yo. Cuando muri\u00f3 su padre, <strong>Fernando<\/strong>, el menor de 5 hermanos, solo ten\u00eda 13 a\u00f1os, pero supo rodearse y hacerse \u201cmuy grande\u201d de la mano de su madre, <strong>Do\u00f1a Rosalba Mascare\u00f1o<\/strong>, quien transmiti\u00f3 a <strong>Nando<\/strong> en su trayectoria vital la profunda dulzura que tambi\u00e9n recuerdo en sus a\u00f1orados \u201chuevos moles\u201d irrepetibles. Solo les dir\u00e9 que, llegue a llamar a <strong>Nando<\/strong> <em>\u201cEl Hombre de las 5C\u201d<\/em> porque, las veces que tuve que colaborar de alguna manera con \u00e9l, siempre entraban cinco palabras que empiezan por la letra \u201cC\u201d y que, por orden alfab\u00e9tico, son: compa\u00f1erismo (una virtud que siempre le acompa\u00f1\u00f3) concierto (uniendo poes\u00eda, m\u00fasica y literatura con nuestra tierra) concordia (buscando siempre la uni\u00f3n y la armon\u00eda) consenso (buscando con el di\u00e1logo acuerdos en positivo) y consorcio (uniendo en el caso del Puerto de la Cruz, aunando voluntades entre ciudadan\u00eda, pol\u00edticos y empresarios, para planificar el mejor futuro del municipio). <strong>Fernando Senante<\/strong> fue tambi\u00e9n \u00fanico.<\/li>\n<\/ul>\n<p><strong> <img loading=\"lazy\" decoding=\"async\" class=\"size-full wp-image-9690 aligncenter\" src=\"http:\/\/canariasenpositivo.com\/wp-content\/uploads\/2025\/08\/5.-FERNANDO-SENANTE.jpg\" alt=\"\" width=\"278\" height=\"181\" \/><\/strong><\/p>\n<p style=\"text-align: center\"><em>Fernando Senante Mascare\u00f1o, \u201cEl hombre de las cinco C\u201d<\/em><\/p>\n<p><strong>\u00a0<\/strong><\/p>\n<p><span style=\"color: #0000ff\"><strong>Juan Padr\u00f3n: la clave no es llegar, sino mantenerse<\/strong><\/span><\/p>\n<ul>\n<li>Con la figura de <strong>Juan Padr\u00f3n Morales<\/strong>, tuve la oportunidad de compartir muchos ratos con el hombre que h\u00e1bilmente fund\u00f3 Radio Club de Canarias y con ella trajo la Cadena SER a Tenerife. Muchos a\u00f1os coincidimos cada mes de agosto subiendo con <strong>Juan<\/strong> y su hijo, mi amigo <strong>Francisco \u201cPaco Padr\u00f3n\u201d<\/strong> y otros puntales desde la Punta del Hidalgo a la Cruz del Carmen, con descanso, almuerzo y envite en Bej\u00eda. El astuto <strong>Juan Padr\u00f3n <\/strong>me regal\u00f3 varias frases (sobre todo estas cinco) con las que le recordar\u00e9 siempre. Recordarlas hoy es mi mayor tributo en su despedida. La primera fue: <em>\u201clo importante no es llegar, sino mantenerse\u201d<\/em> \u2026 La segunda fue: <em>\u201csiempre ha habido quien plante papas, y qui\u00e9n se las coma\u201d<\/em> \u2026 Otra fue: \u201c<em>cuando el culo quiere le\u00f1a, \u00e9l solo la busca\u201d,<\/em> la pen\u00faltima (con perd\u00f3n): <em>\u201ccuando el mal es de cagar, no valen guayabas verdes\u201d<\/em> y la \u00faltima, cuando no quer\u00eda afirmar nada, dec\u00eda. <em>\u201c\u00a1no, pa cualo!\u201d.<\/em> Creo que no hace falta explicarlas y estar\u00e1n conmigo (y con <strong>Juan<\/strong>, claro) en que ellas solas ya transmiten una manera de entender la vida.<\/li>\n<\/ul>\n<p><img loading=\"lazy\" decoding=\"async\" class=\"size-full wp-image-9691 aligncenter\" src=\"http:\/\/canariasenpositivo.com\/wp-content\/uploads\/2025\/08\/6.-JUAN-PADRON.jpg\" alt=\"\" width=\"626\" height=\"380\" \/><\/p>\n<p style=\"text-align: center\"><em>Juan Padr\u00f3n Morales, hace unos a\u00f1os (i) y cuando era futbolista profesional.<\/em><\/p>\n<p>&nbsp;<\/p>\n<p><span style=\"color: #0000ff\"><strong>El hombre que h\u00e1bilmente supo traer la SER a Tenerife<\/strong><\/span><\/p>\n<ul>\n<li>Hay que recordar y destacar que, en una operaci\u00f3n maestra forjada el a\u00f1o 1978, <strong>Juan Padr\u00f3n Morales<\/strong> logr\u00f3 comprar la antigua EAJ-43, Radio Club Tenerife al ex alcalde santacrucero <strong>F\u00e9lix \u00c1lvaro Acu\u00f1a Dorta<\/strong> y dem\u00e1s socios de aquel veterano \u201cRadio Club\u201d. Result\u00f3 que, reci\u00e9n terminados sus estudios en Madrid, en el aquel entonces director general de la Cadena SER, <strong>Eugenio Font\u00e1n<\/strong>, ofreci\u00f3 a nuestro amigo <strong>Francisco \u201cPaco\u201d Padr\u00f3n<\/strong> (hijo mayor de Juan) el cargo de director de Radio Murcia (se habr\u00eda convertido en el director m\u00e1s joven de la SER en toda Espa\u00f1a), pero <strong>Juan Padr\u00f3n<\/strong> le dijo a <strong>Paco<\/strong> que cre\u00eda que Murcia quedaba muy lejos para venir a almorzar todos los d\u00edas a La Laguna. Y as\u00ed fue como <strong>Paco<\/strong> declin\u00f3 la oferta, pero, simult\u00e1neamente, casi en secreto, <strong>Juan<\/strong> y <strong>Paco<\/strong> dise\u00f1aron, h\u00e1bil y estrat\u00e9gicamente la compra de Radio Club y la llegada de la SER. Haciendo gala a su frase, <strong>Juan Padr\u00f3n Morales<\/strong> lleg\u00f3 y se mantuvo hasta el final. Descanse en paz.<\/li>\n<\/ul>\n<p><img loading=\"lazy\" decoding=\"async\" class=\"size-large wp-image-9692 aligncenter\" src=\"http:\/\/canariasenpositivo.com\/wp-content\/uploads\/2025\/08\/7.-RADIO-CLUB-764x1024.jpg\" alt=\"\" width=\"660\" height=\"885\" \/><\/p>\n<p style=\"text-align: center\"><em>Fachada principal de la antigua y original sede de Radio Club Tenerife (EAJ-43), en la santacrucera calle Su\u00e1rez Guerra y, precisamente, en el N\u00ba43.<\/em><\/p>\n<p>&nbsp;<\/p>\n<p><span style=\"color: #0000ff\"><strong>* Jos\u00e9 Carlos MARRERO GONZ\u00c1LEZ<\/strong><\/span><\/p>\n<p>Periodista y analista de la actualidad.<\/p>\n<p>Director de <strong><em>El Cotarro<\/em><\/strong> (www.elcotarro.com)<\/p>\n<p>Director de <strong><em>Canarias en Positivo<\/em><\/strong> (www.canariasenpositivo.com)<\/p>\n<p>Director de <strong><em>GastroCanarias<\/em><\/strong> (www.gastrocanarias.com)<\/p>\n<p>&nbsp;<\/p>\n<p>Islas Canarias, 24 de agosto de 2025<\/p>\n<p><em><img loading=\"lazy\" decoding=\"async\" class=\"size-full wp-image-9058 aligncenter\" src=\"http:\/\/canariasenpositivo.com\/wp-content\/uploads\/2025\/02\/4.-CARECA-INSULA.jpg\" alt=\"\" width=\"750\" height=\"153\" \/><\/em><\/p>\n","protected":false},"excerpt":{"rendered":"<p>N\u00ba572 DEL 24 DE AGOSTO DE 2025 \u00a0 Se han calcinado miles de hect\u00e1reas\u2026 de confianza Comienzo confes\u00e1ndoles que, desde hace muchos a\u00f1os tengo absoluta debilidad por un gran arquitecto, dibujante, humorista, divulgador cultural y escritor espa\u00f1ol llamado Jos\u00e9 Mar\u00eda P\u00e9rez Gonz\u00e1lez, y que todo el mundo respeta profesionalmente y conoce popularmente con el sobrenombre &#8230; <a class=\"read-more\" href=\"https:\/\/elcotarro.com\/?p=11129\">Read more<\/a><\/p>\n","protected":false},"author":2,"featured_media":0,"comment_status":"open","ping_status":"open","sticky":false,"template":"","format":"standard","meta":{"_jetpack_memberships_contains_paid_content":false,"footnotes":""},"categories":[4],"tags":[],"class_list":["post-11129","post","type-post","status-publish","format-standard","hentry","category-el-cotarro"],"yoast_head":"<!-- This site is optimized with the Yoast SEO plugin v27.0 - https:\/\/yoast.com\/product\/yoast-seo-wordpress\/ -->\n<title>EL COTARRO \/ 572, DEL DOMINGO, 24\/08\/2025 - El Cotarro<\/title>\n<meta name=\"robots\" content=\"index, follow, max-snippet:-1, max-image-preview:large, max-video-preview:-1\" \/>\n<link rel=\"canonical\" href=\"https:\/\/elcotarro.com\/?p=11129\" \/>\n<meta property=\"og:locale\" content=\"es_ES\" \/>\n<meta property=\"og:type\" content=\"article\" \/>\n<meta property=\"og:title\" content=\"EL COTARRO \/ 572, DEL DOMINGO, 24\/08\/2025 - El Cotarro\" \/>\n<meta property=\"og:description\" content=\"N\u00ba572 DEL 24 DE AGOSTO DE 2025 \u00a0 Se han calcinado miles de hect\u00e1reas\u2026 de confianza Comienzo confes\u00e1ndoles que, desde hace muchos a\u00f1os tengo absoluta debilidad por un gran arquitecto, dibujante, humorista, divulgador cultural y escritor espa\u00f1ol llamado Jos\u00e9 Mar\u00eda P\u00e9rez Gonz\u00e1lez, y que todo el mundo respeta profesionalmente y conoce popularmente con el sobrenombre ... Read more\" \/>\n<meta property=\"og:url\" content=\"https:\/\/elcotarro.com\/?p=11129\" \/>\n<meta property=\"og:site_name\" content=\"El Cotarro\" \/>\n<meta property=\"article:publisher\" content=\"https:\/\/www.facebook.com\/ElCotarro.Tenerife\" \/>\n<meta property=\"article:published_time\" content=\"2025-08-23T23:59:26+00:00\" \/>\n<meta name=\"author\" content=\"Jos\u00e9 Carlos Marrero Gonz\u00e1lez\" \/>\n<meta name=\"twitter:label1\" content=\"Escrito por\" \/>\n\t<meta name=\"twitter:data1\" content=\"Jos\u00e9 Carlos Marrero Gonz\u00e1lez\" \/>\n\t<meta name=\"twitter:label2\" content=\"Tiempo de lectura\" \/>\n\t<meta name=\"twitter:data2\" content=\"9 minutos\" \/>\n<script type=\"application\/ld+json\" class=\"yoast-schema-graph\">{\"@context\":\"https:\/\/schema.org\",\"@graph\":[{\"@type\":\"Article\",\"@id\":\"https:\/\/elcotarro.com\/?p=11129#article\",\"isPartOf\":{\"@id\":\"https:\/\/elcotarro.com\/?p=11129\"},\"author\":{\"name\":\"Jos\u00e9 Carlos Marrero Gonz\u00e1lez\",\"@id\":\"https:\/\/elcotarro.com\/#\/schema\/person\/af537ee7d60d15984c7e0affcd8a918b\"},\"headline\":\"EL COTARRO \/ 572, DEL DOMINGO, 24\/08\/2025\",\"datePublished\":\"2025-08-23T23:59:26+00:00\",\"mainEntityOfPage\":{\"@id\":\"https:\/\/elcotarro.com\/?p=11129\"},\"wordCount\":1631,\"commentCount\":1,\"publisher\":{\"@id\":\"https:\/\/elcotarro.com\/#organization\"},\"image\":{\"@id\":\"https:\/\/elcotarro.com\/?p=11129#primaryimage\"},\"thumbnailUrl\":\"http:\/\/canariasenpositivo.com\/wp-content\/uploads\/2025\/02\/1.-EL-COTARRO-DA-1.jpg\",\"articleSection\":[\"El Cotarro\"],\"inLanguage\":\"es\",\"potentialAction\":[{\"@type\":\"CommentAction\",\"name\":\"Comment\",\"target\":[\"https:\/\/elcotarro.com\/?p=11129#respond\"]}]},{\"@type\":\"WebPage\",\"@id\":\"https:\/\/elcotarro.com\/?p=11129\",\"url\":\"https:\/\/elcotarro.com\/?p=11129\",\"name\":\"EL COTARRO \/ 572, DEL DOMINGO, 24\/08\/2025 - El Cotarro\",\"isPartOf\":{\"@id\":\"https:\/\/elcotarro.com\/#website\"},\"primaryImageOfPage\":{\"@id\":\"https:\/\/elcotarro.com\/?p=11129#primaryimage\"},\"image\":{\"@id\":\"https:\/\/elcotarro.com\/?p=11129#primaryimage\"},\"thumbnailUrl\":\"http:\/\/canariasenpositivo.com\/wp-content\/uploads\/2025\/02\/1.-EL-COTARRO-DA-1.jpg\",\"datePublished\":\"2025-08-23T23:59:26+00:00\",\"breadcrumb\":{\"@id\":\"https:\/\/elcotarro.com\/?p=11129#breadcrumb\"},\"inLanguage\":\"es\",\"potentialAction\":[{\"@type\":\"ReadAction\",\"target\":[\"https:\/\/elcotarro.com\/?p=11129\"]}]},{\"@type\":\"ImageObject\",\"inLanguage\":\"es\",\"@id\":\"https:\/\/elcotarro.com\/?p=11129#primaryimage\",\"url\":\"http:\/\/canariasenpositivo.com\/wp-content\/uploads\/2025\/02\/1.-EL-COTARRO-DA-1.jpg\",\"contentUrl\":\"http:\/\/canariasenpositivo.com\/wp-content\/uploads\/2025\/02\/1.-EL-COTARRO-DA-1.jpg\"},{\"@type\":\"BreadcrumbList\",\"@id\":\"https:\/\/elcotarro.com\/?p=11129#breadcrumb\",\"itemListElement\":[{\"@type\":\"ListItem\",\"position\":1,\"name\":\"Portada\",\"item\":\"https:\/\/elcotarro.com\/\"},{\"@type\":\"ListItem\",\"position\":2,\"name\":\"EL COTARRO \/ 572, DEL DOMINGO, 24\/08\/2025\"}]},{\"@type\":\"WebSite\",\"@id\":\"https:\/\/elcotarro.com\/#website\",\"url\":\"https:\/\/elcotarro.com\/\",\"name\":\"El Cotarro\",\"description\":\"Peri\u00f3dico Digital Independiente dirigido por Jos\u00e9 Carlos Marrero\",\"publisher\":{\"@id\":\"https:\/\/elcotarro.com\/#organization\"},\"potentialAction\":[{\"@type\":\"SearchAction\",\"target\":{\"@type\":\"EntryPoint\",\"urlTemplate\":\"https:\/\/elcotarro.com\/?s={search_term_string}\"},\"query-input\":{\"@type\":\"PropertyValueSpecification\",\"valueRequired\":true,\"valueName\":\"search_term_string\"}}],\"inLanguage\":\"es\"},{\"@type\":\"Organization\",\"@id\":\"https:\/\/elcotarro.com\/#organization\",\"name\":\"El Cotarro\",\"url\":\"https:\/\/elcotarro.com\/\",\"logo\":{\"@type\":\"ImageObject\",\"inLanguage\":\"es\",\"@id\":\"https:\/\/elcotarro.com\/#\/schema\/logo\/image\/\",\"url\":\"https:\/\/elcotarro.com\/wp-content\/uploads\/2014\/09\/Cabecera_El_Cotarro_v2.jpg\",\"contentUrl\":\"https:\/\/elcotarro.com\/wp-content\/uploads\/2014\/09\/Cabecera_El_Cotarro_v2.jpg\",\"width\":3540,\"height\":441,\"caption\":\"El Cotarro\"},\"image\":{\"@id\":\"https:\/\/elcotarro.com\/#\/schema\/logo\/image\/\"},\"sameAs\":[\"https:\/\/www.facebook.com\/ElCotarro.Tenerife\"]},{\"@type\":\"Person\",\"@id\":\"https:\/\/elcotarro.com\/#\/schema\/person\/af537ee7d60d15984c7e0affcd8a918b\",\"name\":\"Jos\u00e9 Carlos Marrero Gonz\u00e1lez\",\"image\":{\"@type\":\"ImageObject\",\"inLanguage\":\"es\",\"@id\":\"https:\/\/elcotarro.com\/#\/schema\/person\/image\/\",\"url\":\"https:\/\/secure.gravatar.com\/avatar\/def4da036efb5d32c74d49c351f6dccc064dd69ad9f3aadc295c5a9a5391ca01?s=96&d=mm&r=g\",\"contentUrl\":\"https:\/\/secure.gravatar.com\/avatar\/def4da036efb5d32c74d49c351f6dccc064dd69ad9f3aadc295c5a9a5391ca01?s=96&d=mm&r=g\",\"caption\":\"Jos\u00e9 Carlos Marrero Gonz\u00e1lez\"},\"sameAs\":[\"https:\/\/elcotarro.com\"],\"url\":\"https:\/\/elcotarro.com\/?author=2\"}]}<\/script>\n<!-- \/ Yoast SEO plugin. -->","yoast_head_json":{"title":"EL COTARRO \/ 572, DEL DOMINGO, 24\/08\/2025 - El Cotarro","robots":{"index":"index","follow":"follow","max-snippet":"max-snippet:-1","max-image-preview":"max-image-preview:large","max-video-preview":"max-video-preview:-1"},"canonical":"https:\/\/elcotarro.com\/?p=11129","og_locale":"es_ES","og_type":"article","og_title":"EL COTARRO \/ 572, DEL DOMINGO, 24\/08\/2025 - El Cotarro","og_description":"N\u00ba572 DEL 24 DE AGOSTO DE 2025 \u00a0 Se han calcinado miles de hect\u00e1reas\u2026 de confianza Comienzo confes\u00e1ndoles que, desde hace muchos a\u00f1os tengo absoluta debilidad por un gran arquitecto, dibujante, humorista, divulgador cultural y escritor espa\u00f1ol llamado Jos\u00e9 Mar\u00eda P\u00e9rez Gonz\u00e1lez, y que todo el mundo respeta profesionalmente y conoce popularmente con el sobrenombre ... Read more","og_url":"https:\/\/elcotarro.com\/?p=11129","og_site_name":"El Cotarro","article_publisher":"https:\/\/www.facebook.com\/ElCotarro.Tenerife","article_published_time":"2025-08-23T23:59:26+00:00","author":"Jos\u00e9 Carlos Marrero Gonz\u00e1lez","twitter_misc":{"Escrito por":"Jos\u00e9 Carlos Marrero Gonz\u00e1lez","Tiempo de lectura":"9 minutos"},"schema":{"@context":"https:\/\/schema.org","@graph":[{"@type":"Article","@id":"https:\/\/elcotarro.com\/?p=11129#article","isPartOf":{"@id":"https:\/\/elcotarro.com\/?p=11129"},"author":{"name":"Jos\u00e9 Carlos Marrero Gonz\u00e1lez","@id":"https:\/\/elcotarro.com\/#\/schema\/person\/af537ee7d60d15984c7e0affcd8a918b"},"headline":"EL COTARRO \/ 572, DEL DOMINGO, 24\/08\/2025","datePublished":"2025-08-23T23:59:26+00:00","mainEntityOfPage":{"@id":"https:\/\/elcotarro.com\/?p=11129"},"wordCount":1631,"commentCount":1,"publisher":{"@id":"https:\/\/elcotarro.com\/#organization"},"image":{"@id":"https:\/\/elcotarro.com\/?p=11129#primaryimage"},"thumbnailUrl":"http:\/\/canariasenpositivo.com\/wp-content\/uploads\/2025\/02\/1.-EL-COTARRO-DA-1.jpg","articleSection":["El Cotarro"],"inLanguage":"es","potentialAction":[{"@type":"CommentAction","name":"Comment","target":["https:\/\/elcotarro.com\/?p=11129#respond"]}]},{"@type":"WebPage","@id":"https:\/\/elcotarro.com\/?p=11129","url":"https:\/\/elcotarro.com\/?p=11129","name":"EL COTARRO \/ 572, DEL DOMINGO, 24\/08\/2025 - El Cotarro","isPartOf":{"@id":"https:\/\/elcotarro.com\/#website"},"primaryImageOfPage":{"@id":"https:\/\/elcotarro.com\/?p=11129#primaryimage"},"image":{"@id":"https:\/\/elcotarro.com\/?p=11129#primaryimage"},"thumbnailUrl":"http:\/\/canariasenpositivo.com\/wp-content\/uploads\/2025\/02\/1.-EL-COTARRO-DA-1.jpg","datePublished":"2025-08-23T23:59:26+00:00","breadcrumb":{"@id":"https:\/\/elcotarro.com\/?p=11129#breadcrumb"},"inLanguage":"es","potentialAction":[{"@type":"ReadAction","target":["https:\/\/elcotarro.com\/?p=11129"]}]},{"@type":"ImageObject","inLanguage":"es","@id":"https:\/\/elcotarro.com\/?p=11129#primaryimage","url":"http:\/\/canariasenpositivo.com\/wp-content\/uploads\/2025\/02\/1.-EL-COTARRO-DA-1.jpg","contentUrl":"http:\/\/canariasenpositivo.com\/wp-content\/uploads\/2025\/02\/1.-EL-COTARRO-DA-1.jpg"},{"@type":"BreadcrumbList","@id":"https:\/\/elcotarro.com\/?p=11129#breadcrumb","itemListElement":[{"@type":"ListItem","position":1,"name":"Portada","item":"https:\/\/elcotarro.com\/"},{"@type":"ListItem","position":2,"name":"EL COTARRO \/ 572, DEL DOMINGO, 24\/08\/2025"}]},{"@type":"WebSite","@id":"https:\/\/elcotarro.com\/#website","url":"https:\/\/elcotarro.com\/","name":"El Cotarro","description":"Peri\u00f3dico Digital Independiente dirigido por Jos\u00e9 Carlos Marrero","publisher":{"@id":"https:\/\/elcotarro.com\/#organization"},"potentialAction":[{"@type":"SearchAction","target":{"@type":"EntryPoint","urlTemplate":"https:\/\/elcotarro.com\/?s={search_term_string}"},"query-input":{"@type":"PropertyValueSpecification","valueRequired":true,"valueName":"search_term_string"}}],"inLanguage":"es"},{"@type":"Organization","@id":"https:\/\/elcotarro.com\/#organization","name":"El Cotarro","url":"https:\/\/elcotarro.com\/","logo":{"@type":"ImageObject","inLanguage":"es","@id":"https:\/\/elcotarro.com\/#\/schema\/logo\/image\/","url":"https:\/\/elcotarro.com\/wp-content\/uploads\/2014\/09\/Cabecera_El_Cotarro_v2.jpg","contentUrl":"https:\/\/elcotarro.com\/wp-content\/uploads\/2014\/09\/Cabecera_El_Cotarro_v2.jpg","width":3540,"height":441,"caption":"El Cotarro"},"image":{"@id":"https:\/\/elcotarro.com\/#\/schema\/logo\/image\/"},"sameAs":["https:\/\/www.facebook.com\/ElCotarro.Tenerife"]},{"@type":"Person","@id":"https:\/\/elcotarro.com\/#\/schema\/person\/af537ee7d60d15984c7e0affcd8a918b","name":"Jos\u00e9 Carlos Marrero Gonz\u00e1lez","image":{"@type":"ImageObject","inLanguage":"es","@id":"https:\/\/elcotarro.com\/#\/schema\/person\/image\/","url":"https:\/\/secure.gravatar.com\/avatar\/def4da036efb5d32c74d49c351f6dccc064dd69ad9f3aadc295c5a9a5391ca01?s=96&d=mm&r=g","contentUrl":"https:\/\/secure.gravatar.com\/avatar\/def4da036efb5d32c74d49c351f6dccc064dd69ad9f3aadc295c5a9a5391ca01?s=96&d=mm&r=g","caption":"Jos\u00e9 Carlos Marrero Gonz\u00e1lez"},"sameAs":["https:\/\/elcotarro.com"],"url":"https:\/\/elcotarro.com\/?author=2"}]}},"jetpack_featured_media_url":"","jetpack_sharing_enabled":true,"_links":{"self":[{"href":"https:\/\/elcotarro.com\/index.php?rest_route=\/wp\/v2\/posts\/11129","targetHints":{"allow":["GET"]}}],"collection":[{"href":"https:\/\/elcotarro.com\/index.php?rest_route=\/wp\/v2\/posts"}],"about":[{"href":"https:\/\/elcotarro.com\/index.php?rest_route=\/wp\/v2\/types\/post"}],"author":[{"embeddable":true,"href":"https:\/\/elcotarro.com\/index.php?rest_route=\/wp\/v2\/users\/2"}],"replies":[{"embeddable":true,"href":"https:\/\/elcotarro.com\/index.php?rest_route=%2Fwp%2Fv2%2Fcomments&post=11129"}],"version-history":[{"count":1,"href":"https:\/\/elcotarro.com\/index.php?rest_route=\/wp\/v2\/posts\/11129\/revisions"}],"predecessor-version":[{"id":11130,"href":"https:\/\/elcotarro.com\/index.php?rest_route=\/wp\/v2\/posts\/11129\/revisions\/11130"}],"wp:attachment":[{"href":"https:\/\/elcotarro.com\/index.php?rest_route=%2Fwp%2Fv2%2Fmedia&parent=11129"}],"wp:term":[{"taxonomy":"category","embeddable":true,"href":"https:\/\/elcotarro.com\/index.php?rest_route=%2Fwp%2Fv2%2Fcategories&post=11129"},{"taxonomy":"post_tag","embeddable":true,"href":"https:\/\/elcotarro.com\/index.php?rest_route=%2Fwp%2Fv2%2Ftags&post=11129"}],"curies":[{"name":"wp","href":"https:\/\/api.w.org\/{rel}","templated":true}]}}