{"id":11154,"date":"2025-09-28T00:13:16","date_gmt":"2025-09-27T23:13:16","guid":{"rendered":"https:\/\/elcotarro.com\/?p=11154"},"modified":"2025-09-28T11:20:27","modified_gmt":"2025-09-28T10:20:27","slug":"el-cotarro-577-del-domingo-28-09-2025","status":"publish","type":"post","link":"https:\/\/elcotarro.com\/?p=11154","title":{"rendered":"EL COTARRO \/ 577, DEL DOMINGO, 28\/09\/2025"},"content":{"rendered":"<p><img loading=\"lazy\" decoding=\"async\" class=\"size-full wp-image-9743 aligncenter\" src=\"http:\/\/canariasenpositivo.com\/wp-content\/uploads\/2025\/09\/EL-COTARRO-CABECERA-CON-NUMERO.jpg\" alt=\"\" width=\"894\" height=\"145\" \/><\/p>\n<p style=\"text-align: center\"><span style=\"color: #ff0000\"><strong>N\u00ba577 DEL 28 DE SEPTIEMBRE DE 2025<\/strong><\/span><\/p>\n<p>&nbsp;<\/p>\n<p><strong><span style=\"color: #0000ff\">Dicen que nunca es tarde si la dicha es buena, pero\u2026<\/span> <\/strong><\/p>\n<ul>\n<li>Efectivamente, dicen que nunca es tarde si la dicha es buena, pero creo que, en esta ocasi\u00f3n, la reconducci\u00f3n del tema va a ser imposible durante un buen pu\u00f1ado de a\u00f1os. El alcalde lagunero, <strong>Luis Yeray Guti\u00e9rrez<\/strong>, ha manifestado hace unos d\u00edas en la prensa (por primera vez, que yo sepa) la imperiosa y urgente necesidad de soterrar la autopista TF-5 a su paso por La Laguna, en la zona del <strong>Padre Anchieta<\/strong>. Hay que agradecerle la claridad de su manifestaci\u00f3n y decir que nunca es tarde si la dicha es buena. Si me lo permiten y con toda humildad, creo que, en este tema, puedo <em>\u201carrayarme un millo\u201d<\/em>. Hace muchos a\u00f1os vengo diciendo en prensa, radio y televisi\u00f3n que ese soterramiento es la base fundamental para el desatasco de la TF-5 y para \u201ccurar\u201d la profunda \u201ccicatriz\u201d de la que tambi\u00e9n habla <strong>Luis Yeray<\/strong>. Pero, para ser justos y rigurosos, exactamente lo mismo lo manifest\u00f3 su antecesor en la alcald\u00eda, <strong>Elfidio Alonso Quintero<\/strong>, cuando, el a\u00f1o 1994, ya habl\u00f3 y present\u00f3 los bocetos de la obra que \u00e9l pretend\u00eda realizar para su inauguraci\u00f3n el a\u00f1o 1996 con el nombre de Avenida del V Centenario, coincidiendo con los 5 siglos de la fundaci\u00f3n de la ciudad. Lo \u00fanico que se ha soterrado durante a\u00f1os es aquel proyecto<\/li>\n<\/ul>\n<p><img loading=\"lazy\" decoding=\"async\" class=\"size-large wp-image-9790 aligncenter\" src=\"http:\/\/canariasenpositivo.com\/wp-content\/uploads\/2025\/09\/1.-ELFIDIO-Y-LUIS-YERAY-1024x683.jpg\" alt=\"\" width=\"660\" height=\"440\" \/><\/p>\n<p style=\"text-align: center\"><em>Elfidio Alonso Quintero (i) con Luis Yeray Guti\u00e9rrez P\u00e9rez. Dos alcaldes de La Laguna con un mismo proyecto, pero con 30 a\u00f1os de diferencia\u2026 y el proyecto sin todav\u00eda hacerse realidad.<\/em><\/p>\n<p>&nbsp;<\/p>\n<p><span style=\"color: #0000ff\"><strong>La pasarela har\u00e1 imposible el soterramiento en a\u00f1os<\/strong><\/span><\/p>\n<ul>\n<li>Durante los 30 a\u00f1os siguientes, ning\u00fan alcalde lagunero, ni <strong>Jos\u00e9 Segura<\/strong> (PSOE), ni <strong>Ana Oramas<\/strong> (CC), ni <strong>Fernando Clavijo<\/strong> (CC), ni <strong>Jos\u00e9 Alberto D\u00edaz<\/strong> (CC) ni actualmente el propio <strong>Luis Yeray Guti\u00e9rrez<\/strong> (PSOE) han sabido o han podido liderar ese necesario y demandado soterramiento de la autopista. En esos mismos 30 a\u00f1os y desde el Cabildo de Tenerife, ni <strong>Ad\u00e1n Mart\u00edn<\/strong> (CC) ni <strong>Ricardo Melchior<\/strong> (CC) ni <strong>Carlos Alonso<\/strong> (CC) ni <strong>Pedro Mart\u00edn<\/strong> (PSOE) ni actualmente <strong>Rosa D\u00e1vila<\/strong>, han sabido o han podido hacer nada, salvo el tremendo mamotreto que hoy se est\u00e1 construyendo en forma de \u201cpasarela peatonal a\u00e9rea\u201d que todos ellos -hip\u00f3critamente, de espaldas y por lo bajini- reconocen que es insuficiente, poco pr\u00e1ctica, dif\u00edcil y costosa de mantener, con problemas de accesibilidad y hasta peligrosa para la ciudadan\u00eda peatonal. Y ahora resulta que, precisamente esa pasarela, es la que har\u00e1 t\u00e9cnicamente inviable la posibilidad de soterrar la autopista, mientras est\u00e9 encima de ella (de la autopista) tocando los timbales arquitect\u00f3nicos. <strong>Luis Yeray Guti\u00e9rrez<\/strong> podr\u00eda pasar a la historia, pero me temo que con lo del soterramiento lagunero de la TF-5 no le caer\u00e1 esa breva. Ojal\u00e1 me equivoque, pero\u2026, demos tiempo al tiempo.<\/li>\n<\/ul>\n<p><img loading=\"lazy\" decoding=\"async\" class=\"size-large wp-image-9791 aligncenter\" src=\"http:\/\/canariasenpositivo.com\/wp-content\/uploads\/2025\/09\/2.-PASARELA-PEATONAL-1024x723.png\" alt=\"\" width=\"660\" height=\"466\" \/><\/p>\n<p style=\"text-align: center\"><em>La maldita pasarela a\u00e9rea peatonal de Padre Anchieta, que, t\u00e9cnicamente, me temo que har\u00e1 imposible el soterramiento de la autopista TF-5 durante muchos a\u00f1os.<\/em><\/p>\n<p>&nbsp;<\/p>\n<p><span style=\"color: #0000ff\"><strong>Sal\u00f3n N\u00e1utico de Canarias \u201cI\u00f1aki Dom\u00ednguez Paniagua\u201d<\/strong><\/span><\/p>\n<ul>\n<li>La primera edici\u00f3n del reci\u00e9n terminado I Sal\u00f3n N\u00e1utico de Canarias, celebrado el pasado fin de semana en el Recinto Ferial de Tenerife, ha dejado muy buen sabor de boca con m\u00e1s de 5.000 visitantes. Pero, sobre todo, ha dejado un profundo sentimiento de justicia y agradecimiento por parte del consejero insular del Cabildo de Tenerife, <strong>Manuel Fern\u00e1ndez Vega<\/strong>, de quien depende la Instituci\u00f3n Ferial de Tenerife (IFTSA) quien, de acuerdo con <strong>Sergio Gonz\u00e1lez L\u00f3pez<\/strong>, el nuevo consejero delegado de la IFTSA y con <strong>Jonay L\u00f3pez Soto<\/strong>, el director de la propia feria, decidieron que esta primera y todas las pr\u00f3ximas ediciones del evento llevar\u00e1n asociado al evento el nombre del querido y recordado <strong>I\u00f1aki Dom\u00ednguez Paniagua<\/strong>, recientemente fallecido y quien fuera gran gerente de la IFTSA El bueno de <strong>I\u00f1aki,<\/strong> desde peque\u00f1ito y por \u201ctradici\u00f3n familiar\u201d, fue un apasionado del mar y forofo de todo lo que tuviera que ver con la n\u00e1utica deportiva y profesional. Desde ya y para siempre, esta feria netamente marina se denominar\u00e1 Sal\u00f3n N\u00e1utico de Canarias <strong>\u201cI\u00f1aki Dom\u00ednguez Paniagua\u201d<\/strong>. En la inauguraci\u00f3n de su primera edici\u00f3n, Manuel Fern\u00e1ndez y el vicepresidente del Cabildo, <strong>Lope Afonso Hern\u00e1ndez<\/strong>, recordaron al gran <strong>I\u00f1aki<\/strong>, felicitando y agradeciendo a la Instituci\u00f3n Ferial por la merecida decisi\u00f3n tomada. Seguiremos navegando con el recuerdo de <strong>I\u00f1aki<\/strong> como timonel. Am\u00e9n.<\/li>\n<\/ul>\n<p><img loading=\"lazy\" decoding=\"async\" class=\"size-full wp-image-9792 aligncenter\" src=\"http:\/\/canariasenpositivo.com\/wp-content\/uploads\/2025\/09\/3.-SALON-NAUTICO-DE-CANARIAS.jpg\" alt=\"\" width=\"740\" height=\"536\" \/><\/p>\n<p style=\"text-align: center\"><em>Principales autoridades y responsables de la IFTSA en la inauguraci\u00f3n del I Sal\u00f3n N\u00e1utico de Canarias. En el centro, Lope Afonso y Manuel Fern\u00e1ndez.<\/em><\/p>\n<p>&nbsp;<\/p>\n<p><span style=\"color: #0000ff\"><strong>Prometeo: \u201cLos centinelas que han blindado Tenerife\u201d<\/strong><\/span><\/p>\n<ul>\n<li>Para tranquilizar a los detractores, agoreros y antimilitaristas, hay que rese\u00f1ar que hasta la prensa nacional se ha hecho eco esta pasada semana del \u00e9xito obtenido en la Operaci\u00f3n Prometeo <em>\u201cCentinela Tinerfe\u00f1o\u201d, <\/em>con la inestimable colaboraci\u00f3n de nuestras Fuerzas Armadas, especialmente el Ej\u00e9rcito de Tierra, en la vigilancia de los montes de Tenerife. En un podcast publicado hace una semana por el peri\u00f3dico <em>El Pa\u00eds<\/em>, su autor, el periodista <strong>Jos\u00e9 Juan Morales<\/strong>, informa que <em>\u201cdesde que empez\u00f3 la Operaci\u00f3n Prometeo, el a\u00f1o 2024, no se ha producido ning\u00fan incendio importante en la isla\u201d. <\/em>Lamentablemente, otras comunidades aut\u00f3nomas de Espa\u00f1a estar\u00e1n lamentando hoy no haber contado con esa colaboraci\u00f3n por parte 0de los militares. Hay que ser muy ignorante o estar muy desinformado para, desde el rigor y la neutralidad, no reconocer responsablemente (aunque a alguna persona le duela) que la ayuda de nuestros militares ha sido fundamental en este \u00e9xito. A trav\u00e9s del teniente general <strong>Julio Salom<\/strong>, jefe del Mando de Canarias, hay que felicitar y agradecer por su labor a todos los hombres y mujeres militares que han estado pateando, custodiando y cuidando nuestros montes las 24 horas al d\u00eda.<\/li>\n<\/ul>\n<p><img loading=\"lazy\" decoding=\"async\" class=\"size-large wp-image-9793 aligncenter\" src=\"http:\/\/canariasenpositivo.com\/wp-content\/uploads\/2025\/09\/4.-Julio-Salom-con-Rosa-Davila-1024x512.jpg\" alt=\"\" width=\"660\" height=\"330\" \/><\/p>\n<p style=\"text-align: center\"><em>Rosa D\u00e1vila y Julio Salom se felicitan por el \u00e9xito de la Operaci\u00f3n Prometeo.<\/em><\/p>\n<p>&nbsp;<\/p>\n<p><span style=\"color: #0000ff\"><strong>Dulce Xerach, otra mujer especial que se nos ha ido<\/strong><\/span><\/p>\n<ul>\n<li>Cambio de tercio en <strong><em>El Cotarro<\/em><\/strong> de hoy con un profundo sentimiento de pesar. Estaba a punto de escribir algo sobre el simulacro de erupci\u00f3n volc\u00e1nica celebrado el pasado viernes, y ese mismo d\u00eda me entero de la triste partida hacia el infinito de nuestra amiga <strong>Dulce Xerach P\u00e9rez L\u00f3pez<\/strong>. Lamentablemente, el fallecimiento de <strong>Dulce Xerach<\/strong>, a sus j\u00f3venes, pero intensos 56 a\u00f1os de vida, no ha sido un simulacro, sino una trist\u00edsima realidad. Se\u00f1ora de pies a cabeza, gran compa\u00f1era, magn\u00edfica escritora, pol\u00edtica de raza, artista en profundidad, doctora en arquitectura, permanente defensora de nuestro patrimonio\u2026 <strong>Dulce<\/strong> ha sido, en definitiva, una mujer integral. Vaya desde aqu\u00ed nuestro sentimiento de afecto y \u00e1nimo a su compa\u00f1ero, el arquitecto y tambi\u00e9n artista, nuestro buen amigo <strong>Fernando Menis<\/strong>, y a toda su familia. Como siempre me gusta decir (creencias aparte) <strong>Dulce Xerach<\/strong> ya est\u00e1 con el creador descansando en el gran campamento eterno. Descanse en paz.<\/li>\n<\/ul>\n<p><img loading=\"lazy\" decoding=\"async\" class=\"size-full wp-image-9794 aligncenter\" src=\"http:\/\/canariasenpositivo.com\/wp-content\/uploads\/2025\/09\/5.-Dulce-Xerach-1.jpg\" alt=\"\" width=\"668\" height=\"668\" \/><\/p>\n<p style=\"text-align: center\"><em>Dolce Xerach P\u00e9rez L\u00f3pez, una mujer integral que se nos ha ido. Descanse en paz.<\/em><\/p>\n<p>&nbsp;<\/p>\n<p><span style=\"color: #0000ff\"><strong>Makro: 30 a\u00f1os de servicio y profesionalidad en Tenerife<\/strong><\/span><\/p>\n<ul>\n<li>Dice la letra del tango que \u201c20 a\u00f1os no es nada\u201d, pero eso es seg\u00fan se mire. Esta pasada semana se han cumplido la friolera de 30 a\u00f1os de que el supermercado mayorista Makro se estableciera en Canarias y, m\u00e1s concretamente, en su centro de La Laguna. El a\u00f1o 1995 la empresa Makro cambi\u00f3 el paradigma y marc\u00f3 un punto de inflexi\u00f3n en lo que a la distribuci\u00f3n de productos para el sector de la alimentaci\u00f3n y HORECA se refiere. Makro La Laguna, que ha tenido a grandes puntales al frente como <strong>Efr\u00e9n Santana<\/strong>, ha afrontado una tremenda remodelaci\u00f3n en los \u00faltimos meses, con una inversi\u00f3n que, seg\u00fan me han dicho, ronda los once millones de euros. Tras cumplir 30 a\u00f1os de trayectoria, Makro La Laguna (que es una gran familia de profesionales) va a volver a marcar otro punto de inflexi\u00f3n pr\u00f3ximamente, teniendo como director gerente a <strong>Alejandro Ojea G\u00f3mez<\/strong> y estando <strong>Jos\u00e9 Manuel Ramos Hern\u00e1ndez<\/strong> como director regional de Makro en Canarias. No voy a adelantar acontecimientos, pero est\u00e9n atentos al pr\u00f3ximo d\u00eda 1 de octubre. Les mantendr\u00e9 informados, mientras felicito a Makro y a toda su gente por sus primeros 30 a\u00f1itos.<\/li>\n<\/ul>\n<p><img loading=\"lazy\" decoding=\"async\" class=\"size-large wp-image-9795 aligncenter\" src=\"http:\/\/canariasenpositivo.com\/wp-content\/uploads\/2025\/09\/6.-MAKRO-CUMPLE-30-ANOS-1024x768.jpeg\" alt=\"\" width=\"660\" height=\"495\" \/><\/p>\n<p style=\"text-align: center\"><em>Parte de la gran familia de Makro La Laguna celebrando su 30 aniversario<\/em><\/p>\n<p>&nbsp;<\/p>\n<p><span style=\"color: #0000ff\"><strong>Global Humane da 25.000 d\u00f3lares a Loro Parque Fundaci\u00f3n<\/strong><\/span><\/p>\n<ul>\n<li>Remato <strong><em>El Cotarro<\/em><\/strong> de hoy cont\u00e1ndoles que Tenerife ha acogido esta pasada semana el encuentro anual de la Junta directiva de Global Humane Society, la entidad l\u00edder en bienestar animal de nuestro planeta, que, durante la gala celebrada el pasado jueves en el Hotel Bot\u00e1nico del Puerto de la Cruz, ha anunciado una donaci\u00f3n de 25.000 d\u00f3lares americanos a Loro Parque Fundaci\u00f3n, para apoyar sus proyectos con orcas. La organizaci\u00f3n estadounidense ha reconocido la figura de <strong>Wolfgang Kiessling<\/strong>, fundador y presidente del Grupo Loro Parque, como referente a nivel mundial del bienestar animal a trav\u00e9s de su trayectoria empresarial. Nuestra isla se ha convertido en el epicentro internacional del bienestar animal al acoger el encuentro anual de la Junta Directiva de Global Humane Society, organizaci\u00f3n estadounidense que preside la Dra. <strong>Robin Ganzert<\/strong> y que es pionera en la certificaci\u00f3n y promoci\u00f3n de est\u00e1ndares de bienestar para animales en centros zool\u00f3gicos, acuarios y reservas de todo el mundo. Asimismo, Global Humane otorga cada a\u00f1o en el Capitolio de Washington el Premio Internacional <strong>Wolfgang Kiessling<\/strong> por la Conservaci\u00f3n de Especies, que reconoce contribuciones extraordinarias a la preservaci\u00f3n de la biodiversidad.<\/li>\n<\/ul>\n<p><img loading=\"lazy\" decoding=\"async\" class=\"size-large wp-image-9796 aligncenter\" src=\"http:\/\/canariasenpositivo.com\/wp-content\/uploads\/2025\/09\/7.-GLOBAL-HUMANE-EN-BOTANICO-1024x701.jpg\" alt=\"\" width=\"660\" height=\"452\" \/><\/p>\n<p style=\"text-align: center\"><em>De izquierda a derecha: Brigitte Kiessling, Wolfgang Kiessling. Robin Ganzert, Leopoldo Afonso (alcalde de Puerto de la Cruz) Desir\u00e9e D\u00edaz (concejala de Turismo del Puerto) y Christoph Kiessling (presidente de Loro Parque Fundaci\u00f3n)<\/em><\/p>\n<p>&nbsp;<\/p>\n<p><span style=\"color: #0000ff\"><strong>* Jos\u00e9 Carlos MARRERO GONZ\u00c1LEZ<\/strong><\/span><\/p>\n<p>Periodista y analista de la actualidad.<\/p>\n<p>Director de <strong><em>El Cotarro<\/em><\/strong> (www.elcotarro.com)<\/p>\n<p>Director de <strong><em>Canarias en Positivo<\/em><\/strong> (www.canariasenpositivo.com)<\/p>\n<p>Director de <strong><em>GastroCanarias<\/em><\/strong> (www.gastrocanarias.com)<\/p>\n<p>&nbsp;<\/p>\n<p>Islas Canarias, 28 de septiembre de 2025<\/p>\n<p><img loading=\"lazy\" decoding=\"async\" class=\"size-full wp-image-9744 aligncenter\" src=\"http:\/\/canariasenpositivo.com\/wp-content\/uploads\/2025\/09\/4.-CARECA-INSULA.jpg\" alt=\"\" width=\"750\" height=\"153\" \/><\/p>\n<p>&nbsp;<\/p>\n","protected":false},"excerpt":{"rendered":"<p>N\u00ba577 DEL 28 DE SEPTIEMBRE DE 2025 &nbsp; Dicen que nunca es tarde si la dicha es buena, pero\u2026 Efectivamente, dicen que nunca es tarde si la dicha es buena, pero creo que, en esta ocasi\u00f3n, la reconducci\u00f3n del tema va a ser imposible durante un buen pu\u00f1ado de a\u00f1os. El alcalde lagunero, Luis Yeray &#8230; <a class=\"read-more\" href=\"https:\/\/elcotarro.com\/?p=11154\">Read more<\/a><\/p>\n","protected":false},"author":2,"featured_media":0,"comment_status":"open","ping_status":"open","sticky":false,"template":"","format":"standard","meta":{"_jetpack_memberships_contains_paid_content":false,"footnotes":""},"categories":[4],"tags":[],"class_list":["post-11154","post","type-post","status-publish","format-standard","hentry","category-el-cotarro"],"yoast_head":"<!-- This site is optimized with the Yoast SEO plugin v27.0 - https:\/\/yoast.com\/product\/yoast-seo-wordpress\/ -->\n<title>EL COTARRO \/ 577, DEL DOMINGO, 28\/09\/2025 - El Cotarro<\/title>\n<meta name=\"robots\" content=\"index, follow, max-snippet:-1, max-image-preview:large, max-video-preview:-1\" \/>\n<link rel=\"canonical\" href=\"https:\/\/elcotarro.com\/?p=11154\" \/>\n<meta property=\"og:locale\" content=\"es_ES\" \/>\n<meta property=\"og:type\" content=\"article\" \/>\n<meta property=\"og:title\" content=\"EL COTARRO \/ 577, DEL DOMINGO, 28\/09\/2025 - El Cotarro\" \/>\n<meta property=\"og:description\" content=\"N\u00ba577 DEL 28 DE SEPTIEMBRE DE 2025 &nbsp; Dicen que nunca es tarde si la dicha es buena, pero\u2026 Efectivamente, dicen que nunca es tarde si la dicha es buena, pero creo que, en esta ocasi\u00f3n, la reconducci\u00f3n del tema va a ser imposible durante un buen pu\u00f1ado de a\u00f1os. El alcalde lagunero, Luis Yeray ... Read more\" \/>\n<meta property=\"og:url\" content=\"https:\/\/elcotarro.com\/?p=11154\" \/>\n<meta property=\"og:site_name\" content=\"El Cotarro\" \/>\n<meta property=\"article:publisher\" content=\"https:\/\/www.facebook.com\/ElCotarro.Tenerife\" \/>\n<meta property=\"article:published_time\" content=\"2025-09-27T23:13:16+00:00\" \/>\n<meta property=\"article:modified_time\" content=\"2025-09-28T10:20:27+00:00\" \/>\n<meta property=\"og:image\" content=\"https:\/\/elcotarro.com\/wp-content\/uploads\/2021\/04\/FOTO-6.-FOUNDATION.jpeg\" \/>\n\t<meta property=\"og:image:width\" content=\"645\" \/>\n\t<meta property=\"og:image:height\" content=\"358\" \/>\n\t<meta property=\"og:image:type\" content=\"image\/jpeg\" \/>\n<meta name=\"author\" content=\"Jos\u00e9 Carlos Marrero Gonz\u00e1lez\" \/>\n<meta name=\"twitter:label1\" content=\"Escrito por\" \/>\n\t<meta name=\"twitter:data1\" content=\"Jos\u00e9 Carlos Marrero Gonz\u00e1lez\" \/>\n\t<meta name=\"twitter:label2\" content=\"Tiempo de lectura\" \/>\n\t<meta name=\"twitter:data2\" content=\"10 minutos\" \/>\n<script type=\"application\/ld+json\" class=\"yoast-schema-graph\">{\"@context\":\"https:\/\/schema.org\",\"@graph\":[{\"@type\":\"Article\",\"@id\":\"https:\/\/elcotarro.com\/?p=11154#article\",\"isPartOf\":{\"@id\":\"https:\/\/elcotarro.com\/?p=11154\"},\"author\":{\"name\":\"Jos\u00e9 Carlos Marrero Gonz\u00e1lez\",\"@id\":\"https:\/\/elcotarro.com\/#\/schema\/person\/af537ee7d60d15984c7e0affcd8a918b\"},\"headline\":\"EL COTARRO \/ 577, DEL DOMINGO, 28\/09\/2025\",\"datePublished\":\"2025-09-27T23:13:16+00:00\",\"dateModified\":\"2025-09-28T10:20:27+00:00\",\"mainEntityOfPage\":{\"@id\":\"https:\/\/elcotarro.com\/?p=11154\"},\"wordCount\":1770,\"commentCount\":0,\"publisher\":{\"@id\":\"https:\/\/elcotarro.com\/#organization\"},\"image\":{\"@id\":\"https:\/\/elcotarro.com\/?p=11154#primaryimage\"},\"thumbnailUrl\":\"http:\/\/canariasenpositivo.com\/wp-content\/uploads\/2025\/09\/EL-COTARRO-CABECERA-CON-NUMERO.jpg\",\"articleSection\":[\"El Cotarro\"],\"inLanguage\":\"es\",\"potentialAction\":[{\"@type\":\"CommentAction\",\"name\":\"Comment\",\"target\":[\"https:\/\/elcotarro.com\/?p=11154#respond\"]}]},{\"@type\":\"WebPage\",\"@id\":\"https:\/\/elcotarro.com\/?p=11154\",\"url\":\"https:\/\/elcotarro.com\/?p=11154\",\"name\":\"EL COTARRO \/ 577, DEL DOMINGO, 28\/09\/2025 - El Cotarro\",\"isPartOf\":{\"@id\":\"https:\/\/elcotarro.com\/#website\"},\"primaryImageOfPage\":{\"@id\":\"https:\/\/elcotarro.com\/?p=11154#primaryimage\"},\"image\":{\"@id\":\"https:\/\/elcotarro.com\/?p=11154#primaryimage\"},\"thumbnailUrl\":\"http:\/\/canariasenpositivo.com\/wp-content\/uploads\/2025\/09\/EL-COTARRO-CABECERA-CON-NUMERO.jpg\",\"datePublished\":\"2025-09-27T23:13:16+00:00\",\"dateModified\":\"2025-09-28T10:20:27+00:00\",\"breadcrumb\":{\"@id\":\"https:\/\/elcotarro.com\/?p=11154#breadcrumb\"},\"inLanguage\":\"es\",\"potentialAction\":[{\"@type\":\"ReadAction\",\"target\":[\"https:\/\/elcotarro.com\/?p=11154\"]}]},{\"@type\":\"ImageObject\",\"inLanguage\":\"es\",\"@id\":\"https:\/\/elcotarro.com\/?p=11154#primaryimage\",\"url\":\"http:\/\/canariasenpositivo.com\/wp-content\/uploads\/2025\/09\/EL-COTARRO-CABECERA-CON-NUMERO.jpg\",\"contentUrl\":\"http:\/\/canariasenpositivo.com\/wp-content\/uploads\/2025\/09\/EL-COTARRO-CABECERA-CON-NUMERO.jpg\"},{\"@type\":\"BreadcrumbList\",\"@id\":\"https:\/\/elcotarro.com\/?p=11154#breadcrumb\",\"itemListElement\":[{\"@type\":\"ListItem\",\"position\":1,\"name\":\"Portada\",\"item\":\"https:\/\/elcotarro.com\/\"},{\"@type\":\"ListItem\",\"position\":2,\"name\":\"EL COTARRO \/ 577, DEL DOMINGO, 28\/09\/2025\"}]},{\"@type\":\"WebSite\",\"@id\":\"https:\/\/elcotarro.com\/#website\",\"url\":\"https:\/\/elcotarro.com\/\",\"name\":\"El Cotarro\",\"description\":\"Peri\u00f3dico Digital Independiente dirigido por Jos\u00e9 Carlos Marrero\",\"publisher\":{\"@id\":\"https:\/\/elcotarro.com\/#organization\"},\"potentialAction\":[{\"@type\":\"SearchAction\",\"target\":{\"@type\":\"EntryPoint\",\"urlTemplate\":\"https:\/\/elcotarro.com\/?s={search_term_string}\"},\"query-input\":{\"@type\":\"PropertyValueSpecification\",\"valueRequired\":true,\"valueName\":\"search_term_string\"}}],\"inLanguage\":\"es\"},{\"@type\":\"Organization\",\"@id\":\"https:\/\/elcotarro.com\/#organization\",\"name\":\"El Cotarro\",\"url\":\"https:\/\/elcotarro.com\/\",\"logo\":{\"@type\":\"ImageObject\",\"inLanguage\":\"es\",\"@id\":\"https:\/\/elcotarro.com\/#\/schema\/logo\/image\/\",\"url\":\"https:\/\/elcotarro.com\/wp-content\/uploads\/2014\/09\/Cabecera_El_Cotarro_v2.jpg\",\"contentUrl\":\"https:\/\/elcotarro.com\/wp-content\/uploads\/2014\/09\/Cabecera_El_Cotarro_v2.jpg\",\"width\":3540,\"height\":441,\"caption\":\"El Cotarro\"},\"image\":{\"@id\":\"https:\/\/elcotarro.com\/#\/schema\/logo\/image\/\"},\"sameAs\":[\"https:\/\/www.facebook.com\/ElCotarro.Tenerife\"]},{\"@type\":\"Person\",\"@id\":\"https:\/\/elcotarro.com\/#\/schema\/person\/af537ee7d60d15984c7e0affcd8a918b\",\"name\":\"Jos\u00e9 Carlos Marrero Gonz\u00e1lez\",\"image\":{\"@type\":\"ImageObject\",\"inLanguage\":\"es\",\"@id\":\"https:\/\/elcotarro.com\/#\/schema\/person\/image\/\",\"url\":\"https:\/\/secure.gravatar.com\/avatar\/def4da036efb5d32c74d49c351f6dccc064dd69ad9f3aadc295c5a9a5391ca01?s=96&d=mm&r=g\",\"contentUrl\":\"https:\/\/secure.gravatar.com\/avatar\/def4da036efb5d32c74d49c351f6dccc064dd69ad9f3aadc295c5a9a5391ca01?s=96&d=mm&r=g\",\"caption\":\"Jos\u00e9 Carlos Marrero Gonz\u00e1lez\"},\"sameAs\":[\"https:\/\/elcotarro.com\"],\"url\":\"https:\/\/elcotarro.com\/?author=2\"}]}<\/script>\n<!-- \/ Yoast SEO plugin. -->","yoast_head_json":{"title":"EL COTARRO \/ 577, DEL DOMINGO, 28\/09\/2025 - El Cotarro","robots":{"index":"index","follow":"follow","max-snippet":"max-snippet:-1","max-image-preview":"max-image-preview:large","max-video-preview":"max-video-preview:-1"},"canonical":"https:\/\/elcotarro.com\/?p=11154","og_locale":"es_ES","og_type":"article","og_title":"EL COTARRO \/ 577, DEL DOMINGO, 28\/09\/2025 - El Cotarro","og_description":"N\u00ba577 DEL 28 DE SEPTIEMBRE DE 2025 &nbsp; Dicen que nunca es tarde si la dicha es buena, pero\u2026 Efectivamente, dicen que nunca es tarde si la dicha es buena, pero creo que, en esta ocasi\u00f3n, la reconducci\u00f3n del tema va a ser imposible durante un buen pu\u00f1ado de a\u00f1os. El alcalde lagunero, Luis Yeray ... Read more","og_url":"https:\/\/elcotarro.com\/?p=11154","og_site_name":"El Cotarro","article_publisher":"https:\/\/www.facebook.com\/ElCotarro.Tenerife","article_published_time":"2025-09-27T23:13:16+00:00","article_modified_time":"2025-09-28T10:20:27+00:00","og_image":[{"width":645,"height":358,"url":"https:\/\/elcotarro.com\/wp-content\/uploads\/2021\/04\/FOTO-6.-FOUNDATION.jpeg","type":"image\/jpeg"}],"author":"Jos\u00e9 Carlos Marrero Gonz\u00e1lez","twitter_misc":{"Escrito por":"Jos\u00e9 Carlos Marrero Gonz\u00e1lez","Tiempo de lectura":"10 minutos"},"schema":{"@context":"https:\/\/schema.org","@graph":[{"@type":"Article","@id":"https:\/\/elcotarro.com\/?p=11154#article","isPartOf":{"@id":"https:\/\/elcotarro.com\/?p=11154"},"author":{"name":"Jos\u00e9 Carlos Marrero Gonz\u00e1lez","@id":"https:\/\/elcotarro.com\/#\/schema\/person\/af537ee7d60d15984c7e0affcd8a918b"},"headline":"EL COTARRO \/ 577, DEL DOMINGO, 28\/09\/2025","datePublished":"2025-09-27T23:13:16+00:00","dateModified":"2025-09-28T10:20:27+00:00","mainEntityOfPage":{"@id":"https:\/\/elcotarro.com\/?p=11154"},"wordCount":1770,"commentCount":0,"publisher":{"@id":"https:\/\/elcotarro.com\/#organization"},"image":{"@id":"https:\/\/elcotarro.com\/?p=11154#primaryimage"},"thumbnailUrl":"http:\/\/canariasenpositivo.com\/wp-content\/uploads\/2025\/09\/EL-COTARRO-CABECERA-CON-NUMERO.jpg","articleSection":["El Cotarro"],"inLanguage":"es","potentialAction":[{"@type":"CommentAction","name":"Comment","target":["https:\/\/elcotarro.com\/?p=11154#respond"]}]},{"@type":"WebPage","@id":"https:\/\/elcotarro.com\/?p=11154","url":"https:\/\/elcotarro.com\/?p=11154","name":"EL COTARRO \/ 577, DEL DOMINGO, 28\/09\/2025 - El Cotarro","isPartOf":{"@id":"https:\/\/elcotarro.com\/#website"},"primaryImageOfPage":{"@id":"https:\/\/elcotarro.com\/?p=11154#primaryimage"},"image":{"@id":"https:\/\/elcotarro.com\/?p=11154#primaryimage"},"thumbnailUrl":"http:\/\/canariasenpositivo.com\/wp-content\/uploads\/2025\/09\/EL-COTARRO-CABECERA-CON-NUMERO.jpg","datePublished":"2025-09-27T23:13:16+00:00","dateModified":"2025-09-28T10:20:27+00:00","breadcrumb":{"@id":"https:\/\/elcotarro.com\/?p=11154#breadcrumb"},"inLanguage":"es","potentialAction":[{"@type":"ReadAction","target":["https:\/\/elcotarro.com\/?p=11154"]}]},{"@type":"ImageObject","inLanguage":"es","@id":"https:\/\/elcotarro.com\/?p=11154#primaryimage","url":"http:\/\/canariasenpositivo.com\/wp-content\/uploads\/2025\/09\/EL-COTARRO-CABECERA-CON-NUMERO.jpg","contentUrl":"http:\/\/canariasenpositivo.com\/wp-content\/uploads\/2025\/09\/EL-COTARRO-CABECERA-CON-NUMERO.jpg"},{"@type":"BreadcrumbList","@id":"https:\/\/elcotarro.com\/?p=11154#breadcrumb","itemListElement":[{"@type":"ListItem","position":1,"name":"Portada","item":"https:\/\/elcotarro.com\/"},{"@type":"ListItem","position":2,"name":"EL COTARRO \/ 577, DEL DOMINGO, 28\/09\/2025"}]},{"@type":"WebSite","@id":"https:\/\/elcotarro.com\/#website","url":"https:\/\/elcotarro.com\/","name":"El Cotarro","description":"Peri\u00f3dico Digital Independiente dirigido por Jos\u00e9 Carlos Marrero","publisher":{"@id":"https:\/\/elcotarro.com\/#organization"},"potentialAction":[{"@type":"SearchAction","target":{"@type":"EntryPoint","urlTemplate":"https:\/\/elcotarro.com\/?s={search_term_string}"},"query-input":{"@type":"PropertyValueSpecification","valueRequired":true,"valueName":"search_term_string"}}],"inLanguage":"es"},{"@type":"Organization","@id":"https:\/\/elcotarro.com\/#organization","name":"El Cotarro","url":"https:\/\/elcotarro.com\/","logo":{"@type":"ImageObject","inLanguage":"es","@id":"https:\/\/elcotarro.com\/#\/schema\/logo\/image\/","url":"https:\/\/elcotarro.com\/wp-content\/uploads\/2014\/09\/Cabecera_El_Cotarro_v2.jpg","contentUrl":"https:\/\/elcotarro.com\/wp-content\/uploads\/2014\/09\/Cabecera_El_Cotarro_v2.jpg","width":3540,"height":441,"caption":"El Cotarro"},"image":{"@id":"https:\/\/elcotarro.com\/#\/schema\/logo\/image\/"},"sameAs":["https:\/\/www.facebook.com\/ElCotarro.Tenerife"]},{"@type":"Person","@id":"https:\/\/elcotarro.com\/#\/schema\/person\/af537ee7d60d15984c7e0affcd8a918b","name":"Jos\u00e9 Carlos Marrero Gonz\u00e1lez","image":{"@type":"ImageObject","inLanguage":"es","@id":"https:\/\/elcotarro.com\/#\/schema\/person\/image\/","url":"https:\/\/secure.gravatar.com\/avatar\/def4da036efb5d32c74d49c351f6dccc064dd69ad9f3aadc295c5a9a5391ca01?s=96&d=mm&r=g","contentUrl":"https:\/\/secure.gravatar.com\/avatar\/def4da036efb5d32c74d49c351f6dccc064dd69ad9f3aadc295c5a9a5391ca01?s=96&d=mm&r=g","caption":"Jos\u00e9 Carlos Marrero Gonz\u00e1lez"},"sameAs":["https:\/\/elcotarro.com"],"url":"https:\/\/elcotarro.com\/?author=2"}]}},"jetpack_featured_media_url":"","jetpack_sharing_enabled":true,"_links":{"self":[{"href":"https:\/\/elcotarro.com\/index.php?rest_route=\/wp\/v2\/posts\/11154","targetHints":{"allow":["GET"]}}],"collection":[{"href":"https:\/\/elcotarro.com\/index.php?rest_route=\/wp\/v2\/posts"}],"about":[{"href":"https:\/\/elcotarro.com\/index.php?rest_route=\/wp\/v2\/types\/post"}],"author":[{"embeddable":true,"href":"https:\/\/elcotarro.com\/index.php?rest_route=\/wp\/v2\/users\/2"}],"replies":[{"embeddable":true,"href":"https:\/\/elcotarro.com\/index.php?rest_route=%2Fwp%2Fv2%2Fcomments&post=11154"}],"version-history":[{"count":3,"href":"https:\/\/elcotarro.com\/index.php?rest_route=\/wp\/v2\/posts\/11154\/revisions"}],"predecessor-version":[{"id":11157,"href":"https:\/\/elcotarro.com\/index.php?rest_route=\/wp\/v2\/posts\/11154\/revisions\/11157"}],"wp:attachment":[{"href":"https:\/\/elcotarro.com\/index.php?rest_route=%2Fwp%2Fv2%2Fmedia&parent=11154"}],"wp:term":[{"taxonomy":"category","embeddable":true,"href":"https:\/\/elcotarro.com\/index.php?rest_route=%2Fwp%2Fv2%2Fcategories&post=11154"},{"taxonomy":"post_tag","embeddable":true,"href":"https:\/\/elcotarro.com\/index.php?rest_route=%2Fwp%2Fv2%2Ftags&post=11154"}],"curies":[{"name":"wp","href":"https:\/\/api.w.org\/{rel}","templated":true}]}}