{"id":11158,"date":"2025-10-05T01:14:36","date_gmt":"2025-10-05T00:14:36","guid":{"rendered":"https:\/\/elcotarro.com\/?p=11158"},"modified":"2025-10-05T10:48:08","modified_gmt":"2025-10-05T09:48:08","slug":"el-cotarro-578-del-domingo-05-10-2025","status":"publish","type":"post","link":"https:\/\/elcotarro.com\/?p=11158","title":{"rendered":"EL COTARRO \/ 578, DEL DOMINGO, 05\/10\/2025"},"content":{"rendered":"<p><img loading=\"lazy\" decoding=\"async\" class=\"size-full wp-image-9743 aligncenter\" src=\"http:\/\/canariasenpositivo.com\/wp-content\/uploads\/2025\/09\/EL-COTARRO-CABECERA-CON-NUMERO.jpg\" alt=\"\" width=\"894\" height=\"145\" \/><\/p>\n<p style=\"text-align: center\"><span style=\"color: #ff0000\"><strong>N\u00ba578 DEL 5 DE OCTUBRE DE 2025<\/strong><\/span><\/p>\n<p>&nbsp;<\/p>\n<p><span style=\"color: #0000ff\"><strong>Casi 30 a\u00f1os esperando la llegada del tren a Tenerife<\/strong><\/span><\/p>\n<ul>\n<li>Comienzo cont\u00e1ndoles una historia que empez\u00f3 a rondar el a\u00f1o 1995 a modo de idea en la privilegiada cabeza del recordado <strong>Ad\u00e1n Mart\u00edn Menis<\/strong> (CC) siendo presidente del Cabildo de Tenerife. El a\u00f1o 1997 el propio <strong>Ad\u00e1n <\/strong>contrat\u00f3 el proyecto de viabilidad y<strong>, <\/strong>tres a\u00f1os despu\u00e9s, el 2000, se contrat\u00f3 el anteproyecto. La crisis del 2008 par\u00f3 el tren, pero, aun as\u00ed, se aprob\u00f3 su implantaci\u00f3n con el plan territorial de 2010. Ese mismo a\u00f1o, el Gobierno de Espa\u00f1a se comprometi\u00f3 a dar 10 millones para el proyecto, en un documento que firm\u00f3 <strong>Jos\u00e9 \u201cPepi\u00f1o\u201d Blanco<\/strong> (PSOE) entonces ministro de Fomento, con <strong>Ricardo Melchior<\/strong> (CC) ya como presidente del Cabildo, y siendo testigo <strong>Rom\u00e1n Rodr\u00edguez<\/strong> (todav\u00eda en CC) que era el presidente del Gobierno Canario. Pero, tristemente, un a\u00f1o despu\u00e9s, el 2011 se decide posponer el proyecto de forma indefinida, aunque se present\u00f3 a la ciudadan\u00eda. El a\u00f1o 2017 se reactiv\u00f3 la idea con <strong>Carlos Alonso<\/strong> (CC) en la Presidencia del Cabildo, pero fue a\u00f1os despu\u00e9s, en 2022, cuando se retom\u00f3 el proyecto con <strong>Pedro Mart\u00edn<\/strong> (PSOE) como presidente del Cabildo, y volvi\u00f3 a dormirse. Ahora en 2025, con <strong>Rosa D\u00e1vila <\/strong>(CC) en la Presidencia se vuelve a reactivar y se habla, incluso, del tren del Norte\u2026 Han pasado casi 30 a\u00f1os y seguimos sin el \u201cchucuch\u00fa\u201d del tren.<\/li>\n<\/ul>\n<p><img loading=\"lazy\" decoding=\"async\" class=\"size-large wp-image-9807 aligncenter\" src=\"http:\/\/canariasenpositivo.com\/wp-content\/uploads\/2025\/10\/1.-TREN-DEL-SUR-SALIENDO-1024x576.webp\" alt=\"\" width=\"660\" height=\"371\" \/><\/p>\n<p style=\"text-align: center\"><em>Infograf\u00eda del tren con destino a Adeje, dejando atr\u00e1s el Auditorio de Tenerife<\/em><\/p>\n<p>&nbsp;<\/p>\n<p><span style=\"color: #0000ff\"><strong>Un abuelo y su nieto Leo, de paseo en el tren del Sur<\/strong><\/span><\/p>\n<ul>\n<li>Como dice ahora la juventud, est\u00e1 \u201crulando\u201d por las redes sociales un v\u00eddeo \u201cmuy guapo\u201d donde se explica c\u00f3mo va a ser el futuro tren que unir\u00e1 la capital tinerfe\u00f1a con el sur de la isla. Hace unas semanas, <strong>Rosa D\u00e1vila Mamely<\/strong> (CC) como presidenta del Cabildo de Tenerife, ha vuelto a reactivar el treinta\u00f1ero proyecto del tren del Sur con un nuevo convenio que ha firmado con el secretario de Estado de Transportes y Movilidad Sostenible del Gobierno de Espa\u00f1a <strong>Jose Antonio Santano<\/strong> (PSOE) y el secretario de Estado de Transportes y Movilidad Sostenible del Gobierno de Espa\u00f1a) y el consejero de Obras P\u00fablicas del Gobierno canario <strong>Pablo Rodr\u00edguez<\/strong> (CC) en presencia del presidente del Gobierno de Canarias <strong>Fernando Clavijo<\/strong> (CC) y del ministro de Pol\u00edtica Territorial, <strong>\u00c1ngel V\u00edctor Torres<\/strong> (PSOE) tambi\u00e9n ex presidente del Gobierno canario. Han sido (hasta ahora) treinta a\u00f1os de b\u00fasqueda y captura del tan necesario, demandado y deseado tren del Sur (y tambi\u00e9n del tren del Norte) para la isla de Tenerife. Solo me falta saber y ver si yo podr\u00e9 pasear en el tren isle\u00f1o a mi nieto <strong>Leo<\/strong> (que est\u00e1 a punto de cumplir dos a\u00f1os) o ser\u00e1 <strong>Leo<\/strong>, quien me pasee a m\u00ed. Rezo al Cristo de La Laguna para que sea lo primero.<\/li>\n<\/ul>\n<p><img loading=\"lazy\" decoding=\"async\" class=\"size-full wp-image-9808 aligncenter\" src=\"http:\/\/canariasenpositivo.com\/wp-content\/uploads\/2025\/10\/2.-TREN-DEL-SUR-CONVENIO-2.webp\" alt=\"\" width=\"1024\" height=\"726\" \/><\/p>\n<p style=\"text-align: center\"><em>Tras la firma del \u00faltimo convenio para el tren, de Izda. a Dcha.: Pablo Rodr\u00edguez, \u00c1ngel V\u00edctor Torres, Jos\u00e9 Antonio Santano, Rosa D\u00e1vila y Fernando Clavijo.<\/em><\/p>\n<p>&nbsp;<\/p>\n<p><span style=\"color: #0000ff\"><strong>Jos\u00e9 \u00c1ngel Gonz\u00e1lez Escalera y su paseo por Anaga<\/strong><\/span><\/p>\n<ul>\n<li>En medio de la historia del trenecito, el reconocido catedr\u00e1tico de biolog\u00eda y geolog\u00eda de instituto en La Laguna, <strong>Jos\u00e9 \u00c1ngel Gonz\u00e1lez Escalera<\/strong> escribi\u00f3 un gran libro que hizo realidad Ediciones Turquesa, que dirige <strong>Jos\u00e9 Manuel Moreno<\/strong>. El libro, titulado <em>\u201cPaseo natural por el Parque Rural de Anaga\u201d<\/em> era tan atractivo, instructivo y ameno que vol\u00f3 de las librer\u00edas. Ahora, 15 a\u00f1os despu\u00e9s, <strong>Jos\u00e9 \u00c1ngel Gonz\u00e1lez<\/strong> ha presentado una nueva edici\u00f3n, totalmente actualizada, mejorada y ampliada, en las clasificaciones cient\u00edficas de plantas y animales. La anterior edici\u00f3n a\u00f1os ten\u00eda 320 p\u00e1ginas y menos de mil fotograf\u00edas mientras que la actual tiene 372 p\u00e1ginas y m\u00e1s de 1.300 fotograf\u00edas en color y con una calidad muy superior, con una \u00faltima parte dedicada a la etnogr\u00e1fica que ha sido totalmente remodelada y modificada en su estructura y las fotos. Una nueva y deliciosa joya de Ediciones Turquesa que present\u00f3 el alcalde lagunero, <strong>Luis Yeray Guti\u00e9rrez<\/strong>, junto con <strong>Jos\u00e9 Garc\u00eda Casanova<\/strong>, tambi\u00e9n bi\u00f3logo y presidente de la Asociaci\u00f3n de Amigos del Museo de la Naturaleza y Arqueolog\u00eda (MUNA). La obra ya est\u00e1 a disposici\u00f3n de quien la quiera en las principales librer\u00edas de las Islas Canarias.<\/li>\n<\/ul>\n<p><img loading=\"lazy\" decoding=\"async\" class=\"size-large wp-image-9809 aligncenter\" src=\"http:\/\/canariasenpositivo.com\/wp-content\/uploads\/2025\/10\/3.-EL-AUTOR-Y-SU-LIBRO-1024x839.jpeg\" alt=\"\" width=\"660\" height=\"541\" \/><\/p>\n<p style=\"text-align: center\"><em>Jos\u00e9 \u00c1ngel Gonz\u00e1lez con un ejemplar de su libro, que todos deber\u00edamos tener en casa<\/em><\/p>\n<p>&nbsp;<\/p>\n<p><span style=\"color: #0000ff\"><strong>Guardia Civil: cuerpo \u201cN\u00ba1\u201d que trabaja y hace deporte<\/strong><\/span><\/p>\n<ul>\n<li>Nadie duda de la tremenda profesionalidad de nuestra Guardia Civil y su demostrada eficacia, el benem\u00e9rito instituto armado que fundara el <strong>Francisco Javier Gir\u00f3n y Ezpeleta<\/strong>, II duque de Ahumada, el a\u00f1o 1844. En uno de los rankings m\u00e1s fiables que hay, publicado por la Academia GEOPOL, se la considera y coloca en el primer puesto del mismo en un listado de 97 pa\u00edses, en el que tambi\u00e9n est\u00e1n y comparten los primeros puestos la Gendarmer\u00eda de Francia, los Carabinieri de Italia. Hay que ser muy ignorante o estar totalmente desinformado, para no saberlo y reconocerlo, por encima de ideolog\u00edas y partidos pol\u00edticos. Por ello, me parece perfecto que, cumplido su muchas veces arriesgado trabajo, los y las profesionales de la Guardia Civil desconecten (aunque se sigan preparando f\u00edsicamente con ello) disfrutando del deporte. En el entorno y con motivo de la celebraci\u00f3n de la festividad de <strong>Nuestra Se\u00f1ora la Virgen del Pilar<\/strong>, su Santa Patrona, el pr\u00f3ximo 12 de octubre, los hombres y mujeres de la Guardia Civil participan en actos deportivos, recreativos y culturales de diversos tipos. Uno de ellos de ha celebrado en Tenerife, con participaci\u00f3n de hombres y mujeres de la Guardia Civil venidos de toda Espa\u00f1a.<\/li>\n<\/ul>\n<p><img loading=\"lazy\" decoding=\"async\" class=\"size-large wp-image-9810 aligncenter\" src=\"http:\/\/canariasenpositivo.com\/wp-content\/uploads\/2025\/10\/4.-PRODUCTOS-DE-GMR-1024x605.jpg\" alt=\"\" width=\"660\" height=\"390\" \/><\/p>\n<p style=\"text-align: center\"><em>Caja de productos agroalimentarios de Tenerife cedida por Gesti\u00f3n de Medio Rural de Canarias (GMR Canarias)<\/em><\/p>\n<p>&nbsp;<\/p>\n<p><span style=\"color: #0000ff\"><strong>Productos de Tenerife para agasajar a la Guardia Civil<\/strong><\/span><\/p>\n<ul>\n<li>Concretamente, el pasado fin de semana, el sure\u00f1o campo de Amarilla Golf, en el sur de nuestra isla de Tenerife, fue escenario de un importante y atractivo torneo de golf, con casi 130 guardias civiles participantes venidos de toda Espa\u00f1a. El exitoso torneo cont\u00f3 con la colaboraci\u00f3n para su organizaci\u00f3n de la Zona de Canarias de la Guardia Civil que manda el general <strong>Juan Hern\u00e1ndez Mosquera<\/strong>. Promovida por el propio general Hern\u00e1ndez Mosquera se mont\u00f3 de nuevo una \u201coperaci\u00f3n agasajo\u201d (similar a la realizada con motivo del D\u00eda de las Fuerzas Armadas &#8211; DIFAS 2025 en Tenerife) que fue magn\u00edficamente coordinada por el teniente <strong>Luis Elneser Montesinos<\/strong> y su equipo. Y hay que rese\u00f1ar, destacar, reconocer y agradecer p\u00fablicamente la generosa colaboraci\u00f3n <strong>Narvay Quintero<\/strong> (consejero de Agricultura del Gobierno canario) a trav\u00e9s de la empresa Gesti\u00f3n del Medio Rural de Canarias (GMR Canarias) que lidera <strong>Juan Antonio Alonso<\/strong>, as\u00ed como la de <strong>Lope Afonso Hern\u00e1ndez<\/strong> (vicepresidente del Cabildo de Tenerife) a trav\u00e9s de la consejer\u00eda del Sector Primario que lidera el consejero <strong>Valent\u00edn Gonz\u00e1lez \u00c9vora<\/strong>. Entre unos y otros, hicieron posible que todos y cada uno de los 129 guardias civiles participantes recibieran un sencillo pero atractivo lote de regalo con productos agroalimentarios de Tenerife.<\/li>\n<\/ul>\n<p><img loading=\"lazy\" decoding=\"async\" class=\"size-large wp-image-9811 aligncenter\" src=\"http:\/\/canariasenpositivo.com\/wp-content\/uploads\/2025\/10\/5.-PRODUCTOS-DEL-CABILDO-1024x761.jpg\" alt=\"\" width=\"660\" height=\"490\" \/><\/p>\n<p style=\"text-align: center\"><em>Bolsa de productos agroalimentarios de Tenerife cedida por la consejer\u00eda de Sector Primario del Cabildo de Tenerife.<\/em><\/p>\n<p><em>\u00a0<\/em><\/p>\n<p><span style=\"color: #0000ff\"><strong>Makro invierte 7 millones de euros en La Laguna<\/strong><\/span><\/p>\n<ul>\n<li>Makro, empresa l\u00edder en distribuci\u00f3n mayorista multicanal a hosteler\u00eda, ha inaugurado su Centro de Distribuci\u00f3n de Tenerife, el primero en Canarias y el segundo de este tipo en Espa\u00f1a. Con esta nueva infraestructura la compa\u00f1\u00eda busca reforzar la cobertura de su Servicio de Distribuci\u00f3n a Hosteler\u00eda en la isla de Tenerife, llegando a m\u00e1s clientes, en menos tiempo. La apertura del Centro de Distribuci\u00f3n de Tenerife, en el que Makro ha invertido m\u00e1s de 7 millones de euros, marca un hito en la estrategia de la compa\u00f1\u00eda para ofrecer un servicio de distribuci\u00f3n superior a los profesionales hosteleros y subraya el firme compromiso de Makro con el crecimiento y la eficiencia del sector hostelero en las islas. <strong>Jos\u00e9 Manuel Ramos<\/strong>, director regional de Makro Canarias ha manifestado que \u00ab<em>actualmente, el 20 % de los clientes tinerfe\u00f1os de Makro utilizan nuestro Servicio de Distribuci\u00f3n a Hosteler\u00eda, recibiendo sus pedidos en menos de 24 horas. Con la puesta en marcha de este centro, queremos que este canal crezca un 18 % en la isla de aqu\u00ed a un a\u00f1o<\/em>\u00ab.<\/li>\n<\/ul>\n<p><img loading=\"lazy\" decoding=\"async\" class=\"size-large wp-image-9812 aligncenter\" src=\"http:\/\/canariasenpositivo.com\/wp-content\/uploads\/2025\/10\/6.-PORTAVOCES-DE-MAKRO-1024x684.jpg\" alt=\"\" width=\"660\" height=\"441\" \/><\/p>\n<p style=\"text-align: center\"><em>De izquierda a derecha<\/em>: <em>Jos\u00e9 Manuel Ramos, director regional de Makro Canarias; Bertrand Mothe, CEO de Makro Espa\u00f1a y Eduardo L\u00f3pez-Puertas, director de Cadena de Suministro Integral de Makro.<\/em><\/p>\n<p><em>\u00a0<\/em><\/p>\n<p><span style=\"color: #0000ff\"><strong>Primer gran Centro de Distribuci\u00f3n de Makro en Canarias<\/strong><\/span><\/p>\n<ul>\n<li>Con 000 m2 de superficie y 6 muelles de carga, el centro tiene una capacidad de distribuci\u00f3n de hasta 900 pedidos diarios, apoy\u00e1ndose, entre otros, en camiones el\u00e9ctricos de \u00faltima milla para minimizar el impacto ambiental y asegurar entregas en la misma puerta de los negocios hosteleros. Adem\u00e1s, con <strong>el\u00a0objetivo de reducir el consumo energ\u00e9tico, <\/strong>el Centro de Distribuci\u00f3n de Tenerife cuenta con instalaciones frigor\u00edficas de \u00faltima generaci\u00f3n. La inauguraci\u00f3n de este centro cont\u00f3 con la presencia de <strong>David Mille Pomposo<\/strong>,director general de Comercio y Consumo del Gobierno de Canarias; <strong>Manuel Fern\u00e1ndez Vega<\/strong>,\u00a0consejero Insular de Industria, Comercio y Sector Primario del Cabildo de Tenerife\u00a0y <strong>Luis Yeray Guti\u00e9rrez<\/strong>,\u00a0alcalde de La Laguna, entre otros representantes del sector. Todos ellos conocieron de primera mano las instalaciones y el impacto positivo que generar\u00e1 en la econom\u00eda local y el sector hostelero de la regi\u00f3n. El CEO de Makro en Espa\u00f1a, <strong>Bertrand Mothe, <\/strong>afirm\u00f3 que: \u00ab<em>Este proyecto no es solo una inversi\u00f3n en log\u00edstica y tecnolog\u00eda, es un compromiso rotundo con el futuro de la hosteler\u00eda, en Canarias y en toda Espa\u00f1a, y una palanca fundamental para la estrategia de crecimiento de Makro. <\/em><\/li>\n<\/ul>\n<p><img loading=\"lazy\" decoding=\"async\" class=\"size-large wp-image-9813 aligncenter\" src=\"http:\/\/canariasenpositivo.com\/wp-content\/uploads\/2025\/10\/7.-AUTORIDADES-EN-MAKRO-1024x684.jpg\" alt=\"\" width=\"660\" height=\"441\" \/><\/p>\n<p style=\"text-align: center\"><em>De izquierda a derecha: David Mille, Estefan\u00eda D\u00edaz, Luis Yeray Guti\u00e9rrez, Alejandro Ojea, (director de Makro La Laguna) Manuel Fern\u00e1ndez Vega y Eduardo P\u00e9rez (director de Relaciones Institucionales de Makro)<\/em><\/p>\n<p>&nbsp;<\/p>\n<p><span style=\"color: #0000ff\"><strong>Exitosa XII edici\u00f3n del Crossfast Race C\u00edvico-Militar<\/strong><\/span><\/p>\n<ul>\n<li>Remato la faena de hoy coment\u00e1ndoles que el acuartelamiento \u201cHoya Fr\u00eda\u201d en Santa Cruz de Tenerife acogi\u00f3 el pasado fin de semana la d\u00e9cimo segunda edici\u00f3n de la OCR Crossfast Race C\u00edvico-Militar, una carrera de obst\u00e1culos (del ingl\u00e9s Obstacle Course Race) de lo m\u00e1s exigente. El evento alcanz\u00f3 una participaci\u00f3n r\u00e9cord de 1.296 atletas de todas las edades, incluyendo 794 hombres, 502 mujeres, 147 ni\u00f1os y 39 compa\u00f1eros caninos. El fin de semana deportivo incluy\u00f3, la segunda edici\u00f3n de la Kid\u00b4s Crossfast, la XII OCR Crossfast Race C\u00edvico-Militar y por, tercer a\u00f1o, la modalidad de Can Crossfast. La prueba fue organizada por el Regimiento de Infanter\u00eda \u201cTenerife 49\u201d, con la colaboraci\u00f3n del \u201cC.D. Crossfast 49\u201d, y el Servicio de Deportes y Calidad de Vida del Ayuntamiento de Santa Cruz de Tenerife. El evento cont\u00f3 con la presencia de numerosas autoridades, entre ellas, el teniente general <strong>Julio Salom<\/strong> <strong>Herrera<\/strong>, jefe del Mando de Canarias del Ej\u00e9rcito de Tierra (quien particip\u00f3 en la modalidad de Can Crossfast con su perro \u201cDevo\u201d) el coronel <strong>Alberto Cherino<\/strong>, jefe del Regimiento de Infanter\u00eda \u201cTenerife 49\u201d y diversas autoridades civiles y militares.<\/li>\n<\/ul>\n<p><img loading=\"lazy\" decoding=\"async\" class=\"size-large wp-image-9814 aligncenter\" src=\"http:\/\/canariasenpositivo.com\/wp-content\/uploads\/2025\/10\/8.-PODIO-MASCULINO-1024x683.jpg\" alt=\"\" width=\"660\" height=\"440\" \/><\/p>\n<p style=\"text-align: center\"><em>Podio masculino de la OCR Crossfast Race C\u00edvico-Militar en la categor\u00eda \u00c9lite<\/em><\/p>\n<p>&nbsp;<\/p>\n<p><span style=\"color: #0000ff\"><strong>Crossfast: carrera de obst\u00e1culos para todas las edades<\/strong><\/span><\/p>\n<ul>\n<li>La XII OCR Crossfast Race C\u00edvico-Militar, prueba infantil no competitiva, tuvo como objetivo que los m\u00e1s peque\u00f1os se divirtieran superando sus propios l\u00edmites. El desafi\u00f3 se dividi\u00f3 en dos grupos de edad, con circuitos adaptados: Grupo 1 (6 a 10 a\u00f1os): 2 kil\u00f3metros con 11 obst\u00e1culos para iniciarlos en el mundo del deporte. Grupo 2 (11 a 14 a\u00f1os): 4 kil\u00f3metros y un total de 29 obst\u00e1culos, para poner a prueba su destreza. El evento central fue la XII OCR Crossfast Race C\u00edvico-Militar, la prueba m\u00e1s exigente, donde los adultos se enfrentaron a un recorrido de 9 kil\u00f3metros con un total de 74 obst\u00e1culos. La competici\u00f3n se organiz\u00f3 en m\u00faltiples categor\u00edas, garantizando un desaf\u00edo para todos los niveles: \u00c9lite y Pre-\u00c9lite, la competici\u00f3n por equipos de tres (masculino, femenino y mixto) y por parejas (masculina, femenina y mixta), as\u00ed como la Individual (masculina y femenina). Por, \u00faltimo, la III Can Crossfast (en la que particip\u00f3, sud\u00f3 y sufri\u00f3 <strong>Julio Salom<\/strong>) fue una prueba de lazos y resistencia donde los competidores desafiaron sus l\u00edmites junto a sus perros, demostrando el v\u00ednculo que han ido forjando a lo largo del tiempo. Este binomio (humano y perro) se enfrent\u00f3 a un circuito de 4 kil\u00f3metros y 24 obst\u00e1culos, que permiti\u00f3 disfrutar de la experiencia a los corredores con sus compa\u00f1eros perrunos.<\/li>\n<\/ul>\n<p><img loading=\"lazy\" decoding=\"async\" class=\"size-large wp-image-9815 aligncenter\" src=\"http:\/\/canariasenpositivo.com\/wp-content\/uploads\/2025\/10\/9.-PODIO-FEMENINO-1024x683.jpg\" alt=\"\" width=\"660\" height=\"440\" \/><\/p>\n<p style=\"text-align: center\"><em>Podio femenino de la OCR Crossfast Race C\u00edvico-Militar en la categor\u00eda \u00c9lite<\/em><\/p>\n<p>&nbsp;<\/p>\n<p><span style=\"color: #0000ff\"><strong>Divertirse y disfrutar a la vez que prepar\u00e1ndose f\u00edsicamente<\/strong><\/span><\/p>\n<ul>\n<li>El trazado, dise\u00f1ado para la superaci\u00f3n en equipo, puso a prueba la fuerza, la obediencia y la destreza de la pareja. El evento ofreci\u00f3 una oportunidad \u00fanica para que los participantes conocieran de primera mano, dentro de una instalaci\u00f3n militar, las exigentes t\u00e9cnicas y procedimientos de la instrucci\u00f3n diaria de las Fuerzas Armadas. M\u00e1s all\u00e1 de la competici\u00f3n, la prueba subray\u00f3 la importancia de valores esenciales como el compa\u00f1erismo, el esp\u00edritu de equipo, el sacrificio y la superaci\u00f3n personal. La prueba naci\u00f3 en 2013 a mano del Mando de Canarias del Ej\u00e9rcito de Tierra, celebr\u00e1ndose anualmente hasta su edici\u00f3n actual, la d\u00e9cimo segunda. Desde 2015, el Regimiento de Infanter\u00eda \u201cTenerife 49\u201d es la unidad base y organizadora del evento. En definitiva, esta edici\u00f3n del OCR Crossfast Race C\u00edvico-Militar ha puesto en valor la capacidad de colaboraci\u00f3n e interacci\u00f3n de la poblaci\u00f3n civil con sus Fuerzas Armadas, unidas por un mismo prop\u00f3sito y objetivo. Para conocer los resultados de todas las modalidades, pueden consultarlo en el enlace: <a href=\"https:\/\/www.athlinks.com\/event\/398481\/results\/Event\/1124383\/Results\">https:\/\/www.athlinks.com\/event\/398481\/results\/Event\/1124383\/Results<\/a><\/li>\n<\/ul>\n<p><img loading=\"lazy\" decoding=\"async\" class=\"size-large wp-image-9816 aligncenter\" src=\"http:\/\/canariasenpositivo.com\/wp-content\/uploads\/2025\/10\/10.-JULIO-SALOM-Y-DEVO-CON-EL-TENIENTE-CORONEL-CABRERA-1024x682.jpg\" alt=\"\" width=\"660\" height=\"440\" \/><\/p>\n<p style=\"text-align: center\"><em>En plena carrera, a la izquierda, el teniente coronel\u00a0 Jos\u00e9 Francisco Cabrera, leal ayudante de campo del teniente general Julio Salom, que aparece a la derecha, corriendo acompa\u00f1ado por su perro \u201cDevo\u201d.<\/em><\/p>\n<p style=\"text-align: center\"><em><img loading=\"lazy\" decoding=\"async\" class=\"size-large wp-image-9817 aligncenter\" src=\"http:\/\/canariasenpositivo.com\/wp-content\/uploads\/2025\/10\/11-PODIO-CAN-CROSSFAST-1024x683.jpg\" alt=\"\" width=\"660\" height=\"440\" \/><\/em><\/p>\n<p style=\"text-align: center\"><em>Podio en la modalidad de Can Crossfast, con los perros y sus cuidadores.<\/em><\/p>\n<p>&nbsp;<\/p>\n<p>&nbsp;<\/p>\n<p><span style=\"color: #0000ff\"><strong>* Jos\u00e9 Carlos MARRERO GONZ\u00c1LEZ<\/strong><\/span><\/p>\n<p>Periodista y analista de la actualidad.<\/p>\n<p>Director de <strong><em>El Cotarro<\/em><\/strong> (www.elcotarro.com)<\/p>\n<p>Director de <strong><em>Canarias en Positivo<\/em><\/strong> (www.canariasenpositivo.com)<\/p>\n<p>Director de <strong><em>GastroCanarias<\/em><\/strong> (www.gastrocanarias.com)<\/p>\n<p>&nbsp;<\/p>\n<p>Islas Canarias, 5 de octubre de 2025<\/p>\n<p><img loading=\"lazy\" decoding=\"async\" class=\"size-full wp-image-9744 aligncenter\" src=\"http:\/\/canariasenpositivo.com\/wp-content\/uploads\/2025\/09\/4.-CARECA-INSULA.jpg\" alt=\"\" width=\"750\" height=\"153\" \/><\/p>\n<p>&nbsp;<\/p>\n","protected":false},"excerpt":{"rendered":"<p>N\u00ba578 DEL 5 DE OCTUBRE DE 2025 &nbsp; Casi 30 a\u00f1os esperando la llegada del tren a Tenerife Comienzo cont\u00e1ndoles una historia que empez\u00f3 a rondar el a\u00f1o 1995 a modo de idea en la privilegiada cabeza del recordado Ad\u00e1n Mart\u00edn Menis (CC) siendo presidente del Cabildo de Tenerife. El a\u00f1o 1997 el propio Ad\u00e1n &#8230; <a class=\"read-more\" href=\"https:\/\/elcotarro.com\/?p=11158\">Read more<\/a><\/p>\n","protected":false},"author":2,"featured_media":0,"comment_status":"open","ping_status":"open","sticky":false,"template":"","format":"standard","meta":{"_jetpack_memberships_contains_paid_content":false,"footnotes":""},"categories":[4],"tags":[],"class_list":["post-11158","post","type-post","status-publish","format-standard","hentry","category-el-cotarro"],"yoast_head":"<!-- This site is optimized with the Yoast SEO plugin v27.0 - https:\/\/yoast.com\/product\/yoast-seo-wordpress\/ -->\n<title>EL COTARRO \/ 578, DEL DOMINGO, 05\/10\/2025 - El Cotarro<\/title>\n<meta name=\"robots\" content=\"index, follow, max-snippet:-1, max-image-preview:large, max-video-preview:-1\" \/>\n<link rel=\"canonical\" href=\"https:\/\/elcotarro.com\/?p=11158\" \/>\n<meta property=\"og:locale\" content=\"es_ES\" \/>\n<meta property=\"og:type\" content=\"article\" \/>\n<meta property=\"og:title\" content=\"EL COTARRO \/ 578, DEL DOMINGO, 05\/10\/2025 - El Cotarro\" \/>\n<meta property=\"og:description\" content=\"N\u00ba578 DEL 5 DE OCTUBRE DE 2025 &nbsp; Casi 30 a\u00f1os esperando la llegada del tren a Tenerife Comienzo cont\u00e1ndoles una historia que empez\u00f3 a rondar el a\u00f1o 1995 a modo de idea en la privilegiada cabeza del recordado Ad\u00e1n Mart\u00edn Menis (CC) siendo presidente del Cabildo de Tenerife. El a\u00f1o 1997 el propio Ad\u00e1n ... Read more\" \/>\n<meta property=\"og:url\" content=\"https:\/\/elcotarro.com\/?p=11158\" \/>\n<meta property=\"og:site_name\" content=\"El Cotarro\" \/>\n<meta property=\"article:publisher\" content=\"https:\/\/www.facebook.com\/ElCotarro.Tenerife\" \/>\n<meta property=\"article:published_time\" content=\"2025-10-05T00:14:36+00:00\" \/>\n<meta property=\"article:modified_time\" content=\"2025-10-05T09:48:08+00:00\" \/>\n<meta property=\"og:image\" content=\"https:\/\/elcotarro.com\/wp-content\/uploads\/2021\/04\/FOTO-6.-FOUNDATION.jpeg\" \/>\n\t<meta property=\"og:image:width\" content=\"645\" \/>\n\t<meta property=\"og:image:height\" content=\"358\" \/>\n\t<meta property=\"og:image:type\" content=\"image\/jpeg\" \/>\n<meta name=\"author\" content=\"Jos\u00e9 Carlos Marrero Gonz\u00e1lez\" \/>\n<meta name=\"twitter:label1\" content=\"Escrito por\" \/>\n\t<meta name=\"twitter:data1\" content=\"Jos\u00e9 Carlos Marrero Gonz\u00e1lez\" \/>\n\t<meta name=\"twitter:label2\" content=\"Tiempo de lectura\" \/>\n\t<meta name=\"twitter:data2\" content=\"14 minutos\" \/>\n<script type=\"application\/ld+json\" class=\"yoast-schema-graph\">{\"@context\":\"https:\/\/schema.org\",\"@graph\":[{\"@type\":\"Article\",\"@id\":\"https:\/\/elcotarro.com\/?p=11158#article\",\"isPartOf\":{\"@id\":\"https:\/\/elcotarro.com\/?p=11158\"},\"author\":{\"name\":\"Jos\u00e9 Carlos Marrero Gonz\u00e1lez\",\"@id\":\"https:\/\/elcotarro.com\/#\/schema\/person\/af537ee7d60d15984c7e0affcd8a918b\"},\"headline\":\"EL COTARRO \/ 578, DEL DOMINGO, 05\/10\/2025\",\"datePublished\":\"2025-10-05T00:14:36+00:00\",\"dateModified\":\"2025-10-05T09:48:08+00:00\",\"mainEntityOfPage\":{\"@id\":\"https:\/\/elcotarro.com\/?p=11158\"},\"wordCount\":2522,\"commentCount\":0,\"publisher\":{\"@id\":\"https:\/\/elcotarro.com\/#organization\"},\"image\":{\"@id\":\"https:\/\/elcotarro.com\/?p=11158#primaryimage\"},\"thumbnailUrl\":\"http:\/\/canariasenpositivo.com\/wp-content\/uploads\/2025\/09\/EL-COTARRO-CABECERA-CON-NUMERO.jpg\",\"articleSection\":[\"El Cotarro\"],\"inLanguage\":\"es\",\"potentialAction\":[{\"@type\":\"CommentAction\",\"name\":\"Comment\",\"target\":[\"https:\/\/elcotarro.com\/?p=11158#respond\"]}]},{\"@type\":\"WebPage\",\"@id\":\"https:\/\/elcotarro.com\/?p=11158\",\"url\":\"https:\/\/elcotarro.com\/?p=11158\",\"name\":\"EL COTARRO \/ 578, DEL DOMINGO, 05\/10\/2025 - El Cotarro\",\"isPartOf\":{\"@id\":\"https:\/\/elcotarro.com\/#website\"},\"primaryImageOfPage\":{\"@id\":\"https:\/\/elcotarro.com\/?p=11158#primaryimage\"},\"image\":{\"@id\":\"https:\/\/elcotarro.com\/?p=11158#primaryimage\"},\"thumbnailUrl\":\"http:\/\/canariasenpositivo.com\/wp-content\/uploads\/2025\/09\/EL-COTARRO-CABECERA-CON-NUMERO.jpg\",\"datePublished\":\"2025-10-05T00:14:36+00:00\",\"dateModified\":\"2025-10-05T09:48:08+00:00\",\"breadcrumb\":{\"@id\":\"https:\/\/elcotarro.com\/?p=11158#breadcrumb\"},\"inLanguage\":\"es\",\"potentialAction\":[{\"@type\":\"ReadAction\",\"target\":[\"https:\/\/elcotarro.com\/?p=11158\"]}]},{\"@type\":\"ImageObject\",\"inLanguage\":\"es\",\"@id\":\"https:\/\/elcotarro.com\/?p=11158#primaryimage\",\"url\":\"http:\/\/canariasenpositivo.com\/wp-content\/uploads\/2025\/09\/EL-COTARRO-CABECERA-CON-NUMERO.jpg\",\"contentUrl\":\"http:\/\/canariasenpositivo.com\/wp-content\/uploads\/2025\/09\/EL-COTARRO-CABECERA-CON-NUMERO.jpg\"},{\"@type\":\"BreadcrumbList\",\"@id\":\"https:\/\/elcotarro.com\/?p=11158#breadcrumb\",\"itemListElement\":[{\"@type\":\"ListItem\",\"position\":1,\"name\":\"Portada\",\"item\":\"https:\/\/elcotarro.com\/\"},{\"@type\":\"ListItem\",\"position\":2,\"name\":\"EL COTARRO \/ 578, DEL DOMINGO, 05\/10\/2025\"}]},{\"@type\":\"WebSite\",\"@id\":\"https:\/\/elcotarro.com\/#website\",\"url\":\"https:\/\/elcotarro.com\/\",\"name\":\"El Cotarro\",\"description\":\"Peri\u00f3dico Digital Independiente dirigido por Jos\u00e9 Carlos Marrero\",\"publisher\":{\"@id\":\"https:\/\/elcotarro.com\/#organization\"},\"potentialAction\":[{\"@type\":\"SearchAction\",\"target\":{\"@type\":\"EntryPoint\",\"urlTemplate\":\"https:\/\/elcotarro.com\/?s={search_term_string}\"},\"query-input\":{\"@type\":\"PropertyValueSpecification\",\"valueRequired\":true,\"valueName\":\"search_term_string\"}}],\"inLanguage\":\"es\"},{\"@type\":\"Organization\",\"@id\":\"https:\/\/elcotarro.com\/#organization\",\"name\":\"El Cotarro\",\"url\":\"https:\/\/elcotarro.com\/\",\"logo\":{\"@type\":\"ImageObject\",\"inLanguage\":\"es\",\"@id\":\"https:\/\/elcotarro.com\/#\/schema\/logo\/image\/\",\"url\":\"https:\/\/elcotarro.com\/wp-content\/uploads\/2014\/09\/Cabecera_El_Cotarro_v2.jpg\",\"contentUrl\":\"https:\/\/elcotarro.com\/wp-content\/uploads\/2014\/09\/Cabecera_El_Cotarro_v2.jpg\",\"width\":3540,\"height\":441,\"caption\":\"El Cotarro\"},\"image\":{\"@id\":\"https:\/\/elcotarro.com\/#\/schema\/logo\/image\/\"},\"sameAs\":[\"https:\/\/www.facebook.com\/ElCotarro.Tenerife\"]},{\"@type\":\"Person\",\"@id\":\"https:\/\/elcotarro.com\/#\/schema\/person\/af537ee7d60d15984c7e0affcd8a918b\",\"name\":\"Jos\u00e9 Carlos Marrero Gonz\u00e1lez\",\"image\":{\"@type\":\"ImageObject\",\"inLanguage\":\"es\",\"@id\":\"https:\/\/elcotarro.com\/#\/schema\/person\/image\/\",\"url\":\"https:\/\/secure.gravatar.com\/avatar\/def4da036efb5d32c74d49c351f6dccc064dd69ad9f3aadc295c5a9a5391ca01?s=96&d=mm&r=g\",\"contentUrl\":\"https:\/\/secure.gravatar.com\/avatar\/def4da036efb5d32c74d49c351f6dccc064dd69ad9f3aadc295c5a9a5391ca01?s=96&d=mm&r=g\",\"caption\":\"Jos\u00e9 Carlos Marrero Gonz\u00e1lez\"},\"sameAs\":[\"https:\/\/elcotarro.com\"],\"url\":\"https:\/\/elcotarro.com\/?author=2\"}]}<\/script>\n<!-- \/ Yoast SEO plugin. -->","yoast_head_json":{"title":"EL COTARRO \/ 578, DEL DOMINGO, 05\/10\/2025 - El Cotarro","robots":{"index":"index","follow":"follow","max-snippet":"max-snippet:-1","max-image-preview":"max-image-preview:large","max-video-preview":"max-video-preview:-1"},"canonical":"https:\/\/elcotarro.com\/?p=11158","og_locale":"es_ES","og_type":"article","og_title":"EL COTARRO \/ 578, DEL DOMINGO, 05\/10\/2025 - El Cotarro","og_description":"N\u00ba578 DEL 5 DE OCTUBRE DE 2025 &nbsp; Casi 30 a\u00f1os esperando la llegada del tren a Tenerife Comienzo cont\u00e1ndoles una historia que empez\u00f3 a rondar el a\u00f1o 1995 a modo de idea en la privilegiada cabeza del recordado Ad\u00e1n Mart\u00edn Menis (CC) siendo presidente del Cabildo de Tenerife. El a\u00f1o 1997 el propio Ad\u00e1n ... Read more","og_url":"https:\/\/elcotarro.com\/?p=11158","og_site_name":"El Cotarro","article_publisher":"https:\/\/www.facebook.com\/ElCotarro.Tenerife","article_published_time":"2025-10-05T00:14:36+00:00","article_modified_time":"2025-10-05T09:48:08+00:00","og_image":[{"width":645,"height":358,"url":"https:\/\/elcotarro.com\/wp-content\/uploads\/2021\/04\/FOTO-6.-FOUNDATION.jpeg","type":"image\/jpeg"}],"author":"Jos\u00e9 Carlos Marrero Gonz\u00e1lez","twitter_misc":{"Escrito por":"Jos\u00e9 Carlos Marrero Gonz\u00e1lez","Tiempo de lectura":"14 minutos"},"schema":{"@context":"https:\/\/schema.org","@graph":[{"@type":"Article","@id":"https:\/\/elcotarro.com\/?p=11158#article","isPartOf":{"@id":"https:\/\/elcotarro.com\/?p=11158"},"author":{"name":"Jos\u00e9 Carlos Marrero Gonz\u00e1lez","@id":"https:\/\/elcotarro.com\/#\/schema\/person\/af537ee7d60d15984c7e0affcd8a918b"},"headline":"EL COTARRO \/ 578, DEL DOMINGO, 05\/10\/2025","datePublished":"2025-10-05T00:14:36+00:00","dateModified":"2025-10-05T09:48:08+00:00","mainEntityOfPage":{"@id":"https:\/\/elcotarro.com\/?p=11158"},"wordCount":2522,"commentCount":0,"publisher":{"@id":"https:\/\/elcotarro.com\/#organization"},"image":{"@id":"https:\/\/elcotarro.com\/?p=11158#primaryimage"},"thumbnailUrl":"http:\/\/canariasenpositivo.com\/wp-content\/uploads\/2025\/09\/EL-COTARRO-CABECERA-CON-NUMERO.jpg","articleSection":["El Cotarro"],"inLanguage":"es","potentialAction":[{"@type":"CommentAction","name":"Comment","target":["https:\/\/elcotarro.com\/?p=11158#respond"]}]},{"@type":"WebPage","@id":"https:\/\/elcotarro.com\/?p=11158","url":"https:\/\/elcotarro.com\/?p=11158","name":"EL COTARRO \/ 578, DEL DOMINGO, 05\/10\/2025 - El Cotarro","isPartOf":{"@id":"https:\/\/elcotarro.com\/#website"},"primaryImageOfPage":{"@id":"https:\/\/elcotarro.com\/?p=11158#primaryimage"},"image":{"@id":"https:\/\/elcotarro.com\/?p=11158#primaryimage"},"thumbnailUrl":"http:\/\/canariasenpositivo.com\/wp-content\/uploads\/2025\/09\/EL-COTARRO-CABECERA-CON-NUMERO.jpg","datePublished":"2025-10-05T00:14:36+00:00","dateModified":"2025-10-05T09:48:08+00:00","breadcrumb":{"@id":"https:\/\/elcotarro.com\/?p=11158#breadcrumb"},"inLanguage":"es","potentialAction":[{"@type":"ReadAction","target":["https:\/\/elcotarro.com\/?p=11158"]}]},{"@type":"ImageObject","inLanguage":"es","@id":"https:\/\/elcotarro.com\/?p=11158#primaryimage","url":"http:\/\/canariasenpositivo.com\/wp-content\/uploads\/2025\/09\/EL-COTARRO-CABECERA-CON-NUMERO.jpg","contentUrl":"http:\/\/canariasenpositivo.com\/wp-content\/uploads\/2025\/09\/EL-COTARRO-CABECERA-CON-NUMERO.jpg"},{"@type":"BreadcrumbList","@id":"https:\/\/elcotarro.com\/?p=11158#breadcrumb","itemListElement":[{"@type":"ListItem","position":1,"name":"Portada","item":"https:\/\/elcotarro.com\/"},{"@type":"ListItem","position":2,"name":"EL COTARRO \/ 578, DEL DOMINGO, 05\/10\/2025"}]},{"@type":"WebSite","@id":"https:\/\/elcotarro.com\/#website","url":"https:\/\/elcotarro.com\/","name":"El Cotarro","description":"Peri\u00f3dico Digital Independiente dirigido por Jos\u00e9 Carlos Marrero","publisher":{"@id":"https:\/\/elcotarro.com\/#organization"},"potentialAction":[{"@type":"SearchAction","target":{"@type":"EntryPoint","urlTemplate":"https:\/\/elcotarro.com\/?s={search_term_string}"},"query-input":{"@type":"PropertyValueSpecification","valueRequired":true,"valueName":"search_term_string"}}],"inLanguage":"es"},{"@type":"Organization","@id":"https:\/\/elcotarro.com\/#organization","name":"El Cotarro","url":"https:\/\/elcotarro.com\/","logo":{"@type":"ImageObject","inLanguage":"es","@id":"https:\/\/elcotarro.com\/#\/schema\/logo\/image\/","url":"https:\/\/elcotarro.com\/wp-content\/uploads\/2014\/09\/Cabecera_El_Cotarro_v2.jpg","contentUrl":"https:\/\/elcotarro.com\/wp-content\/uploads\/2014\/09\/Cabecera_El_Cotarro_v2.jpg","width":3540,"height":441,"caption":"El Cotarro"},"image":{"@id":"https:\/\/elcotarro.com\/#\/schema\/logo\/image\/"},"sameAs":["https:\/\/www.facebook.com\/ElCotarro.Tenerife"]},{"@type":"Person","@id":"https:\/\/elcotarro.com\/#\/schema\/person\/af537ee7d60d15984c7e0affcd8a918b","name":"Jos\u00e9 Carlos Marrero Gonz\u00e1lez","image":{"@type":"ImageObject","inLanguage":"es","@id":"https:\/\/elcotarro.com\/#\/schema\/person\/image\/","url":"https:\/\/secure.gravatar.com\/avatar\/def4da036efb5d32c74d49c351f6dccc064dd69ad9f3aadc295c5a9a5391ca01?s=96&d=mm&r=g","contentUrl":"https:\/\/secure.gravatar.com\/avatar\/def4da036efb5d32c74d49c351f6dccc064dd69ad9f3aadc295c5a9a5391ca01?s=96&d=mm&r=g","caption":"Jos\u00e9 Carlos Marrero Gonz\u00e1lez"},"sameAs":["https:\/\/elcotarro.com"],"url":"https:\/\/elcotarro.com\/?author=2"}]}},"jetpack_featured_media_url":"","jetpack_sharing_enabled":true,"_links":{"self":[{"href":"https:\/\/elcotarro.com\/index.php?rest_route=\/wp\/v2\/posts\/11158","targetHints":{"allow":["GET"]}}],"collection":[{"href":"https:\/\/elcotarro.com\/index.php?rest_route=\/wp\/v2\/posts"}],"about":[{"href":"https:\/\/elcotarro.com\/index.php?rest_route=\/wp\/v2\/types\/post"}],"author":[{"embeddable":true,"href":"https:\/\/elcotarro.com\/index.php?rest_route=\/wp\/v2\/users\/2"}],"replies":[{"embeddable":true,"href":"https:\/\/elcotarro.com\/index.php?rest_route=%2Fwp%2Fv2%2Fcomments&post=11158"}],"version-history":[{"count":4,"href":"https:\/\/elcotarro.com\/index.php?rest_route=\/wp\/v2\/posts\/11158\/revisions"}],"predecessor-version":[{"id":11162,"href":"https:\/\/elcotarro.com\/index.php?rest_route=\/wp\/v2\/posts\/11158\/revisions\/11162"}],"wp:attachment":[{"href":"https:\/\/elcotarro.com\/index.php?rest_route=%2Fwp%2Fv2%2Fmedia&parent=11158"}],"wp:term":[{"taxonomy":"category","embeddable":true,"href":"https:\/\/elcotarro.com\/index.php?rest_route=%2Fwp%2Fv2%2Fcategories&post=11158"},{"taxonomy":"post_tag","embeddable":true,"href":"https:\/\/elcotarro.com\/index.php?rest_route=%2Fwp%2Fv2%2Ftags&post=11158"}],"curies":[{"name":"wp","href":"https:\/\/api.w.org\/{rel}","templated":true}]}}