{"id":11164,"date":"2025-10-12T00:22:16","date_gmt":"2025-10-11T23:22:16","guid":{"rendered":"https:\/\/elcotarro.com\/?p=11164"},"modified":"2025-10-12T10:45:07","modified_gmt":"2025-10-12T09:45:07","slug":"el-cotarro-579-del-domingo-12-10-2025","status":"publish","type":"post","link":"https:\/\/elcotarro.com\/?p=11164","title":{"rendered":"EL COTARRO \/ 579, DEL DOMINGO, 12\/10\/2025"},"content":{"rendered":"<p><img loading=\"lazy\" decoding=\"async\" class=\"size-full wp-image-9743 aligncenter\" src=\"http:\/\/canariasenpositivo.com\/wp-content\/uploads\/2025\/09\/EL-COTARRO-CABECERA-CON-NUMERO.jpg\" alt=\"\" width=\"894\" height=\"145\" \/><\/p>\n<p style=\"text-align: center\"><span style=\"color: #ff0000\"><strong>N\u00ba579 DEL 12 DE OCTUBRE DE 2025<\/strong><\/span><\/p>\n<p>&nbsp;<\/p>\n<p><span style=\"color: #0000ff\"><strong>Popurr\u00ed de acontecimientos en torno al 12 de octubre<\/strong><\/span><\/p>\n<ul>\n<li>Cuando est\u00e9 leyendo usted esta edici\u00f3n de <strong><em>El Cotarro<\/em><\/strong>, ya la Sagrada Imagen de <strong>Nuestra Se\u00f1ora la Virgen de Candelaria<\/strong>, Patrona General de las Islas Canarias, estar\u00e1 ya en la Parroquia Matriz de <strong>Nuestra Se\u00f1ora la Virgen de la Concepci\u00f3n<\/strong> de la capital chicharrera, en su tradicional visita de cada siete a\u00f1os. Este a\u00f1o toca visitar la ciudad de Santa Cruz de Tenerife, donde <strong><em>\u201cLa Morenita\u201d<\/em><\/strong> pernoctar\u00e1 hasta el pr\u00f3ximo 24 de octubre, esperando que, con su mensaje <strong><em>\u201cMar\u00eda, candela de esperanza\u201d,<\/em><\/strong> siga iluminando a esta tierra y a su buena gente. Por su lado, el benem\u00e9rito cuerpo de la Guardia Civil, estar\u00e1 hoy celebrando la festividad de su Patrona, <strong>Nuestra Se\u00f1ora la Virgen del Pilar<\/strong> y lo har\u00e1 esta vez en la Plaza del Ayuntamiento de La Orotava. Y, por otro lado, por primera vez en su historia, otras tres se\u00f1oras, <strong>Beatriz Barrera Vera, Patricia Hodgson Ravina<\/strong> y <strong>Mar\u00eda Jes\u00fas de Lojendio P\u00e9rez-Braun<\/strong> viven sus \u00faltimas horas de campa\u00f1a como candidatas a la Presidencia del Real Casino de Tenerife, de cara a la jornada electoral de este pr\u00f3ximo martes, d\u00eda 14. La emblem\u00e1tica y centenaria sociedad chicharrera necesita y se merece que su Presidencia sea ostentada por la mejor, la m\u00e1s preparada y la m\u00e1s capaz de ellas tres, y que, sobre todo, el pr\u00f3ximo futuro del Real Casino sea lo m\u00e1s tranquilo y enriquecedor posible. En manos de quien vote estar\u00e1 ese futuro.<\/li>\n<\/ul>\n<p><img loading=\"lazy\" decoding=\"async\" class=\"size-large wp-image-9830 aligncenter\" src=\"http:\/\/canariasenpositivo.com\/wp-content\/uploads\/2025\/10\/1.-VIRGEN-DE-CANDELARIA-1024x684.jpeg\" alt=\"\" width=\"660\" height=\"441\" \/><\/p>\n<p style=\"text-align: center\"><em>La Virgen de Candelaria llegando anoche a la Plaza de Espa\u00f1a de Santa Cruz de Tenerife<\/em><\/p>\n<p><img loading=\"lazy\" decoding=\"async\" class=\"size-large wp-image-9831 aligncenter\" src=\"http:\/\/canariasenpositivo.com\/wp-content\/uploads\/2025\/10\/2.-TRES-MUJERES-AL-CASINO-1024x395.jpg\" alt=\"\" width=\"660\" height=\"255\" \/><\/p>\n<p style=\"text-align: center\"><em>Mar\u00eda Jes\u00fas De Lojendio (i) Beatriz Barrera (c) y Patricia Hodgson, candidatas para presidir el Casino<\/em><\/p>\n<p>&nbsp;<\/p>\n<p><span style=\"color: #0000ff\"><strong>\u201cDonald Trump\u201d tiene una residencia en Tenerife<\/strong><\/span><\/p>\n<ul>\n<li>Al final, el Premio Nobel de la Paz 2025 ha sido otorgado (creo que muy bien y me alegro por ello) a <strong>Mar\u00eda Corina Machado<\/strong>, la veterana luchadora por la democracia y contra la dictadura en la querida Venezuela y los derechos democr\u00e1ticos y las libertades del hermano pueblo venezolano. Y aunque al \u00ednclito presidente <strong>Donald Trump<\/strong> no le hayan dado su querido, demandado y hasta casi exigido Premio Nobel de la Paz, el hombre no tiene derecho a estar triste o deprimido. Al margen de que haya perdido la oportunidad de embolsarse los once millones de coronas suecas (casi un mill\u00f3n de euros) con el que el premio est\u00e1 dotado econ\u00f3micamente, <strong>Donald<\/strong> no tiene porqu\u00e9 llorar ni amargarse. Le basta con irse a disfrutar a su \u00e1tico de la Torre Trump en la 5\u00aa Avenida de Nueva York, o bien jug\u00e1ndose unos hoyitos de golf en el campo de su mansi\u00f3n Mar-a-lago, ubicada en Palm Beach (Florida) o, m\u00e1s cerca de nosotros, en su campo <strong>Trump <\/strong>International Golf Links Scotland, situado en Balmedie (Escocia) o, sobre todo, \u201cDonald Trump\u201d podr\u00e1 sosegarse y bronce\u00e1ndose (a\u00fan m\u00e1s, si cabe) tomando el sol en su residencia de Neotr\u00f3pico, ubicada en Barranco Grande, en la isla de Tenerife (Canarias). Y es que, aunque no se lo crean, es cierto que \u201cDonald Trump\u201d tiene una residencia secreta con una amplia \u201csuite\u201d en la prestigiosa y reconocida Fundaci\u00f3n Neotr\u00f3pico, que, desde hace veinticinco a\u00f1os, realiza una ejemplar labor de rescate de especies raras, invasoras y ex\u00f3ticas, como la del \u201cTrump\u201d tinerfe\u00f1o<\/li>\n<\/ul>\n<p><img loading=\"lazy\" decoding=\"async\" class=\"size-large wp-image-9832 aligncenter\" src=\"http:\/\/canariasenpositivo.com\/wp-content\/uploads\/2025\/10\/4.-DONALD-TRUMP-NEOTROPICO-1024x717.jpg\" alt=\"\" width=\"660\" height=\"462\" \/><\/p>\n<p style=\"text-align: center\"><em>Este es el \u201cDonald Trump\u201d que reside en Neotr\u00f3pico. No me negar\u00e1n que se da un aire con el otro residente en la Casa Blanca.<\/em><\/p>\n<p>&nbsp;<\/p>\n<p><span style=\"color: #0000ff\"><strong>La Fundaci\u00f3n Neotr\u00f3pico est\u00e1 cumpliendo 25 a\u00f1os<\/strong><\/span><\/p>\n<ul>\n<li>Es una co\u00f1a, claro est\u00e1, pero totalmente cierta, y no me negar\u00e1n que la criaturita se da un tremendo aire con el <em>desinquieto<\/em> presidente americano. La cosa es que la buena gente de la Fundaci\u00f3n Neotr\u00f3pico, entidad cofundada por <strong>Jaime de Urioste Rodr\u00edguez<\/strong> (bi\u00f3logo, actual presidente de la misma y coordinador de investigaci\u00f3n) junto con su esposa, <strong>Mar\u00eda Jos\u00e9 Bethencourt Linares<\/strong> (bi\u00f3loga y zo\u00f3loga, a la vez que directora y coordinadora de Conservaci\u00f3n) no pudieron reprimirse cuando lleg\u00f3 a su mod\u00e9lico centro de rescate de animales ex\u00f3ticos un ejemplar de fais\u00e1n dorado (<em>Chrysolophus pictus<\/em>) rubio, bronceado y con un tup\u00e9 que le hac\u00eda ser, \u201cclavadito\u201d, la viva imagen de <strong>Donald Trump<\/strong>, pero en versi\u00f3n fais\u00e1n. Les falt\u00f3 tiempo a los magn\u00edficos expertos y cuidadores de Neotr\u00f3pico para \u201cbautizar\u201d el ejemplar con el nombre de \u201cDonald Trump\u201d y el muchacho esta residiendo y viviendo contento y feliz en las cuidadas instalaciones que la fundaci\u00f3n tiene en Barranco Grande. Hay que rese\u00f1ar que la Fundaci\u00f3n Neotr\u00f3pico est\u00e1 cumpliendo 25 a\u00f1os de ejemplar trayectoria y eficaz trabajo en un recinto que se les ha quedado peque\u00f1o para la gran labor que realizan en uno de los pocos centros de rescate que hay en Espa\u00f1a. Tenemos en all\u00e1 algo que debemos cuidar y potenciar. A ver si el verdadero <strong>Donald Trump<\/strong> manda unos \u201cd\u00f3llares\u201d para Barranco Grande.<\/li>\n<\/ul>\n<p><img loading=\"lazy\" decoding=\"async\" class=\"size-full wp-image-9833 aligncenter\" src=\"http:\/\/canariasenpositivo.com\/wp-content\/uploads\/2025\/10\/5.-JAIME-Y-MARIA-JOSE.jpg\" alt=\"\" width=\"1024\" height=\"683\" \/><\/p>\n<p style=\"text-align: center\"><em>Mar\u00eda Jos\u00e9 Bethencourt y Jaime de Urioste, quienes, hace ahora 25 a\u00f1os fundaron en Tenerife la Fundaci\u00f3n Neotr\u00f3pico.<\/em><\/p>\n<p>&nbsp;<\/p>\n<p><span style=\"color: #0000ff\"><strong>Adi\u00f3s al carril bici chicharrero\u2026 o hasta luego.<\/strong><\/span><\/p>\n<ul>\n<li>El concejal chicharrero del Partido Popular, <strong>Carlos Enrique Tarife Hern\u00e1ndez<\/strong>, tiene derecho a tener buenas ideas y tambi\u00e9n buenas intenciones para ponerlas en marcha. Pero si las ideas de <strong>Carlos Tarife<\/strong> no son tan buenas y sus buenas intenciones chocan con la cruda realidad de una ciudad en pendiente, casi colapsada en su tr\u00e1fico rodado y muy escasa en aparcamientos, pues entonces hay que tener \u201cdos pedales\u201d darse cuenta de lo que hay, y para apartar esas ideas que (con perd\u00f3n) encabronan a much\u00edsima m\u00e1s ciudadan\u00eda que la que pedalea o patina. Por su parte, el alcalde chicharrero de Coalici\u00f3n Canaria, <strong>Jos\u00e9 Manuel Berm\u00fadez<\/strong> <strong>Esparza<\/strong>, tambi\u00e9n deber\u00eda haber tenido \u201cun par de pedales\u201d para decirle a <strong>Carlos Tarife<\/strong> que se metiera el carril bici-pat\u00edn por\u2026 el Barranco de Santos. Nos habr\u00eda ahorrado atascos, cabreos, p\u00e9rdida de votos y gastos innecesarios. Porque, adem\u00e1s, al margen de que sea alcalde y est\u00e9 gobernando gracias al PP, lo principal es la ciudadan\u00eda de Santa Cruz y sus verdaderas necesidades, por encima de partidos pol\u00edticos. Eso cuando, adem\u00e1s, muchos del PP est\u00e1n tambi\u00e9n en contra del pu\u00f1etero carril. Al menos, en contra de \u201cesta\u201d forma de implantarlo \u201ca lo zorro<em>\u201d.<\/em><\/li>\n<\/ul>\n<p><em> <img loading=\"lazy\" decoding=\"async\" class=\"alignnone size-full wp-image-9834\" src=\"http:\/\/canariasenpositivo.com\/wp-content\/uploads\/2025\/10\/6.-BERMUDEZ-Y-TARIFE.jpg\" alt=\"\" width=\"1024\" height=\"683\" \/><\/em><\/p>\n<p style=\"text-align: center\"><em>Fotomontaje del Diario de Avisos con Jos\u00e9 Manuel Berm\u00fadez (i) Carlos Tarife (d) y debajo el pol\u00e9mico carril bici.<\/em><\/p>\n<p><em>\u00a0<\/em><\/p>\n<p><span style=\"color: #0000ff\"><strong>La plaza de Orche se llama de \u201cLas Milicias Canarias\u201d<\/strong><\/span><\/p>\n<ul>\n<li>No en todo se \u201cmete la pata\u201d en lo que a urbanismo chicharrero se refiere. La cafeter\u00eda Orche (en su inicial ubicaci\u00f3n de la esquina) fue testigo de hist\u00f3ricos momentos pol\u00edticos (sobre todo de contubernios) en la capital chicharrera. Su entorno ha sido remodelado magn\u00edficamente (al menos en mi opini\u00f3n) y ha quedado un espacio de lo m\u00e1s agradable que acaba de ser bautizado como Plaza de las Milicias Canarias. Si lo del carril bici ha sido una chapuza, la Plaza de las Milicias Canarias ha quedado de maravilla y el nombre que le han puesto oficialmente, creo que es de lo m\u00e1s acertado, por el entorno donde est\u00e1 y por lo que significaron las Milicias Canarias en la defensa de Tenerife. El alcalde chicharrero, <strong>Jos\u00e9 Manuel Berm\u00fadez<\/strong> y el jefe del Mando de Canarias, el teniente general <strong>Julio Salom <\/strong>descubrieron la oportuna placa. Ahora solo falta (al menos para mi) que el Carnaval se aleje de ella, para conservarla como Dios manda y de la mejor manera.<\/li>\n<\/ul>\n<p><img loading=\"lazy\" decoding=\"async\" class=\"size-large wp-image-9835 aligncenter\" src=\"http:\/\/canariasenpositivo.com\/wp-content\/uploads\/2025\/10\/7.-PLAZA-DE-LAS-MILICIAS-1024x683.jpeg\" alt=\"\" width=\"660\" height=\"440\" \/><\/p>\n<p style=\"text-align: center\"><em>El Capit\u00e1n General, Julio Salom (i) y el alcalde, Jos\u00e9 Manuel Berm\u00fadez, escoltados a los lados por dos soldados ataviados con el uniforme de la Milicias Canarias.<\/em><\/p>\n<p>&nbsp;<\/p>\n<p><span style=\"color: #0000ff\"><strong>Emilio Abad, premio Marqu\u00e9s de Santa Cruz de Marcenado<\/strong><\/span><\/p>\n<ul>\n<li>El pasado d\u00eda 29 de septiembre y en el Aula Magna del Centro Superior de Estudios de la Defensa Nacional (CESEDEN), nuestro ilustre militar y amigo <strong>Emilio Abad Ripoll <\/strong>recibi\u00f3 el premio\u00a0<em>Marqu\u00e9s de Santa Cruz de Marcenado<\/em>que le hab\u00eda sido concedido por el Ministerio de Defensa el pasado mes de julio, atendiendo a la propuesta hecha en su d\u00eda por el teniente general <strong>Julio Salom<\/strong>, jefe del Mando de Canarias. El premio entregado a <strong>Emilio Abad<\/strong>, seg\u00fan se recoge en las bases de su concesi\u00f3n, <em>\u201ctiene por finalidad recompensar al militar en situaci\u00f3n de actividad o reserva y al personal retirado que, de modo sobresaliente y cumpliendo eficazmente su servicio, haya cultivado a lo largo de su vida las ciencias o las artes militares, la aplicaci\u00f3n militar de las civiles y se haya distinguido en la difusi\u00f3n de la cultura militar o contribuido relevantemente al engrandecimiento de ella.\u201d<\/em> El premio consiste en un busto de bronce del prestigioso pensador militar del que tom\u00f3 el nombre, y la entrega, de manos del teniente general <strong>Miguel Ballenilla<\/strong>, director del CESEDEN, se produjo en el acto de inauguraci\u00f3n del curso acad\u00e9mico del Centro. En sus palabras de agradecimiento, <strong>Emilio Abad<\/strong> dedic\u00f3 un afectuoso recuerdo a la tinerfe\u00f1a Tertulia Amigos del 25 de Julio, de la que ha sido presidente al menos en dos periodos.<\/li>\n<\/ul>\n<p><img loading=\"lazy\" decoding=\"async\" class=\"size-full wp-image-9836 aligncenter\" src=\"http:\/\/canariasenpositivo.com\/wp-content\/uploads\/2025\/10\/8.-ABAD-RECOGIENDO-EL-PREMIO.jpg\" alt=\"\" width=\"768\" height=\"529\" \/><\/p>\n<p style=\"text-align: center\"><em>Emilio Abad Ripoll (d) recoge el busto del premio de manos del teniente general Miguel Ballenilla, Director del CESEDEN<\/em><\/p>\n<p>&nbsp;<\/p>\n<p><span style=\"color: #0000ff\"><strong>La Polic\u00eda Local de La Laguna condecora a los militares<\/strong><\/span><\/p>\n<ul>\n<li>Un detalle que honra a los dos cuerpos. La Polic\u00eda Local de La Laguna, dentro de los actos conmemorativos de su patr\u00f3n, <strong>San Miguel Arc\u00e1ngel<\/strong>, celebr\u00f3 un acto para otorgar condecoraciones a los miembros del Cuerpo por su profesionalidad, dedicaci\u00f3n y esp\u00edritu de sacrificio en su servicio. Pero, en esta ocasi\u00f3n, las Fuerzas Armadas han tenido un lugar en dicha celebraci\u00f3n con la distinci\u00f3n de la Medalla al M\u00e9rito con distintivo de color plata al teniente general <strong>Julio Salom<\/strong>, jefe del Mando de Canarias, al subdelegado de Defensa en nuestra provincia, coronel <strong>Juan Casiano Irizar<\/strong>, al coronel jefe del Regimiento de Artiller\u00eda de Campa\u00f1a N\u00ba93, <strong>Francisco Javier Garc\u00eda<\/strong> y al teniente coronel jefe del Batall\u00f3n de Helic\u00f3pteros de Maniobra BHELMA VI, <strong>Luis Alonso S\u00e1nchez<\/strong>. Por otro lado, el teniente coronel jefe del Batall\u00f3n de Zapadores XVI, <strong>Luis Villanueva<\/strong>, el brigada <strong>Byron Giovanny Orden<\/strong> y el cabo <strong>Romualdo Alexander Delgado<\/strong>, fueron condecorados con dicha medalla por su reciente actuaci\u00f3n al auxiliar a una persona en La Cuesta tras un infarto mientras conduc\u00eda su veh\u00edculo. Gracias a las maniobras de reanimaci\u00f3n cardio pulmonar (RCP) consiguieron reanimarlo para posteriormente ser trasladado al hospital con vida.<\/li>\n<\/ul>\n<p><img loading=\"lazy\" decoding=\"async\" class=\"size-large wp-image-9837 aligncenter\" src=\"http:\/\/canariasenpositivo.com\/wp-content\/uploads\/2025\/10\/9.-RECOGIENDO-MEDALLAS-1024x538.jpg\" alt=\"\" width=\"660\" height=\"347\" \/><\/p>\n<p style=\"text-align: center\"><em>El teniente coronel Luis Villanueva (i) y el cabo Romualdo Alexander Delgado (i)tras recoger sus medallas. En la foto de la derecha: el alcalde de La Laguna, Luis Yeray Guti\u00e9rrez (i) entrega su medalla al teniente general, Julio Salom Herrera.<\/em><\/p>\n<p>&nbsp;<\/p>\n<p><span style=\"color: #0000ff\"><strong>Loro <\/strong><strong>Parque Fundaci\u00f3n logra el Santuario de la<\/strong><strong> Macaronesia<\/strong><\/span><\/p>\n<ul>\n<li>La Uni\u00f3n Internacional para la Conservaci\u00f3n de la Naturaleza (UICN) ha comunicado la aprobaci\u00f3n de la moci\u00f3n presentada por Loro Parque Fundaci\u00f3n, entidad presidida por <strong>Chistoph Kiessling<\/strong>, para la creaci\u00f3n de un \u00c1rea Marina Protegida en la Macaronesia, conocida como el \u201cSantuario de la Macaronesia\u201d. Esta resoluci\u00f3n, adoptada tras la votaci\u00f3n de las mociones sometidas al Congreso Mundial de Conseraci\u00f3n de la Naturaleza (World Conservation Congress) que se celebra en Abu Dhabi, supone un reconocimiento internacional al liderazgo y la trayectoria de Loro Parque Fundaci\u00f3n en la protecci\u00f3n de la biodiversidad marina del Atl\u00e1ntico. La propuesta del Santuario de la Macaronesia es una iniciativa impulsada desde los a\u00f1os ochenta por <strong>Wolfgang Kiessling<\/strong>, presidente y fundador del Grupo Loro Parque, junto a la cient\u00edfica alemana <strong>Petra Deimer<\/strong>, pionera en la defensa de los mam\u00edferos marinos. A lo largo de m\u00e1s de cuarenta a\u00f1os, Loro Parque Fundaci\u00f3n ha mantenido el compromiso de materializar un corredor seguro para los cet\u00e1ceos y dem\u00e1s especies marinas que habitan las aguas de Canarias, Azores, Madeira y Cabo Verde.<\/li>\n<\/ul>\n<p><img loading=\"lazy\" decoding=\"async\" class=\"size-large wp-image-9838 aligncenter\" src=\"http:\/\/canariasenpositivo.com\/wp-content\/uploads\/2025\/10\/10.-WOLFGANG-Y-CHRISTOPH-1024x768.jpg\" alt=\"\" width=\"660\" height=\"495\" \/><\/p>\n<p style=\"text-align: center\"><em>Wolfgang Kiessling (d) fundador y presidente de la Compa\u00f1\u00eda Loro Parque, y su hijo, Christoph Kiessling, vicepresidente de la misma, a la vez que y presidente de Loro Parque Fundaci\u00f3n.<\/em><\/p>\n<p>&nbsp;<\/p>\n<p><span style=\"color: #0000ff\"><strong>Voto casi un\u00e1nime de la UICN a la propuesta tinerfe\u00f1a<\/strong><\/span><\/p>\n<ul>\n<li>La aprobaci\u00f3n de esta moci\u00f3n, con un 96,5% de votos favorables, consolida el liderazgo de Loro Parque Fundaci\u00f3n en el \u00e1mbito de la conservaci\u00f3n marina y marca un antes y un despu\u00e9s en la defensa de la biodiversidad en la regi\u00f3n atl\u00e1ntica. Con el aval de la comunidad cient\u00edfica internacional y el apoyo de la UICN, el Santuario de la Macaronesia se perfila como un referente mundial en la protecci\u00f3n de los ecosistemas marinos, y un ejemplo de compromiso sostenido con el planeta. <strong>Wolfgang Kiessling<\/strong> ha manifestado que <em>\u201cel Santuario de la Macaronesia representa una aspiraci\u00f3n compartida por la ciencia, las instituciones y la sociedad\u201d<\/em>, Por su parte, <strong>Javier Almunia<\/strong>, asesor cient\u00edfico de Loro Parque Fundaci\u00f3n, ha dicho que <em>\u201cesta aprobaci\u00f3n constituye un hito internacional que refuerza nuestro compromiso con la conservaci\u00f3n oce\u00e1nica\u201d.<\/em> La Macaronesia alberga 32 especies de cet\u00e1ceos, lo que representa el 84% de las especies presentes en el Atl\u00e1ntico Norte, y constituye una de las regiones m\u00e1s relevantes para las migraciones y movimientos de poblaciones marinas.<\/li>\n<\/ul>\n<p><img loading=\"lazy\" decoding=\"async\" class=\"size-large wp-image-9839 aligncenter\" src=\"http:\/\/canariasenpositivo.com\/wp-content\/uploads\/2025\/10\/11.-CETACEOS-1024x768.jpg\" alt=\"\" width=\"660\" height=\"495\" \/><\/p>\n<p style=\"text-align: center\"><em>Algunas de las especies que habitan en el \u201cSantuario Marino de la Macaronesia\u201d<\/em><\/p>\n<p>&nbsp;<\/p>\n<p><span style=\"color: #0000ff\"><strong>* Jos\u00e9 Carlos MARRERO GONZ\u00c1LEZ<\/strong><\/span><\/p>\n<p>Periodista y analista de la actualidad.<\/p>\n<p>Director de <strong><em>El Cotarro<\/em><\/strong> (www.elcotarro.com)<\/p>\n<p>Director de <strong><em>Canarias en Positivo<\/em><\/strong> (www.canariasenpositivo.com)<\/p>\n<p>Director de <strong><em>GastroCanarias<\/em><\/strong> (www.gastrocanarias.com)<\/p>\n<p>&nbsp;<\/p>\n<p>Islas Canarias, 12 de octubre de 2025<\/p>\n<p><img loading=\"lazy\" decoding=\"async\" class=\"size-full wp-image-9744 aligncenter\" src=\"http:\/\/canariasenpositivo.com\/wp-content\/uploads\/2025\/09\/4.-CARECA-INSULA.jpg\" alt=\"\" width=\"750\" height=\"153\" \/><\/p>\n","protected":false},"excerpt":{"rendered":"<p>N\u00ba579 DEL 12 DE OCTUBRE DE 2025 &nbsp; Popurr\u00ed de acontecimientos en torno al 12 de octubre Cuando est\u00e9 leyendo usted esta edici\u00f3n de El Cotarro, ya la Sagrada Imagen de Nuestra Se\u00f1ora la Virgen de Candelaria, Patrona General de las Islas Canarias, estar\u00e1 ya en la Parroquia Matriz de Nuestra Se\u00f1ora la Virgen de &#8230; <a class=\"read-more\" href=\"https:\/\/elcotarro.com\/?p=11164\">Read more<\/a><\/p>\n","protected":false},"author":2,"featured_media":0,"comment_status":"open","ping_status":"open","sticky":false,"template":"","format":"standard","meta":{"_jetpack_memberships_contains_paid_content":false,"footnotes":""},"categories":[4],"tags":[],"class_list":["post-11164","post","type-post","status-publish","format-standard","hentry","category-el-cotarro"],"yoast_head":"<!-- This site is optimized with the Yoast SEO plugin v27.0 - https:\/\/yoast.com\/product\/yoast-seo-wordpress\/ -->\n<title>EL COTARRO \/ 579, DEL DOMINGO, 12\/10\/2025 - El Cotarro<\/title>\n<meta name=\"robots\" content=\"index, follow, max-snippet:-1, max-image-preview:large, max-video-preview:-1\" \/>\n<link rel=\"canonical\" href=\"https:\/\/elcotarro.com\/?p=11164\" \/>\n<meta property=\"og:locale\" content=\"es_ES\" \/>\n<meta property=\"og:type\" content=\"article\" \/>\n<meta property=\"og:title\" content=\"EL COTARRO \/ 579, DEL DOMINGO, 12\/10\/2025 - El Cotarro\" \/>\n<meta property=\"og:description\" content=\"N\u00ba579 DEL 12 DE OCTUBRE DE 2025 &nbsp; Popurr\u00ed de acontecimientos en torno al 12 de octubre Cuando est\u00e9 leyendo usted esta edici\u00f3n de El Cotarro, ya la Sagrada Imagen de Nuestra Se\u00f1ora la Virgen de Candelaria, Patrona General de las Islas Canarias, estar\u00e1 ya en la Parroquia Matriz de Nuestra Se\u00f1ora la Virgen de ... Read more\" \/>\n<meta property=\"og:url\" content=\"https:\/\/elcotarro.com\/?p=11164\" \/>\n<meta property=\"og:site_name\" content=\"El Cotarro\" \/>\n<meta property=\"article:publisher\" content=\"https:\/\/www.facebook.com\/ElCotarro.Tenerife\" \/>\n<meta property=\"article:published_time\" content=\"2025-10-11T23:22:16+00:00\" \/>\n<meta property=\"article:modified_time\" content=\"2025-10-12T09:45:07+00:00\" \/>\n<meta property=\"og:image\" content=\"https:\/\/elcotarro.com\/wp-content\/uploads\/2021\/04\/FOTO-6.-FOUNDATION.jpeg\" \/>\n\t<meta property=\"og:image:width\" content=\"645\" \/>\n\t<meta property=\"og:image:height\" content=\"358\" \/>\n\t<meta property=\"og:image:type\" content=\"image\/jpeg\" \/>\n<meta name=\"author\" content=\"Jos\u00e9 Carlos Marrero Gonz\u00e1lez\" \/>\n<meta name=\"twitter:label1\" content=\"Escrito por\" \/>\n\t<meta name=\"twitter:data1\" content=\"Jos\u00e9 Carlos Marrero Gonz\u00e1lez\" \/>\n\t<meta name=\"twitter:label2\" content=\"Tiempo de lectura\" \/>\n\t<meta name=\"twitter:data2\" content=\"13 minutos\" \/>\n<script type=\"application\/ld+json\" class=\"yoast-schema-graph\">{\"@context\":\"https:\/\/schema.org\",\"@graph\":[{\"@type\":\"Article\",\"@id\":\"https:\/\/elcotarro.com\/?p=11164#article\",\"isPartOf\":{\"@id\":\"https:\/\/elcotarro.com\/?p=11164\"},\"author\":{\"name\":\"Jos\u00e9 Carlos Marrero Gonz\u00e1lez\",\"@id\":\"https:\/\/elcotarro.com\/#\/schema\/person\/af537ee7d60d15984c7e0affcd8a918b\"},\"headline\":\"EL COTARRO \/ 579, DEL DOMINGO, 12\/10\/2025\",\"datePublished\":\"2025-10-11T23:22:16+00:00\",\"dateModified\":\"2025-10-12T09:45:07+00:00\",\"mainEntityOfPage\":{\"@id\":\"https:\/\/elcotarro.com\/?p=11164\"},\"wordCount\":2369,\"commentCount\":0,\"publisher\":{\"@id\":\"https:\/\/elcotarro.com\/#organization\"},\"image\":{\"@id\":\"https:\/\/elcotarro.com\/?p=11164#primaryimage\"},\"thumbnailUrl\":\"http:\/\/canariasenpositivo.com\/wp-content\/uploads\/2025\/09\/EL-COTARRO-CABECERA-CON-NUMERO.jpg\",\"articleSection\":[\"El Cotarro\"],\"inLanguage\":\"es\",\"potentialAction\":[{\"@type\":\"CommentAction\",\"name\":\"Comment\",\"target\":[\"https:\/\/elcotarro.com\/?p=11164#respond\"]}]},{\"@type\":\"WebPage\",\"@id\":\"https:\/\/elcotarro.com\/?p=11164\",\"url\":\"https:\/\/elcotarro.com\/?p=11164\",\"name\":\"EL COTARRO \/ 579, DEL DOMINGO, 12\/10\/2025 - El Cotarro\",\"isPartOf\":{\"@id\":\"https:\/\/elcotarro.com\/#website\"},\"primaryImageOfPage\":{\"@id\":\"https:\/\/elcotarro.com\/?p=11164#primaryimage\"},\"image\":{\"@id\":\"https:\/\/elcotarro.com\/?p=11164#primaryimage\"},\"thumbnailUrl\":\"http:\/\/canariasenpositivo.com\/wp-content\/uploads\/2025\/09\/EL-COTARRO-CABECERA-CON-NUMERO.jpg\",\"datePublished\":\"2025-10-11T23:22:16+00:00\",\"dateModified\":\"2025-10-12T09:45:07+00:00\",\"breadcrumb\":{\"@id\":\"https:\/\/elcotarro.com\/?p=11164#breadcrumb\"},\"inLanguage\":\"es\",\"potentialAction\":[{\"@type\":\"ReadAction\",\"target\":[\"https:\/\/elcotarro.com\/?p=11164\"]}]},{\"@type\":\"ImageObject\",\"inLanguage\":\"es\",\"@id\":\"https:\/\/elcotarro.com\/?p=11164#primaryimage\",\"url\":\"http:\/\/canariasenpositivo.com\/wp-content\/uploads\/2025\/09\/EL-COTARRO-CABECERA-CON-NUMERO.jpg\",\"contentUrl\":\"http:\/\/canariasenpositivo.com\/wp-content\/uploads\/2025\/09\/EL-COTARRO-CABECERA-CON-NUMERO.jpg\"},{\"@type\":\"BreadcrumbList\",\"@id\":\"https:\/\/elcotarro.com\/?p=11164#breadcrumb\",\"itemListElement\":[{\"@type\":\"ListItem\",\"position\":1,\"name\":\"Portada\",\"item\":\"https:\/\/elcotarro.com\/\"},{\"@type\":\"ListItem\",\"position\":2,\"name\":\"EL COTARRO \/ 579, DEL DOMINGO, 12\/10\/2025\"}]},{\"@type\":\"WebSite\",\"@id\":\"https:\/\/elcotarro.com\/#website\",\"url\":\"https:\/\/elcotarro.com\/\",\"name\":\"El Cotarro\",\"description\":\"Peri\u00f3dico Digital Independiente dirigido por Jos\u00e9 Carlos Marrero\",\"publisher\":{\"@id\":\"https:\/\/elcotarro.com\/#organization\"},\"potentialAction\":[{\"@type\":\"SearchAction\",\"target\":{\"@type\":\"EntryPoint\",\"urlTemplate\":\"https:\/\/elcotarro.com\/?s={search_term_string}\"},\"query-input\":{\"@type\":\"PropertyValueSpecification\",\"valueRequired\":true,\"valueName\":\"search_term_string\"}}],\"inLanguage\":\"es\"},{\"@type\":\"Organization\",\"@id\":\"https:\/\/elcotarro.com\/#organization\",\"name\":\"El Cotarro\",\"url\":\"https:\/\/elcotarro.com\/\",\"logo\":{\"@type\":\"ImageObject\",\"inLanguage\":\"es\",\"@id\":\"https:\/\/elcotarro.com\/#\/schema\/logo\/image\/\",\"url\":\"https:\/\/elcotarro.com\/wp-content\/uploads\/2014\/09\/Cabecera_El_Cotarro_v2.jpg\",\"contentUrl\":\"https:\/\/elcotarro.com\/wp-content\/uploads\/2014\/09\/Cabecera_El_Cotarro_v2.jpg\",\"width\":3540,\"height\":441,\"caption\":\"El Cotarro\"},\"image\":{\"@id\":\"https:\/\/elcotarro.com\/#\/schema\/logo\/image\/\"},\"sameAs\":[\"https:\/\/www.facebook.com\/ElCotarro.Tenerife\"]},{\"@type\":\"Person\",\"@id\":\"https:\/\/elcotarro.com\/#\/schema\/person\/af537ee7d60d15984c7e0affcd8a918b\",\"name\":\"Jos\u00e9 Carlos Marrero Gonz\u00e1lez\",\"image\":{\"@type\":\"ImageObject\",\"inLanguage\":\"es\",\"@id\":\"https:\/\/elcotarro.com\/#\/schema\/person\/image\/\",\"url\":\"https:\/\/secure.gravatar.com\/avatar\/def4da036efb5d32c74d49c351f6dccc064dd69ad9f3aadc295c5a9a5391ca01?s=96&d=mm&r=g\",\"contentUrl\":\"https:\/\/secure.gravatar.com\/avatar\/def4da036efb5d32c74d49c351f6dccc064dd69ad9f3aadc295c5a9a5391ca01?s=96&d=mm&r=g\",\"caption\":\"Jos\u00e9 Carlos Marrero Gonz\u00e1lez\"},\"sameAs\":[\"https:\/\/elcotarro.com\"],\"url\":\"https:\/\/elcotarro.com\/?author=2\"}]}<\/script>\n<!-- \/ Yoast SEO plugin. -->","yoast_head_json":{"title":"EL COTARRO \/ 579, DEL DOMINGO, 12\/10\/2025 - El Cotarro","robots":{"index":"index","follow":"follow","max-snippet":"max-snippet:-1","max-image-preview":"max-image-preview:large","max-video-preview":"max-video-preview:-1"},"canonical":"https:\/\/elcotarro.com\/?p=11164","og_locale":"es_ES","og_type":"article","og_title":"EL COTARRO \/ 579, DEL DOMINGO, 12\/10\/2025 - El Cotarro","og_description":"N\u00ba579 DEL 12 DE OCTUBRE DE 2025 &nbsp; Popurr\u00ed de acontecimientos en torno al 12 de octubre Cuando est\u00e9 leyendo usted esta edici\u00f3n de El Cotarro, ya la Sagrada Imagen de Nuestra Se\u00f1ora la Virgen de Candelaria, Patrona General de las Islas Canarias, estar\u00e1 ya en la Parroquia Matriz de Nuestra Se\u00f1ora la Virgen de ... Read more","og_url":"https:\/\/elcotarro.com\/?p=11164","og_site_name":"El Cotarro","article_publisher":"https:\/\/www.facebook.com\/ElCotarro.Tenerife","article_published_time":"2025-10-11T23:22:16+00:00","article_modified_time":"2025-10-12T09:45:07+00:00","og_image":[{"width":645,"height":358,"url":"https:\/\/elcotarro.com\/wp-content\/uploads\/2021\/04\/FOTO-6.-FOUNDATION.jpeg","type":"image\/jpeg"}],"author":"Jos\u00e9 Carlos Marrero Gonz\u00e1lez","twitter_misc":{"Escrito por":"Jos\u00e9 Carlos Marrero Gonz\u00e1lez","Tiempo de lectura":"13 minutos"},"schema":{"@context":"https:\/\/schema.org","@graph":[{"@type":"Article","@id":"https:\/\/elcotarro.com\/?p=11164#article","isPartOf":{"@id":"https:\/\/elcotarro.com\/?p=11164"},"author":{"name":"Jos\u00e9 Carlos Marrero Gonz\u00e1lez","@id":"https:\/\/elcotarro.com\/#\/schema\/person\/af537ee7d60d15984c7e0affcd8a918b"},"headline":"EL COTARRO \/ 579, DEL DOMINGO, 12\/10\/2025","datePublished":"2025-10-11T23:22:16+00:00","dateModified":"2025-10-12T09:45:07+00:00","mainEntityOfPage":{"@id":"https:\/\/elcotarro.com\/?p=11164"},"wordCount":2369,"commentCount":0,"publisher":{"@id":"https:\/\/elcotarro.com\/#organization"},"image":{"@id":"https:\/\/elcotarro.com\/?p=11164#primaryimage"},"thumbnailUrl":"http:\/\/canariasenpositivo.com\/wp-content\/uploads\/2025\/09\/EL-COTARRO-CABECERA-CON-NUMERO.jpg","articleSection":["El Cotarro"],"inLanguage":"es","potentialAction":[{"@type":"CommentAction","name":"Comment","target":["https:\/\/elcotarro.com\/?p=11164#respond"]}]},{"@type":"WebPage","@id":"https:\/\/elcotarro.com\/?p=11164","url":"https:\/\/elcotarro.com\/?p=11164","name":"EL COTARRO \/ 579, DEL DOMINGO, 12\/10\/2025 - El Cotarro","isPartOf":{"@id":"https:\/\/elcotarro.com\/#website"},"primaryImageOfPage":{"@id":"https:\/\/elcotarro.com\/?p=11164#primaryimage"},"image":{"@id":"https:\/\/elcotarro.com\/?p=11164#primaryimage"},"thumbnailUrl":"http:\/\/canariasenpositivo.com\/wp-content\/uploads\/2025\/09\/EL-COTARRO-CABECERA-CON-NUMERO.jpg","datePublished":"2025-10-11T23:22:16+00:00","dateModified":"2025-10-12T09:45:07+00:00","breadcrumb":{"@id":"https:\/\/elcotarro.com\/?p=11164#breadcrumb"},"inLanguage":"es","potentialAction":[{"@type":"ReadAction","target":["https:\/\/elcotarro.com\/?p=11164"]}]},{"@type":"ImageObject","inLanguage":"es","@id":"https:\/\/elcotarro.com\/?p=11164#primaryimage","url":"http:\/\/canariasenpositivo.com\/wp-content\/uploads\/2025\/09\/EL-COTARRO-CABECERA-CON-NUMERO.jpg","contentUrl":"http:\/\/canariasenpositivo.com\/wp-content\/uploads\/2025\/09\/EL-COTARRO-CABECERA-CON-NUMERO.jpg"},{"@type":"BreadcrumbList","@id":"https:\/\/elcotarro.com\/?p=11164#breadcrumb","itemListElement":[{"@type":"ListItem","position":1,"name":"Portada","item":"https:\/\/elcotarro.com\/"},{"@type":"ListItem","position":2,"name":"EL COTARRO \/ 579, DEL DOMINGO, 12\/10\/2025"}]},{"@type":"WebSite","@id":"https:\/\/elcotarro.com\/#website","url":"https:\/\/elcotarro.com\/","name":"El Cotarro","description":"Peri\u00f3dico Digital Independiente dirigido por Jos\u00e9 Carlos Marrero","publisher":{"@id":"https:\/\/elcotarro.com\/#organization"},"potentialAction":[{"@type":"SearchAction","target":{"@type":"EntryPoint","urlTemplate":"https:\/\/elcotarro.com\/?s={search_term_string}"},"query-input":{"@type":"PropertyValueSpecification","valueRequired":true,"valueName":"search_term_string"}}],"inLanguage":"es"},{"@type":"Organization","@id":"https:\/\/elcotarro.com\/#organization","name":"El Cotarro","url":"https:\/\/elcotarro.com\/","logo":{"@type":"ImageObject","inLanguage":"es","@id":"https:\/\/elcotarro.com\/#\/schema\/logo\/image\/","url":"https:\/\/elcotarro.com\/wp-content\/uploads\/2014\/09\/Cabecera_El_Cotarro_v2.jpg","contentUrl":"https:\/\/elcotarro.com\/wp-content\/uploads\/2014\/09\/Cabecera_El_Cotarro_v2.jpg","width":3540,"height":441,"caption":"El Cotarro"},"image":{"@id":"https:\/\/elcotarro.com\/#\/schema\/logo\/image\/"},"sameAs":["https:\/\/www.facebook.com\/ElCotarro.Tenerife"]},{"@type":"Person","@id":"https:\/\/elcotarro.com\/#\/schema\/person\/af537ee7d60d15984c7e0affcd8a918b","name":"Jos\u00e9 Carlos Marrero Gonz\u00e1lez","image":{"@type":"ImageObject","inLanguage":"es","@id":"https:\/\/elcotarro.com\/#\/schema\/person\/image\/","url":"https:\/\/secure.gravatar.com\/avatar\/def4da036efb5d32c74d49c351f6dccc064dd69ad9f3aadc295c5a9a5391ca01?s=96&d=mm&r=g","contentUrl":"https:\/\/secure.gravatar.com\/avatar\/def4da036efb5d32c74d49c351f6dccc064dd69ad9f3aadc295c5a9a5391ca01?s=96&d=mm&r=g","caption":"Jos\u00e9 Carlos Marrero Gonz\u00e1lez"},"sameAs":["https:\/\/elcotarro.com"],"url":"https:\/\/elcotarro.com\/?author=2"}]}},"jetpack_featured_media_url":"","jetpack_sharing_enabled":true,"_links":{"self":[{"href":"https:\/\/elcotarro.com\/index.php?rest_route=\/wp\/v2\/posts\/11164","targetHints":{"allow":["GET"]}}],"collection":[{"href":"https:\/\/elcotarro.com\/index.php?rest_route=\/wp\/v2\/posts"}],"about":[{"href":"https:\/\/elcotarro.com\/index.php?rest_route=\/wp\/v2\/types\/post"}],"author":[{"embeddable":true,"href":"https:\/\/elcotarro.com\/index.php?rest_route=\/wp\/v2\/users\/2"}],"replies":[{"embeddable":true,"href":"https:\/\/elcotarro.com\/index.php?rest_route=%2Fwp%2Fv2%2Fcomments&post=11164"}],"version-history":[{"count":3,"href":"https:\/\/elcotarro.com\/index.php?rest_route=\/wp\/v2\/posts\/11164\/revisions"}],"predecessor-version":[{"id":11167,"href":"https:\/\/elcotarro.com\/index.php?rest_route=\/wp\/v2\/posts\/11164\/revisions\/11167"}],"wp:attachment":[{"href":"https:\/\/elcotarro.com\/index.php?rest_route=%2Fwp%2Fv2%2Fmedia&parent=11164"}],"wp:term":[{"taxonomy":"category","embeddable":true,"href":"https:\/\/elcotarro.com\/index.php?rest_route=%2Fwp%2Fv2%2Fcategories&post=11164"},{"taxonomy":"post_tag","embeddable":true,"href":"https:\/\/elcotarro.com\/index.php?rest_route=%2Fwp%2Fv2%2Ftags&post=11164"}],"curies":[{"name":"wp","href":"https:\/\/api.w.org\/{rel}","templated":true}]}}