{"id":11174,"date":"2025-11-02T00:03:01","date_gmt":"2025-11-02T00:03:01","guid":{"rendered":"https:\/\/elcotarro.com\/?p=11174"},"modified":"2025-11-02T00:04:01","modified_gmt":"2025-11-02T00:04:01","slug":"el-cotarro-582-del-domingo-02-11-2025","status":"publish","type":"post","link":"https:\/\/elcotarro.com\/?p=11174","title":{"rendered":"EL COTARRO \/ 582, DEL DOMINGO, 02\/11\/2025"},"content":{"rendered":"<p><img loading=\"lazy\" decoding=\"async\" class=\"size-full wp-image-9743 aligncenter\" src=\"http:\/\/canariasenpositivo.com\/wp-content\/uploads\/2025\/09\/EL-COTARRO-CABECERA-CON-NUMERO.jpg\" alt=\"\" width=\"894\" height=\"145\" \/><\/p>\n<p style=\"text-align: center\"><span style=\"color: #ff0000\"><strong>N\u00ba582 DEL 2 DE NOVIEMBRE DE 2025<\/strong><\/span><\/p>\n<p>&nbsp;<\/p>\n<p><span style=\"color: #0000ff\"><strong>La \u201ciNdiosincrasia\u201d de Canarias seg\u00fan Benicio Alonso<\/strong><\/span><\/p>\n<ul>\n<li>La persona que piense que esto que voy a escribir hoy tiene algo que ver con el tan hist\u00f3rico como absurdo \u201cpleito insular\u201d, est\u00e1 totalmente equivocada, o lo que tiene, sin duda, es mucha \u201cfalta de ignorancia\u201d y retorcimiento. Lo que voy a escribir tiene que ver con el talento, la predisposici\u00f3n y la actitud optimista, positiva y proactiva, o con todo lo contrario. El querido, respetado y recordado amigo, <strong>Benicio Alonso P\u00e9rez<\/strong>, quien fuera consejero de Industria de la Junta Preauton\u00f3mica de Canarias el a\u00f1o 1982, sol\u00eda repetir una frase que, seg\u00fan \u00e9l, defin\u00eda el car\u00e1cter y la idiosincrasia (o \u201ciNdiosincrasia\u201d, que dir\u00eda el otro) de la gente canaria, seg\u00fan fuera de Tenerife o Gran Canaria. El bueno de <strong>Benicio<\/strong> afirmaba que <em>\u201cEn la misma unidad de tiempo, 100 euros se mueven 30 veces m\u00e1s en Gran Canaria que en Tenerife\u201d<\/em>. Y creo que tiene que ver (y mucho) con la \u00faltima pol\u00e9mica sobre el control del agua. Estimo que, en gran parte, <strong>Benicio Alonso<\/strong> ten\u00eda raz\u00f3n. Aqu\u00ed (en Tenerife) somos de mucho <em>\u201cjabla, jabla\u201d<\/em> y de poco <em>\u201cjace, jace\u201d.<\/em><\/li>\n<\/ul>\n<p><img loading=\"lazy\" decoding=\"async\" class=\"size-full wp-image-9893 aligncenter\" src=\"http:\/\/canariasenpositivo.com\/wp-content\/uploads\/2025\/11\/1.-BENICIO-ALONSO.jpg\" alt=\"\" width=\"1024\" height=\"597\" \/><\/p>\n<p style=\"text-align: center\"><em>Benicio Alonso, un indudable ejemplo para el dicho \u201cgenio y figura hasta la sepultura\u201d<\/em><\/p>\n<p>&nbsp;<\/p>\n<p><span style=\"color: #0000ff\"><strong>100 euros se mueven 30 veces m\u00e1s en Gran Canaria<\/strong><\/span><\/p>\n<ul>\n<li>Como dec\u00eda de co\u00f1a (y no tan co\u00f1a) el tambi\u00e9n querido y recordado <strong>Pedro Molina Ramos<\/strong>, l\u00edder del sector ganadero <em>\u201caqu\u00ed todo el mundo va a lo suyo, menos yo, que voy a lo m\u00edo\u201d.<\/em> Mientras los \u201ccanariones\u201d desarrollan planes, buscan perras donde supuestamente no las hay, y tiran p\u2019alante con infinidad de proyectos, los tinerfe\u00f1os nos pasamos la vida <em>\u201cen Bel\u00e9n con los pastores<\/em>\u201d, pensando, decidiendo y poniendo trabas, para al final, casi siempre, terminar viendo que se nos ha \u201cpasado en arroz\u201d y que en la \u201cisla de enfrente\u201d han ido a otra velocidad, m\u00e1s r\u00e1pida, efectiva y, por supuesto, m\u00e1s eficaz y rentable. Ahora, pol\u00edticos como <strong>Luis Yeray Guti\u00e9rrez<\/strong> (PSOE) y <strong>Rosa D\u00e1vila<\/strong> (CC) y l\u00edderes agrarios como <strong>Theo Hernando<\/strong> (Asaga) se lamentan de la noticia y hablan de \u201csorpresa y secretismo\u201d pero la verdad es que, como dec\u00eda el recordado periodista y amigo, <strong>Manuel Iglesias<\/strong>: <em>\u201caqu\u00ed no hay monumento al soldado desconocido, porque nos conocemos todos\u201d<\/em>. Nos conocemos todos, se sabe casi todo y\u2026 \u00bfnadie se enter\u00f3 de lo que se estaba \u201cengodando\u201d en territorio \u201ccanari\u00f3n\u201d en torno al control del sector del agua en Tenerife?&#8230; Perdonen ustedes\u2026, pero yo no me lo creo.<\/li>\n<\/ul>\n<p><img loading=\"lazy\" decoding=\"async\" class=\"size-large wp-image-9894 aligncenter\" src=\"http:\/\/canariasenpositivo.com\/wp-content\/uploads\/2025\/11\/2.-PEDRO-MOLINA-1024x630.jpg\" alt=\"\" width=\"660\" height=\"406\" \/><\/p>\n<p style=\"text-align: center\"><em>Pedro Molina, l\u00edder indiscutible del sector primario y agroalimentario de Canarias<\/em><\/p>\n<p>&nbsp;<\/p>\n<p><span style=\"color: #0000ff\"><strong>El agua potable de Tenerife en manos de Gran Canaria<\/strong><\/span><\/p>\n<ul>\n<li>El peri\u00f3dico <strong>Diario de Avisos<\/strong> informaba hace unos d\u00edas de que \u201cla multinacional francesa grupo Veolia, propietaria del grupo Canaragua, ha vendido el 45% de la sociedad a tres compa\u00f1\u00edas de Las Palmas, incluyendo el fotomontaje de tres de sus l\u00edderes: <strong>Alicia Martin\u00f3n<\/strong> (Grupo Martin\u00f3n) <strong>Juan Miguel Sanju\u00e1n<\/strong> (Satocan) <strong>y Oliver Alonso<\/strong> (Grupo Domingo Alonso). Lo hacen, seg\u00fan la nota de prensa de Canaragua \u201c<em>para impulsar el desarrollo sostenible del archipi\u00e9lago<\/em>\u201d. Pero el anuncio, seg\u00fan afirma el Diario, parece que ha provocado malestar e indignaci\u00f3n en el empresariado tinerfe\u00f1o por una operaci\u00f3n que consideran una \u201cintromisi\u00f3n inadmisible en la gesti\u00f3n de un bien esencial\u201d. Sin embargo, no s\u00e9 si, en realidad, lo que ha provocado entre los tinerfe\u00f1os es verg\u00fcenza, envidia y resignaci\u00f3n. Una vez m\u00e1s aquello de que, <em>\u201cquien no corre pisa al de delante\u201d<\/em> se ha cumplido con protagonismo \u201ccanari\u00f3n\u201d, y punto. \u00bfD\u00f3nde estaban los empresarios \u201cde aqu\u00ed\u201d cuando los empresarios \u201cde all\u00e1\u201d estaban tratando la compra del agua \u201cde aqu\u00ed\u201d?<\/li>\n<\/ul>\n<p><img loading=\"lazy\" decoding=\"async\" class=\"size-full wp-image-9895 aligncenter\" src=\"http:\/\/canariasenpositivo.com\/wp-content\/uploads\/2025\/11\/3.-EMPRESARIOS-DEL-AGUA.jpg\" alt=\"\" width=\"1024\" height=\"597\" \/><\/p>\n<p style=\"text-align: center\"><em>Juan Miguel Sanju\u00e1n (i) Alicia Martin\u00f3n (c) y Oliver Alonso, empresarios canarios.<\/em><\/p>\n<p><strong>\u00a0<\/strong><\/p>\n<p><span style=\"color: #0000ff\"><strong>Cerraremos mi\u00e9rcoles y jueves por falta de personal<\/strong><\/span><\/p>\n<ul>\n<li>La semana pasada tuve que ir a un evento por Garachico y me tropec\u00e9 con dos carteles en un mismo establecimiento de restauraci\u00f3n. El primero y muy positivo anunciaba que serv\u00edan <em>\u201ccomida canaria de caldero\u201d<\/em>, ofrec\u00edan vino tinto de La Victoria y vivo blanco de Tegueste y a\u00f1ad\u00edan la coletilla de <em>\u201cel sabor de la tradici\u00f3n\u201d<\/em>. Pero tambi\u00e9n, en la misma puerta del establecimiento aparec\u00eda otro cartel que rezaba \u201ca partir de esta semana, cerraremos mi\u00e9rcoles y jueves, por falta de personal, hasta nuevo aviso\u201d. Creo que, por mucho que duela decirlo y m\u00e1s reconocerlo, tenemos un problema de fraude con las subvenciones por desempleo y mucho abuso del tan importante como imprescindible y necesario \u201csalario m\u00ednimo vital\u201d. El fil\u00f3sofo y te\u00f3logo dan\u00e9s, <strong>S\u00f8ren Aabye Kierkegaard<\/strong>, considerado el padre del existencialismo, dijo que \u201cgran parte de la generaci\u00f3n actual, cansada por sus esfuerzos fingidos, recae en una flojera completa\u201d. Creo que s\u00ed tenemos personal, y que mucho est\u00e1 en paro, pero, en parte, absolutamente quemado y en parte muy \u201capoltronado\u201d y abusando de ayudas que, quiz\u00e1, a m\u00e1s de uno no les corresponder\u00eda estar cobrando. Un problema de todos, que debemos resolver entre todos.<\/li>\n<\/ul>\n<p><img loading=\"lazy\" decoding=\"async\" class=\"size-large wp-image-9896 aligncenter\" src=\"http:\/\/canariasenpositivo.com\/wp-content\/uploads\/2025\/11\/4.-ANUNCIOS-EN-UN-BAR-1024x604.jpg\" alt=\"\" width=\"660\" height=\"389\" \/><\/p>\n<p style=\"text-align: center\"><em>Buena propuesta de comida canaria y triste aviso de cierre por falta de personal<\/em><\/p>\n<p>&nbsp;<\/p>\n<p><span style=\"color: #0000ff\"><strong>Internacional \u201cTuna Veterani Medicinae\u201d de La Laguna<\/strong><\/span><\/p>\n<ul>\n<li>Cambio de tercio celebrando que, en medio de la dif\u00edcil y compleja situaci\u00f3n de la Sanidad canaria, nuestros hombres y mujeres de la Medicina, la Enfermer\u00eda y todo el personal auxiliar, sigan desarrollando su labor con ganas y total profesionalidad. Y celebro que, adem\u00e1s, les quede tiempo para disfrutar de la vida por medio de la m\u00fasica, como lo ha hecho el pasado finde semana la Tuna de Veteranos de Medicina de la Universidad de La Laguna (oficialmente \u201cTuna Veterani Medicinae\u201d) que preside <strong>Francisco \u201cPaco\u201d Fern\u00e1ndez Robayna<\/strong>, alias <em>\u201cJefe\u201d<\/em> con la inestimable colaboraci\u00f3n del desinquieto <strong>Jos\u00e9 Manuel Mart\u00edn Pe\u00f1a<\/strong>, alias \u201c<em>Monaguillo\u201d<\/em>. Lo hicieron con un rotundo \u00e9xito en el 28\u00ba Certamen Internacional de Cuarentunas, que se celebr\u00f3 en la ciudad de Cartagena, con la presencia de medio millar de tunos.<\/li>\n<\/ul>\n<p><img loading=\"lazy\" decoding=\"async\" class=\"size-large wp-image-9897 aligncenter\" src=\"http:\/\/canariasenpositivo.com\/wp-content\/uploads\/2025\/11\/5.-VETERANI-MEDICINAE-1024x771.jpg\" alt=\"\" width=\"660\" height=\"497\" \/><\/p>\n<p style=\"text-align: center\"><em>Parte de la Tuna de Veteranos de Medicina de La Laguna (Tuna Veterani Medicinae)<\/em><\/p>\n<p>&nbsp;<\/p>\n<p><span style=\"color: #0000ff\"><strong>Ingresaron en la Federaci\u00f3n Internacional de Cuarentunas<\/strong><\/span><\/p>\n<ul>\n<li>Los nuestros, que se presentaron por primera vez hace unas semanas en el Orfe\u00f3n La Paz de La Laguna, han dado ahora el salto internacional, yendo y actuando oficialmente en el veterano certamen de Cartagena donde la formaci\u00f3n lagunera fue oficialmente admitida en la Federaci\u00f3n Internacional de Cuarentunas Universitarias, actuando como padrinos la hist\u00f3rica y veterana Cuarentuna de Santiago de Compostela y la Cuarentuna de Oviedo. Todo un lujo. Y, seguidamente, fueron acogidos oficialmente por la alcaldesa de la ciudad, <strong>Noelia Arroyo Hern\u00e1ndez<\/strong>, madrina del certamen, a quien <strong>Paco Robayna <em>\u201cJefe\u201d<\/em><\/strong> y <strong>Jos\u00e9 Manuel <em>\u201cMonaguillo\u201d<\/em><\/strong> obsequiaron entreg\u00e1ndoles varios recuerdos de La Laguna y Tenerife. Muchas felicidades por ese gran \u00e9xito internacional y\u2026 \u00a1\u00a1A\u00fapa Tuna!!<\/li>\n<\/ul>\n<p><img loading=\"lazy\" decoding=\"async\" class=\"size-large wp-image-9898 aligncenter\" src=\"http:\/\/canariasenpositivo.com\/wp-content\/uploads\/2025\/11\/6.-TUNAS-EN-CARTAGENA-1024x692.jpg\" alt=\"\" width=\"660\" height=\"446\" \/><\/p>\n<p style=\"text-align: center\"><em>Parte de los 550 tunos asistentes. Con las becas amarillas, los nuestros de Medicina de La Laguna.<\/em><\/p>\n<p>&nbsp;<\/p>\n<p><span style=\"color: #0000ff\"><strong>Escol\u00e1stico Gil con William Levi y Adriana Torreberarano<\/strong><\/span><\/p>\n<ul>\n<li>El Ayuntamiento de El Rosario acogi\u00f3 hace unos d\u00edas en una recepci\u00f3n a parte del equipo art\u00edstico y t\u00e9cnico de la pel\u00edcula \u201cBajo un Fuego\u201d, segunda parte de la saga \u201cBajo un Volc\u00e1n\u201d, que se filma desde hace semanas en varios enclaves de la villa de La Esperanza. La pareja protagonista, el actor <strong>William Levi<\/strong>y la actriz <strong>Adriana Torrebejarano<\/strong>, acompa\u00f1ados, entre otros, por <strong>Kailey Levi<\/strong>, hija del actor cubano-estadounidense, en la que es su primera incursi\u00f3n en el cine en esta cinta que dirige <strong>Mart\u00edn Cuervo<\/strong>. Todos fueron recibidos por el alcalde <strong>Escol\u00e1stico Gil<\/strong>, quien destac\u00f3 \u201cla importancia de que producciones cinematogr\u00e1ficas de este nivel elijan El Rosario como escenario natural, contribuyendo a la promoci\u00f3n cultural, tur\u00edstica y econ\u00f3mica del municipio. En el encuentro, <strong>Escol\u00e1stico<\/strong> les hizo entrega de detalles institucionales en agradecimiento por su visita y por la difusi\u00f3n que el rodaje aporta, y firmaron en el libro de honor del Municipio. Como no pod\u00eda ser de otra manera, <strong>Escol\u00e1stico<\/strong> obsequi\u00f3 a <strong>William <\/strong>y <strong>Adriana<\/strong>, con sendas mantas esperanceras, s\u00edmbolo del municipio, la tradici\u00f3n artesanal y la identidad canaria. Sin duda alguna, el puntal <strong>Escol\u00e1stico Gil<\/strong> no pierde una para arrayarse diez millos.<\/li>\n<\/ul>\n<p><img loading=\"lazy\" decoding=\"async\" class=\"size-large wp-image-9899 aligncenter\" src=\"http:\/\/canariasenpositivo.com\/wp-content\/uploads\/2025\/11\/7.-ESCOLASTICO-WILLIAM-Y-ADRIANA-1024x683.jpg\" alt=\"\" width=\"660\" height=\"440\" \/><\/p>\n<p style=\"text-align: center\"><em>Escol\u00e1stico Gil (c) con Adriana Torrebejarano y William Levi, ambos con sus mantas.<\/em><\/p>\n<p>&nbsp;<\/p>\n<p><span style=\"color: #0000ff\"><strong>Juan Capote habla en China para m\u00e1s de 10.000 personas<\/strong><\/span><\/p>\n<ul>\n<li>Lo de nuestro paisano y gran amigo, <strong>Juan Francisco Capote \u00c1lvarez<\/strong>, es de r\u00e9cord. Ya saben ustedes que el palmero <strong>Juan Capote<\/strong> es licenciado en Biolog\u00eda, doctor en Veterinaria, investigador del IC\u00cdA, escritor, gastr\u00f3nomo, palomero, experto en h\u00edpica y forofo del Tenisca (todo no pod\u00eda ser bueno). Pero lo que quiz\u00e1 no saben es que es que <strong>Capote<\/strong> es una eminencia mundial en el sector del ganado caprino y ovino, cuyo mayor censo esta en China. Muchas veces ha viajado <strong>Juan Capote<\/strong> a China y ha llegado a ser presidente de la International Goat Association (IGA) la Asociaci\u00f3n Internacional del Caprino. Actualmente <strong>Juan Capote<\/strong> es presidente de honor de la Sociedad China de la Industria de la Leche de Cabra y Oveja y, en su calidad de experto, ha vuelto a China y en Shaanxi donde un d\u00eda ha pronunciado una conferencia ante la friolera de 10.000 personas, con exitoso final entre aplausos gritos y salida antes de tiempo para evitar el asalto masivo de los asistentes con c\u00e1maras fotogr\u00e1ficas como pas\u00f3 d\u00edas antes, en otra conferencia ante unas 600 personas, donde cientos quer\u00edan sacarse una foto con su eminencia <strong>Juan Capote<\/strong>.<\/li>\n<\/ul>\n<p><img loading=\"lazy\" decoding=\"async\" class=\"size-large wp-image-9900 aligncenter\" src=\"http:\/\/canariasenpositivo.com\/wp-content\/uploads\/2025\/11\/8.-CAPOTE-CONFERENCIA-EN-CHINA-1024x462.jpg\" alt=\"\" width=\"660\" height=\"298\" \/><\/p>\n<p style=\"text-align: center\"><em>Juan Capote (con bufanda roja) hablando en un auditorio ante unas 10.000 personas<\/em><\/p>\n<p>&nbsp;<\/p>\n<p><span style=\"color: #0000ff\"><strong>Primera empresa l\u00e1ctea que cotiza en bolsa de Hong Kong<\/strong><\/span><\/p>\n<ul>\n<li>Me comenta siempre <strong>Juan Capote<\/strong> que China todos los a\u00f1os produce sorpresas. Este a\u00f1o se ha sorprendido con las cabras modificadas con ingenier\u00eda gen\u00e9tica y, quiz\u00e1 el hecho m\u00e1s novedoso y significativo, el ver que, por primera vez en el mundo, una empresa de transformaci\u00f3n de productos l\u00e1cteos caprinos ha comenzado a cotizar en bolsa y, m\u00e1s concretamente, en la bolsa de valores de Hong Kong (SEHK) la sexta m\u00e1s importante del mundo. Coincidiendo con la estancia de <strong>Juan Capote<\/strong> en aquella localidad, se le entreg\u00f3 a la empresa la plaza acreditativa de cotizar en bolsa y fue precisamente <strong>Juan Capote<\/strong>, en calidad de presidente de honor, uno de los que particip\u00f3 en la entrega, junto a <strong>Wen He<\/strong>, director ejecutivo de Shaanxi Sengtang Dairy Co Ltd (La empresa que cotiza en bolsa, dedicada a la leche en polvo de cabra, sobre todo para ni\u00f1os) y <strong>Ziguo Zheng<\/strong>, presidente de Shaaxi Dairy Products Association (Asociaci\u00f3n de Productos L\u00e1cteos de Shaanxi, o sea, la industria) Shaanxi es una provincia de la Rep\u00fablica Popular China. Su capital es Xi&#8217;an, inicio y final de las caravanas de la Ruta de la Seda, y famosa por albergar los Guerreros de terracota. Tiene 205.88 km2 (27 veces m\u00e1s grande que las islas Canarias) y unos 38 millones de habitantes (casi 17 veces m\u00e1s que Canarias) Felicidades a <strong>Juan Capote,<\/strong> con el convencimiento de que, cada vez que gana uno de los nuestros (aunque sea del Tenisca) ganamos todos nosotros (incluso los del Mensa, como yo)<\/li>\n<\/ul>\n<p><img loading=\"lazy\" decoding=\"async\" class=\"size-large wp-image-9901 aligncenter\" src=\"http:\/\/canariasenpositivo.com\/wp-content\/uploads\/2025\/11\/9.-CAPOTE-ENTREGANDO-PLACA-1024x768.jpg\" alt=\"\" width=\"660\" height=\"495\" \/><\/p>\n<p style=\"text-align: center\"><em>Juan Francisco (i) el director Wen He (portando la placa) y el presidente Ziguo Zheng<\/em><\/p>\n<p>&nbsp;<\/p>\n<p><span style=\"color: #0000ff\"><strong>* Jos\u00e9 Carlos MARRERO GONZ\u00c1LEZ<\/strong><\/span><\/p>\n<p>Periodista y analista de la actualidad.<\/p>\n<p>Director de <strong><em>El Cotarro<\/em><\/strong> (www.elcotarro.com)<\/p>\n<p>Director de <strong><em>Canarias en Positivo<\/em><\/strong> (www.canariasenpositivo.com)<\/p>\n<p>Director de <strong><em>GastroCanarias<\/em><\/strong> (www.gastrocanarias.com)<\/p>\n<p>&nbsp;<\/p>\n<p>Islas Canarias, 2 de noviembre de 2025<\/p>\n<p><img loading=\"lazy\" decoding=\"async\" class=\"size-full wp-image-9744 aligncenter\" src=\"http:\/\/canariasenpositivo.com\/wp-content\/uploads\/2025\/09\/4.-CARECA-INSULA.jpg\" alt=\"\" width=\"750\" height=\"153\" \/><\/p>\n","protected":false},"excerpt":{"rendered":"<p>N\u00ba582 DEL 2 DE NOVIEMBRE DE 2025 &nbsp; La \u201ciNdiosincrasia\u201d de Canarias seg\u00fan Benicio Alonso La persona que piense que esto que voy a escribir hoy tiene algo que ver con el tan hist\u00f3rico como absurdo \u201cpleito insular\u201d, est\u00e1 totalmente equivocada, o lo que tiene, sin duda, es mucha \u201cfalta de ignorancia\u201d y retorcimiento. Lo &#8230; <a class=\"read-more\" href=\"https:\/\/elcotarro.com\/?p=11174\">Read more<\/a><\/p>\n","protected":false},"author":2,"featured_media":0,"comment_status":"open","ping_status":"open","sticky":false,"template":"","format":"standard","meta":{"_jetpack_memberships_contains_paid_content":false,"footnotes":""},"categories":[4],"tags":[],"class_list":["post-11174","post","type-post","status-publish","format-standard","hentry","category-el-cotarro"],"yoast_head":"<!-- This site is optimized with the Yoast SEO plugin v27.0 - https:\/\/yoast.com\/product\/yoast-seo-wordpress\/ -->\n<title>EL COTARRO \/ 582, DEL DOMINGO, 02\/11\/2025 - El Cotarro<\/title>\n<meta name=\"robots\" content=\"index, follow, max-snippet:-1, max-image-preview:large, max-video-preview:-1\" \/>\n<link rel=\"canonical\" href=\"https:\/\/elcotarro.com\/?p=11174\" \/>\n<meta property=\"og:locale\" content=\"es_ES\" \/>\n<meta property=\"og:type\" content=\"article\" \/>\n<meta property=\"og:title\" content=\"EL COTARRO \/ 582, DEL DOMINGO, 02\/11\/2025 - El Cotarro\" \/>\n<meta property=\"og:description\" content=\"N\u00ba582 DEL 2 DE NOVIEMBRE DE 2025 &nbsp; La \u201ciNdiosincrasia\u201d de Canarias seg\u00fan Benicio Alonso La persona que piense que esto que voy a escribir hoy tiene algo que ver con el tan hist\u00f3rico como absurdo \u201cpleito insular\u201d, est\u00e1 totalmente equivocada, o lo que tiene, sin duda, es mucha \u201cfalta de ignorancia\u201d y retorcimiento. Lo ... Read more\" \/>\n<meta property=\"og:url\" content=\"https:\/\/elcotarro.com\/?p=11174\" \/>\n<meta property=\"og:site_name\" content=\"El Cotarro\" \/>\n<meta property=\"article:publisher\" content=\"https:\/\/www.facebook.com\/ElCotarro.Tenerife\" \/>\n<meta property=\"article:published_time\" content=\"2025-11-02T00:03:01+00:00\" \/>\n<meta property=\"article:modified_time\" content=\"2025-11-02T00:04:01+00:00\" \/>\n<meta property=\"og:image\" content=\"https:\/\/elcotarro.com\/wp-content\/uploads\/2021\/04\/FOTO-6.-FOUNDATION.jpeg\" \/>\n\t<meta property=\"og:image:width\" content=\"645\" \/>\n\t<meta property=\"og:image:height\" content=\"358\" \/>\n\t<meta property=\"og:image:type\" content=\"image\/jpeg\" \/>\n<meta name=\"author\" content=\"Jos\u00e9 Carlos Marrero Gonz\u00e1lez\" \/>\n<meta name=\"twitter:label1\" content=\"Escrito por\" \/>\n\t<meta name=\"twitter:data1\" content=\"Jos\u00e9 Carlos Marrero Gonz\u00e1lez\" \/>\n\t<meta name=\"twitter:label2\" content=\"Tiempo de lectura\" \/>\n\t<meta name=\"twitter:data2\" content=\"11 minutos\" \/>\n<script type=\"application\/ld+json\" class=\"yoast-schema-graph\">{\"@context\":\"https:\/\/schema.org\",\"@graph\":[{\"@type\":\"Article\",\"@id\":\"https:\/\/elcotarro.com\/?p=11174#article\",\"isPartOf\":{\"@id\":\"https:\/\/elcotarro.com\/?p=11174\"},\"author\":{\"name\":\"Jos\u00e9 Carlos Marrero Gonz\u00e1lez\",\"@id\":\"https:\/\/elcotarro.com\/#\/schema\/person\/af537ee7d60d15984c7e0affcd8a918b\"},\"headline\":\"EL COTARRO \/ 582, DEL DOMINGO, 02\/11\/2025\",\"datePublished\":\"2025-11-02T00:03:01+00:00\",\"dateModified\":\"2025-11-02T00:04:01+00:00\",\"mainEntityOfPage\":{\"@id\":\"https:\/\/elcotarro.com\/?p=11174\"},\"wordCount\":2004,\"commentCount\":0,\"publisher\":{\"@id\":\"https:\/\/elcotarro.com\/#organization\"},\"image\":{\"@id\":\"https:\/\/elcotarro.com\/?p=11174#primaryimage\"},\"thumbnailUrl\":\"http:\/\/canariasenpositivo.com\/wp-content\/uploads\/2025\/09\/EL-COTARRO-CABECERA-CON-NUMERO.jpg\",\"articleSection\":[\"El Cotarro\"],\"inLanguage\":\"es\",\"potentialAction\":[{\"@type\":\"CommentAction\",\"name\":\"Comment\",\"target\":[\"https:\/\/elcotarro.com\/?p=11174#respond\"]}]},{\"@type\":\"WebPage\",\"@id\":\"https:\/\/elcotarro.com\/?p=11174\",\"url\":\"https:\/\/elcotarro.com\/?p=11174\",\"name\":\"EL COTARRO \/ 582, DEL DOMINGO, 02\/11\/2025 - El Cotarro\",\"isPartOf\":{\"@id\":\"https:\/\/elcotarro.com\/#website\"},\"primaryImageOfPage\":{\"@id\":\"https:\/\/elcotarro.com\/?p=11174#primaryimage\"},\"image\":{\"@id\":\"https:\/\/elcotarro.com\/?p=11174#primaryimage\"},\"thumbnailUrl\":\"http:\/\/canariasenpositivo.com\/wp-content\/uploads\/2025\/09\/EL-COTARRO-CABECERA-CON-NUMERO.jpg\",\"datePublished\":\"2025-11-02T00:03:01+00:00\",\"dateModified\":\"2025-11-02T00:04:01+00:00\",\"breadcrumb\":{\"@id\":\"https:\/\/elcotarro.com\/?p=11174#breadcrumb\"},\"inLanguage\":\"es\",\"potentialAction\":[{\"@type\":\"ReadAction\",\"target\":[\"https:\/\/elcotarro.com\/?p=11174\"]}]},{\"@type\":\"ImageObject\",\"inLanguage\":\"es\",\"@id\":\"https:\/\/elcotarro.com\/?p=11174#primaryimage\",\"url\":\"http:\/\/canariasenpositivo.com\/wp-content\/uploads\/2025\/09\/EL-COTARRO-CABECERA-CON-NUMERO.jpg\",\"contentUrl\":\"http:\/\/canariasenpositivo.com\/wp-content\/uploads\/2025\/09\/EL-COTARRO-CABECERA-CON-NUMERO.jpg\"},{\"@type\":\"BreadcrumbList\",\"@id\":\"https:\/\/elcotarro.com\/?p=11174#breadcrumb\",\"itemListElement\":[{\"@type\":\"ListItem\",\"position\":1,\"name\":\"Portada\",\"item\":\"https:\/\/elcotarro.com\/\"},{\"@type\":\"ListItem\",\"position\":2,\"name\":\"EL COTARRO \/ 582, DEL DOMINGO, 02\/11\/2025\"}]},{\"@type\":\"WebSite\",\"@id\":\"https:\/\/elcotarro.com\/#website\",\"url\":\"https:\/\/elcotarro.com\/\",\"name\":\"El Cotarro\",\"description\":\"Peri\u00f3dico Digital Independiente dirigido por Jos\u00e9 Carlos Marrero\",\"publisher\":{\"@id\":\"https:\/\/elcotarro.com\/#organization\"},\"potentialAction\":[{\"@type\":\"SearchAction\",\"target\":{\"@type\":\"EntryPoint\",\"urlTemplate\":\"https:\/\/elcotarro.com\/?s={search_term_string}\"},\"query-input\":{\"@type\":\"PropertyValueSpecification\",\"valueRequired\":true,\"valueName\":\"search_term_string\"}}],\"inLanguage\":\"es\"},{\"@type\":\"Organization\",\"@id\":\"https:\/\/elcotarro.com\/#organization\",\"name\":\"El Cotarro\",\"url\":\"https:\/\/elcotarro.com\/\",\"logo\":{\"@type\":\"ImageObject\",\"inLanguage\":\"es\",\"@id\":\"https:\/\/elcotarro.com\/#\/schema\/logo\/image\/\",\"url\":\"https:\/\/elcotarro.com\/wp-content\/uploads\/2014\/09\/Cabecera_El_Cotarro_v2.jpg\",\"contentUrl\":\"https:\/\/elcotarro.com\/wp-content\/uploads\/2014\/09\/Cabecera_El_Cotarro_v2.jpg\",\"width\":3540,\"height\":441,\"caption\":\"El Cotarro\"},\"image\":{\"@id\":\"https:\/\/elcotarro.com\/#\/schema\/logo\/image\/\"},\"sameAs\":[\"https:\/\/www.facebook.com\/ElCotarro.Tenerife\"]},{\"@type\":\"Person\",\"@id\":\"https:\/\/elcotarro.com\/#\/schema\/person\/af537ee7d60d15984c7e0affcd8a918b\",\"name\":\"Jos\u00e9 Carlos Marrero Gonz\u00e1lez\",\"image\":{\"@type\":\"ImageObject\",\"inLanguage\":\"es\",\"@id\":\"https:\/\/elcotarro.com\/#\/schema\/person\/image\/\",\"url\":\"https:\/\/secure.gravatar.com\/avatar\/def4da036efb5d32c74d49c351f6dccc064dd69ad9f3aadc295c5a9a5391ca01?s=96&d=mm&r=g\",\"contentUrl\":\"https:\/\/secure.gravatar.com\/avatar\/def4da036efb5d32c74d49c351f6dccc064dd69ad9f3aadc295c5a9a5391ca01?s=96&d=mm&r=g\",\"caption\":\"Jos\u00e9 Carlos Marrero Gonz\u00e1lez\"},\"sameAs\":[\"https:\/\/elcotarro.com\"],\"url\":\"https:\/\/elcotarro.com\/?author=2\"}]}<\/script>\n<!-- \/ Yoast SEO plugin. -->","yoast_head_json":{"title":"EL COTARRO \/ 582, DEL DOMINGO, 02\/11\/2025 - El Cotarro","robots":{"index":"index","follow":"follow","max-snippet":"max-snippet:-1","max-image-preview":"max-image-preview:large","max-video-preview":"max-video-preview:-1"},"canonical":"https:\/\/elcotarro.com\/?p=11174","og_locale":"es_ES","og_type":"article","og_title":"EL COTARRO \/ 582, DEL DOMINGO, 02\/11\/2025 - El Cotarro","og_description":"N\u00ba582 DEL 2 DE NOVIEMBRE DE 2025 &nbsp; La \u201ciNdiosincrasia\u201d de Canarias seg\u00fan Benicio Alonso La persona que piense que esto que voy a escribir hoy tiene algo que ver con el tan hist\u00f3rico como absurdo \u201cpleito insular\u201d, est\u00e1 totalmente equivocada, o lo que tiene, sin duda, es mucha \u201cfalta de ignorancia\u201d y retorcimiento. Lo ... Read more","og_url":"https:\/\/elcotarro.com\/?p=11174","og_site_name":"El Cotarro","article_publisher":"https:\/\/www.facebook.com\/ElCotarro.Tenerife","article_published_time":"2025-11-02T00:03:01+00:00","article_modified_time":"2025-11-02T00:04:01+00:00","og_image":[{"width":645,"height":358,"url":"https:\/\/elcotarro.com\/wp-content\/uploads\/2021\/04\/FOTO-6.-FOUNDATION.jpeg","type":"image\/jpeg"}],"author":"Jos\u00e9 Carlos Marrero Gonz\u00e1lez","twitter_misc":{"Escrito por":"Jos\u00e9 Carlos Marrero Gonz\u00e1lez","Tiempo de lectura":"11 minutos"},"schema":{"@context":"https:\/\/schema.org","@graph":[{"@type":"Article","@id":"https:\/\/elcotarro.com\/?p=11174#article","isPartOf":{"@id":"https:\/\/elcotarro.com\/?p=11174"},"author":{"name":"Jos\u00e9 Carlos Marrero Gonz\u00e1lez","@id":"https:\/\/elcotarro.com\/#\/schema\/person\/af537ee7d60d15984c7e0affcd8a918b"},"headline":"EL COTARRO \/ 582, DEL DOMINGO, 02\/11\/2025","datePublished":"2025-11-02T00:03:01+00:00","dateModified":"2025-11-02T00:04:01+00:00","mainEntityOfPage":{"@id":"https:\/\/elcotarro.com\/?p=11174"},"wordCount":2004,"commentCount":0,"publisher":{"@id":"https:\/\/elcotarro.com\/#organization"},"image":{"@id":"https:\/\/elcotarro.com\/?p=11174#primaryimage"},"thumbnailUrl":"http:\/\/canariasenpositivo.com\/wp-content\/uploads\/2025\/09\/EL-COTARRO-CABECERA-CON-NUMERO.jpg","articleSection":["El Cotarro"],"inLanguage":"es","potentialAction":[{"@type":"CommentAction","name":"Comment","target":["https:\/\/elcotarro.com\/?p=11174#respond"]}]},{"@type":"WebPage","@id":"https:\/\/elcotarro.com\/?p=11174","url":"https:\/\/elcotarro.com\/?p=11174","name":"EL COTARRO \/ 582, DEL DOMINGO, 02\/11\/2025 - El Cotarro","isPartOf":{"@id":"https:\/\/elcotarro.com\/#website"},"primaryImageOfPage":{"@id":"https:\/\/elcotarro.com\/?p=11174#primaryimage"},"image":{"@id":"https:\/\/elcotarro.com\/?p=11174#primaryimage"},"thumbnailUrl":"http:\/\/canariasenpositivo.com\/wp-content\/uploads\/2025\/09\/EL-COTARRO-CABECERA-CON-NUMERO.jpg","datePublished":"2025-11-02T00:03:01+00:00","dateModified":"2025-11-02T00:04:01+00:00","breadcrumb":{"@id":"https:\/\/elcotarro.com\/?p=11174#breadcrumb"},"inLanguage":"es","potentialAction":[{"@type":"ReadAction","target":["https:\/\/elcotarro.com\/?p=11174"]}]},{"@type":"ImageObject","inLanguage":"es","@id":"https:\/\/elcotarro.com\/?p=11174#primaryimage","url":"http:\/\/canariasenpositivo.com\/wp-content\/uploads\/2025\/09\/EL-COTARRO-CABECERA-CON-NUMERO.jpg","contentUrl":"http:\/\/canariasenpositivo.com\/wp-content\/uploads\/2025\/09\/EL-COTARRO-CABECERA-CON-NUMERO.jpg"},{"@type":"BreadcrumbList","@id":"https:\/\/elcotarro.com\/?p=11174#breadcrumb","itemListElement":[{"@type":"ListItem","position":1,"name":"Portada","item":"https:\/\/elcotarro.com\/"},{"@type":"ListItem","position":2,"name":"EL COTARRO \/ 582, DEL DOMINGO, 02\/11\/2025"}]},{"@type":"WebSite","@id":"https:\/\/elcotarro.com\/#website","url":"https:\/\/elcotarro.com\/","name":"El Cotarro","description":"Peri\u00f3dico Digital Independiente dirigido por Jos\u00e9 Carlos Marrero","publisher":{"@id":"https:\/\/elcotarro.com\/#organization"},"potentialAction":[{"@type":"SearchAction","target":{"@type":"EntryPoint","urlTemplate":"https:\/\/elcotarro.com\/?s={search_term_string}"},"query-input":{"@type":"PropertyValueSpecification","valueRequired":true,"valueName":"search_term_string"}}],"inLanguage":"es"},{"@type":"Organization","@id":"https:\/\/elcotarro.com\/#organization","name":"El Cotarro","url":"https:\/\/elcotarro.com\/","logo":{"@type":"ImageObject","inLanguage":"es","@id":"https:\/\/elcotarro.com\/#\/schema\/logo\/image\/","url":"https:\/\/elcotarro.com\/wp-content\/uploads\/2014\/09\/Cabecera_El_Cotarro_v2.jpg","contentUrl":"https:\/\/elcotarro.com\/wp-content\/uploads\/2014\/09\/Cabecera_El_Cotarro_v2.jpg","width":3540,"height":441,"caption":"El Cotarro"},"image":{"@id":"https:\/\/elcotarro.com\/#\/schema\/logo\/image\/"},"sameAs":["https:\/\/www.facebook.com\/ElCotarro.Tenerife"]},{"@type":"Person","@id":"https:\/\/elcotarro.com\/#\/schema\/person\/af537ee7d60d15984c7e0affcd8a918b","name":"Jos\u00e9 Carlos Marrero Gonz\u00e1lez","image":{"@type":"ImageObject","inLanguage":"es","@id":"https:\/\/elcotarro.com\/#\/schema\/person\/image\/","url":"https:\/\/secure.gravatar.com\/avatar\/def4da036efb5d32c74d49c351f6dccc064dd69ad9f3aadc295c5a9a5391ca01?s=96&d=mm&r=g","contentUrl":"https:\/\/secure.gravatar.com\/avatar\/def4da036efb5d32c74d49c351f6dccc064dd69ad9f3aadc295c5a9a5391ca01?s=96&d=mm&r=g","caption":"Jos\u00e9 Carlos Marrero Gonz\u00e1lez"},"sameAs":["https:\/\/elcotarro.com"],"url":"https:\/\/elcotarro.com\/?author=2"}]}},"jetpack_featured_media_url":"","jetpack_sharing_enabled":true,"_links":{"self":[{"href":"https:\/\/elcotarro.com\/index.php?rest_route=\/wp\/v2\/posts\/11174","targetHints":{"allow":["GET"]}}],"collection":[{"href":"https:\/\/elcotarro.com\/index.php?rest_route=\/wp\/v2\/posts"}],"about":[{"href":"https:\/\/elcotarro.com\/index.php?rest_route=\/wp\/v2\/types\/post"}],"author":[{"embeddable":true,"href":"https:\/\/elcotarro.com\/index.php?rest_route=\/wp\/v2\/users\/2"}],"replies":[{"embeddable":true,"href":"https:\/\/elcotarro.com\/index.php?rest_route=%2Fwp%2Fv2%2Fcomments&post=11174"}],"version-history":[{"count":1,"href":"https:\/\/elcotarro.com\/index.php?rest_route=\/wp\/v2\/posts\/11174\/revisions"}],"predecessor-version":[{"id":11175,"href":"https:\/\/elcotarro.com\/index.php?rest_route=\/wp\/v2\/posts\/11174\/revisions\/11175"}],"wp:attachment":[{"href":"https:\/\/elcotarro.com\/index.php?rest_route=%2Fwp%2Fv2%2Fmedia&parent=11174"}],"wp:term":[{"taxonomy":"category","embeddable":true,"href":"https:\/\/elcotarro.com\/index.php?rest_route=%2Fwp%2Fv2%2Fcategories&post=11174"},{"taxonomy":"post_tag","embeddable":true,"href":"https:\/\/elcotarro.com\/index.php?rest_route=%2Fwp%2Fv2%2Ftags&post=11174"}],"curies":[{"name":"wp","href":"https:\/\/api.w.org\/{rel}","templated":true}]}}