{"id":11227,"date":"2026-01-04T00:19:52","date_gmt":"2026-01-04T00:19:52","guid":{"rendered":"https:\/\/elcotarro.com\/?p=11227"},"modified":"2026-01-04T00:23:17","modified_gmt":"2026-01-04T00:23:17","slug":"el-cotarro-591-del-domingo-04-01-2026","status":"publish","type":"post","link":"https:\/\/elcotarro.com\/?p=11227","title":{"rendered":"EL COTARRO \/ 591, DEL DOMINGO, 04\/01\/2026"},"content":{"rendered":"<p style=\"text-align: center\"><strong><img loading=\"lazy\" decoding=\"async\" class=\"size-large wp-image-9986 aligncenter\" src=\"https:\/\/canariasenpositivo.com\/wp-content\/uploads\/2025\/11\/12.-CABECERA-DIGITAL-1024x128.jpg\" alt=\"\" width=\"660\" height=\"83\" \/><span style=\"color: #ff0000\">\u00a0<\/span><\/strong><span style=\"color: #ff0000\"><strong>N\u00ba591 DEL 4 DE ENERO DE 2026<\/strong><\/span><\/p>\n<p>&nbsp;<\/p>\n<p><span style=\"color: #0000ff\"><strong>Se equivoca quien sostiene que son ocho nuestras islas<\/strong><\/span><\/p>\n<ul>\n<li>He tenido que cambiar el principio de <strong><em>El Cotarro<\/em><\/strong> que ten\u00eda escrito porque lo que ha pasado me hizo recordar la entra\u00f1able canci\u00f3n de <strong>Braulio<\/strong> titulada Venezuela que comenzaba diciendo: recordar cada vez m\u00e1s consolidada plataforma de pueden hacerlo accediendo al mismo a trav\u00e9s del siguiente enlace directo: <em>\u201cSe equivoca quien sostiene \/ que son ocho nuestras islas \/ y se olvida de que hay otra, \/ la que forman los canarios \/ que siguieron la llamada \/de la Am\u00e9rica remota; \/ Otra isla de nostalgia \/ en la inmensa exuberancia \/ de esa tierra generosa, \/ donde viven y se afanan, \/ donde muere y donde ama \/ tanta gente compatriota. \/ Venezuela, siempre ha sido \/ para el hombre de mi tierra \/ la esperanza que convoca\u201d<\/em>. Nadie duda que Canarias no se termina de conocer si no se conoce Venezuela y la realidad de los miles de canarios residentes en aquel maravilloso pa\u00eds. Muchas veces el voto de aquellos residentes ha marcado el color de los gobiernos en Canarias. Deseo y espero que lo que est\u00e1 pasando en Venezuela, con la salida del pa\u00eds de <strong>Nicol\u00e1s Maduro<\/strong> y su esposa <strong>Cilia Flores<\/strong>, sirva para que la democracia (verdadera) y las libertades (reales) vuelvan a ser una feliz realidad en todo el territorio venezolano.<\/li>\n<\/ul>\n<p><img loading=\"lazy\" decoding=\"async\" class=\"size-full wp-image-10161 aligncenter\" src=\"https:\/\/canariasenpositivo.com\/wp-content\/uploads\/2026\/01\/1.-BANDERA-DE-VENEZUELA.jpg\" alt=\"\" width=\"798\" height=\"541\" \/><\/p>\n<p style=\"text-align: center\"><em>Bandera de la Rep\u00fablica de Venezuela, nuestra querida \u201coctava isla\u201d en la Am\u00e9rica remota.<\/em><\/p>\n<p>&nbsp;<\/p>\n<p><span style=\"color: #0000ff\"><strong>Comienzo el 2026 dese\u00e1ndoles salud, salud y\u2026, m\u00e1s salud<\/strong><\/span><\/p>\n<ul>\n<li>Imagino que ya estar\u00e1n hasta la mism\u00edsima coronilla de tantas felicitaciones por Navidad y por la llegada de este 2026 que acabamos de estrenar. Imagino que les habr\u00e1n deseado de todo y m\u00e1s, pero yo solo les deseo desde <strong><em>El Cotarro<\/em><\/strong> que tengan salud, salud y\u2026m\u00e1s salud. Dicho lo anterior y deseando y esperando que ma\u00f1ana por la noche los <strong>Reyes Magos<\/strong> le dejen todo lo que se merecen, pongo los pies en el suelo para compartir con ustedes un par de temas que, todav\u00eda sin echar a rodar del todo este biso\u00f1o 2026, ya est\u00e1n afectando a la sufrida ciudadan\u00eda. El primero de ellos tiene que ver con un sector que ha estado ligado a gran parte de mi trayectoria profesional en el periodismo radiof\u00f3nico. Me refiero al cercano, querido y respetado sector del taxi en Santa Cruz de Tenerife y en toda nuestra isla, as\u00ed como a mi ya veterana vinculaci\u00f3n con los profesionales taxistas (los titulares de las licencias y los sufridos asalariados) que gran parte de ellos se han \u201cpegado\u201d muchos d\u00edas hasta 15 horas al volante. A ver si, una vez m\u00e1s, su santo patr\u00f3n y protector, <strong>San Crist\u00f3bal<\/strong>, les ayuda a que, de nuevo, impere en el sector y sus profesionales la necesaria inteligencia, sabia cordura, el sano entendimiento y el consenso positivo. Mientras tanto, vaya <strong><em>El Cotarro<\/em><\/strong> de hoy, casi monogr\u00e1fico, dedicado a ellos con respeto.<\/li>\n<\/ul>\n<p><img loading=\"lazy\" decoding=\"async\" class=\"size-full wp-image-10162 aligncenter\" src=\"https:\/\/canariasenpositivo.com\/wp-content\/uploads\/2026\/01\/2.-SAN-CRISTOBAL-EN-TAXI.jpg\" alt=\"\" width=\"839\" height=\"599\" \/><\/p>\n<p style=\"text-align: center\"><em>Imagen de San Crist\u00f3bal sacada en procesi\u00f3n sobre el techo de un taxi, como se hacia en nuestra isla.<\/em><\/p>\n<p><strong>\u00a0<\/strong><\/p>\n<p><span style=\"color: #0000ff\"><strong>El sector del Taxi chicharrero se suicida en defensa propia<\/strong><\/span><\/p>\n<ul>\n<li>En Radio Club (SER) en Antena 3 de Radio, en RadioCadena Espa\u00f1ola y COPE Tenerife compart\u00ed en muchos momentos en los que, en vivo y en directo, mis mayores y mejores informadores y corresponsales, eran los propios taxistas, que comunicaban conmigo a trav\u00e9s de sus ya olvidadas emisoras de 2 metros. Viv\u00ed intensamente la batalla y el asedio que durante meses (y a\u00f1os) los taxistas de Santa Cruz de Tenerife, liderados por el recordado <strong>Tom\u00e1s Guill\u00e9n<\/strong>, m\u00e1s conocido por <strong><em>\u201cEl Tequila\u201d<\/em><\/strong> (que en paz descanse) dieron al alcalde <strong>Manuel Hermoso Rojas<\/strong> (que tambi\u00e9n descanse en paz) luchando (\u00a1miren ustedes por d\u00f3nde!) para que sacara m\u00e1s licencias de taxis en el municipio chicharrero. <strong>Manuel Hermoso<\/strong> termin\u00f3 cediendo a las peticiones de los taxistas y creo recordar que sac\u00f3 unas 400 nuevas licencias a principio de los 80. Todos esos a\u00f1os de colaboraci\u00f3n con el sector y en defensa de tantos taxistas, me dan licencia para hablar de ellos y su sector en <strong><em>El Cotarro<\/em><\/strong> de este domingo, y decirles sinceramente lo que pienso, que tiene que ver con el titulillo que he puesto: <em>\u201cEl sector del Taxi chicharrero se suicida en defensa propia\u201d. <\/em>Frase que un empresario tinerfe\u00f1o llamado <strong>Antonio<\/strong> sol\u00eda decir refiri\u00e9ndose a <strong>Jos\u00e9 Segura<\/strong>, quien fue alcalde de La Laguna y presidente del Cabildo de Tenerife<\/li>\n<\/ul>\n<p><img loading=\"lazy\" decoding=\"async\" class=\"size-full wp-image-10163 aligncenter\" src=\"https:\/\/canariasenpositivo.com\/wp-content\/uploads\/2026\/01\/3.-PARADA-DE-TAXI.jpg\" alt=\"\" width=\"473\" height=\"398\" \/><\/p>\n<p style=\"text-align: center\"><em>Taxistas de Santa Cruz en la parada de El Corte Ingl\u00e9s, que tantas y buenas \u201ccarreras\u201d genera.<\/em><\/p>\n<p><em>\u00a0<\/em><\/p>\n<p><span style=\"color: #0000ff\"><strong>Tampoco hay \u201cmonumento al taxista desconocido\u201d<\/strong><\/span><\/p>\n<ul>\n<li>El recordado compa\u00f1ero periodista y amigo, <strong>Manuel Iglesias<\/strong>, sol\u00eda recordar la frase <em>\u201caqu\u00ed no hay monumento al soldado desconocido, porque nos conocemos todos\u201d<\/em>. En el sector del taxi chicharrero podr\u00edamos decir lo mismo desde hace a\u00f1os. Podr\u00edamos contar los follones (y algo m\u00e1s) habidos cuando se propuso poner las torretas con el \u201ctarifario\u201d en el techo de los taxis; cuando se \u201cpuso de moda\u201d comprar taxis de la marca Volvo; cuando se plante\u00f3 la introducci\u00f3n de las bombonas de Butano\/GLP; cuando casi se \u201cexigi\u00f3\u201d poner mamparas de seguridad; cuando se mont\u00f3 el tinglado de la publicidad (con negocio incluido) en el techo de los taxis\u2026 Si a\u00fan estuviera entre nosotros, el recordado <strong>Tom\u00e1s Guill\u00e9n<\/strong> podr\u00eda contar (y no s\u00e9 si explicar) alguna de aquellas \u201cmovidas\u201d y m\u00e1s de un \u201cenjuague\u201d que muchos veteranos taxistas a\u00fan recuerdan. Los \u201cpiques\u201d y el enfrentamiento entre grupos, asociaciones, cooperativas y l\u00edderes del sector ha sido una constante durante a\u00f1os, que, para mi gusto, ha lastrado y ha perjudicado a todos. Por eso la frase de <strong>Manuel Iglesias <\/strong>adaptada a ellos ser\u00eda <em>\u201caqu\u00ed no hay monumento al taxista desconocido, porque se conocen todos\u201d<\/em>. Y, como dice el otro, no me hagan hablar de lo que ya ustedes saben de sobra, cuentan por la espalda y critican por lo bajini.<\/li>\n<\/ul>\n<p><img loading=\"lazy\" decoding=\"async\" class=\"size-large wp-image-10164 aligncenter\" src=\"https:\/\/canariasenpositivo.com\/wp-content\/uploads\/2026\/01\/4.-MAMPARA-Y-TARIFARIO-1024x411.jpg\" alt=\"\" width=\"660\" height=\"265\" \/><\/p>\n<p style=\"text-align: center\"><em>Una mampara de seguridad para el taxista (i) y un \u201ctarifario\u201d en el techo de un taxi.<\/em><\/p>\n<p>&nbsp;<\/p>\n<p><span style=\"color: #0000ff\"><strong>De la Federaci\u00f3n Canaria a \u00c9lite Taxi, la Gremial y otras<\/strong><\/span><\/p>\n<ul>\n<li>Lo \u00faltimo que yo recuerdo de <strong>Tom\u00e1s Guill\u00e9n<\/strong> es la constituci\u00f3n a principios del 2012 de la nueva <em>Federaci\u00f3n Canaria de Autotaxi de Santa de Tenerife<\/em> presidida por el propio <strong>Tom\u00e1s<\/strong> con el apoyo de la Asociaci\u00f3n San Crist\u00f3bal, la Agrupaci\u00f3n del Autotaxi, la Agrupaci\u00f3n Profesional del Taxi de Santa Cruz y de muchos afiliados de las cooperativas de San Marcos y Santa Mar\u00eda. En total, unos 700 taxis de los m\u00e1s de mil que exist\u00edan en la capital tinerfe\u00f1a, y a la espera de que se sumara la Uni\u00f3n de los Trabajadores Aut\u00f3nomos del Taxi (UTAT). Pasaron los a\u00f1os y lleg\u00f3 \u201c\u00c9lite Taxi\u201d que lidera <strong>Miguel Ojeda<\/strong> y que actualmente es mayoritaria en el sector. Tambi\u00e9n esta la \u201cGremial del Taxi\u201d liderada por <strong>Zebensu\u00ed P\u00e9rez<\/strong>, y otras varias minoritarias. Pero, por encima de esas asociaciones y sus l\u00edderes est\u00e1 el propio sector y el servicio p\u00fablico que deben prestar con calidad, rapidez, eficiencia y seguridad. Y, aunque no lo quieran ver y menos reconocer, actualmente el sector del taxi en Santa Cruz no tiene muy buena imagen, ni est\u00e1 muy considerado. Es m\u00e1s, mucha gente se pregunta por qu\u00e9 no dejan entrar a Uber, Cabify y otras empresas.<\/li>\n<\/ul>\n<p><img loading=\"lazy\" decoding=\"async\" class=\"size-full wp-image-10165 aligncenter\" src=\"https:\/\/canariasenpositivo.com\/wp-content\/uploads\/2026\/01\/5.-REUNION-DE-TAXISTAS.jpg\" alt=\"\" width=\"600\" height=\"399\" \/><\/p>\n<p style=\"text-align: center\"><em>Foto de los l\u00edderes de las asociaciones de taxistas que, el a\u00f1o 2012 en el restaurante \u201cLa Capilla\u201d, presentaron la Federaci\u00f3n Canaria de Autotaxi de Santa de Tenerife. En la foto se ve a Tom\u00e1s Guill\u00e9n (3\u00ba por la izquierda) quien fue su primer presidente.<\/em><\/p>\n<p><em>\u00a0<\/em><\/p>\n<p><span style=\"color: #0000ff\"><strong>De Hermoso a Berm\u00fadez y licencias de taxi porque me toca<\/strong><\/span><\/p>\n<ul>\n<li>En n\u00fameros redondos, si no recuerdo mal y si no estoy mal informado, cuando lleg\u00f3 <strong>Manuel Hermoso<\/strong> (ATI) al ayuntamiento chicharrero podr\u00eda haber en el municipio unas 750 licencias. Tras la presi\u00f3n del sector del taxi, <strong>Hermoso<\/strong> lleg\u00f3 a sacar otras 400, pasando contar con 1.150 (perra m\u00e1s, perra menos) No s\u00e9 si <strong>Tom\u00e1s Guill\u00e9n<\/strong> tuvo mucho que ver en aquella \u201csiembra de licencias\u201d de los a\u00f1os 80. Pero el propio <strong>Tom\u00e1s<\/strong>, al comienzo de los a\u00f1os 2000, comenz\u00f3 a pedir la retirada de licencias y en 2012 ped\u00eda el rescate de entre 60 y 100. Tras los mandados de <strong>Jos\u00e9 Emilio Garc\u00eda G\u00f3mez<\/strong> (ATI) de 1991 a 1995) y de <strong>Miguel Zerolo Aguilar<\/strong> (Coalici\u00f3n Canaria) de 1991-2011. En 2011 llega <strong>Berm\u00fadez<\/strong> (CC) y en el 2012 se encuentra con que el municipio cuenta con 1.087 licencias activas. <strong>Berm\u00fadez<\/strong> ocupa la alcald\u00eda de 2011 al 2019 y, pasando del a\u00f1o de alcaldesa de <strong>Patricia Hern\u00e1ndez<\/strong> (PSOE) de 2019 a 2020, vuelve <strong>Jos\u00e9 Manuel Berm\u00fadez<\/strong> ese mismo a\u00f1o 2020. Entre el 2012 y el 2025, el alcalde <strong>Berm\u00fadez<\/strong> ha rescatado 411 licencias invirtiendo unos 14 millones de euros con la ayuda al 50% del Cabildo de Tenerife. En este momento Santa Cruz cuenta con 672 licencias en activo que trabajan a turnos por lo que, de hecho, en la calle, trabajan al d\u00eda solo unas 520. Por cierto: Las Palmas de Gran Canaria, con <strong>Carolina Darias<\/strong> (PSOE) de alcaldesa, tiene 350.000 habitantes, cuanta con aproximadamente 1.700 licencias y no tienen calendario.\u00a0 Es decir, unas 1.700 licencias en la calle todos los d\u00edas. Ah\u00ed lo dejo.<\/li>\n<\/ul>\n<p><strong> <img loading=\"lazy\" decoding=\"async\" class=\"size-large wp-image-10166 aligncenter\" src=\"https:\/\/canariasenpositivo.com\/wp-content\/uploads\/2026\/01\/6.-BERMUDEZ-Y-HERMOSO-1024x768.jpg\" alt=\"\" width=\"660\" height=\"495\" \/><\/strong><\/p>\n<p style=\"text-align: center\"><em>De alcalde a alcalde y taxi porque me toca: A Manuel Hermoso (d) los taxistas le ped\u00edan licencias y las consiguieron; a Jos\u00e9 Manuel Berm\u00fadez (i) que las rescate y ya ha rescatado 411.<\/em><\/p>\n<p><strong>\u00a0<\/strong><\/p>\n<p><span style=\"color: #0000ff\"><strong>Los taxistas, el mejor amigo y el peor enemigo del sector<\/strong><\/span><\/p>\n<ul>\n<li>Lo he tenido claro siempre. Los taxistas son los mejores amigos y los peores enemigos del sector del taxi. Los buenos profesionales, de los primeros; y los malos, manipulados y politizados, los segundos. La asociaci\u00f3n actualmente mayoritaria del sector, \u00c9lite Taxi, asociaci\u00f3n que lidera <strong>Miguel Ojeda<\/strong>, lo sabe muy bien. El pasado d\u00eda 16 de diciembre se lleg\u00f3 a un acuerdo en la \u201cMesa del Taxi\u201d y luego, en el Pleno Municipal del 19 de diciembre, se lleg\u00f3 a un acuerdo pol\u00edtico, por unanimidad, que se llevar\u00e1 a la \u201cMesa del Taxi\u201d el 12 de enero. Esa \u201choja de ruta\u201d est\u00e1 consensuada por todos los partidos. Si esto es verdad, incluido el acuerdo, y con las fechas y fiestas navide\u00f1as no ha dado tiempo ni de incumplir nada\u2026 \u00bfC\u00f3mo es posible que \u00c9lite Taxi convoque al sector a manifestarse los d\u00edas 2, 7 y 26 de enero?&#8230; \u00bfQu\u00e9 ha podido pasar en menos de 15 d\u00edas?\u2026 Si es que ni <strong>Berm\u00fadez<\/strong> ni cualquier otro alcalde habr\u00eda podido hacer m\u00e1s en medio de la Navidad y el A\u00f1o Nuevo. Quiero dar por sentado que <strong>Miguel Ojeda<\/strong> no es un \u201cguerrillero\u201d del sector del taxi. Quiero pensar ni \u00e9l, ni la directiva de \u00c9lite Taxi est\u00e1n politizados ni manipulados por ning\u00fan partido (\u00bfo s\u00ed?) \u00bfQuiz\u00e1 la tasaci\u00f3n que en su d\u00eda se hizo de 38.000 euros por licencia para su rescate ahora ya no interesa, porque entre ellos la compraventa alcanza 60.000 y hasta 80.000 euros?&#8230; No me gusta el caminar de la perrita<\/li>\n<\/ul>\n<p><img loading=\"lazy\" decoding=\"async\" class=\"size-large wp-image-10167 aligncenter\" src=\"https:\/\/canariasenpositivo.com\/wp-content\/uploads\/2026\/01\/7.-MESA-DEL-TAXI-1-1024x533.png\" alt=\"\" width=\"660\" height=\"344\" \/><\/p>\n<p style=\"text-align: center\"><em>Imagen tomada en una de las reuniones de la \u201cMesa del Taxi\u201d, con Evelyn Alonso, la concejal delegada de movilidad (c) y a su lado el alcalde Jos\u00e9 Manuel Berm\u00fadez (d)<\/em><\/p>\n<p>&nbsp;<\/p>\n<p><span style=\"color: #0000ff\"><strong>Una ruindad contra la ciudadan\u00eda y contra el propio sector<\/strong><\/span><\/p>\n<ul>\n<li>Con toda la informaci\u00f3n que tengo y a no ser que me lo expliquen m\u00e1s y mejor demostrando sus tesis, no me queda otra que pensar y decir que la pasada manifestaci\u00f3n del d\u00eda 2 de enero (venida a menos, por otra parte) es una pu\u00f1etera ruindad. Intentar bloquear la ciudad en v\u00edsperas del D\u00eda de Reyes es todo un cruel ataque del sector del taxi (mejor dicho, de los taxistas que libremente se manifestaron) al comercio de Santa Cruz, a las empresas y sus trabajadores, pero, sobre todo, a la sufrida ciudadan\u00eda, que cada vez est\u00e1 m\u00e1s en contra del sector y muchos de sus profesionales. Un supuesto comunicado atribuido a la asociaci\u00f3n Elite Taxi, que lidera <strong>Miguel Ojeda<\/strong> y dec\u00eda textualmente: <em>\u201cLos compa\u00f1eros que trabajan habitualmente en la parada del <strong>Hospital de la Candelaria<\/strong> han tomado la decisi\u00f3n de no entrar a recoger pasajes dentro, rogamos y pedimos a los compa\u00f1eros de los Radiotaxis, que no acudan a las llamadas y que los que quedan libre dentro no recojan pasajes, que los clientes entiendan que, en estas nuevas condiciones, no podemos dar un servicio correcto ni podemos trabajar. M\u00e1ximo apoyo entre todos\u201d. <\/em><\/li>\n<\/ul>\n<p><img loading=\"lazy\" decoding=\"async\" class=\"size-large wp-image-10168 aligncenter\" src=\"https:\/\/canariasenpositivo.com\/wp-content\/uploads\/2026\/01\/8.-PARADA-EN-LA-CANDELARIA-1024x768.jpeg\" alt=\"\" width=\"660\" height=\"495\" \/><\/p>\n<p style=\"text-align: center\"><em>Precisamente, hace unos d\u00edas, Evelyn Alonso (i) presentaba una nueva y mejor parada de taxis en el entorno del Hospital Universitario La Candelaria, junto con Gianfranco Bagnaresi, director del Gesti\u00f3n del centro hospitalario.<\/em><\/p>\n<p>&nbsp;<\/p>\n<p><span style=\"color: #0000ff\"><strong>El servicio y la profesi\u00f3n del Taxi, debe estar por encima<\/strong><\/span><\/p>\n<ul>\n<li>\u00a1Qu\u00e9 triste dejar de recoger a familiares de enfermos que est\u00e1n en La Candelaria y aun m\u00e1s grave al ser un servicio p\u00fablico y sumar su acci\u00f3n a una zona sensible como es un hospital! Por su parte, un supuesto comunicado atribuido a la asociaci\u00f3n \u201cGremial del Taxi\u201d, que lidera <strong>Zebensu\u00ed P\u00e9rez<\/strong>, dec\u00eda textualmente: <em>\u201cMala noticia para el Taxi<\/em><em>. <\/em><em>El posible beneficio de estas manifestaciones est\u00e1 muy lejos del da\u00f1o causado por ellas. Sin contar la mala imagen. Beneficio cero. \u00bfPor qu\u00e9? \u00bfPor qu\u00e9 en una manifestaci\u00f3n populista, donde se manipulan los hechos para cabrear a los taxistas con el \u00fanico objetivo personal de destruir a un partido pol\u00edtico, encargo que viene de otro partido pol\u00edtico? Es una puta verg\u00fcenza. Y est\u00e1 claro que, en el viernes, el taxista de Santa Cruz ha apostado por la gesti\u00f3n frente al populismo\u201d<\/em>. En un gesto que creo le honra, la asociaci\u00f3n que preside <strong>Zeben P\u00e9rez<\/strong> termina su comunicado diciendo: <em>\u201cVolvemos a decir desde la Gremial, que la manifestaci\u00f3n es el \u00faltimo recurso, no podemos estar gastando balas y disparando a todo por igual, solo por un objetivo personal de un \u00abrepresentante\u00bb que solo busca su ego y sus objetivos personales\u201d<\/em>. \u00bfSe refiere <strong>Zeben P\u00e9rez<\/strong> a <strong>Miguel Ojeda<\/strong>? Como sigan as\u00ed, entre todos estar\u00e1n matando al sector del taxi chicharrero y suicid\u00e1ndose. Como me record\u00f3 una vez el expresidente del Cabildo, <strong>Jos\u00e9 Miguel Galv\u00e1n Bello<\/strong>, <em>\u201cquien siembra vientos, recoge tempestades\u201d<\/em> \u2026 \u00a1Arreglen eso por las buenas, contra!<\/li>\n<\/ul>\n<p><img loading=\"lazy\" decoding=\"async\" class=\"size-large wp-image-10169 aligncenter\" src=\"https:\/\/canariasenpositivo.com\/wp-content\/uploads\/2026\/01\/9.-MIGUEL-OJEDA-Y-ZEBEN-PEREZ-1024x388.jpg\" alt=\"\" width=\"660\" height=\"250\" \/><\/p>\n<p style=\"text-align: center\"><em>Miguel Ojeda, de \u00c9lite Taxi (i) y Zebensu\u00ed P\u00e9rez, de Gremial del Taxi. Dos gallos del sector del taxi en Santa Cruz de Tenerife, que pueden \u201cencarrilar\u201d y mejorar su realidad.<\/em><\/p>\n<p style=\"text-align: center\"><em>\u00a0<\/em><\/p>\n<p><span style=\"color: #0000ff\"><strong>* Jos\u00e9 Carlos MARRERO GONZ\u00c1LEZ<\/strong><\/span><\/p>\n<p>Periodista y analista de la actualidad.<\/p>\n<p>Director de <strong><em>El Cotarro<\/em><\/strong> (www.elcotarro.com)<\/p>\n<p>Director de <strong><em>Canarias en Positivo<\/em><\/strong> (www.canariasenpositivo.com)<\/p>\n<p>Director de <strong><em>GastroCanarias<\/em><\/strong> (www.gastrocanarias.com)<\/p>\n<p>&nbsp;<\/p>\n<p>La Laguna \u2013 Tenerife \u2013 Islas Canarias &#8211; Espa\u00f1a<\/p>\n<p>4 de enero de 2026<\/p>\n<p><img loading=\"lazy\" decoding=\"async\" class=\"size-full wp-image-9744 aligncenter\" src=\"https:\/\/canariasenpositivo.com\/wp-content\/uploads\/2025\/09\/4.-CARECA-INSULA.jpg\" alt=\"\" width=\"750\" height=\"153\" \/><\/p>\n<p>&nbsp;<\/p>\n","protected":false},"excerpt":{"rendered":"<p>\u00a0N\u00ba591 DEL 4 DE ENERO DE 2026 &nbsp; Se equivoca quien sostiene que son ocho nuestras islas He tenido que cambiar el principio de El Cotarro que ten\u00eda escrito porque lo que ha pasado me hizo recordar la entra\u00f1able canci\u00f3n de Braulio titulada Venezuela que comenzaba diciendo: recordar cada vez m\u00e1s consolidada plataforma de pueden &#8230; <a class=\"read-more\" href=\"https:\/\/elcotarro.com\/?p=11227\">Read more<\/a><\/p>\n","protected":false},"author":2,"featured_media":0,"comment_status":"open","ping_status":"open","sticky":false,"template":"","format":"standard","meta":{"_jetpack_memberships_contains_paid_content":false,"footnotes":""},"categories":[1],"tags":[],"class_list":["post-11227","post","type-post","status-publish","format-standard","hentry","category-sin-categoria"],"yoast_head":"<!-- This site is optimized with the Yoast SEO plugin v27.0 - https:\/\/yoast.com\/product\/yoast-seo-wordpress\/ -->\n<title>EL COTARRO \/ 591, DEL DOMINGO, 04\/01\/2026 - El Cotarro<\/title>\n<meta name=\"robots\" content=\"index, follow, max-snippet:-1, max-image-preview:large, max-video-preview:-1\" \/>\n<link rel=\"canonical\" href=\"https:\/\/elcotarro.com\/?p=11227\" \/>\n<meta property=\"og:locale\" content=\"es_ES\" \/>\n<meta property=\"og:type\" content=\"article\" \/>\n<meta property=\"og:title\" content=\"EL COTARRO \/ 591, DEL DOMINGO, 04\/01\/2026 - El Cotarro\" \/>\n<meta property=\"og:description\" content=\"\u00a0N\u00ba591 DEL 4 DE ENERO DE 2026 &nbsp; Se equivoca quien sostiene que son ocho nuestras islas He tenido que cambiar el principio de El Cotarro que ten\u00eda escrito porque lo que ha pasado me hizo recordar la entra\u00f1able canci\u00f3n de Braulio titulada Venezuela que comenzaba diciendo: recordar cada vez m\u00e1s consolidada plataforma de pueden ... Read more\" \/>\n<meta property=\"og:url\" content=\"https:\/\/elcotarro.com\/?p=11227\" \/>\n<meta property=\"og:site_name\" content=\"El Cotarro\" \/>\n<meta property=\"article:publisher\" content=\"https:\/\/www.facebook.com\/ElCotarro.Tenerife\" \/>\n<meta property=\"article:published_time\" content=\"2026-01-04T00:19:52+00:00\" \/>\n<meta property=\"article:modified_time\" content=\"2026-01-04T00:23:17+00:00\" \/>\n<meta property=\"og:image\" content=\"https:\/\/elcotarro.com\/wp-content\/uploads\/2021\/07\/FOTO-20.-MENU-PACIENTES.jpeg\" \/>\n\t<meta property=\"og:image:width\" content=\"1600\" \/>\n\t<meta property=\"og:image:height\" content=\"1200\" \/>\n\t<meta property=\"og:image:type\" content=\"image\/jpeg\" \/>\n<meta name=\"author\" content=\"Jos\u00e9 Carlos Marrero Gonz\u00e1lez\" \/>\n<meta name=\"twitter:label1\" content=\"Escrito por\" \/>\n\t<meta name=\"twitter:data1\" content=\"Jos\u00e9 Carlos Marrero Gonz\u00e1lez\" \/>\n\t<meta name=\"twitter:label2\" content=\"Tiempo de lectura\" \/>\n\t<meta name=\"twitter:data2\" content=\"14 minutos\" \/>\n<script type=\"application\/ld+json\" class=\"yoast-schema-graph\">{\"@context\":\"https:\/\/schema.org\",\"@graph\":[{\"@type\":\"Article\",\"@id\":\"https:\/\/elcotarro.com\/?p=11227#article\",\"isPartOf\":{\"@id\":\"https:\/\/elcotarro.com\/?p=11227\"},\"author\":{\"name\":\"Jos\u00e9 Carlos Marrero Gonz\u00e1lez\",\"@id\":\"https:\/\/elcotarro.com\/#\/schema\/person\/af537ee7d60d15984c7e0affcd8a918b\"},\"headline\":\"EL COTARRO \/ 591, DEL DOMINGO, 04\/01\/2026\",\"datePublished\":\"2026-01-04T00:19:52+00:00\",\"dateModified\":\"2026-01-04T00:23:17+00:00\",\"mainEntityOfPage\":{\"@id\":\"https:\/\/elcotarro.com\/?p=11227\"},\"wordCount\":2530,\"commentCount\":2,\"publisher\":{\"@id\":\"https:\/\/elcotarro.com\/#organization\"},\"image\":{\"@id\":\"https:\/\/elcotarro.com\/?p=11227#primaryimage\"},\"thumbnailUrl\":\"https:\/\/canariasenpositivo.com\/wp-content\/uploads\/2025\/11\/12.-CABECERA-DIGITAL-1024x128.jpg\",\"inLanguage\":\"es\",\"potentialAction\":[{\"@type\":\"CommentAction\",\"name\":\"Comment\",\"target\":[\"https:\/\/elcotarro.com\/?p=11227#respond\"]}]},{\"@type\":\"WebPage\",\"@id\":\"https:\/\/elcotarro.com\/?p=11227\",\"url\":\"https:\/\/elcotarro.com\/?p=11227\",\"name\":\"EL COTARRO \/ 591, DEL DOMINGO, 04\/01\/2026 - El Cotarro\",\"isPartOf\":{\"@id\":\"https:\/\/elcotarro.com\/#website\"},\"primaryImageOfPage\":{\"@id\":\"https:\/\/elcotarro.com\/?p=11227#primaryimage\"},\"image\":{\"@id\":\"https:\/\/elcotarro.com\/?p=11227#primaryimage\"},\"thumbnailUrl\":\"https:\/\/canariasenpositivo.com\/wp-content\/uploads\/2025\/11\/12.-CABECERA-DIGITAL-1024x128.jpg\",\"datePublished\":\"2026-01-04T00:19:52+00:00\",\"dateModified\":\"2026-01-04T00:23:17+00:00\",\"breadcrumb\":{\"@id\":\"https:\/\/elcotarro.com\/?p=11227#breadcrumb\"},\"inLanguage\":\"es\",\"potentialAction\":[{\"@type\":\"ReadAction\",\"target\":[\"https:\/\/elcotarro.com\/?p=11227\"]}]},{\"@type\":\"ImageObject\",\"inLanguage\":\"es\",\"@id\":\"https:\/\/elcotarro.com\/?p=11227#primaryimage\",\"url\":\"https:\/\/canariasenpositivo.com\/wp-content\/uploads\/2025\/11\/12.-CABECERA-DIGITAL-1024x128.jpg\",\"contentUrl\":\"https:\/\/canariasenpositivo.com\/wp-content\/uploads\/2025\/11\/12.-CABECERA-DIGITAL-1024x128.jpg\"},{\"@type\":\"BreadcrumbList\",\"@id\":\"https:\/\/elcotarro.com\/?p=11227#breadcrumb\",\"itemListElement\":[{\"@type\":\"ListItem\",\"position\":1,\"name\":\"Portada\",\"item\":\"https:\/\/elcotarro.com\/\"},{\"@type\":\"ListItem\",\"position\":2,\"name\":\"EL COTARRO \/ 591, DEL DOMINGO, 04\/01\/2026\"}]},{\"@type\":\"WebSite\",\"@id\":\"https:\/\/elcotarro.com\/#website\",\"url\":\"https:\/\/elcotarro.com\/\",\"name\":\"El Cotarro\",\"description\":\"Peri\u00f3dico Digital Independiente dirigido por Jos\u00e9 Carlos Marrero\",\"publisher\":{\"@id\":\"https:\/\/elcotarro.com\/#organization\"},\"potentialAction\":[{\"@type\":\"SearchAction\",\"target\":{\"@type\":\"EntryPoint\",\"urlTemplate\":\"https:\/\/elcotarro.com\/?s={search_term_string}\"},\"query-input\":{\"@type\":\"PropertyValueSpecification\",\"valueRequired\":true,\"valueName\":\"search_term_string\"}}],\"inLanguage\":\"es\"},{\"@type\":\"Organization\",\"@id\":\"https:\/\/elcotarro.com\/#organization\",\"name\":\"El Cotarro\",\"url\":\"https:\/\/elcotarro.com\/\",\"logo\":{\"@type\":\"ImageObject\",\"inLanguage\":\"es\",\"@id\":\"https:\/\/elcotarro.com\/#\/schema\/logo\/image\/\",\"url\":\"https:\/\/elcotarro.com\/wp-content\/uploads\/2014\/09\/Cabecera_El_Cotarro_v2.jpg\",\"contentUrl\":\"https:\/\/elcotarro.com\/wp-content\/uploads\/2014\/09\/Cabecera_El_Cotarro_v2.jpg\",\"width\":3540,\"height\":441,\"caption\":\"El Cotarro\"},\"image\":{\"@id\":\"https:\/\/elcotarro.com\/#\/schema\/logo\/image\/\"},\"sameAs\":[\"https:\/\/www.facebook.com\/ElCotarro.Tenerife\"]},{\"@type\":\"Person\",\"@id\":\"https:\/\/elcotarro.com\/#\/schema\/person\/af537ee7d60d15984c7e0affcd8a918b\",\"name\":\"Jos\u00e9 Carlos Marrero Gonz\u00e1lez\",\"image\":{\"@type\":\"ImageObject\",\"inLanguage\":\"es\",\"@id\":\"https:\/\/elcotarro.com\/#\/schema\/person\/image\/\",\"url\":\"https:\/\/secure.gravatar.com\/avatar\/def4da036efb5d32c74d49c351f6dccc064dd69ad9f3aadc295c5a9a5391ca01?s=96&d=mm&r=g\",\"contentUrl\":\"https:\/\/secure.gravatar.com\/avatar\/def4da036efb5d32c74d49c351f6dccc064dd69ad9f3aadc295c5a9a5391ca01?s=96&d=mm&r=g\",\"caption\":\"Jos\u00e9 Carlos Marrero Gonz\u00e1lez\"},\"sameAs\":[\"https:\/\/elcotarro.com\"],\"url\":\"https:\/\/elcotarro.com\/?author=2\"}]}<\/script>\n<!-- \/ Yoast SEO plugin. -->","yoast_head_json":{"title":"EL COTARRO \/ 591, DEL DOMINGO, 04\/01\/2026 - El Cotarro","robots":{"index":"index","follow":"follow","max-snippet":"max-snippet:-1","max-image-preview":"max-image-preview:large","max-video-preview":"max-video-preview:-1"},"canonical":"https:\/\/elcotarro.com\/?p=11227","og_locale":"es_ES","og_type":"article","og_title":"EL COTARRO \/ 591, DEL DOMINGO, 04\/01\/2026 - El Cotarro","og_description":"\u00a0N\u00ba591 DEL 4 DE ENERO DE 2026 &nbsp; Se equivoca quien sostiene que son ocho nuestras islas He tenido que cambiar el principio de El Cotarro que ten\u00eda escrito porque lo que ha pasado me hizo recordar la entra\u00f1able canci\u00f3n de Braulio titulada Venezuela que comenzaba diciendo: recordar cada vez m\u00e1s consolidada plataforma de pueden ... Read more","og_url":"https:\/\/elcotarro.com\/?p=11227","og_site_name":"El Cotarro","article_publisher":"https:\/\/www.facebook.com\/ElCotarro.Tenerife","article_published_time":"2026-01-04T00:19:52+00:00","article_modified_time":"2026-01-04T00:23:17+00:00","og_image":[{"width":1600,"height":1200,"url":"https:\/\/elcotarro.com\/wp-content\/uploads\/2021\/07\/FOTO-20.-MENU-PACIENTES.jpeg","type":"image\/jpeg"}],"author":"Jos\u00e9 Carlos Marrero Gonz\u00e1lez","twitter_misc":{"Escrito por":"Jos\u00e9 Carlos Marrero Gonz\u00e1lez","Tiempo de lectura":"14 minutos"},"schema":{"@context":"https:\/\/schema.org","@graph":[{"@type":"Article","@id":"https:\/\/elcotarro.com\/?p=11227#article","isPartOf":{"@id":"https:\/\/elcotarro.com\/?p=11227"},"author":{"name":"Jos\u00e9 Carlos Marrero Gonz\u00e1lez","@id":"https:\/\/elcotarro.com\/#\/schema\/person\/af537ee7d60d15984c7e0affcd8a918b"},"headline":"EL COTARRO \/ 591, DEL DOMINGO, 04\/01\/2026","datePublished":"2026-01-04T00:19:52+00:00","dateModified":"2026-01-04T00:23:17+00:00","mainEntityOfPage":{"@id":"https:\/\/elcotarro.com\/?p=11227"},"wordCount":2530,"commentCount":2,"publisher":{"@id":"https:\/\/elcotarro.com\/#organization"},"image":{"@id":"https:\/\/elcotarro.com\/?p=11227#primaryimage"},"thumbnailUrl":"https:\/\/canariasenpositivo.com\/wp-content\/uploads\/2025\/11\/12.-CABECERA-DIGITAL-1024x128.jpg","inLanguage":"es","potentialAction":[{"@type":"CommentAction","name":"Comment","target":["https:\/\/elcotarro.com\/?p=11227#respond"]}]},{"@type":"WebPage","@id":"https:\/\/elcotarro.com\/?p=11227","url":"https:\/\/elcotarro.com\/?p=11227","name":"EL COTARRO \/ 591, DEL DOMINGO, 04\/01\/2026 - El Cotarro","isPartOf":{"@id":"https:\/\/elcotarro.com\/#website"},"primaryImageOfPage":{"@id":"https:\/\/elcotarro.com\/?p=11227#primaryimage"},"image":{"@id":"https:\/\/elcotarro.com\/?p=11227#primaryimage"},"thumbnailUrl":"https:\/\/canariasenpositivo.com\/wp-content\/uploads\/2025\/11\/12.-CABECERA-DIGITAL-1024x128.jpg","datePublished":"2026-01-04T00:19:52+00:00","dateModified":"2026-01-04T00:23:17+00:00","breadcrumb":{"@id":"https:\/\/elcotarro.com\/?p=11227#breadcrumb"},"inLanguage":"es","potentialAction":[{"@type":"ReadAction","target":["https:\/\/elcotarro.com\/?p=11227"]}]},{"@type":"ImageObject","inLanguage":"es","@id":"https:\/\/elcotarro.com\/?p=11227#primaryimage","url":"https:\/\/canariasenpositivo.com\/wp-content\/uploads\/2025\/11\/12.-CABECERA-DIGITAL-1024x128.jpg","contentUrl":"https:\/\/canariasenpositivo.com\/wp-content\/uploads\/2025\/11\/12.-CABECERA-DIGITAL-1024x128.jpg"},{"@type":"BreadcrumbList","@id":"https:\/\/elcotarro.com\/?p=11227#breadcrumb","itemListElement":[{"@type":"ListItem","position":1,"name":"Portada","item":"https:\/\/elcotarro.com\/"},{"@type":"ListItem","position":2,"name":"EL COTARRO \/ 591, DEL DOMINGO, 04\/01\/2026"}]},{"@type":"WebSite","@id":"https:\/\/elcotarro.com\/#website","url":"https:\/\/elcotarro.com\/","name":"El Cotarro","description":"Peri\u00f3dico Digital Independiente dirigido por Jos\u00e9 Carlos Marrero","publisher":{"@id":"https:\/\/elcotarro.com\/#organization"},"potentialAction":[{"@type":"SearchAction","target":{"@type":"EntryPoint","urlTemplate":"https:\/\/elcotarro.com\/?s={search_term_string}"},"query-input":{"@type":"PropertyValueSpecification","valueRequired":true,"valueName":"search_term_string"}}],"inLanguage":"es"},{"@type":"Organization","@id":"https:\/\/elcotarro.com\/#organization","name":"El Cotarro","url":"https:\/\/elcotarro.com\/","logo":{"@type":"ImageObject","inLanguage":"es","@id":"https:\/\/elcotarro.com\/#\/schema\/logo\/image\/","url":"https:\/\/elcotarro.com\/wp-content\/uploads\/2014\/09\/Cabecera_El_Cotarro_v2.jpg","contentUrl":"https:\/\/elcotarro.com\/wp-content\/uploads\/2014\/09\/Cabecera_El_Cotarro_v2.jpg","width":3540,"height":441,"caption":"El Cotarro"},"image":{"@id":"https:\/\/elcotarro.com\/#\/schema\/logo\/image\/"},"sameAs":["https:\/\/www.facebook.com\/ElCotarro.Tenerife"]},{"@type":"Person","@id":"https:\/\/elcotarro.com\/#\/schema\/person\/af537ee7d60d15984c7e0affcd8a918b","name":"Jos\u00e9 Carlos Marrero Gonz\u00e1lez","image":{"@type":"ImageObject","inLanguage":"es","@id":"https:\/\/elcotarro.com\/#\/schema\/person\/image\/","url":"https:\/\/secure.gravatar.com\/avatar\/def4da036efb5d32c74d49c351f6dccc064dd69ad9f3aadc295c5a9a5391ca01?s=96&d=mm&r=g","contentUrl":"https:\/\/secure.gravatar.com\/avatar\/def4da036efb5d32c74d49c351f6dccc064dd69ad9f3aadc295c5a9a5391ca01?s=96&d=mm&r=g","caption":"Jos\u00e9 Carlos Marrero Gonz\u00e1lez"},"sameAs":["https:\/\/elcotarro.com"],"url":"https:\/\/elcotarro.com\/?author=2"}]}},"jetpack_featured_media_url":"","jetpack_sharing_enabled":true,"_links":{"self":[{"href":"https:\/\/elcotarro.com\/index.php?rest_route=\/wp\/v2\/posts\/11227","targetHints":{"allow":["GET"]}}],"collection":[{"href":"https:\/\/elcotarro.com\/index.php?rest_route=\/wp\/v2\/posts"}],"about":[{"href":"https:\/\/elcotarro.com\/index.php?rest_route=\/wp\/v2\/types\/post"}],"author":[{"embeddable":true,"href":"https:\/\/elcotarro.com\/index.php?rest_route=\/wp\/v2\/users\/2"}],"replies":[{"embeddable":true,"href":"https:\/\/elcotarro.com\/index.php?rest_route=%2Fwp%2Fv2%2Fcomments&post=11227"}],"version-history":[{"count":4,"href":"https:\/\/elcotarro.com\/index.php?rest_route=\/wp\/v2\/posts\/11227\/revisions"}],"predecessor-version":[{"id":11231,"href":"https:\/\/elcotarro.com\/index.php?rest_route=\/wp\/v2\/posts\/11227\/revisions\/11231"}],"wp:attachment":[{"href":"https:\/\/elcotarro.com\/index.php?rest_route=%2Fwp%2Fv2%2Fmedia&parent=11227"}],"wp:term":[{"taxonomy":"category","embeddable":true,"href":"https:\/\/elcotarro.com\/index.php?rest_route=%2Fwp%2Fv2%2Fcategories&post=11227"},{"taxonomy":"post_tag","embeddable":true,"href":"https:\/\/elcotarro.com\/index.php?rest_route=%2Fwp%2Fv2%2Ftags&post=11227"}],"curies":[{"name":"wp","href":"https:\/\/api.w.org\/{rel}","templated":true}]}}