{"id":1142,"date":"2015-05-03T12:02:58","date_gmt":"2015-05-03T11:02:58","guid":{"rendered":"https:\/\/elcotarro.com\/?p=1142"},"modified":"2015-05-03T13:04:22","modified_gmt":"2015-05-03T12:04:22","slug":"montesano-la-montara-en-asia","status":"publish","type":"post","link":"https:\/\/elcotarro.com\/?p=1142","title":{"rendered":"MONTESANO LA MONTAR\u00c1 EN ASIA"},"content":{"rendered":"<p>\u2666 Y termino, como casi siempre, en positivo&#8230; Cuando el luchador <strong>Mart\u00edn Garc\u00eda Garz\u00f3n <\/strong>dej\u00f3 su Salamanca natal para, como joven emprendedor, montar una peque\u00f1a carnicer\u00eda en la calle Calvario de La Esperanza (El Rosario), nunca pudo imaginar que, despu\u00e9s de casarse y traerse para nuestra isla a la tambi\u00e9n salmantina <strong>Carmen Pascual<\/strong>, llegar\u00edan con mucho trabajo y sacrificio a hacer realidad lo que hoy en d\u00eda es la firma Embutidos de Tenerife (la empresa de transformaci\u00f3n c\u00e1rnica n\u00famero 23 en el ranking de casi 3.000 que hay en Espa\u00f1a) y mucho menos que, justo el a\u00f1o en que cumplen sus Bodas de Oro como empresa, su marca estrella, Montesano, fuera a \u00abmontarla\u00bb en Asia\u2026 M\u00e1s concretamente, en China, aunque tambi\u00e9n visitar\u00e1n Vietnam y Corea del Sur, llevando por bandera el nombre de Tenerife y Canarias, desarrollando varias acciones, como clases maestras, shows de corte y degustaci\u00f3n en las cadenas de distribuci\u00f3n m\u00e1s importantes del continente y llegando a tener cerrado incluso la aparici\u00f3n en uno de los programas m\u00e1s conocidos de la televisi\u00f3n en Corea, as\u00ed como diferentes entrevistas con revistas de gastronom\u00eda.<\/p>\n<p><a href=\"https:\/\/elcotarro.com\/wp-content\/uploads\/2015\/05\/FOTO-6.-Fran-Alonso.jpg\"><img loading=\"lazy\" decoding=\"async\" class=\"aligncenter wp-image-1143\" src=\"https:\/\/elcotarro.com\/wp-content\/uploads\/2015\/05\/FOTO-6.-Fran-Alonso.jpg\" alt=\"FOTO 6.- Fran Alonso\" width=\"500\" height=\"655\" srcset=\"https:\/\/elcotarro.com\/wp-content\/uploads\/2015\/05\/FOTO-6.-Fran-Alonso.jpg 611w, https:\/\/elcotarro.com\/wp-content\/uploads\/2015\/05\/FOTO-6.-Fran-Alonso-229x300.jpg 229w\" sizes=\"auto, (max-width: 500px) 100vw, 500px\" \/><\/a><\/p>\n<p class=\"comentario\" style=\"text-align: center;\">El maestro cortador, Fran Alonso, desarrollando arte con un jam\u00f3n Montesano<\/p>\n","protected":false},"excerpt":{"rendered":"<p>\u2666 Y termino, como casi siempre, en positivo&#8230; Cuando el luchador Mart\u00edn Garc\u00eda Garz\u00f3n dej\u00f3 su Salamanca natal para, como joven emprendedor, montar una peque\u00f1a carnicer\u00eda en la calle Calvario de La Esperanza (El Rosario), nunca pudo imaginar que, despu\u00e9s de casarse y traerse para nuestra isla a la tambi\u00e9n salmantina Carmen Pascual, llegar\u00edan con &#8230; <a class=\"read-more\" href=\"https:\/\/elcotarro.com\/?p=1142\">Read more<\/a><\/p>\n","protected":false},"author":2,"featured_media":0,"comment_status":"open","ping_status":"open","sticky":false,"template":"","format":"standard","meta":{"_jetpack_memberships_contains_paid_content":false,"footnotes":""},"categories":[108,54],"tags":[552,551],"class_list":["post-1142","post","type-post","status-publish","format-standard","hentry","category-entidades","category-personajes","tag-carmen-pascual","tag-martin-garcia-garzon"],"yoast_head":"<!-- This site is optimized with the Yoast SEO plugin v27.0 - https:\/\/yoast.com\/product\/yoast-seo-wordpress\/ -->\n<title>MONTESANO LA MONTAR\u00c1 EN ASIA - El Cotarrro<\/title>\n<meta name=\"description\" content=\"Y termino, como casi siempre, en positivo... Cuando el luchador Mart\u00edn Garc\u00eda Garz\u00f3n dej\u00f3 su Salamanca natal para, como joven emprendedor, montar una pequ\" \/>\n<meta name=\"robots\" content=\"index, follow, max-snippet:-1, max-image-preview:large, max-video-preview:-1\" \/>\n<link rel=\"canonical\" href=\"https:\/\/elcotarro.com\/?p=1142\" \/>\n<meta property=\"og:locale\" content=\"es_ES\" \/>\n<meta property=\"og:type\" content=\"article\" \/>\n<meta property=\"og:title\" content=\"MONTESANO LA MONTAR\u00c1 EN ASIA - El Cotarrro\" \/>\n<meta property=\"og:description\" content=\"Y termino, como casi siempre, en positivo... Cuando el luchador Mart\u00edn Garc\u00eda Garz\u00f3n dej\u00f3 su Salamanca natal para, como joven emprendedor, montar una pequ\" \/>\n<meta property=\"og:url\" content=\"https:\/\/elcotarro.com\/?p=1142\" \/>\n<meta property=\"og:site_name\" content=\"El Cotarro\" \/>\n<meta property=\"article:publisher\" content=\"https:\/\/www.facebook.com\/ElCotarro.Tenerife\" \/>\n<meta property=\"article:published_time\" content=\"2015-05-03T11:02:58+00:00\" \/>\n<meta property=\"article:modified_time\" content=\"2015-05-03T12:04:22+00:00\" \/>\n<meta property=\"og:image\" content=\"https:\/\/elcotarro.com\/wp-content\/uploads\/2015\/05\/FOTO-6.-Fran-Alonso.jpg\" \/>\n<meta name=\"author\" content=\"Jos\u00e9 Carlos Marrero Gonz\u00e1lez\" \/>\n<meta name=\"twitter:label1\" content=\"Escrito por\" \/>\n\t<meta name=\"twitter:data1\" content=\"Jos\u00e9 Carlos Marrero Gonz\u00e1lez\" \/>\n\t<meta name=\"twitter:label2\" content=\"Tiempo de lectura\" \/>\n\t<meta name=\"twitter:data2\" content=\"1 minuto\" \/>\n<script type=\"application\/ld+json\" class=\"yoast-schema-graph\">{\"@context\":\"https:\/\/schema.org\",\"@graph\":[{\"@type\":\"Article\",\"@id\":\"https:\/\/elcotarro.com\/?p=1142#article\",\"isPartOf\":{\"@id\":\"https:\/\/elcotarro.com\/?p=1142\"},\"author\":{\"name\":\"Jos\u00e9 Carlos Marrero Gonz\u00e1lez\",\"@id\":\"https:\/\/elcotarro.com\/#\/schema\/person\/af537ee7d60d15984c7e0affcd8a918b\"},\"headline\":\"MONTESANO LA MONTAR\u00c1 EN ASIA\",\"datePublished\":\"2015-05-03T11:02:58+00:00\",\"dateModified\":\"2015-05-03T12:04:22+00:00\",\"mainEntityOfPage\":{\"@id\":\"https:\/\/elcotarro.com\/?p=1142\"},\"wordCount\":222,\"commentCount\":0,\"publisher\":{\"@id\":\"https:\/\/elcotarro.com\/#organization\"},\"image\":{\"@id\":\"https:\/\/elcotarro.com\/?p=1142#primaryimage\"},\"thumbnailUrl\":\"https:\/\/elcotarro.com\/wp-content\/uploads\/2015\/05\/FOTO-6.-Fran-Alonso.jpg\",\"keywords\":[\"Carmen Pascual\",\"Mart\u00edn Garc\u00eda Garz\u00f3n\"],\"articleSection\":[\"Entidades\",\"Personajes\"],\"inLanguage\":\"es\",\"potentialAction\":[{\"@type\":\"CommentAction\",\"name\":\"Comment\",\"target\":[\"https:\/\/elcotarro.com\/?p=1142#respond\"]}]},{\"@type\":\"WebPage\",\"@id\":\"https:\/\/elcotarro.com\/?p=1142\",\"url\":\"https:\/\/elcotarro.com\/?p=1142\",\"name\":\"MONTESANO LA MONTAR\u00c1 EN ASIA - El Cotarrro\",\"isPartOf\":{\"@id\":\"https:\/\/elcotarro.com\/#website\"},\"primaryImageOfPage\":{\"@id\":\"https:\/\/elcotarro.com\/?p=1142#primaryimage\"},\"image\":{\"@id\":\"https:\/\/elcotarro.com\/?p=1142#primaryimage\"},\"thumbnailUrl\":\"https:\/\/elcotarro.com\/wp-content\/uploads\/2015\/05\/FOTO-6.-Fran-Alonso.jpg\",\"datePublished\":\"2015-05-03T11:02:58+00:00\",\"dateModified\":\"2015-05-03T12:04:22+00:00\",\"description\":\"Y termino, como casi siempre, en positivo... Cuando el luchador Mart\u00edn Garc\u00eda Garz\u00f3n dej\u00f3 su Salamanca natal para, como joven emprendedor, montar una pequ\",\"breadcrumb\":{\"@id\":\"https:\/\/elcotarro.com\/?p=1142#breadcrumb\"},\"inLanguage\":\"es\",\"potentialAction\":[{\"@type\":\"ReadAction\",\"target\":[\"https:\/\/elcotarro.com\/?p=1142\"]}]},{\"@type\":\"ImageObject\",\"inLanguage\":\"es\",\"@id\":\"https:\/\/elcotarro.com\/?p=1142#primaryimage\",\"url\":\"https:\/\/elcotarro.com\/wp-content\/uploads\/2015\/05\/FOTO-6.-Fran-Alonso.jpg\",\"contentUrl\":\"https:\/\/elcotarro.com\/wp-content\/uploads\/2015\/05\/FOTO-6.-Fran-Alonso.jpg\",\"width\":611,\"height\":800},{\"@type\":\"BreadcrumbList\",\"@id\":\"https:\/\/elcotarro.com\/?p=1142#breadcrumb\",\"itemListElement\":[{\"@type\":\"ListItem\",\"position\":1,\"name\":\"Portada\",\"item\":\"https:\/\/elcotarro.com\/\"},{\"@type\":\"ListItem\",\"position\":2,\"name\":\"MONTESANO LA MONTAR\u00c1 EN ASIA\"}]},{\"@type\":\"WebSite\",\"@id\":\"https:\/\/elcotarro.com\/#website\",\"url\":\"https:\/\/elcotarro.com\/\",\"name\":\"El Cotarro\",\"description\":\"Peri\u00f3dico Digital Independiente dirigido por Jos\u00e9 Carlos Marrero\",\"publisher\":{\"@id\":\"https:\/\/elcotarro.com\/#organization\"},\"potentialAction\":[{\"@type\":\"SearchAction\",\"target\":{\"@type\":\"EntryPoint\",\"urlTemplate\":\"https:\/\/elcotarro.com\/?s={search_term_string}\"},\"query-input\":{\"@type\":\"PropertyValueSpecification\",\"valueRequired\":true,\"valueName\":\"search_term_string\"}}],\"inLanguage\":\"es\"},{\"@type\":\"Organization\",\"@id\":\"https:\/\/elcotarro.com\/#organization\",\"name\":\"El Cotarro\",\"url\":\"https:\/\/elcotarro.com\/\",\"logo\":{\"@type\":\"ImageObject\",\"inLanguage\":\"es\",\"@id\":\"https:\/\/elcotarro.com\/#\/schema\/logo\/image\/\",\"url\":\"https:\/\/elcotarro.com\/wp-content\/uploads\/2014\/09\/Cabecera_El_Cotarro_v2.jpg\",\"contentUrl\":\"https:\/\/elcotarro.com\/wp-content\/uploads\/2014\/09\/Cabecera_El_Cotarro_v2.jpg\",\"width\":3540,\"height\":441,\"caption\":\"El Cotarro\"},\"image\":{\"@id\":\"https:\/\/elcotarro.com\/#\/schema\/logo\/image\/\"},\"sameAs\":[\"https:\/\/www.facebook.com\/ElCotarro.Tenerife\"]},{\"@type\":\"Person\",\"@id\":\"https:\/\/elcotarro.com\/#\/schema\/person\/af537ee7d60d15984c7e0affcd8a918b\",\"name\":\"Jos\u00e9 Carlos Marrero Gonz\u00e1lez\",\"image\":{\"@type\":\"ImageObject\",\"inLanguage\":\"es\",\"@id\":\"https:\/\/elcotarro.com\/#\/schema\/person\/image\/\",\"url\":\"https:\/\/secure.gravatar.com\/avatar\/def4da036efb5d32c74d49c351f6dccc064dd69ad9f3aadc295c5a9a5391ca01?s=96&d=mm&r=g\",\"contentUrl\":\"https:\/\/secure.gravatar.com\/avatar\/def4da036efb5d32c74d49c351f6dccc064dd69ad9f3aadc295c5a9a5391ca01?s=96&d=mm&r=g\",\"caption\":\"Jos\u00e9 Carlos Marrero Gonz\u00e1lez\"},\"sameAs\":[\"https:\/\/elcotarro.com\"],\"url\":\"https:\/\/elcotarro.com\/?author=2\"}]}<\/script>\n<!-- \/ Yoast SEO plugin. -->","yoast_head_json":{"title":"MONTESANO LA MONTAR\u00c1 EN ASIA - El Cotarrro","description":"Y termino, como casi siempre, en positivo... Cuando el luchador Mart\u00edn Garc\u00eda Garz\u00f3n dej\u00f3 su Salamanca natal para, como joven emprendedor, montar una pequ","robots":{"index":"index","follow":"follow","max-snippet":"max-snippet:-1","max-image-preview":"max-image-preview:large","max-video-preview":"max-video-preview:-1"},"canonical":"https:\/\/elcotarro.com\/?p=1142","og_locale":"es_ES","og_type":"article","og_title":"MONTESANO LA MONTAR\u00c1 EN ASIA - El Cotarrro","og_description":"Y termino, como casi siempre, en positivo... Cuando el luchador Mart\u00edn Garc\u00eda Garz\u00f3n dej\u00f3 su Salamanca natal para, como joven emprendedor, montar una pequ","og_url":"https:\/\/elcotarro.com\/?p=1142","og_site_name":"El Cotarro","article_publisher":"https:\/\/www.facebook.com\/ElCotarro.Tenerife","article_published_time":"2015-05-03T11:02:58+00:00","article_modified_time":"2015-05-03T12:04:22+00:00","og_image":[{"url":"https:\/\/elcotarro.com\/wp-content\/uploads\/2015\/05\/FOTO-6.-Fran-Alonso.jpg","type":"","width":"","height":""}],"author":"Jos\u00e9 Carlos Marrero Gonz\u00e1lez","twitter_misc":{"Escrito por":"Jos\u00e9 Carlos Marrero Gonz\u00e1lez","Tiempo de lectura":"1 minuto"},"schema":{"@context":"https:\/\/schema.org","@graph":[{"@type":"Article","@id":"https:\/\/elcotarro.com\/?p=1142#article","isPartOf":{"@id":"https:\/\/elcotarro.com\/?p=1142"},"author":{"name":"Jos\u00e9 Carlos Marrero Gonz\u00e1lez","@id":"https:\/\/elcotarro.com\/#\/schema\/person\/af537ee7d60d15984c7e0affcd8a918b"},"headline":"MONTESANO LA MONTAR\u00c1 EN ASIA","datePublished":"2015-05-03T11:02:58+00:00","dateModified":"2015-05-03T12:04:22+00:00","mainEntityOfPage":{"@id":"https:\/\/elcotarro.com\/?p=1142"},"wordCount":222,"commentCount":0,"publisher":{"@id":"https:\/\/elcotarro.com\/#organization"},"image":{"@id":"https:\/\/elcotarro.com\/?p=1142#primaryimage"},"thumbnailUrl":"https:\/\/elcotarro.com\/wp-content\/uploads\/2015\/05\/FOTO-6.-Fran-Alonso.jpg","keywords":["Carmen Pascual","Mart\u00edn Garc\u00eda Garz\u00f3n"],"articleSection":["Entidades","Personajes"],"inLanguage":"es","potentialAction":[{"@type":"CommentAction","name":"Comment","target":["https:\/\/elcotarro.com\/?p=1142#respond"]}]},{"@type":"WebPage","@id":"https:\/\/elcotarro.com\/?p=1142","url":"https:\/\/elcotarro.com\/?p=1142","name":"MONTESANO LA MONTAR\u00c1 EN ASIA - El Cotarrro","isPartOf":{"@id":"https:\/\/elcotarro.com\/#website"},"primaryImageOfPage":{"@id":"https:\/\/elcotarro.com\/?p=1142#primaryimage"},"image":{"@id":"https:\/\/elcotarro.com\/?p=1142#primaryimage"},"thumbnailUrl":"https:\/\/elcotarro.com\/wp-content\/uploads\/2015\/05\/FOTO-6.-Fran-Alonso.jpg","datePublished":"2015-05-03T11:02:58+00:00","dateModified":"2015-05-03T12:04:22+00:00","description":"Y termino, como casi siempre, en positivo... Cuando el luchador Mart\u00edn Garc\u00eda Garz\u00f3n dej\u00f3 su Salamanca natal para, como joven emprendedor, montar una pequ","breadcrumb":{"@id":"https:\/\/elcotarro.com\/?p=1142#breadcrumb"},"inLanguage":"es","potentialAction":[{"@type":"ReadAction","target":["https:\/\/elcotarro.com\/?p=1142"]}]},{"@type":"ImageObject","inLanguage":"es","@id":"https:\/\/elcotarro.com\/?p=1142#primaryimage","url":"https:\/\/elcotarro.com\/wp-content\/uploads\/2015\/05\/FOTO-6.-Fran-Alonso.jpg","contentUrl":"https:\/\/elcotarro.com\/wp-content\/uploads\/2015\/05\/FOTO-6.-Fran-Alonso.jpg","width":611,"height":800},{"@type":"BreadcrumbList","@id":"https:\/\/elcotarro.com\/?p=1142#breadcrumb","itemListElement":[{"@type":"ListItem","position":1,"name":"Portada","item":"https:\/\/elcotarro.com\/"},{"@type":"ListItem","position":2,"name":"MONTESANO LA MONTAR\u00c1 EN ASIA"}]},{"@type":"WebSite","@id":"https:\/\/elcotarro.com\/#website","url":"https:\/\/elcotarro.com\/","name":"El Cotarro","description":"Peri\u00f3dico Digital Independiente dirigido por Jos\u00e9 Carlos Marrero","publisher":{"@id":"https:\/\/elcotarro.com\/#organization"},"potentialAction":[{"@type":"SearchAction","target":{"@type":"EntryPoint","urlTemplate":"https:\/\/elcotarro.com\/?s={search_term_string}"},"query-input":{"@type":"PropertyValueSpecification","valueRequired":true,"valueName":"search_term_string"}}],"inLanguage":"es"},{"@type":"Organization","@id":"https:\/\/elcotarro.com\/#organization","name":"El Cotarro","url":"https:\/\/elcotarro.com\/","logo":{"@type":"ImageObject","inLanguage":"es","@id":"https:\/\/elcotarro.com\/#\/schema\/logo\/image\/","url":"https:\/\/elcotarro.com\/wp-content\/uploads\/2014\/09\/Cabecera_El_Cotarro_v2.jpg","contentUrl":"https:\/\/elcotarro.com\/wp-content\/uploads\/2014\/09\/Cabecera_El_Cotarro_v2.jpg","width":3540,"height":441,"caption":"El Cotarro"},"image":{"@id":"https:\/\/elcotarro.com\/#\/schema\/logo\/image\/"},"sameAs":["https:\/\/www.facebook.com\/ElCotarro.Tenerife"]},{"@type":"Person","@id":"https:\/\/elcotarro.com\/#\/schema\/person\/af537ee7d60d15984c7e0affcd8a918b","name":"Jos\u00e9 Carlos Marrero Gonz\u00e1lez","image":{"@type":"ImageObject","inLanguage":"es","@id":"https:\/\/elcotarro.com\/#\/schema\/person\/image\/","url":"https:\/\/secure.gravatar.com\/avatar\/def4da036efb5d32c74d49c351f6dccc064dd69ad9f3aadc295c5a9a5391ca01?s=96&d=mm&r=g","contentUrl":"https:\/\/secure.gravatar.com\/avatar\/def4da036efb5d32c74d49c351f6dccc064dd69ad9f3aadc295c5a9a5391ca01?s=96&d=mm&r=g","caption":"Jos\u00e9 Carlos Marrero Gonz\u00e1lez"},"sameAs":["https:\/\/elcotarro.com"],"url":"https:\/\/elcotarro.com\/?author=2"}]}},"jetpack_featured_media_url":"","jetpack_sharing_enabled":true,"_links":{"self":[{"href":"https:\/\/elcotarro.com\/index.php?rest_route=\/wp\/v2\/posts\/1142","targetHints":{"allow":["GET"]}}],"collection":[{"href":"https:\/\/elcotarro.com\/index.php?rest_route=\/wp\/v2\/posts"}],"about":[{"href":"https:\/\/elcotarro.com\/index.php?rest_route=\/wp\/v2\/types\/post"}],"author":[{"embeddable":true,"href":"https:\/\/elcotarro.com\/index.php?rest_route=\/wp\/v2\/users\/2"}],"replies":[{"embeddable":true,"href":"https:\/\/elcotarro.com\/index.php?rest_route=%2Fwp%2Fv2%2Fcomments&post=1142"}],"version-history":[{"count":1,"href":"https:\/\/elcotarro.com\/index.php?rest_route=\/wp\/v2\/posts\/1142\/revisions"}],"predecessor-version":[{"id":1144,"href":"https:\/\/elcotarro.com\/index.php?rest_route=\/wp\/v2\/posts\/1142\/revisions\/1144"}],"wp:attachment":[{"href":"https:\/\/elcotarro.com\/index.php?rest_route=%2Fwp%2Fv2%2Fmedia&parent=1142"}],"wp:term":[{"taxonomy":"category","embeddable":true,"href":"https:\/\/elcotarro.com\/index.php?rest_route=%2Fwp%2Fv2%2Fcategories&post=1142"},{"taxonomy":"post_tag","embeddable":true,"href":"https:\/\/elcotarro.com\/index.php?rest_route=%2Fwp%2Fv2%2Ftags&post=1142"}],"curies":[{"name":"wp","href":"https:\/\/api.w.org\/{rel}","templated":true}]}}