{"id":1156,"date":"2015-05-10T12:03:59","date_gmt":"2015-05-10T11:03:59","guid":{"rendered":"https:\/\/elcotarro.com\/?p=1156"},"modified":"2015-05-10T09:19:33","modified_gmt":"2015-05-10T08:19:33","slug":"visitantes-gastronomicos-de-lujo","status":"publish","type":"post","link":"https:\/\/elcotarro.com\/?p=1156","title":{"rendered":"VISITANTES GASTRON\u00d3MICOS DE LUJO"},"content":{"rendered":"<p>\u2666 La celebraci\u00f3n del 2\u00ba Sal\u00f3n Gastron\u00f3mico de Canarias va a servir para que algunos de los m\u00e1s prestigiosos e influyentes periodistas gastron\u00f3micos de Espa\u00f1a se den cita en nuestra isla&#8230; Entre ellos van a estar <strong>Jos\u00e9 Carlos Capel<\/strong> (cr\u00edtico gastron\u00f3mico del peri\u00f3dico El Pa\u00eds, presidente de la Cumbre Internacional Madrid Fusi\u00f3n, miembro de la Real Academia de Gastronom\u00eda y autor de decenas de libros de literatura gastron\u00f3mica.), <strong>Carlos Maribona<\/strong> (cr\u00edtico del peri\u00f3dico ABC y director del prestigioso blog Salsa de Chiles) y <strong>Julia P\u00e9rez Lozano<\/strong> (periodista gastron\u00f3mica de El Mundo, de la revista Traveler, co-directora de la plataforma GastroActitud, miembro de la Real Academia de Gastronom\u00eda y autora de numerosos libros y gu\u00edas&#8230; Los tres vivir\u00e1n el 2\u00ba Sal\u00f3n, tendr\u00e1n tiempo para visitar restaurantes de Tenerife y, con seguridad, de regreso a sus redacciones hablar\u00e1n mucho (y espero que bien) de la atractiva actualidad gastron\u00f3mica de nuestra isla.<\/p>\n<p>&nbsp;<\/p>\n<table align=\"center\">\n<tbody>\n<tr>\n<td>\u00a0 <a href=\"https:\/\/elcotarro.com\/wp-content\/uploads\/2015\/05\/FOTO-7.-Jos\u00e9-Carlos-Capel.jpg\"><img loading=\"lazy\" decoding=\"async\" class=\"aligncenter wp-image-1158\" src=\"https:\/\/elcotarro.com\/wp-content\/uploads\/2015\/05\/FOTO-7.-Jos\u00e9-Carlos-Capel.jpg\" alt=\"FOTO 7.- Jos\u00e9 Carlos Capel\" width=\"186\" height=\"279\" srcset=\"https:\/\/elcotarro.com\/wp-content\/uploads\/2015\/05\/FOTO-7.-Jos\u00e9-Carlos-Capel.jpg 333w, https:\/\/elcotarro.com\/wp-content\/uploads\/2015\/05\/FOTO-7.-Jos\u00e9-Carlos-Capel-200x300.jpg 200w\" sizes=\"auto, (max-width: 186px) 100vw, 186px\" \/><\/a><\/td>\n<td>\u00a0<a href=\"https:\/\/elcotarro.com\/wp-content\/uploads\/2015\/05\/FOTO-8.-Julia-P\u00e9rez-Lozano.jpg\"><img loading=\"lazy\" decoding=\"async\" class=\"aligncenter wp-image-1159\" src=\"https:\/\/elcotarro.com\/wp-content\/uploads\/2015\/05\/FOTO-8.-Julia-P\u00e9rez-Lozano.jpg\" alt=\"FOTO 8.- Julia P\u00e9rez Lozano\" width=\"248\" height=\"279\" srcset=\"https:\/\/elcotarro.com\/wp-content\/uploads\/2015\/05\/FOTO-8.-Julia-P\u00e9rez-Lozano.jpg 320w, https:\/\/elcotarro.com\/wp-content\/uploads\/2015\/05\/FOTO-8.-Julia-P\u00e9rez-Lozano-267x300.jpg 267w\" sizes=\"auto, (max-width: 248px) 100vw, 248px\" \/><\/a><\/td>\n<td>\u00a0<a href=\"https:\/\/elcotarro.com\/wp-content\/uploads\/2015\/05\/FOTO-9.-Carlos-Maribona.jpg\"><img loading=\"lazy\" decoding=\"async\" class=\"aligncenter wp-image-1157\" src=\"https:\/\/elcotarro.com\/wp-content\/uploads\/2015\/05\/FOTO-9.-Carlos-Maribona.jpg\" alt=\"FOTO 9.- Carlos Maribona\" width=\"318\" height=\"279\" srcset=\"https:\/\/elcotarro.com\/wp-content\/uploads\/2015\/05\/FOTO-9.-Carlos-Maribona.jpg 318w, https:\/\/elcotarro.com\/wp-content\/uploads\/2015\/05\/FOTO-9.-Carlos-Maribona-300x263.jpg 300w\" sizes=\"auto, (max-width: 318px) 100vw, 318px\" \/><\/a><\/td>\n<\/tr>\n<\/tbody>\n<\/table>\n<p class=\"comentario\" style=\"text-align: center;\">Los cr\u00edticos gastron\u00f3micos Jos\u00e9 Carlos Capel (i), Julia P\u00e9rez (c) y Carlos Maribona<\/p>\n","protected":false},"excerpt":{"rendered":"<p>\u2666 La celebraci\u00f3n del 2\u00ba Sal\u00f3n Gastron\u00f3mico de Canarias va a servir para que algunos de los m\u00e1s prestigiosos e influyentes periodistas gastron\u00f3micos de Espa\u00f1a se den cita en nuestra isla&#8230; Entre ellos van a estar Jos\u00e9 Carlos Capel (cr\u00edtico gastron\u00f3mico del peri\u00f3dico El Pa\u00eds, presidente de la Cumbre Internacional Madrid Fusi\u00f3n, miembro de la &#8230; <a class=\"read-more\" href=\"https:\/\/elcotarro.com\/?p=1156\">Read more<\/a><\/p>\n","protected":false},"author":2,"featured_media":0,"comment_status":"open","ping_status":"open","sticky":false,"template":"","format":"standard","meta":{"_jetpack_memberships_contains_paid_content":false,"footnotes":""},"categories":[62],"tags":[379,390,565],"class_list":["post-1156","post","type-post","status-publish","format-standard","hentry","category-gastronomia","tag-carlos-maribona","tag-jose-carlos-capel","tag-julia-perez-lozano"],"yoast_head":"<!-- This site is optimized with the Yoast SEO plugin v27.0 - https:\/\/yoast.com\/product\/yoast-seo-wordpress\/ -->\n<title>VISITANTES GASTRON\u00d3MICOS DE LUJO - El Cotarrro<\/title>\n<meta name=\"description\" content=\"La celebraci\u00f3n del 2\u00ba Sal\u00f3n Gastron\u00f3mico de Canarias va a servir para que algunos de los m\u00e1s prestigiosos e influyentes periodistas gastron\u00f3micos de Espa\u00f1\" \/>\n<meta name=\"robots\" content=\"index, follow, max-snippet:-1, max-image-preview:large, max-video-preview:-1\" \/>\n<link rel=\"canonical\" href=\"https:\/\/elcotarro.com\/?p=1156\" \/>\n<meta property=\"og:locale\" content=\"es_ES\" \/>\n<meta property=\"og:type\" content=\"article\" \/>\n<meta property=\"og:title\" content=\"VISITANTES GASTRON\u00d3MICOS DE LUJO - El Cotarrro\" \/>\n<meta property=\"og:description\" content=\"La celebraci\u00f3n del 2\u00ba Sal\u00f3n Gastron\u00f3mico de Canarias va a servir para que algunos de los m\u00e1s prestigiosos e influyentes periodistas gastron\u00f3micos de Espa\u00f1\" \/>\n<meta property=\"og:url\" content=\"https:\/\/elcotarro.com\/?p=1156\" \/>\n<meta property=\"og:site_name\" content=\"El Cotarro\" \/>\n<meta property=\"article:publisher\" content=\"https:\/\/www.facebook.com\/ElCotarro.Tenerife\" \/>\n<meta property=\"article:published_time\" content=\"2015-05-10T11:03:59+00:00\" \/>\n<meta property=\"og:image\" content=\"https:\/\/elcotarro.com\/wp-content\/uploads\/2015\/05\/FOTO-9.-Carlos-Maribona.jpg\" \/>\n<meta name=\"author\" content=\"Jos\u00e9 Carlos Marrero Gonz\u00e1lez\" \/>\n<meta name=\"twitter:label1\" content=\"Escrito por\" \/>\n\t<meta name=\"twitter:data1\" content=\"Jos\u00e9 Carlos Marrero Gonz\u00e1lez\" \/>\n\t<meta name=\"twitter:label2\" content=\"Tiempo de lectura\" \/>\n\t<meta name=\"twitter:data2\" content=\"1 minuto\" \/>\n<script type=\"application\/ld+json\" class=\"yoast-schema-graph\">{\"@context\":\"https:\/\/schema.org\",\"@graph\":[{\"@type\":\"Article\",\"@id\":\"https:\/\/elcotarro.com\/?p=1156#article\",\"isPartOf\":{\"@id\":\"https:\/\/elcotarro.com\/?p=1156\"},\"author\":{\"name\":\"Jos\u00e9 Carlos Marrero Gonz\u00e1lez\",\"@id\":\"https:\/\/elcotarro.com\/#\/schema\/person\/af537ee7d60d15984c7e0affcd8a918b\"},\"headline\":\"VISITANTES GASTRON\u00d3MICOS DE LUJO\",\"datePublished\":\"2015-05-10T11:03:59+00:00\",\"mainEntityOfPage\":{\"@id\":\"https:\/\/elcotarro.com\/?p=1156\"},\"wordCount\":192,\"commentCount\":0,\"publisher\":{\"@id\":\"https:\/\/elcotarro.com\/#organization\"},\"image\":{\"@id\":\"https:\/\/elcotarro.com\/?p=1156#primaryimage\"},\"thumbnailUrl\":\"https:\/\/elcotarro.com\/wp-content\/uploads\/2015\/05\/FOTO-9.-Carlos-Maribona.jpg\",\"keywords\":[\"Carlos Maribona\",\"Jos\u00e9 Carlos Capel\",\"Julia P\u00e9rez Lozano\"],\"articleSection\":[\"Gastronom\u00eda\"],\"inLanguage\":\"es\",\"potentialAction\":[{\"@type\":\"CommentAction\",\"name\":\"Comment\",\"target\":[\"https:\/\/elcotarro.com\/?p=1156#respond\"]}]},{\"@type\":\"WebPage\",\"@id\":\"https:\/\/elcotarro.com\/?p=1156\",\"url\":\"https:\/\/elcotarro.com\/?p=1156\",\"name\":\"VISITANTES GASTRON\u00d3MICOS DE LUJO - El Cotarrro\",\"isPartOf\":{\"@id\":\"https:\/\/elcotarro.com\/#website\"},\"primaryImageOfPage\":{\"@id\":\"https:\/\/elcotarro.com\/?p=1156#primaryimage\"},\"image\":{\"@id\":\"https:\/\/elcotarro.com\/?p=1156#primaryimage\"},\"thumbnailUrl\":\"https:\/\/elcotarro.com\/wp-content\/uploads\/2015\/05\/FOTO-9.-Carlos-Maribona.jpg\",\"datePublished\":\"2015-05-10T11:03:59+00:00\",\"description\":\"La celebraci\u00f3n del 2\u00ba Sal\u00f3n Gastron\u00f3mico de Canarias va a servir para que algunos de los m\u00e1s prestigiosos e influyentes periodistas gastron\u00f3micos de Espa\u00f1\",\"breadcrumb\":{\"@id\":\"https:\/\/elcotarro.com\/?p=1156#breadcrumb\"},\"inLanguage\":\"es\",\"potentialAction\":[{\"@type\":\"ReadAction\",\"target\":[\"https:\/\/elcotarro.com\/?p=1156\"]}]},{\"@type\":\"ImageObject\",\"inLanguage\":\"es\",\"@id\":\"https:\/\/elcotarro.com\/?p=1156#primaryimage\",\"url\":\"https:\/\/elcotarro.com\/wp-content\/uploads\/2015\/05\/FOTO-9.-Carlos-Maribona.jpg\",\"contentUrl\":\"https:\/\/elcotarro.com\/wp-content\/uploads\/2015\/05\/FOTO-9.-Carlos-Maribona.jpg\",\"width\":318,\"height\":279},{\"@type\":\"BreadcrumbList\",\"@id\":\"https:\/\/elcotarro.com\/?p=1156#breadcrumb\",\"itemListElement\":[{\"@type\":\"ListItem\",\"position\":1,\"name\":\"Portada\",\"item\":\"https:\/\/elcotarro.com\/\"},{\"@type\":\"ListItem\",\"position\":2,\"name\":\"VISITANTES GASTRON\u00d3MICOS DE LUJO\"}]},{\"@type\":\"WebSite\",\"@id\":\"https:\/\/elcotarro.com\/#website\",\"url\":\"https:\/\/elcotarro.com\/\",\"name\":\"El Cotarro\",\"description\":\"Peri\u00f3dico Digital Independiente dirigido por Jos\u00e9 Carlos Marrero\",\"publisher\":{\"@id\":\"https:\/\/elcotarro.com\/#organization\"},\"potentialAction\":[{\"@type\":\"SearchAction\",\"target\":{\"@type\":\"EntryPoint\",\"urlTemplate\":\"https:\/\/elcotarro.com\/?s={search_term_string}\"},\"query-input\":{\"@type\":\"PropertyValueSpecification\",\"valueRequired\":true,\"valueName\":\"search_term_string\"}}],\"inLanguage\":\"es\"},{\"@type\":\"Organization\",\"@id\":\"https:\/\/elcotarro.com\/#organization\",\"name\":\"El Cotarro\",\"url\":\"https:\/\/elcotarro.com\/\",\"logo\":{\"@type\":\"ImageObject\",\"inLanguage\":\"es\",\"@id\":\"https:\/\/elcotarro.com\/#\/schema\/logo\/image\/\",\"url\":\"https:\/\/elcotarro.com\/wp-content\/uploads\/2014\/09\/Cabecera_El_Cotarro_v2.jpg\",\"contentUrl\":\"https:\/\/elcotarro.com\/wp-content\/uploads\/2014\/09\/Cabecera_El_Cotarro_v2.jpg\",\"width\":3540,\"height\":441,\"caption\":\"El Cotarro\"},\"image\":{\"@id\":\"https:\/\/elcotarro.com\/#\/schema\/logo\/image\/\"},\"sameAs\":[\"https:\/\/www.facebook.com\/ElCotarro.Tenerife\"]},{\"@type\":\"Person\",\"@id\":\"https:\/\/elcotarro.com\/#\/schema\/person\/af537ee7d60d15984c7e0affcd8a918b\",\"name\":\"Jos\u00e9 Carlos Marrero Gonz\u00e1lez\",\"image\":{\"@type\":\"ImageObject\",\"inLanguage\":\"es\",\"@id\":\"https:\/\/elcotarro.com\/#\/schema\/person\/image\/\",\"url\":\"https:\/\/secure.gravatar.com\/avatar\/def4da036efb5d32c74d49c351f6dccc064dd69ad9f3aadc295c5a9a5391ca01?s=96&d=mm&r=g\",\"contentUrl\":\"https:\/\/secure.gravatar.com\/avatar\/def4da036efb5d32c74d49c351f6dccc064dd69ad9f3aadc295c5a9a5391ca01?s=96&d=mm&r=g\",\"caption\":\"Jos\u00e9 Carlos Marrero Gonz\u00e1lez\"},\"sameAs\":[\"https:\/\/elcotarro.com\"],\"url\":\"https:\/\/elcotarro.com\/?author=2\"}]}<\/script>\n<!-- \/ Yoast SEO plugin. -->","yoast_head_json":{"title":"VISITANTES GASTRON\u00d3MICOS DE LUJO - El Cotarrro","description":"La celebraci\u00f3n del 2\u00ba Sal\u00f3n Gastron\u00f3mico de Canarias va a servir para que algunos de los m\u00e1s prestigiosos e influyentes periodistas gastron\u00f3micos de Espa\u00f1","robots":{"index":"index","follow":"follow","max-snippet":"max-snippet:-1","max-image-preview":"max-image-preview:large","max-video-preview":"max-video-preview:-1"},"canonical":"https:\/\/elcotarro.com\/?p=1156","og_locale":"es_ES","og_type":"article","og_title":"VISITANTES GASTRON\u00d3MICOS DE LUJO - El Cotarrro","og_description":"La celebraci\u00f3n del 2\u00ba Sal\u00f3n Gastron\u00f3mico de Canarias va a servir para que algunos de los m\u00e1s prestigiosos e influyentes periodistas gastron\u00f3micos de Espa\u00f1","og_url":"https:\/\/elcotarro.com\/?p=1156","og_site_name":"El Cotarro","article_publisher":"https:\/\/www.facebook.com\/ElCotarro.Tenerife","article_published_time":"2015-05-10T11:03:59+00:00","og_image":[{"url":"https:\/\/elcotarro.com\/wp-content\/uploads\/2015\/05\/FOTO-9.-Carlos-Maribona.jpg","type":"","width":"","height":""}],"author":"Jos\u00e9 Carlos Marrero Gonz\u00e1lez","twitter_misc":{"Escrito por":"Jos\u00e9 Carlos Marrero Gonz\u00e1lez","Tiempo de lectura":"1 minuto"},"schema":{"@context":"https:\/\/schema.org","@graph":[{"@type":"Article","@id":"https:\/\/elcotarro.com\/?p=1156#article","isPartOf":{"@id":"https:\/\/elcotarro.com\/?p=1156"},"author":{"name":"Jos\u00e9 Carlos Marrero Gonz\u00e1lez","@id":"https:\/\/elcotarro.com\/#\/schema\/person\/af537ee7d60d15984c7e0affcd8a918b"},"headline":"VISITANTES GASTRON\u00d3MICOS DE LUJO","datePublished":"2015-05-10T11:03:59+00:00","mainEntityOfPage":{"@id":"https:\/\/elcotarro.com\/?p=1156"},"wordCount":192,"commentCount":0,"publisher":{"@id":"https:\/\/elcotarro.com\/#organization"},"image":{"@id":"https:\/\/elcotarro.com\/?p=1156#primaryimage"},"thumbnailUrl":"https:\/\/elcotarro.com\/wp-content\/uploads\/2015\/05\/FOTO-9.-Carlos-Maribona.jpg","keywords":["Carlos Maribona","Jos\u00e9 Carlos Capel","Julia P\u00e9rez Lozano"],"articleSection":["Gastronom\u00eda"],"inLanguage":"es","potentialAction":[{"@type":"CommentAction","name":"Comment","target":["https:\/\/elcotarro.com\/?p=1156#respond"]}]},{"@type":"WebPage","@id":"https:\/\/elcotarro.com\/?p=1156","url":"https:\/\/elcotarro.com\/?p=1156","name":"VISITANTES GASTRON\u00d3MICOS DE LUJO - El Cotarrro","isPartOf":{"@id":"https:\/\/elcotarro.com\/#website"},"primaryImageOfPage":{"@id":"https:\/\/elcotarro.com\/?p=1156#primaryimage"},"image":{"@id":"https:\/\/elcotarro.com\/?p=1156#primaryimage"},"thumbnailUrl":"https:\/\/elcotarro.com\/wp-content\/uploads\/2015\/05\/FOTO-9.-Carlos-Maribona.jpg","datePublished":"2015-05-10T11:03:59+00:00","description":"La celebraci\u00f3n del 2\u00ba Sal\u00f3n Gastron\u00f3mico de Canarias va a servir para que algunos de los m\u00e1s prestigiosos e influyentes periodistas gastron\u00f3micos de Espa\u00f1","breadcrumb":{"@id":"https:\/\/elcotarro.com\/?p=1156#breadcrumb"},"inLanguage":"es","potentialAction":[{"@type":"ReadAction","target":["https:\/\/elcotarro.com\/?p=1156"]}]},{"@type":"ImageObject","inLanguage":"es","@id":"https:\/\/elcotarro.com\/?p=1156#primaryimage","url":"https:\/\/elcotarro.com\/wp-content\/uploads\/2015\/05\/FOTO-9.-Carlos-Maribona.jpg","contentUrl":"https:\/\/elcotarro.com\/wp-content\/uploads\/2015\/05\/FOTO-9.-Carlos-Maribona.jpg","width":318,"height":279},{"@type":"BreadcrumbList","@id":"https:\/\/elcotarro.com\/?p=1156#breadcrumb","itemListElement":[{"@type":"ListItem","position":1,"name":"Portada","item":"https:\/\/elcotarro.com\/"},{"@type":"ListItem","position":2,"name":"VISITANTES GASTRON\u00d3MICOS DE LUJO"}]},{"@type":"WebSite","@id":"https:\/\/elcotarro.com\/#website","url":"https:\/\/elcotarro.com\/","name":"El Cotarro","description":"Peri\u00f3dico Digital Independiente dirigido por Jos\u00e9 Carlos Marrero","publisher":{"@id":"https:\/\/elcotarro.com\/#organization"},"potentialAction":[{"@type":"SearchAction","target":{"@type":"EntryPoint","urlTemplate":"https:\/\/elcotarro.com\/?s={search_term_string}"},"query-input":{"@type":"PropertyValueSpecification","valueRequired":true,"valueName":"search_term_string"}}],"inLanguage":"es"},{"@type":"Organization","@id":"https:\/\/elcotarro.com\/#organization","name":"El Cotarro","url":"https:\/\/elcotarro.com\/","logo":{"@type":"ImageObject","inLanguage":"es","@id":"https:\/\/elcotarro.com\/#\/schema\/logo\/image\/","url":"https:\/\/elcotarro.com\/wp-content\/uploads\/2014\/09\/Cabecera_El_Cotarro_v2.jpg","contentUrl":"https:\/\/elcotarro.com\/wp-content\/uploads\/2014\/09\/Cabecera_El_Cotarro_v2.jpg","width":3540,"height":441,"caption":"El Cotarro"},"image":{"@id":"https:\/\/elcotarro.com\/#\/schema\/logo\/image\/"},"sameAs":["https:\/\/www.facebook.com\/ElCotarro.Tenerife"]},{"@type":"Person","@id":"https:\/\/elcotarro.com\/#\/schema\/person\/af537ee7d60d15984c7e0affcd8a918b","name":"Jos\u00e9 Carlos Marrero Gonz\u00e1lez","image":{"@type":"ImageObject","inLanguage":"es","@id":"https:\/\/elcotarro.com\/#\/schema\/person\/image\/","url":"https:\/\/secure.gravatar.com\/avatar\/def4da036efb5d32c74d49c351f6dccc064dd69ad9f3aadc295c5a9a5391ca01?s=96&d=mm&r=g","contentUrl":"https:\/\/secure.gravatar.com\/avatar\/def4da036efb5d32c74d49c351f6dccc064dd69ad9f3aadc295c5a9a5391ca01?s=96&d=mm&r=g","caption":"Jos\u00e9 Carlos Marrero Gonz\u00e1lez"},"sameAs":["https:\/\/elcotarro.com"],"url":"https:\/\/elcotarro.com\/?author=2"}]}},"jetpack_featured_media_url":"","jetpack_sharing_enabled":true,"_links":{"self":[{"href":"https:\/\/elcotarro.com\/index.php?rest_route=\/wp\/v2\/posts\/1156","targetHints":{"allow":["GET"]}}],"collection":[{"href":"https:\/\/elcotarro.com\/index.php?rest_route=\/wp\/v2\/posts"}],"about":[{"href":"https:\/\/elcotarro.com\/index.php?rest_route=\/wp\/v2\/types\/post"}],"author":[{"embeddable":true,"href":"https:\/\/elcotarro.com\/index.php?rest_route=\/wp\/v2\/users\/2"}],"replies":[{"embeddable":true,"href":"https:\/\/elcotarro.com\/index.php?rest_route=%2Fwp%2Fv2%2Fcomments&post=1156"}],"version-history":[{"count":1,"href":"https:\/\/elcotarro.com\/index.php?rest_route=\/wp\/v2\/posts\/1156\/revisions"}],"predecessor-version":[{"id":1160,"href":"https:\/\/elcotarro.com\/index.php?rest_route=\/wp\/v2\/posts\/1156\/revisions\/1160"}],"wp:attachment":[{"href":"https:\/\/elcotarro.com\/index.php?rest_route=%2Fwp%2Fv2%2Fmedia&parent=1156"}],"wp:term":[{"taxonomy":"category","embeddable":true,"href":"https:\/\/elcotarro.com\/index.php?rest_route=%2Fwp%2Fv2%2Fcategories&post=1156"},{"taxonomy":"post_tag","embeddable":true,"href":"https:\/\/elcotarro.com\/index.php?rest_route=%2Fwp%2Fv2%2Ftags&post=1156"}],"curies":[{"name":"wp","href":"https:\/\/api.w.org\/{rel}","templated":true}]}}