{"id":1268,"date":"2015-05-24T12:07:07","date_gmt":"2015-05-24T11:07:07","guid":{"rendered":"https:\/\/elcotarro.com\/?p=1268"},"modified":"2015-05-24T10:15:34","modified_gmt":"2015-05-24T09:15:34","slug":"exitosa-gran-promocion","status":"publish","type":"post","link":"https:\/\/elcotarro.com\/?p=1268","title":{"rendered":"EXITOSA GRAN PROMOCI\u00d3N"},"content":{"rendered":"<p>\u2666 Como adelant\u00e9 el pasado domingo, la emisi\u00f3n del programa de televisi\u00f3n MasterChef ha sido un total \u00e9xito&#8230; Con unos 3.150.000 telespectadores y un 17,9% de \u201cshare\u201d, la promoci\u00f3n nacional a trav\u00e9s de televisi\u00f3n ha sido impresionante&#8230; la presentadora <strong>Eva Gonz\u00e1lez<\/strong> no escatim\u00f3 en elogios a nuestra isla&#8230; Por su parte los concursantes finalistas y los tres jueces del prestigioso \u201ctalent-show\u201d los populares chefs <strong>Samantha Vallejo-N\u00e1gera, Pepe Rodr\u00edguez<\/strong> y <strong>Jordi Cruz<\/strong>, no dudaron en elogiar la calidad de nuestros productos y las recetas de nuestra cocina&#8230; La promoci\u00f3n de Tenerife como destino tur\u00edstico enogastron\u00f3mico, sencillamente impagable.<\/p>\n<p><a href=\"https:\/\/elcotarro.com\/wp-content\/uploads\/2015\/05\/FOTO-2.-Aspirantes-cogiendo-papas-Medium.jpg\"><img loading=\"lazy\" decoding=\"async\" class=\"aligncenter size-large wp-image-1269\" src=\"https:\/\/elcotarro.com\/wp-content\/uploads\/2015\/05\/FOTO-2.-Aspirantes-cogiendo-papas-Medium-1024x768.jpg\" alt=\"FOTO 2.- Aspirantes cogiendo papas (Medium)\" width=\"1024\" height=\"768\" srcset=\"https:\/\/elcotarro.com\/wp-content\/uploads\/2015\/05\/FOTO-2.-Aspirantes-cogiendo-papas-Medium.jpg 1024w, https:\/\/elcotarro.com\/wp-content\/uploads\/2015\/05\/FOTO-2.-Aspirantes-cogiendo-papas-Medium-300x225.jpg 300w\" sizes=\"auto, (max-width: 1024px) 100vw, 1024px\" \/><\/a><\/p>\n<p class=\"comentario\" style=\"text-align: center;\">Los aspirantes conociendo y cogiendo papas antiguas de Tenerife con el experto Domingo R\u00edos y el vecino D. Pedro (d) conocido agricultor de Icod el Alto.<\/p>\n","protected":false},"excerpt":{"rendered":"<p>\u2666 Como adelant\u00e9 el pasado domingo, la emisi\u00f3n del programa de televisi\u00f3n MasterChef ha sido un total \u00e9xito&#8230; Con unos 3.150.000 telespectadores y un 17,9% de \u201cshare\u201d, la promoci\u00f3n nacional a trav\u00e9s de televisi\u00f3n ha sido impresionante&#8230; la presentadora Eva Gonz\u00e1lez no escatim\u00f3 en elogios a nuestra isla&#8230; Por su parte los concursantes finalistas y &#8230; <a class=\"read-more\" href=\"https:\/\/elcotarro.com\/?p=1268\">Read more<\/a><\/p>\n","protected":false},"author":2,"featured_media":0,"comment_status":"open","ping_status":"open","sticky":false,"template":"","format":"standard","meta":{"_jetpack_memberships_contains_paid_content":false,"footnotes":""},"categories":[136,62],"tags":[596,580,575,579],"class_list":["post-1268","post","type-post","status-publish","format-standard","hentry","category-eventos","category-gastronomia","tag-eva-gonzalez","tag-jordi-cruz","tag-pepe-rodriguez","tag-samantha-vallejo-nagera"],"yoast_head":"<!-- This site is optimized with the Yoast SEO plugin v27.0 - https:\/\/yoast.com\/product\/yoast-seo-wordpress\/ -->\n<title>EXITOSA GRAN PROMOCI\u00d3N - El Cotarrro<\/title>\n<meta name=\"description\" content=\"Como adelant\u00e9 el pasado domingo, la emisi\u00f3n del programa de televisi\u00f3n MasterChef ha sido un total \u00e9xito... Con unos 3.150.000 telespectadores y un 17,9%\" \/>\n<meta name=\"robots\" content=\"index, follow, max-snippet:-1, max-image-preview:large, max-video-preview:-1\" \/>\n<link rel=\"canonical\" href=\"https:\/\/elcotarro.com\/?p=1268\" \/>\n<meta property=\"og:locale\" content=\"es_ES\" \/>\n<meta property=\"og:type\" content=\"article\" \/>\n<meta property=\"og:title\" content=\"EXITOSA GRAN PROMOCI\u00d3N - El Cotarrro\" \/>\n<meta property=\"og:description\" content=\"Como adelant\u00e9 el pasado domingo, la emisi\u00f3n del programa de televisi\u00f3n MasterChef ha sido un total \u00e9xito... Con unos 3.150.000 telespectadores y un 17,9%\" \/>\n<meta property=\"og:url\" content=\"https:\/\/elcotarro.com\/?p=1268\" \/>\n<meta property=\"og:site_name\" content=\"El Cotarro\" \/>\n<meta property=\"article:publisher\" content=\"https:\/\/www.facebook.com\/ElCotarro.Tenerife\" \/>\n<meta property=\"article:published_time\" content=\"2015-05-24T11:07:07+00:00\" \/>\n<meta property=\"og:image\" content=\"https:\/\/elcotarro.com\/wp-content\/uploads\/2015\/05\/FOTO-2.-Aspirantes-cogiendo-papas-Medium-1024x768.jpg\" \/>\n<meta name=\"author\" content=\"Jos\u00e9 Carlos Marrero Gonz\u00e1lez\" \/>\n<meta name=\"twitter:label1\" content=\"Escrito por\" \/>\n\t<meta name=\"twitter:data1\" content=\"Jos\u00e9 Carlos Marrero Gonz\u00e1lez\" \/>\n\t<meta name=\"twitter:label2\" content=\"Tiempo de lectura\" \/>\n\t<meta name=\"twitter:data2\" content=\"1 minuto\" \/>\n<script type=\"application\/ld+json\" class=\"yoast-schema-graph\">{\"@context\":\"https:\/\/schema.org\",\"@graph\":[{\"@type\":\"Article\",\"@id\":\"https:\/\/elcotarro.com\/?p=1268#article\",\"isPartOf\":{\"@id\":\"https:\/\/elcotarro.com\/?p=1268\"},\"author\":{\"name\":\"Jos\u00e9 Carlos Marrero Gonz\u00e1lez\",\"@id\":\"https:\/\/elcotarro.com\/#\/schema\/person\/af537ee7d60d15984c7e0affcd8a918b\"},\"headline\":\"EXITOSA GRAN PROMOCI\u00d3N\",\"datePublished\":\"2015-05-24T11:07:07+00:00\",\"mainEntityOfPage\":{\"@id\":\"https:\/\/elcotarro.com\/?p=1268\"},\"wordCount\":135,\"commentCount\":0,\"publisher\":{\"@id\":\"https:\/\/elcotarro.com\/#organization\"},\"image\":{\"@id\":\"https:\/\/elcotarro.com\/?p=1268#primaryimage\"},\"thumbnailUrl\":\"https:\/\/elcotarro.com\/wp-content\/uploads\/2015\/05\/FOTO-2.-Aspirantes-cogiendo-papas-Medium-1024x768.jpg\",\"keywords\":[\"Eva Gonz\u00e1lez\",\"Jordi Cruz\",\"Pepe Rodr\u00edguez\",\"Samantha Vallejo-N\u00e1gera\"],\"articleSection\":[\"Eventos\",\"Gastronom\u00eda\"],\"inLanguage\":\"es\",\"potentialAction\":[{\"@type\":\"CommentAction\",\"name\":\"Comment\",\"target\":[\"https:\/\/elcotarro.com\/?p=1268#respond\"]}]},{\"@type\":\"WebPage\",\"@id\":\"https:\/\/elcotarro.com\/?p=1268\",\"url\":\"https:\/\/elcotarro.com\/?p=1268\",\"name\":\"EXITOSA GRAN PROMOCI\u00d3N - El Cotarrro\",\"isPartOf\":{\"@id\":\"https:\/\/elcotarro.com\/#website\"},\"primaryImageOfPage\":{\"@id\":\"https:\/\/elcotarro.com\/?p=1268#primaryimage\"},\"image\":{\"@id\":\"https:\/\/elcotarro.com\/?p=1268#primaryimage\"},\"thumbnailUrl\":\"https:\/\/elcotarro.com\/wp-content\/uploads\/2015\/05\/FOTO-2.-Aspirantes-cogiendo-papas-Medium-1024x768.jpg\",\"datePublished\":\"2015-05-24T11:07:07+00:00\",\"description\":\"Como adelant\u00e9 el pasado domingo, la emisi\u00f3n del programa de televisi\u00f3n MasterChef ha sido un total \u00e9xito... Con unos 3.150.000 telespectadores y un 17,9%\",\"breadcrumb\":{\"@id\":\"https:\/\/elcotarro.com\/?p=1268#breadcrumb\"},\"inLanguage\":\"es\",\"potentialAction\":[{\"@type\":\"ReadAction\",\"target\":[\"https:\/\/elcotarro.com\/?p=1268\"]}]},{\"@type\":\"ImageObject\",\"inLanguage\":\"es\",\"@id\":\"https:\/\/elcotarro.com\/?p=1268#primaryimage\",\"url\":\"https:\/\/elcotarro.com\/wp-content\/uploads\/2015\/05\/FOTO-2.-Aspirantes-cogiendo-papas-Medium.jpg\",\"contentUrl\":\"https:\/\/elcotarro.com\/wp-content\/uploads\/2015\/05\/FOTO-2.-Aspirantes-cogiendo-papas-Medium.jpg\",\"width\":1024,\"height\":768},{\"@type\":\"BreadcrumbList\",\"@id\":\"https:\/\/elcotarro.com\/?p=1268#breadcrumb\",\"itemListElement\":[{\"@type\":\"ListItem\",\"position\":1,\"name\":\"Portada\",\"item\":\"https:\/\/elcotarro.com\/\"},{\"@type\":\"ListItem\",\"position\":2,\"name\":\"EXITOSA GRAN PROMOCI\u00d3N\"}]},{\"@type\":\"WebSite\",\"@id\":\"https:\/\/elcotarro.com\/#website\",\"url\":\"https:\/\/elcotarro.com\/\",\"name\":\"El Cotarro\",\"description\":\"Peri\u00f3dico Digital Independiente dirigido por Jos\u00e9 Carlos Marrero\",\"publisher\":{\"@id\":\"https:\/\/elcotarro.com\/#organization\"},\"potentialAction\":[{\"@type\":\"SearchAction\",\"target\":{\"@type\":\"EntryPoint\",\"urlTemplate\":\"https:\/\/elcotarro.com\/?s={search_term_string}\"},\"query-input\":{\"@type\":\"PropertyValueSpecification\",\"valueRequired\":true,\"valueName\":\"search_term_string\"}}],\"inLanguage\":\"es\"},{\"@type\":\"Organization\",\"@id\":\"https:\/\/elcotarro.com\/#organization\",\"name\":\"El Cotarro\",\"url\":\"https:\/\/elcotarro.com\/\",\"logo\":{\"@type\":\"ImageObject\",\"inLanguage\":\"es\",\"@id\":\"https:\/\/elcotarro.com\/#\/schema\/logo\/image\/\",\"url\":\"https:\/\/elcotarro.com\/wp-content\/uploads\/2014\/09\/Cabecera_El_Cotarro_v2.jpg\",\"contentUrl\":\"https:\/\/elcotarro.com\/wp-content\/uploads\/2014\/09\/Cabecera_El_Cotarro_v2.jpg\",\"width\":3540,\"height\":441,\"caption\":\"El Cotarro\"},\"image\":{\"@id\":\"https:\/\/elcotarro.com\/#\/schema\/logo\/image\/\"},\"sameAs\":[\"https:\/\/www.facebook.com\/ElCotarro.Tenerife\"]},{\"@type\":\"Person\",\"@id\":\"https:\/\/elcotarro.com\/#\/schema\/person\/af537ee7d60d15984c7e0affcd8a918b\",\"name\":\"Jos\u00e9 Carlos Marrero Gonz\u00e1lez\",\"image\":{\"@type\":\"ImageObject\",\"inLanguage\":\"es\",\"@id\":\"https:\/\/elcotarro.com\/#\/schema\/person\/image\/\",\"url\":\"https:\/\/secure.gravatar.com\/avatar\/def4da036efb5d32c74d49c351f6dccc064dd69ad9f3aadc295c5a9a5391ca01?s=96&d=mm&r=g\",\"contentUrl\":\"https:\/\/secure.gravatar.com\/avatar\/def4da036efb5d32c74d49c351f6dccc064dd69ad9f3aadc295c5a9a5391ca01?s=96&d=mm&r=g\",\"caption\":\"Jos\u00e9 Carlos Marrero Gonz\u00e1lez\"},\"sameAs\":[\"https:\/\/elcotarro.com\"],\"url\":\"https:\/\/elcotarro.com\/?author=2\"}]}<\/script>\n<!-- \/ Yoast SEO plugin. -->","yoast_head_json":{"title":"EXITOSA GRAN PROMOCI\u00d3N - El Cotarrro","description":"Como adelant\u00e9 el pasado domingo, la emisi\u00f3n del programa de televisi\u00f3n MasterChef ha sido un total \u00e9xito... Con unos 3.150.000 telespectadores y un 17,9%","robots":{"index":"index","follow":"follow","max-snippet":"max-snippet:-1","max-image-preview":"max-image-preview:large","max-video-preview":"max-video-preview:-1"},"canonical":"https:\/\/elcotarro.com\/?p=1268","og_locale":"es_ES","og_type":"article","og_title":"EXITOSA GRAN PROMOCI\u00d3N - El Cotarrro","og_description":"Como adelant\u00e9 el pasado domingo, la emisi\u00f3n del programa de televisi\u00f3n MasterChef ha sido un total \u00e9xito... Con unos 3.150.000 telespectadores y un 17,9%","og_url":"https:\/\/elcotarro.com\/?p=1268","og_site_name":"El Cotarro","article_publisher":"https:\/\/www.facebook.com\/ElCotarro.Tenerife","article_published_time":"2015-05-24T11:07:07+00:00","og_image":[{"url":"https:\/\/elcotarro.com\/wp-content\/uploads\/2015\/05\/FOTO-2.-Aspirantes-cogiendo-papas-Medium-1024x768.jpg","type":"","width":"","height":""}],"author":"Jos\u00e9 Carlos Marrero Gonz\u00e1lez","twitter_misc":{"Escrito por":"Jos\u00e9 Carlos Marrero Gonz\u00e1lez","Tiempo de lectura":"1 minuto"},"schema":{"@context":"https:\/\/schema.org","@graph":[{"@type":"Article","@id":"https:\/\/elcotarro.com\/?p=1268#article","isPartOf":{"@id":"https:\/\/elcotarro.com\/?p=1268"},"author":{"name":"Jos\u00e9 Carlos Marrero Gonz\u00e1lez","@id":"https:\/\/elcotarro.com\/#\/schema\/person\/af537ee7d60d15984c7e0affcd8a918b"},"headline":"EXITOSA GRAN PROMOCI\u00d3N","datePublished":"2015-05-24T11:07:07+00:00","mainEntityOfPage":{"@id":"https:\/\/elcotarro.com\/?p=1268"},"wordCount":135,"commentCount":0,"publisher":{"@id":"https:\/\/elcotarro.com\/#organization"},"image":{"@id":"https:\/\/elcotarro.com\/?p=1268#primaryimage"},"thumbnailUrl":"https:\/\/elcotarro.com\/wp-content\/uploads\/2015\/05\/FOTO-2.-Aspirantes-cogiendo-papas-Medium-1024x768.jpg","keywords":["Eva Gonz\u00e1lez","Jordi Cruz","Pepe Rodr\u00edguez","Samantha Vallejo-N\u00e1gera"],"articleSection":["Eventos","Gastronom\u00eda"],"inLanguage":"es","potentialAction":[{"@type":"CommentAction","name":"Comment","target":["https:\/\/elcotarro.com\/?p=1268#respond"]}]},{"@type":"WebPage","@id":"https:\/\/elcotarro.com\/?p=1268","url":"https:\/\/elcotarro.com\/?p=1268","name":"EXITOSA GRAN PROMOCI\u00d3N - El Cotarrro","isPartOf":{"@id":"https:\/\/elcotarro.com\/#website"},"primaryImageOfPage":{"@id":"https:\/\/elcotarro.com\/?p=1268#primaryimage"},"image":{"@id":"https:\/\/elcotarro.com\/?p=1268#primaryimage"},"thumbnailUrl":"https:\/\/elcotarro.com\/wp-content\/uploads\/2015\/05\/FOTO-2.-Aspirantes-cogiendo-papas-Medium-1024x768.jpg","datePublished":"2015-05-24T11:07:07+00:00","description":"Como adelant\u00e9 el pasado domingo, la emisi\u00f3n del programa de televisi\u00f3n MasterChef ha sido un total \u00e9xito... Con unos 3.150.000 telespectadores y un 17,9%","breadcrumb":{"@id":"https:\/\/elcotarro.com\/?p=1268#breadcrumb"},"inLanguage":"es","potentialAction":[{"@type":"ReadAction","target":["https:\/\/elcotarro.com\/?p=1268"]}]},{"@type":"ImageObject","inLanguage":"es","@id":"https:\/\/elcotarro.com\/?p=1268#primaryimage","url":"https:\/\/elcotarro.com\/wp-content\/uploads\/2015\/05\/FOTO-2.-Aspirantes-cogiendo-papas-Medium.jpg","contentUrl":"https:\/\/elcotarro.com\/wp-content\/uploads\/2015\/05\/FOTO-2.-Aspirantes-cogiendo-papas-Medium.jpg","width":1024,"height":768},{"@type":"BreadcrumbList","@id":"https:\/\/elcotarro.com\/?p=1268#breadcrumb","itemListElement":[{"@type":"ListItem","position":1,"name":"Portada","item":"https:\/\/elcotarro.com\/"},{"@type":"ListItem","position":2,"name":"EXITOSA GRAN PROMOCI\u00d3N"}]},{"@type":"WebSite","@id":"https:\/\/elcotarro.com\/#website","url":"https:\/\/elcotarro.com\/","name":"El Cotarro","description":"Peri\u00f3dico Digital Independiente dirigido por Jos\u00e9 Carlos Marrero","publisher":{"@id":"https:\/\/elcotarro.com\/#organization"},"potentialAction":[{"@type":"SearchAction","target":{"@type":"EntryPoint","urlTemplate":"https:\/\/elcotarro.com\/?s={search_term_string}"},"query-input":{"@type":"PropertyValueSpecification","valueRequired":true,"valueName":"search_term_string"}}],"inLanguage":"es"},{"@type":"Organization","@id":"https:\/\/elcotarro.com\/#organization","name":"El Cotarro","url":"https:\/\/elcotarro.com\/","logo":{"@type":"ImageObject","inLanguage":"es","@id":"https:\/\/elcotarro.com\/#\/schema\/logo\/image\/","url":"https:\/\/elcotarro.com\/wp-content\/uploads\/2014\/09\/Cabecera_El_Cotarro_v2.jpg","contentUrl":"https:\/\/elcotarro.com\/wp-content\/uploads\/2014\/09\/Cabecera_El_Cotarro_v2.jpg","width":3540,"height":441,"caption":"El Cotarro"},"image":{"@id":"https:\/\/elcotarro.com\/#\/schema\/logo\/image\/"},"sameAs":["https:\/\/www.facebook.com\/ElCotarro.Tenerife"]},{"@type":"Person","@id":"https:\/\/elcotarro.com\/#\/schema\/person\/af537ee7d60d15984c7e0affcd8a918b","name":"Jos\u00e9 Carlos Marrero Gonz\u00e1lez","image":{"@type":"ImageObject","inLanguage":"es","@id":"https:\/\/elcotarro.com\/#\/schema\/person\/image\/","url":"https:\/\/secure.gravatar.com\/avatar\/def4da036efb5d32c74d49c351f6dccc064dd69ad9f3aadc295c5a9a5391ca01?s=96&d=mm&r=g","contentUrl":"https:\/\/secure.gravatar.com\/avatar\/def4da036efb5d32c74d49c351f6dccc064dd69ad9f3aadc295c5a9a5391ca01?s=96&d=mm&r=g","caption":"Jos\u00e9 Carlos Marrero Gonz\u00e1lez"},"sameAs":["https:\/\/elcotarro.com"],"url":"https:\/\/elcotarro.com\/?author=2"}]}},"jetpack_featured_media_url":"","jetpack_sharing_enabled":true,"_links":{"self":[{"href":"https:\/\/elcotarro.com\/index.php?rest_route=\/wp\/v2\/posts\/1268","targetHints":{"allow":["GET"]}}],"collection":[{"href":"https:\/\/elcotarro.com\/index.php?rest_route=\/wp\/v2\/posts"}],"about":[{"href":"https:\/\/elcotarro.com\/index.php?rest_route=\/wp\/v2\/types\/post"}],"author":[{"embeddable":true,"href":"https:\/\/elcotarro.com\/index.php?rest_route=\/wp\/v2\/users\/2"}],"replies":[{"embeddable":true,"href":"https:\/\/elcotarro.com\/index.php?rest_route=%2Fwp%2Fv2%2Fcomments&post=1268"}],"version-history":[{"count":1,"href":"https:\/\/elcotarro.com\/index.php?rest_route=\/wp\/v2\/posts\/1268\/revisions"}],"predecessor-version":[{"id":1270,"href":"https:\/\/elcotarro.com\/index.php?rest_route=\/wp\/v2\/posts\/1268\/revisions\/1270"}],"wp:attachment":[{"href":"https:\/\/elcotarro.com\/index.php?rest_route=%2Fwp%2Fv2%2Fmedia&parent=1268"}],"wp:term":[{"taxonomy":"category","embeddable":true,"href":"https:\/\/elcotarro.com\/index.php?rest_route=%2Fwp%2Fv2%2Fcategories&post=1268"},{"taxonomy":"post_tag","embeddable":true,"href":"https:\/\/elcotarro.com\/index.php?rest_route=%2Fwp%2Fv2%2Ftags&post=1268"}],"curies":[{"name":"wp","href":"https:\/\/api.w.org\/{rel}","templated":true}]}}