{"id":127,"date":"2014-09-21T00:05:45","date_gmt":"2014-09-20T23:05:45","guid":{"rendered":"https:\/\/elcotarro.com\/?p=127"},"modified":"2014-09-20T23:36:24","modified_gmt":"2014-09-20T22:36:24","slug":"la-rumana-vs-la-guajira","status":"publish","type":"post","link":"https:\/\/elcotarro.com\/?p=127","title":{"rendered":"\u201cLA RUMANA\u201d Vs \u201cLA GUAJIRA\u201d"},"content":{"rendered":"<p style=\"text-align: justify;\">\u2666\u00a0Durante la \u00e9poca de <strong>Anastasio Somoza Garc\u00eda<\/strong> como presidente de Nicaragua, el llamado <strong><em>Tacho<\/em> Somoza<\/strong> dirigi\u00f3 varios gobiernos represivos y corruptos, que en Am\u00e9rica agradaban al gobierno de Washington por su car\u00e1cter anticomunista\u2026\u00a0 Se cuenta que en tiempos de <strong>Franklin D. Roosvelt<\/strong> como presidente de los Estados Unidos,\u00a0 comentaron a su Secretario de Estado, <strong>Cordell Hull<\/strong>, que el <strong><em>Tacho<\/em> Somoza<\/strong> era (con perd\u00f3n) un aut\u00e9ntico \u00abhijo de puta\u00bb a lo que <strong>Cordell Hull<\/strong> respondi\u00f3 sin avergonzarse: <em>\u00abPuede que sea un hijo de puta, pero es nuestro hijo de puta\u00bb<\/em>\u2026 Hace unas semanas, <strong>\u00abLa Rumana\u00bb<\/strong> una de las tristemente ya conocidas mendigas que rota junto con sus otras compatriotas entre el p\u00f3rtico del santuario del Cristo de La Laguna y la catedral lagunera, protagoniz\u00f3 una pelea con otra mendiga tinerfe\u00f1a y lagunera que, en este caso, era\u00a0 la hermana de <strong>Manola \u00abLa Guajira\u00bb<\/strong>\u2026 Parece que por fortaleza y beligerancia <strong>\u00abLa Rumana\u00bb<\/strong> pudo m\u00e1s que \u201cnuestra\u201d d\u00e9bil <strong>\u201cGuajira\u201d<\/strong> (como tambi\u00e9n llaman a la hermana de <strong>Manola<\/strong>) que se vio postergada a pedir en la puerta trasera de la catedral, mientras que <strong>\u00abLa Rumana\u00bb<\/strong> se quedaba en la principal\u2026 Como principio fundamental, lamento que una persona tenga hoy en d\u00eda que ejercer la mendicidad aqu\u00ed y donde sea, pero hasta en esto defiendo a \u201cnuestros\u00bb mendigos.<\/p>\n<table>\n<tbody>\n<tr>\n<td width=\"50%\"><a href=\"https:\/\/elcotarro.com\/wp-content\/uploads\/2014\/09\/Foto-11-Mendiga-rumana-en-Catedral.jpg\"><img loading=\"lazy\" decoding=\"async\" class=\"aligncenter size-full wp-image-128\" src=\"https:\/\/elcotarro.com\/wp-content\/uploads\/2014\/09\/Foto-11-Mendiga-rumana-en-Catedral.jpg\" alt=\"Foto 11 Mendiga rumana en Catedral\" width=\"3264\" height=\"2448\" srcset=\"https:\/\/elcotarro.com\/wp-content\/uploads\/2014\/09\/Foto-11-Mendiga-rumana-en-Catedral.jpg 3264w, https:\/\/elcotarro.com\/wp-content\/uploads\/2014\/09\/Foto-11-Mendiga-rumana-en-Catedral-300x225.jpg 300w, https:\/\/elcotarro.com\/wp-content\/uploads\/2014\/09\/Foto-11-Mendiga-rumana-en-Catedral-1024x768.jpg 1024w\" sizes=\"auto, (max-width: 3264px) 100vw, 3264px\" \/><\/a><\/td>\n<td width=\"50%\"><a href=\"https:\/\/elcotarro.com\/wp-content\/uploads\/2014\/09\/Foto-12-Rumana-mendiga-en-Catedral.jpg\"><img loading=\"lazy\" decoding=\"async\" class=\"aligncenter size-full wp-image-129\" src=\"https:\/\/elcotarro.com\/wp-content\/uploads\/2014\/09\/Foto-12-Rumana-mendiga-en-Catedral.jpg\" alt=\"Foto 12 Rumana mendiga en Catedral\" width=\"3264\" height=\"2448\" srcset=\"https:\/\/elcotarro.com\/wp-content\/uploads\/2014\/09\/Foto-12-Rumana-mendiga-en-Catedral.jpg 3264w, https:\/\/elcotarro.com\/wp-content\/uploads\/2014\/09\/Foto-12-Rumana-mendiga-en-Catedral-300x225.jpg 300w, https:\/\/elcotarro.com\/wp-content\/uploads\/2014\/09\/Foto-12-Rumana-mendiga-en-Catedral-1024x768.jpg 1024w\" sizes=\"auto, (max-width: 3264px) 100vw, 3264px\" \/><\/a><\/td>\n<\/tr>\n<\/tbody>\n<\/table>\n<blockquote><p>\u201cLa Rumana\u201d (una de ellas) en la puerta principal de la catedral de La Laguna\u2026<\/p><\/blockquote>\n","protected":false},"excerpt":{"rendered":"<p>\u2666\u00a0Durante la \u00e9poca de Anastasio Somoza Garc\u00eda como presidente de Nicaragua, el llamado Tacho Somoza dirigi\u00f3 varios gobiernos represivos y corruptos, que en Am\u00e9rica agradaban al gobierno de Washington por su car\u00e1cter anticomunista\u2026\u00a0 Se cuenta que en tiempos de Franklin D. Roosvelt como presidente de los Estados Unidos,\u00a0 comentaron a su Secretario de Estado, Cordell &#8230; <a class=\"read-more\" href=\"https:\/\/elcotarro.com\/?p=127\">Read more<\/a><\/p>\n","protected":false},"author":2,"featured_media":0,"comment_status":"open","ping_status":"open","sticky":false,"template":"","format":"standard","meta":{"_jetpack_memberships_contains_paid_content":false,"footnotes":""},"categories":[43],"tags":[46,45,44],"class_list":["post-127","post","type-post","status-publish","format-standard","hentry","category-sociedad","tag-la-rumana","tag-manola-la-guajira","tag-tacho-somoza"],"yoast_head":"<!-- This site is optimized with the Yoast SEO plugin v27.0 - https:\/\/yoast.com\/product\/yoast-seo-wordpress\/ -->\n<title>\u201cLA RUMANA\u201d Vs \u201cLA GUAJIRA\u201d - El Cotarro<\/title>\n<meta name=\"robots\" content=\"index, follow, max-snippet:-1, max-image-preview:large, max-video-preview:-1\" \/>\n<link rel=\"canonical\" href=\"https:\/\/elcotarro.com\/?p=127\" \/>\n<meta property=\"og:locale\" content=\"es_ES\" \/>\n<meta property=\"og:type\" content=\"article\" \/>\n<meta property=\"og:title\" content=\"\u201cLA RUMANA\u201d Vs \u201cLA GUAJIRA\u201d - El Cotarro\" \/>\n<meta property=\"og:description\" content=\"\u2666\u00a0Durante la \u00e9poca de Anastasio Somoza Garc\u00eda como presidente de Nicaragua, el llamado Tacho Somoza dirigi\u00f3 varios gobiernos represivos y corruptos, que en Am\u00e9rica agradaban al gobierno de Washington por su car\u00e1cter anticomunista\u2026\u00a0 Se cuenta que en tiempos de Franklin D. Roosvelt como presidente de los Estados Unidos,\u00a0 comentaron a su Secretario de Estado, Cordell ... Read more\" \/>\n<meta property=\"og:url\" content=\"https:\/\/elcotarro.com\/?p=127\" \/>\n<meta property=\"og:site_name\" content=\"El Cotarro\" \/>\n<meta property=\"article:publisher\" content=\"https:\/\/www.facebook.com\/ElCotarro.Tenerife\" \/>\n<meta property=\"article:published_time\" content=\"2014-09-20T23:05:45+00:00\" \/>\n<meta property=\"og:image\" content=\"https:\/\/elcotarro.com\/wp-content\/uploads\/2014\/09\/Foto-11-Mendiga-rumana-en-Catedral.jpg\" \/>\n<meta name=\"author\" content=\"Jos\u00e9 Carlos Marrero Gonz\u00e1lez\" \/>\n<meta name=\"twitter:label1\" content=\"Escrito por\" \/>\n\t<meta name=\"twitter:data1\" content=\"Jos\u00e9 Carlos Marrero Gonz\u00e1lez\" \/>\n\t<meta name=\"twitter:label2\" content=\"Tiempo de lectura\" \/>\n\t<meta name=\"twitter:data2\" content=\"1 minuto\" \/>\n<script type=\"application\/ld+json\" class=\"yoast-schema-graph\">{\"@context\":\"https:\/\/schema.org\",\"@graph\":[{\"@type\":\"Article\",\"@id\":\"https:\/\/elcotarro.com\/?p=127#article\",\"isPartOf\":{\"@id\":\"https:\/\/elcotarro.com\/?p=127\"},\"author\":{\"name\":\"Jos\u00e9 Carlos Marrero Gonz\u00e1lez\",\"@id\":\"https:\/\/elcotarro.com\/#\/schema\/person\/af537ee7d60d15984c7e0affcd8a918b\"},\"headline\":\"\u201cLA RUMANA\u201d Vs \u201cLA GUAJIRA\u201d\",\"datePublished\":\"2014-09-20T23:05:45+00:00\",\"mainEntityOfPage\":{\"@id\":\"https:\/\/elcotarro.com\/?p=127\"},\"wordCount\":244,\"commentCount\":0,\"publisher\":{\"@id\":\"https:\/\/elcotarro.com\/#organization\"},\"image\":{\"@id\":\"https:\/\/elcotarro.com\/?p=127#primaryimage\"},\"thumbnailUrl\":\"https:\/\/elcotarro.com\/wp-content\/uploads\/2014\/09\/Foto-11-Mendiga-rumana-en-Catedral.jpg\",\"keywords\":[\"\\\"La Rumana\\\"\",\"Manola \\\"La Guajira\\\"\",\"Tacho Somoza\"],\"articleSection\":[\"Sociedad\"],\"inLanguage\":\"es\",\"potentialAction\":[{\"@type\":\"CommentAction\",\"name\":\"Comment\",\"target\":[\"https:\/\/elcotarro.com\/?p=127#respond\"]}]},{\"@type\":\"WebPage\",\"@id\":\"https:\/\/elcotarro.com\/?p=127\",\"url\":\"https:\/\/elcotarro.com\/?p=127\",\"name\":\"\u201cLA RUMANA\u201d Vs \u201cLA GUAJIRA\u201d - El Cotarro\",\"isPartOf\":{\"@id\":\"https:\/\/elcotarro.com\/#website\"},\"primaryImageOfPage\":{\"@id\":\"https:\/\/elcotarro.com\/?p=127#primaryimage\"},\"image\":{\"@id\":\"https:\/\/elcotarro.com\/?p=127#primaryimage\"},\"thumbnailUrl\":\"https:\/\/elcotarro.com\/wp-content\/uploads\/2014\/09\/Foto-11-Mendiga-rumana-en-Catedral.jpg\",\"datePublished\":\"2014-09-20T23:05:45+00:00\",\"breadcrumb\":{\"@id\":\"https:\/\/elcotarro.com\/?p=127#breadcrumb\"},\"inLanguage\":\"es\",\"potentialAction\":[{\"@type\":\"ReadAction\",\"target\":[\"https:\/\/elcotarro.com\/?p=127\"]}]},{\"@type\":\"ImageObject\",\"inLanguage\":\"es\",\"@id\":\"https:\/\/elcotarro.com\/?p=127#primaryimage\",\"url\":\"https:\/\/elcotarro.com\/wp-content\/uploads\/2014\/09\/Foto-11-Mendiga-rumana-en-Catedral.jpg\",\"contentUrl\":\"https:\/\/elcotarro.com\/wp-content\/uploads\/2014\/09\/Foto-11-Mendiga-rumana-en-Catedral.jpg\",\"width\":3264,\"height\":2448},{\"@type\":\"BreadcrumbList\",\"@id\":\"https:\/\/elcotarro.com\/?p=127#breadcrumb\",\"itemListElement\":[{\"@type\":\"ListItem\",\"position\":1,\"name\":\"Portada\",\"item\":\"https:\/\/elcotarro.com\/\"},{\"@type\":\"ListItem\",\"position\":2,\"name\":\"\u201cLA RUMANA\u201d Vs \u201cLA GUAJIRA\u201d\"}]},{\"@type\":\"WebSite\",\"@id\":\"https:\/\/elcotarro.com\/#website\",\"url\":\"https:\/\/elcotarro.com\/\",\"name\":\"El Cotarro\",\"description\":\"Peri\u00f3dico Digital Independiente dirigido por Jos\u00e9 Carlos Marrero\",\"publisher\":{\"@id\":\"https:\/\/elcotarro.com\/#organization\"},\"potentialAction\":[{\"@type\":\"SearchAction\",\"target\":{\"@type\":\"EntryPoint\",\"urlTemplate\":\"https:\/\/elcotarro.com\/?s={search_term_string}\"},\"query-input\":{\"@type\":\"PropertyValueSpecification\",\"valueRequired\":true,\"valueName\":\"search_term_string\"}}],\"inLanguage\":\"es\"},{\"@type\":\"Organization\",\"@id\":\"https:\/\/elcotarro.com\/#organization\",\"name\":\"El Cotarro\",\"url\":\"https:\/\/elcotarro.com\/\",\"logo\":{\"@type\":\"ImageObject\",\"inLanguage\":\"es\",\"@id\":\"https:\/\/elcotarro.com\/#\/schema\/logo\/image\/\",\"url\":\"https:\/\/elcotarro.com\/wp-content\/uploads\/2014\/09\/Cabecera_El_Cotarro_v2.jpg\",\"contentUrl\":\"https:\/\/elcotarro.com\/wp-content\/uploads\/2014\/09\/Cabecera_El_Cotarro_v2.jpg\",\"width\":3540,\"height\":441,\"caption\":\"El Cotarro\"},\"image\":{\"@id\":\"https:\/\/elcotarro.com\/#\/schema\/logo\/image\/\"},\"sameAs\":[\"https:\/\/www.facebook.com\/ElCotarro.Tenerife\"]},{\"@type\":\"Person\",\"@id\":\"https:\/\/elcotarro.com\/#\/schema\/person\/af537ee7d60d15984c7e0affcd8a918b\",\"name\":\"Jos\u00e9 Carlos Marrero Gonz\u00e1lez\",\"image\":{\"@type\":\"ImageObject\",\"inLanguage\":\"es\",\"@id\":\"https:\/\/elcotarro.com\/#\/schema\/person\/image\/\",\"url\":\"https:\/\/secure.gravatar.com\/avatar\/def4da036efb5d32c74d49c351f6dccc064dd69ad9f3aadc295c5a9a5391ca01?s=96&d=mm&r=g\",\"contentUrl\":\"https:\/\/secure.gravatar.com\/avatar\/def4da036efb5d32c74d49c351f6dccc064dd69ad9f3aadc295c5a9a5391ca01?s=96&d=mm&r=g\",\"caption\":\"Jos\u00e9 Carlos Marrero Gonz\u00e1lez\"},\"sameAs\":[\"https:\/\/elcotarro.com\"],\"url\":\"https:\/\/elcotarro.com\/?author=2\"}]}<\/script>\n<!-- \/ Yoast SEO plugin. -->","yoast_head_json":{"title":"\u201cLA RUMANA\u201d Vs \u201cLA GUAJIRA\u201d - El Cotarro","robots":{"index":"index","follow":"follow","max-snippet":"max-snippet:-1","max-image-preview":"max-image-preview:large","max-video-preview":"max-video-preview:-1"},"canonical":"https:\/\/elcotarro.com\/?p=127","og_locale":"es_ES","og_type":"article","og_title":"\u201cLA RUMANA\u201d Vs \u201cLA GUAJIRA\u201d - El Cotarro","og_description":"\u2666\u00a0Durante la \u00e9poca de Anastasio Somoza Garc\u00eda como presidente de Nicaragua, el llamado Tacho Somoza dirigi\u00f3 varios gobiernos represivos y corruptos, que en Am\u00e9rica agradaban al gobierno de Washington por su car\u00e1cter anticomunista\u2026\u00a0 Se cuenta que en tiempos de Franklin D. Roosvelt como presidente de los Estados Unidos,\u00a0 comentaron a su Secretario de Estado, Cordell ... Read more","og_url":"https:\/\/elcotarro.com\/?p=127","og_site_name":"El Cotarro","article_publisher":"https:\/\/www.facebook.com\/ElCotarro.Tenerife","article_published_time":"2014-09-20T23:05:45+00:00","og_image":[{"url":"https:\/\/elcotarro.com\/wp-content\/uploads\/2014\/09\/Foto-11-Mendiga-rumana-en-Catedral.jpg","type":"","width":"","height":""}],"author":"Jos\u00e9 Carlos Marrero Gonz\u00e1lez","twitter_misc":{"Escrito por":"Jos\u00e9 Carlos Marrero Gonz\u00e1lez","Tiempo de lectura":"1 minuto"},"schema":{"@context":"https:\/\/schema.org","@graph":[{"@type":"Article","@id":"https:\/\/elcotarro.com\/?p=127#article","isPartOf":{"@id":"https:\/\/elcotarro.com\/?p=127"},"author":{"name":"Jos\u00e9 Carlos Marrero Gonz\u00e1lez","@id":"https:\/\/elcotarro.com\/#\/schema\/person\/af537ee7d60d15984c7e0affcd8a918b"},"headline":"\u201cLA RUMANA\u201d Vs \u201cLA GUAJIRA\u201d","datePublished":"2014-09-20T23:05:45+00:00","mainEntityOfPage":{"@id":"https:\/\/elcotarro.com\/?p=127"},"wordCount":244,"commentCount":0,"publisher":{"@id":"https:\/\/elcotarro.com\/#organization"},"image":{"@id":"https:\/\/elcotarro.com\/?p=127#primaryimage"},"thumbnailUrl":"https:\/\/elcotarro.com\/wp-content\/uploads\/2014\/09\/Foto-11-Mendiga-rumana-en-Catedral.jpg","keywords":["\"La Rumana\"","Manola \"La Guajira\"","Tacho Somoza"],"articleSection":["Sociedad"],"inLanguage":"es","potentialAction":[{"@type":"CommentAction","name":"Comment","target":["https:\/\/elcotarro.com\/?p=127#respond"]}]},{"@type":"WebPage","@id":"https:\/\/elcotarro.com\/?p=127","url":"https:\/\/elcotarro.com\/?p=127","name":"\u201cLA RUMANA\u201d Vs \u201cLA GUAJIRA\u201d - El Cotarro","isPartOf":{"@id":"https:\/\/elcotarro.com\/#website"},"primaryImageOfPage":{"@id":"https:\/\/elcotarro.com\/?p=127#primaryimage"},"image":{"@id":"https:\/\/elcotarro.com\/?p=127#primaryimage"},"thumbnailUrl":"https:\/\/elcotarro.com\/wp-content\/uploads\/2014\/09\/Foto-11-Mendiga-rumana-en-Catedral.jpg","datePublished":"2014-09-20T23:05:45+00:00","breadcrumb":{"@id":"https:\/\/elcotarro.com\/?p=127#breadcrumb"},"inLanguage":"es","potentialAction":[{"@type":"ReadAction","target":["https:\/\/elcotarro.com\/?p=127"]}]},{"@type":"ImageObject","inLanguage":"es","@id":"https:\/\/elcotarro.com\/?p=127#primaryimage","url":"https:\/\/elcotarro.com\/wp-content\/uploads\/2014\/09\/Foto-11-Mendiga-rumana-en-Catedral.jpg","contentUrl":"https:\/\/elcotarro.com\/wp-content\/uploads\/2014\/09\/Foto-11-Mendiga-rumana-en-Catedral.jpg","width":3264,"height":2448},{"@type":"BreadcrumbList","@id":"https:\/\/elcotarro.com\/?p=127#breadcrumb","itemListElement":[{"@type":"ListItem","position":1,"name":"Portada","item":"https:\/\/elcotarro.com\/"},{"@type":"ListItem","position":2,"name":"\u201cLA RUMANA\u201d Vs \u201cLA GUAJIRA\u201d"}]},{"@type":"WebSite","@id":"https:\/\/elcotarro.com\/#website","url":"https:\/\/elcotarro.com\/","name":"El Cotarro","description":"Peri\u00f3dico Digital Independiente dirigido por Jos\u00e9 Carlos Marrero","publisher":{"@id":"https:\/\/elcotarro.com\/#organization"},"potentialAction":[{"@type":"SearchAction","target":{"@type":"EntryPoint","urlTemplate":"https:\/\/elcotarro.com\/?s={search_term_string}"},"query-input":{"@type":"PropertyValueSpecification","valueRequired":true,"valueName":"search_term_string"}}],"inLanguage":"es"},{"@type":"Organization","@id":"https:\/\/elcotarro.com\/#organization","name":"El Cotarro","url":"https:\/\/elcotarro.com\/","logo":{"@type":"ImageObject","inLanguage":"es","@id":"https:\/\/elcotarro.com\/#\/schema\/logo\/image\/","url":"https:\/\/elcotarro.com\/wp-content\/uploads\/2014\/09\/Cabecera_El_Cotarro_v2.jpg","contentUrl":"https:\/\/elcotarro.com\/wp-content\/uploads\/2014\/09\/Cabecera_El_Cotarro_v2.jpg","width":3540,"height":441,"caption":"El Cotarro"},"image":{"@id":"https:\/\/elcotarro.com\/#\/schema\/logo\/image\/"},"sameAs":["https:\/\/www.facebook.com\/ElCotarro.Tenerife"]},{"@type":"Person","@id":"https:\/\/elcotarro.com\/#\/schema\/person\/af537ee7d60d15984c7e0affcd8a918b","name":"Jos\u00e9 Carlos Marrero Gonz\u00e1lez","image":{"@type":"ImageObject","inLanguage":"es","@id":"https:\/\/elcotarro.com\/#\/schema\/person\/image\/","url":"https:\/\/secure.gravatar.com\/avatar\/def4da036efb5d32c74d49c351f6dccc064dd69ad9f3aadc295c5a9a5391ca01?s=96&d=mm&r=g","contentUrl":"https:\/\/secure.gravatar.com\/avatar\/def4da036efb5d32c74d49c351f6dccc064dd69ad9f3aadc295c5a9a5391ca01?s=96&d=mm&r=g","caption":"Jos\u00e9 Carlos Marrero Gonz\u00e1lez"},"sameAs":["https:\/\/elcotarro.com"],"url":"https:\/\/elcotarro.com\/?author=2"}]}},"jetpack_featured_media_url":"","jetpack_sharing_enabled":true,"_links":{"self":[{"href":"https:\/\/elcotarro.com\/index.php?rest_route=\/wp\/v2\/posts\/127","targetHints":{"allow":["GET"]}}],"collection":[{"href":"https:\/\/elcotarro.com\/index.php?rest_route=\/wp\/v2\/posts"}],"about":[{"href":"https:\/\/elcotarro.com\/index.php?rest_route=\/wp\/v2\/types\/post"}],"author":[{"embeddable":true,"href":"https:\/\/elcotarro.com\/index.php?rest_route=\/wp\/v2\/users\/2"}],"replies":[{"embeddable":true,"href":"https:\/\/elcotarro.com\/index.php?rest_route=%2Fwp%2Fv2%2Fcomments&post=127"}],"version-history":[{"count":3,"href":"https:\/\/elcotarro.com\/index.php?rest_route=\/wp\/v2\/posts\/127\/revisions"}],"predecessor-version":[{"id":132,"href":"https:\/\/elcotarro.com\/index.php?rest_route=\/wp\/v2\/posts\/127\/revisions\/132"}],"wp:attachment":[{"href":"https:\/\/elcotarro.com\/index.php?rest_route=%2Fwp%2Fv2%2Fmedia&parent=127"}],"wp:term":[{"taxonomy":"category","embeddable":true,"href":"https:\/\/elcotarro.com\/index.php?rest_route=%2Fwp%2Fv2%2Fcategories&post=127"},{"taxonomy":"post_tag","embeddable":true,"href":"https:\/\/elcotarro.com\/index.php?rest_route=%2Fwp%2Fv2%2Ftags&post=127"}],"curies":[{"name":"wp","href":"https:\/\/api.w.org\/{rel}","templated":true}]}}