{"id":1292,"date":"2015-05-31T12:04:35","date_gmt":"2015-05-31T11:04:35","guid":{"rendered":"https:\/\/elcotarro.com\/?p=1292"},"modified":"2015-05-31T08:27:24","modified_gmt":"2015-05-31T07:27:24","slug":"va-a-ser-que-aqui-no-hay-la-playa","status":"publish","type":"post","link":"https:\/\/elcotarro.com\/?p=1292","title":{"rendered":"VA A SER QUE.. \u00a1AQU\u00cd NO HAY LA PLAYA!"},"content":{"rendered":"<p>\u2666 Quiz\u00e1 el m\u00e1s conocido de los desaparecidos sea <strong>Ignacio Gonz\u00e1lez Santiago<\/strong> en Santa Cruz, quien debe estar ensayando la canci\u00f3n aquella que dec\u00eda \u00a1aqu\u00ed no hay playa!&#8230; <strong>Nacho Gonz\u00e1lez Santiago<\/strong>, junto con <strong>Alfonso Lopez<\/strong> en La Laguna, <strong>Benito Codina<\/strong> por fuera del Cabildo y <strong>Sixto Escobar<\/strong> en La Orotava, deben estarse preparando para \u201centerrar\u201d al CCN&#8230; De igual manera, <strong>Miguel \u00c1ngel Su\u00e1rez <\/strong>en el chicharro y <strong>Antonio de la Guardia<\/strong> en territorio lagunero se preparan tambi\u00e9n para hacer lo propio con UPyD&#8230; Penita me dan&#8230;<\/p>\n<p><a href=\"https:\/\/elcotarro.com\/wp-content\/uploads\/2015\/05\/FOTO-6.-Ignacio-Gonz\u00e1lez-CCN.jpg\"><img loading=\"lazy\" decoding=\"async\" class=\"size-full wp-image-1293 aligncenter\" src=\"https:\/\/elcotarro.com\/wp-content\/uploads\/2015\/05\/FOTO-6.-Ignacio-Gonz\u00e1lez-CCN.jpg\" alt=\"Ignacio Gonz\u00e1lez\" width=\"642\" height=\"426\" srcset=\"https:\/\/elcotarro.com\/wp-content\/uploads\/2015\/05\/FOTO-6.-Ignacio-Gonz\u00e1lez-CCN.jpg 642w, https:\/\/elcotarro.com\/wp-content\/uploads\/2015\/05\/FOTO-6.-Ignacio-Gonz\u00e1lez-CCN-300x199.jpg 300w\" sizes=\"auto, (max-width: 642px) 100vw, 642px\" \/><\/a><\/p>\n<p class=\"comentario\" style=\"text-align: center;\">Ignacio Gonz\u00e1lez Santiago y el CCN se qued\u00f3 sin votos\u2026, sin esca\u00f1o\u2026, sin playa<\/p>\n","protected":false},"excerpt":{"rendered":"<p>\u2666 Quiz\u00e1 el m\u00e1s conocido de los desaparecidos sea Ignacio Gonz\u00e1lez Santiago en Santa Cruz, quien debe estar ensayando la canci\u00f3n aquella que dec\u00eda \u00a1aqu\u00ed no hay playa!&#8230; Nacho Gonz\u00e1lez Santiago, junto con Alfonso Lopez en La Laguna, Benito Codina por fuera del Cabildo y Sixto Escobar en La Orotava, deben estarse preparando para \u201centerrar\u201d &#8230; <a class=\"read-more\" href=\"https:\/\/elcotarro.com\/?p=1292\">Read more<\/a><\/p>\n","protected":false},"author":2,"featured_media":0,"comment_status":"open","ping_status":"open","sticky":false,"template":"","format":"standard","meta":{"_jetpack_memberships_contains_paid_content":false,"footnotes":""},"categories":[7],"tags":[71,466,601,183,603,307,602],"class_list":["post-1292","post","type-post","status-publish","format-standard","hentry","category-politica","tag-alfonso-lopez","tag-antonio-de-la-guardia","tag-benito-codina","tag-ignacio-gonzalez-santiago","tag-miguel-angel-suarez","tag-nacho-gonzalez-santiago","tag-sixto-escobar"],"yoast_head":"<!-- This site is optimized with the Yoast SEO plugin v27.0 - https:\/\/yoast.com\/product\/yoast-seo-wordpress\/ -->\n<title>VA A SER QUE.. \u00a1AQU\u00cd NO HAY LA PLAYA! - El Cotarrro<\/title>\n<meta name=\"description\" content=\"Quiz\u00e1 el m\u00e1s conocido de los desaparecidos sea Ignacio Gonz\u00e1lez Santiago en Santa Cruz, quien debe estar ensayando la canci\u00f3n aquella que dec\u00eda \u00a1aqu\u00ed no h\" \/>\n<meta name=\"robots\" content=\"index, follow, max-snippet:-1, max-image-preview:large, max-video-preview:-1\" \/>\n<link rel=\"canonical\" href=\"https:\/\/elcotarro.com\/?p=1292\" \/>\n<meta property=\"og:locale\" content=\"es_ES\" \/>\n<meta property=\"og:type\" content=\"article\" \/>\n<meta property=\"og:title\" content=\"VA A SER QUE.. \u00a1AQU\u00cd NO HAY LA PLAYA! - El Cotarrro\" \/>\n<meta property=\"og:description\" content=\"Quiz\u00e1 el m\u00e1s conocido de los desaparecidos sea Ignacio Gonz\u00e1lez Santiago en Santa Cruz, quien debe estar ensayando la canci\u00f3n aquella que dec\u00eda \u00a1aqu\u00ed no h\" \/>\n<meta property=\"og:url\" content=\"https:\/\/elcotarro.com\/?p=1292\" \/>\n<meta property=\"og:site_name\" content=\"El Cotarro\" \/>\n<meta property=\"article:publisher\" content=\"https:\/\/www.facebook.com\/ElCotarro.Tenerife\" \/>\n<meta property=\"article:published_time\" content=\"2015-05-31T11:04:35+00:00\" \/>\n<meta name=\"author\" content=\"Jos\u00e9 Carlos Marrero Gonz\u00e1lez\" \/>\n<meta name=\"twitter:label1\" content=\"Escrito por\" \/>\n\t<meta name=\"twitter:data1\" content=\"Jos\u00e9 Carlos Marrero Gonz\u00e1lez\" \/>\n\t<meta name=\"twitter:label2\" content=\"Tiempo de lectura\" \/>\n\t<meta name=\"twitter:data2\" content=\"1 minuto\" \/>\n<script type=\"application\/ld+json\" class=\"yoast-schema-graph\">{\"@context\":\"https:\/\/schema.org\",\"@graph\":[{\"@type\":\"Article\",\"@id\":\"https:\/\/elcotarro.com\/?p=1292#article\",\"isPartOf\":{\"@id\":\"https:\/\/elcotarro.com\/?p=1292\"},\"author\":{\"name\":\"Jos\u00e9 Carlos Marrero Gonz\u00e1lez\",\"@id\":\"https:\/\/elcotarro.com\/#\/schema\/person\/af537ee7d60d15984c7e0affcd8a918b\"},\"headline\":\"VA A SER QUE.. \u00a1AQU\u00cd NO HAY LA PLAYA!\",\"datePublished\":\"2015-05-31T11:04:35+00:00\",\"mainEntityOfPage\":{\"@id\":\"https:\/\/elcotarro.com\/?p=1292\"},\"wordCount\":117,\"commentCount\":0,\"publisher\":{\"@id\":\"https:\/\/elcotarro.com\/#organization\"},\"keywords\":[\"Alfonso L\u00f3pez\",\"Antonio de la Guardia\",\"Benito Codina\",\"Ignacio Gonz\u00e1lez Santiago\",\"Miguel \u00c1ngel Su\u00e1rez\",\"Nacho Gonz\u00e1lez Santiago\",\"Sixto Escobar\"],\"articleSection\":[\"Pol\u00edtica\"],\"inLanguage\":\"es\",\"potentialAction\":[{\"@type\":\"CommentAction\",\"name\":\"Comment\",\"target\":[\"https:\/\/elcotarro.com\/?p=1292#respond\"]}]},{\"@type\":\"WebPage\",\"@id\":\"https:\/\/elcotarro.com\/?p=1292\",\"url\":\"https:\/\/elcotarro.com\/?p=1292\",\"name\":\"VA A SER QUE.. \u00a1AQU\u00cd NO HAY LA PLAYA! - El Cotarrro\",\"isPartOf\":{\"@id\":\"https:\/\/elcotarro.com\/#website\"},\"datePublished\":\"2015-05-31T11:04:35+00:00\",\"description\":\"Quiz\u00e1 el m\u00e1s conocido de los desaparecidos sea Ignacio Gonz\u00e1lez Santiago en Santa Cruz, quien debe estar ensayando la canci\u00f3n aquella que dec\u00eda \u00a1aqu\u00ed no h\",\"breadcrumb\":{\"@id\":\"https:\/\/elcotarro.com\/?p=1292#breadcrumb\"},\"inLanguage\":\"es\",\"potentialAction\":[{\"@type\":\"ReadAction\",\"target\":[\"https:\/\/elcotarro.com\/?p=1292\"]}]},{\"@type\":\"BreadcrumbList\",\"@id\":\"https:\/\/elcotarro.com\/?p=1292#breadcrumb\",\"itemListElement\":[{\"@type\":\"ListItem\",\"position\":1,\"name\":\"Portada\",\"item\":\"https:\/\/elcotarro.com\/\"},{\"@type\":\"ListItem\",\"position\":2,\"name\":\"VA A SER QUE.. \u00a1AQU\u00cd NO HAY LA PLAYA!\"}]},{\"@type\":\"WebSite\",\"@id\":\"https:\/\/elcotarro.com\/#website\",\"url\":\"https:\/\/elcotarro.com\/\",\"name\":\"El Cotarro\",\"description\":\"Peri\u00f3dico Digital Independiente dirigido por Jos\u00e9 Carlos Marrero\",\"publisher\":{\"@id\":\"https:\/\/elcotarro.com\/#organization\"},\"potentialAction\":[{\"@type\":\"SearchAction\",\"target\":{\"@type\":\"EntryPoint\",\"urlTemplate\":\"https:\/\/elcotarro.com\/?s={search_term_string}\"},\"query-input\":{\"@type\":\"PropertyValueSpecification\",\"valueRequired\":true,\"valueName\":\"search_term_string\"}}],\"inLanguage\":\"es\"},{\"@type\":\"Organization\",\"@id\":\"https:\/\/elcotarro.com\/#organization\",\"name\":\"El Cotarro\",\"url\":\"https:\/\/elcotarro.com\/\",\"logo\":{\"@type\":\"ImageObject\",\"inLanguage\":\"es\",\"@id\":\"https:\/\/elcotarro.com\/#\/schema\/logo\/image\/\",\"url\":\"https:\/\/elcotarro.com\/wp-content\/uploads\/2014\/09\/Cabecera_El_Cotarro_v2.jpg\",\"contentUrl\":\"https:\/\/elcotarro.com\/wp-content\/uploads\/2014\/09\/Cabecera_El_Cotarro_v2.jpg\",\"width\":3540,\"height\":441,\"caption\":\"El Cotarro\"},\"image\":{\"@id\":\"https:\/\/elcotarro.com\/#\/schema\/logo\/image\/\"},\"sameAs\":[\"https:\/\/www.facebook.com\/ElCotarro.Tenerife\"]},{\"@type\":\"Person\",\"@id\":\"https:\/\/elcotarro.com\/#\/schema\/person\/af537ee7d60d15984c7e0affcd8a918b\",\"name\":\"Jos\u00e9 Carlos Marrero Gonz\u00e1lez\",\"image\":{\"@type\":\"ImageObject\",\"inLanguage\":\"es\",\"@id\":\"https:\/\/elcotarro.com\/#\/schema\/person\/image\/\",\"url\":\"https:\/\/secure.gravatar.com\/avatar\/def4da036efb5d32c74d49c351f6dccc064dd69ad9f3aadc295c5a9a5391ca01?s=96&d=mm&r=g\",\"contentUrl\":\"https:\/\/secure.gravatar.com\/avatar\/def4da036efb5d32c74d49c351f6dccc064dd69ad9f3aadc295c5a9a5391ca01?s=96&d=mm&r=g\",\"caption\":\"Jos\u00e9 Carlos Marrero Gonz\u00e1lez\"},\"sameAs\":[\"https:\/\/elcotarro.com\"],\"url\":\"https:\/\/elcotarro.com\/?author=2\"}]}<\/script>\n<!-- \/ Yoast SEO plugin. -->","yoast_head_json":{"title":"VA A SER QUE.. \u00a1AQU\u00cd NO HAY LA PLAYA! - El Cotarrro","description":"Quiz\u00e1 el m\u00e1s conocido de los desaparecidos sea Ignacio Gonz\u00e1lez Santiago en Santa Cruz, quien debe estar ensayando la canci\u00f3n aquella que dec\u00eda \u00a1aqu\u00ed no h","robots":{"index":"index","follow":"follow","max-snippet":"max-snippet:-1","max-image-preview":"max-image-preview:large","max-video-preview":"max-video-preview:-1"},"canonical":"https:\/\/elcotarro.com\/?p=1292","og_locale":"es_ES","og_type":"article","og_title":"VA A SER QUE.. \u00a1AQU\u00cd NO HAY LA PLAYA! - El Cotarrro","og_description":"Quiz\u00e1 el m\u00e1s conocido de los desaparecidos sea Ignacio Gonz\u00e1lez Santiago en Santa Cruz, quien debe estar ensayando la canci\u00f3n aquella que dec\u00eda \u00a1aqu\u00ed no h","og_url":"https:\/\/elcotarro.com\/?p=1292","og_site_name":"El Cotarro","article_publisher":"https:\/\/www.facebook.com\/ElCotarro.Tenerife","article_published_time":"2015-05-31T11:04:35+00:00","author":"Jos\u00e9 Carlos Marrero Gonz\u00e1lez","twitter_misc":{"Escrito por":"Jos\u00e9 Carlos Marrero Gonz\u00e1lez","Tiempo de lectura":"1 minuto"},"schema":{"@context":"https:\/\/schema.org","@graph":[{"@type":"Article","@id":"https:\/\/elcotarro.com\/?p=1292#article","isPartOf":{"@id":"https:\/\/elcotarro.com\/?p=1292"},"author":{"name":"Jos\u00e9 Carlos Marrero Gonz\u00e1lez","@id":"https:\/\/elcotarro.com\/#\/schema\/person\/af537ee7d60d15984c7e0affcd8a918b"},"headline":"VA A SER QUE.. \u00a1AQU\u00cd NO HAY LA PLAYA!","datePublished":"2015-05-31T11:04:35+00:00","mainEntityOfPage":{"@id":"https:\/\/elcotarro.com\/?p=1292"},"wordCount":117,"commentCount":0,"publisher":{"@id":"https:\/\/elcotarro.com\/#organization"},"keywords":["Alfonso L\u00f3pez","Antonio de la Guardia","Benito Codina","Ignacio Gonz\u00e1lez Santiago","Miguel \u00c1ngel Su\u00e1rez","Nacho Gonz\u00e1lez Santiago","Sixto Escobar"],"articleSection":["Pol\u00edtica"],"inLanguage":"es","potentialAction":[{"@type":"CommentAction","name":"Comment","target":["https:\/\/elcotarro.com\/?p=1292#respond"]}]},{"@type":"WebPage","@id":"https:\/\/elcotarro.com\/?p=1292","url":"https:\/\/elcotarro.com\/?p=1292","name":"VA A SER QUE.. \u00a1AQU\u00cd NO HAY LA PLAYA! - El Cotarrro","isPartOf":{"@id":"https:\/\/elcotarro.com\/#website"},"datePublished":"2015-05-31T11:04:35+00:00","description":"Quiz\u00e1 el m\u00e1s conocido de los desaparecidos sea Ignacio Gonz\u00e1lez Santiago en Santa Cruz, quien debe estar ensayando la canci\u00f3n aquella que dec\u00eda \u00a1aqu\u00ed no h","breadcrumb":{"@id":"https:\/\/elcotarro.com\/?p=1292#breadcrumb"},"inLanguage":"es","potentialAction":[{"@type":"ReadAction","target":["https:\/\/elcotarro.com\/?p=1292"]}]},{"@type":"BreadcrumbList","@id":"https:\/\/elcotarro.com\/?p=1292#breadcrumb","itemListElement":[{"@type":"ListItem","position":1,"name":"Portada","item":"https:\/\/elcotarro.com\/"},{"@type":"ListItem","position":2,"name":"VA A SER QUE.. \u00a1AQU\u00cd NO HAY LA PLAYA!"}]},{"@type":"WebSite","@id":"https:\/\/elcotarro.com\/#website","url":"https:\/\/elcotarro.com\/","name":"El Cotarro","description":"Peri\u00f3dico Digital Independiente dirigido por Jos\u00e9 Carlos Marrero","publisher":{"@id":"https:\/\/elcotarro.com\/#organization"},"potentialAction":[{"@type":"SearchAction","target":{"@type":"EntryPoint","urlTemplate":"https:\/\/elcotarro.com\/?s={search_term_string}"},"query-input":{"@type":"PropertyValueSpecification","valueRequired":true,"valueName":"search_term_string"}}],"inLanguage":"es"},{"@type":"Organization","@id":"https:\/\/elcotarro.com\/#organization","name":"El Cotarro","url":"https:\/\/elcotarro.com\/","logo":{"@type":"ImageObject","inLanguage":"es","@id":"https:\/\/elcotarro.com\/#\/schema\/logo\/image\/","url":"https:\/\/elcotarro.com\/wp-content\/uploads\/2014\/09\/Cabecera_El_Cotarro_v2.jpg","contentUrl":"https:\/\/elcotarro.com\/wp-content\/uploads\/2014\/09\/Cabecera_El_Cotarro_v2.jpg","width":3540,"height":441,"caption":"El Cotarro"},"image":{"@id":"https:\/\/elcotarro.com\/#\/schema\/logo\/image\/"},"sameAs":["https:\/\/www.facebook.com\/ElCotarro.Tenerife"]},{"@type":"Person","@id":"https:\/\/elcotarro.com\/#\/schema\/person\/af537ee7d60d15984c7e0affcd8a918b","name":"Jos\u00e9 Carlos Marrero Gonz\u00e1lez","image":{"@type":"ImageObject","inLanguage":"es","@id":"https:\/\/elcotarro.com\/#\/schema\/person\/image\/","url":"https:\/\/secure.gravatar.com\/avatar\/def4da036efb5d32c74d49c351f6dccc064dd69ad9f3aadc295c5a9a5391ca01?s=96&d=mm&r=g","contentUrl":"https:\/\/secure.gravatar.com\/avatar\/def4da036efb5d32c74d49c351f6dccc064dd69ad9f3aadc295c5a9a5391ca01?s=96&d=mm&r=g","caption":"Jos\u00e9 Carlos Marrero Gonz\u00e1lez"},"sameAs":["https:\/\/elcotarro.com"],"url":"https:\/\/elcotarro.com\/?author=2"}]}},"jetpack_featured_media_url":"","jetpack_sharing_enabled":true,"_links":{"self":[{"href":"https:\/\/elcotarro.com\/index.php?rest_route=\/wp\/v2\/posts\/1292","targetHints":{"allow":["GET"]}}],"collection":[{"href":"https:\/\/elcotarro.com\/index.php?rest_route=\/wp\/v2\/posts"}],"about":[{"href":"https:\/\/elcotarro.com\/index.php?rest_route=\/wp\/v2\/types\/post"}],"author":[{"embeddable":true,"href":"https:\/\/elcotarro.com\/index.php?rest_route=\/wp\/v2\/users\/2"}],"replies":[{"embeddable":true,"href":"https:\/\/elcotarro.com\/index.php?rest_route=%2Fwp%2Fv2%2Fcomments&post=1292"}],"version-history":[{"count":2,"href":"https:\/\/elcotarro.com\/index.php?rest_route=\/wp\/v2\/posts\/1292\/revisions"}],"predecessor-version":[{"id":1295,"href":"https:\/\/elcotarro.com\/index.php?rest_route=\/wp\/v2\/posts\/1292\/revisions\/1295"}],"wp:attachment":[{"href":"https:\/\/elcotarro.com\/index.php?rest_route=%2Fwp%2Fv2%2Fmedia&parent=1292"}],"wp:term":[{"taxonomy":"category","embeddable":true,"href":"https:\/\/elcotarro.com\/index.php?rest_route=%2Fwp%2Fv2%2Fcategories&post=1292"},{"taxonomy":"post_tag","embeddable":true,"href":"https:\/\/elcotarro.com\/index.php?rest_route=%2Fwp%2Fv2%2Ftags&post=1292"}],"curies":[{"name":"wp","href":"https:\/\/api.w.org\/{rel}","templated":true}]}}