{"id":1321,"date":"2015-06-07T12:02:56","date_gmt":"2015-06-07T11:02:56","guid":{"rendered":"https:\/\/elcotarro.com\/?p=1321"},"modified":"2015-06-07T13:24:55","modified_gmt":"2015-06-07T12:24:55","slug":"gourmet-defensor-de-lo-nuestro","status":"publish","type":"post","link":"https:\/\/elcotarro.com\/?p=1321","title":{"rendered":"GOURMET DEFENSOR DE LO NUESTRO"},"content":{"rendered":"<p>\u2666 Perm\u00edtanme que, para quien no la conozca, les desvele una pasi\u00f3n y afici\u00f3n de <strong>Carlos Pinto Grote<\/strong> que, por aquello del sabroso destino, nos uni\u00f3 m\u00e1s tarde gastron\u00f3micamente\u2026 Siendo <strong>Carlos Pinto<\/strong> un gran gourmet de exquisito paladar, uno de los mejores gastr\u00f3nomos que he conocido en mi vida, acept\u00f3 prologarme la primera edici\u00f3n de la Gu\u00eda Gastron\u00f3mica de Tenerife 1997 (la gu\u00eda gastron\u00f3mica decana de Canarias) que escrib\u00ed y coordin\u00e9 el a\u00f1o anterior y que fue presentada por <strong>Carlos Pinto<\/strong> el 12 de diciembre de 1996 en un sencillo acto celebrado en el Club Oliver de Santa Cruz de Tenerife\u2026 Como homenaje al gran gastr\u00f3nomo, he pensado que ser\u00eda bonito publicar en exclusiva aquellas palabras pronunciadas por <strong>Carlos Pinto<\/strong> hace ahora casi 20 a\u00f1os y que, curiosamente, siguen teniendo una sabrosa vigencia\u2026 Las pueden leer seguidamente:<\/p>\n<p><a href=\"https:\/\/elcotarro.com\/wp-content\/uploads\/2015\/06\/FOTO-10.-Carlos-Pinto-Grote-leyendo.jpg\"><img loading=\"lazy\" decoding=\"async\" class=\"aligncenter size-full wp-image-1322\" src=\"https:\/\/elcotarro.com\/wp-content\/uploads\/2015\/06\/FOTO-10.-Carlos-Pinto-Grote-leyendo.jpg\" alt=\"FOTO 10.- Carlos Pinto Grote leyendo\" width=\"318\" height=\"184\" srcset=\"https:\/\/elcotarro.com\/wp-content\/uploads\/2015\/06\/FOTO-10.-Carlos-Pinto-Grote-leyendo.jpg 318w, https:\/\/elcotarro.com\/wp-content\/uploads\/2015\/06\/FOTO-10.-Carlos-Pinto-Grote-leyendo-300x174.jpg 300w\" sizes=\"auto, (max-width: 318px) 100vw, 318px\" \/><\/a><\/p>\n<p class=\"comentario\" style=\"text-align: center;\">Don Carlos Pinto: M\u00e9dico psiquiatra, escritor y poeta, exquisito gastr\u00f3nomo<\/p>\n","protected":false},"excerpt":{"rendered":"<p>\u2666 Perm\u00edtanme que, para quien no la conozca, les desvele una pasi\u00f3n y afici\u00f3n de Carlos Pinto Grote que, por aquello del sabroso destino, nos uni\u00f3 m\u00e1s tarde gastron\u00f3micamente\u2026 Siendo Carlos Pinto un gran gourmet de exquisito paladar, uno de los mejores gastr\u00f3nomos que he conocido en mi vida, acept\u00f3 prologarme la primera edici\u00f3n de &#8230; <a class=\"read-more\" href=\"https:\/\/elcotarro.com\/?p=1321\">Read more<\/a><\/p>\n","protected":false},"author":2,"featured_media":0,"comment_status":"open","ping_status":"open","sticky":false,"template":"","format":"standard","meta":{"_jetpack_memberships_contains_paid_content":false,"footnotes":""},"categories":[54],"tags":[609],"class_list":["post-1321","post","type-post","status-publish","format-standard","hentry","category-personajes","tag-carlos-pinto-grote"],"yoast_head":"<!-- This site is optimized with the Yoast SEO plugin v27.0 - https:\/\/yoast.com\/product\/yoast-seo-wordpress\/ -->\n<title>GOURMET DEFENSOR DE LO NUESTRO - El Cotarrro<\/title>\n<meta name=\"description\" content=\"Perm\u00edtanme que, para quien no la conozca, les desvele una pasi\u00f3n y afici\u00f3n de Carlos Pinto Grote que, por aquello del sabroso destino, nos uni\u00f3 m\u00e1s tarde\" \/>\n<meta name=\"robots\" content=\"index, follow, max-snippet:-1, max-image-preview:large, max-video-preview:-1\" \/>\n<link rel=\"canonical\" href=\"https:\/\/elcotarro.com\/?p=1321\" \/>\n<meta property=\"og:locale\" content=\"es_ES\" \/>\n<meta property=\"og:type\" content=\"article\" \/>\n<meta property=\"og:title\" content=\"GOURMET DEFENSOR DE LO NUESTRO - El Cotarrro\" \/>\n<meta property=\"og:description\" content=\"Perm\u00edtanme que, para quien no la conozca, les desvele una pasi\u00f3n y afici\u00f3n de Carlos Pinto Grote que, por aquello del sabroso destino, nos uni\u00f3 m\u00e1s tarde\" \/>\n<meta property=\"og:url\" content=\"https:\/\/elcotarro.com\/?p=1321\" \/>\n<meta property=\"og:site_name\" content=\"El Cotarro\" \/>\n<meta property=\"article:publisher\" content=\"https:\/\/www.facebook.com\/ElCotarro.Tenerife\" \/>\n<meta property=\"article:published_time\" content=\"2015-06-07T11:02:56+00:00\" \/>\n<meta property=\"article:modified_time\" content=\"2015-06-07T12:24:55+00:00\" \/>\n<meta property=\"og:image\" content=\"https:\/\/elcotarro.com\/wp-content\/uploads\/2015\/06\/FOTO-10.-Carlos-Pinto-Grote-leyendo.jpg\" \/>\n<meta name=\"author\" content=\"Jos\u00e9 Carlos Marrero Gonz\u00e1lez\" \/>\n<meta name=\"twitter:label1\" content=\"Escrito por\" \/>\n\t<meta name=\"twitter:data1\" content=\"Jos\u00e9 Carlos Marrero Gonz\u00e1lez\" \/>\n\t<meta name=\"twitter:label2\" content=\"Tiempo de lectura\" \/>\n\t<meta name=\"twitter:data2\" content=\"1 minuto\" \/>\n<script type=\"application\/ld+json\" class=\"yoast-schema-graph\">{\"@context\":\"https:\/\/schema.org\",\"@graph\":[{\"@type\":\"Article\",\"@id\":\"https:\/\/elcotarro.com\/?p=1321#article\",\"isPartOf\":{\"@id\":\"https:\/\/elcotarro.com\/?p=1321\"},\"author\":{\"name\":\"Jos\u00e9 Carlos Marrero Gonz\u00e1lez\",\"@id\":\"https:\/\/elcotarro.com\/#\/schema\/person\/af537ee7d60d15984c7e0affcd8a918b\"},\"headline\":\"GOURMET DEFENSOR DE LO NUESTRO\",\"datePublished\":\"2015-06-07T11:02:56+00:00\",\"dateModified\":\"2015-06-07T12:24:55+00:00\",\"mainEntityOfPage\":{\"@id\":\"https:\/\/elcotarro.com\/?p=1321\"},\"wordCount\":164,\"commentCount\":0,\"publisher\":{\"@id\":\"https:\/\/elcotarro.com\/#organization\"},\"image\":{\"@id\":\"https:\/\/elcotarro.com\/?p=1321#primaryimage\"},\"thumbnailUrl\":\"https:\/\/elcotarro.com\/wp-content\/uploads\/2015\/06\/FOTO-10.-Carlos-Pinto-Grote-leyendo.jpg\",\"keywords\":[\"Carlos Pinto Grote\"],\"articleSection\":[\"Personajes\"],\"inLanguage\":\"es\",\"potentialAction\":[{\"@type\":\"CommentAction\",\"name\":\"Comment\",\"target\":[\"https:\/\/elcotarro.com\/?p=1321#respond\"]}]},{\"@type\":\"WebPage\",\"@id\":\"https:\/\/elcotarro.com\/?p=1321\",\"url\":\"https:\/\/elcotarro.com\/?p=1321\",\"name\":\"GOURMET DEFENSOR DE LO NUESTRO - El Cotarrro\",\"isPartOf\":{\"@id\":\"https:\/\/elcotarro.com\/#website\"},\"primaryImageOfPage\":{\"@id\":\"https:\/\/elcotarro.com\/?p=1321#primaryimage\"},\"image\":{\"@id\":\"https:\/\/elcotarro.com\/?p=1321#primaryimage\"},\"thumbnailUrl\":\"https:\/\/elcotarro.com\/wp-content\/uploads\/2015\/06\/FOTO-10.-Carlos-Pinto-Grote-leyendo.jpg\",\"datePublished\":\"2015-06-07T11:02:56+00:00\",\"dateModified\":\"2015-06-07T12:24:55+00:00\",\"description\":\"Perm\u00edtanme que, para quien no la conozca, les desvele una pasi\u00f3n y afici\u00f3n de Carlos Pinto Grote que, por aquello del sabroso destino, nos uni\u00f3 m\u00e1s tarde\",\"breadcrumb\":{\"@id\":\"https:\/\/elcotarro.com\/?p=1321#breadcrumb\"},\"inLanguage\":\"es\",\"potentialAction\":[{\"@type\":\"ReadAction\",\"target\":[\"https:\/\/elcotarro.com\/?p=1321\"]}]},{\"@type\":\"ImageObject\",\"inLanguage\":\"es\",\"@id\":\"https:\/\/elcotarro.com\/?p=1321#primaryimage\",\"url\":\"https:\/\/elcotarro.com\/wp-content\/uploads\/2015\/06\/FOTO-10.-Carlos-Pinto-Grote-leyendo.jpg\",\"contentUrl\":\"https:\/\/elcotarro.com\/wp-content\/uploads\/2015\/06\/FOTO-10.-Carlos-Pinto-Grote-leyendo.jpg\",\"width\":318,\"height\":184},{\"@type\":\"BreadcrumbList\",\"@id\":\"https:\/\/elcotarro.com\/?p=1321#breadcrumb\",\"itemListElement\":[{\"@type\":\"ListItem\",\"position\":1,\"name\":\"Portada\",\"item\":\"https:\/\/elcotarro.com\/\"},{\"@type\":\"ListItem\",\"position\":2,\"name\":\"GOURMET DEFENSOR DE LO NUESTRO\"}]},{\"@type\":\"WebSite\",\"@id\":\"https:\/\/elcotarro.com\/#website\",\"url\":\"https:\/\/elcotarro.com\/\",\"name\":\"El Cotarro\",\"description\":\"Peri\u00f3dico Digital Independiente dirigido por Jos\u00e9 Carlos Marrero\",\"publisher\":{\"@id\":\"https:\/\/elcotarro.com\/#organization\"},\"potentialAction\":[{\"@type\":\"SearchAction\",\"target\":{\"@type\":\"EntryPoint\",\"urlTemplate\":\"https:\/\/elcotarro.com\/?s={search_term_string}\"},\"query-input\":{\"@type\":\"PropertyValueSpecification\",\"valueRequired\":true,\"valueName\":\"search_term_string\"}}],\"inLanguage\":\"es\"},{\"@type\":\"Organization\",\"@id\":\"https:\/\/elcotarro.com\/#organization\",\"name\":\"El Cotarro\",\"url\":\"https:\/\/elcotarro.com\/\",\"logo\":{\"@type\":\"ImageObject\",\"inLanguage\":\"es\",\"@id\":\"https:\/\/elcotarro.com\/#\/schema\/logo\/image\/\",\"url\":\"https:\/\/elcotarro.com\/wp-content\/uploads\/2014\/09\/Cabecera_El_Cotarro_v2.jpg\",\"contentUrl\":\"https:\/\/elcotarro.com\/wp-content\/uploads\/2014\/09\/Cabecera_El_Cotarro_v2.jpg\",\"width\":3540,\"height\":441,\"caption\":\"El Cotarro\"},\"image\":{\"@id\":\"https:\/\/elcotarro.com\/#\/schema\/logo\/image\/\"},\"sameAs\":[\"https:\/\/www.facebook.com\/ElCotarro.Tenerife\"]},{\"@type\":\"Person\",\"@id\":\"https:\/\/elcotarro.com\/#\/schema\/person\/af537ee7d60d15984c7e0affcd8a918b\",\"name\":\"Jos\u00e9 Carlos Marrero Gonz\u00e1lez\",\"image\":{\"@type\":\"ImageObject\",\"inLanguage\":\"es\",\"@id\":\"https:\/\/elcotarro.com\/#\/schema\/person\/image\/\",\"url\":\"https:\/\/secure.gravatar.com\/avatar\/def4da036efb5d32c74d49c351f6dccc064dd69ad9f3aadc295c5a9a5391ca01?s=96&d=mm&r=g\",\"contentUrl\":\"https:\/\/secure.gravatar.com\/avatar\/def4da036efb5d32c74d49c351f6dccc064dd69ad9f3aadc295c5a9a5391ca01?s=96&d=mm&r=g\",\"caption\":\"Jos\u00e9 Carlos Marrero Gonz\u00e1lez\"},\"sameAs\":[\"https:\/\/elcotarro.com\"],\"url\":\"https:\/\/elcotarro.com\/?author=2\"}]}<\/script>\n<!-- \/ Yoast SEO plugin. -->","yoast_head_json":{"title":"GOURMET DEFENSOR DE LO NUESTRO - El Cotarrro","description":"Perm\u00edtanme que, para quien no la conozca, les desvele una pasi\u00f3n y afici\u00f3n de Carlos Pinto Grote que, por aquello del sabroso destino, nos uni\u00f3 m\u00e1s tarde","robots":{"index":"index","follow":"follow","max-snippet":"max-snippet:-1","max-image-preview":"max-image-preview:large","max-video-preview":"max-video-preview:-1"},"canonical":"https:\/\/elcotarro.com\/?p=1321","og_locale":"es_ES","og_type":"article","og_title":"GOURMET DEFENSOR DE LO NUESTRO - El Cotarrro","og_description":"Perm\u00edtanme que, para quien no la conozca, les desvele una pasi\u00f3n y afici\u00f3n de Carlos Pinto Grote que, por aquello del sabroso destino, nos uni\u00f3 m\u00e1s tarde","og_url":"https:\/\/elcotarro.com\/?p=1321","og_site_name":"El Cotarro","article_publisher":"https:\/\/www.facebook.com\/ElCotarro.Tenerife","article_published_time":"2015-06-07T11:02:56+00:00","article_modified_time":"2015-06-07T12:24:55+00:00","og_image":[{"url":"https:\/\/elcotarro.com\/wp-content\/uploads\/2015\/06\/FOTO-10.-Carlos-Pinto-Grote-leyendo.jpg","type":"","width":"","height":""}],"author":"Jos\u00e9 Carlos Marrero Gonz\u00e1lez","twitter_misc":{"Escrito por":"Jos\u00e9 Carlos Marrero Gonz\u00e1lez","Tiempo de lectura":"1 minuto"},"schema":{"@context":"https:\/\/schema.org","@graph":[{"@type":"Article","@id":"https:\/\/elcotarro.com\/?p=1321#article","isPartOf":{"@id":"https:\/\/elcotarro.com\/?p=1321"},"author":{"name":"Jos\u00e9 Carlos Marrero Gonz\u00e1lez","@id":"https:\/\/elcotarro.com\/#\/schema\/person\/af537ee7d60d15984c7e0affcd8a918b"},"headline":"GOURMET DEFENSOR DE LO NUESTRO","datePublished":"2015-06-07T11:02:56+00:00","dateModified":"2015-06-07T12:24:55+00:00","mainEntityOfPage":{"@id":"https:\/\/elcotarro.com\/?p=1321"},"wordCount":164,"commentCount":0,"publisher":{"@id":"https:\/\/elcotarro.com\/#organization"},"image":{"@id":"https:\/\/elcotarro.com\/?p=1321#primaryimage"},"thumbnailUrl":"https:\/\/elcotarro.com\/wp-content\/uploads\/2015\/06\/FOTO-10.-Carlos-Pinto-Grote-leyendo.jpg","keywords":["Carlos Pinto Grote"],"articleSection":["Personajes"],"inLanguage":"es","potentialAction":[{"@type":"CommentAction","name":"Comment","target":["https:\/\/elcotarro.com\/?p=1321#respond"]}]},{"@type":"WebPage","@id":"https:\/\/elcotarro.com\/?p=1321","url":"https:\/\/elcotarro.com\/?p=1321","name":"GOURMET DEFENSOR DE LO NUESTRO - El Cotarrro","isPartOf":{"@id":"https:\/\/elcotarro.com\/#website"},"primaryImageOfPage":{"@id":"https:\/\/elcotarro.com\/?p=1321#primaryimage"},"image":{"@id":"https:\/\/elcotarro.com\/?p=1321#primaryimage"},"thumbnailUrl":"https:\/\/elcotarro.com\/wp-content\/uploads\/2015\/06\/FOTO-10.-Carlos-Pinto-Grote-leyendo.jpg","datePublished":"2015-06-07T11:02:56+00:00","dateModified":"2015-06-07T12:24:55+00:00","description":"Perm\u00edtanme que, para quien no la conozca, les desvele una pasi\u00f3n y afici\u00f3n de Carlos Pinto Grote que, por aquello del sabroso destino, nos uni\u00f3 m\u00e1s tarde","breadcrumb":{"@id":"https:\/\/elcotarro.com\/?p=1321#breadcrumb"},"inLanguage":"es","potentialAction":[{"@type":"ReadAction","target":["https:\/\/elcotarro.com\/?p=1321"]}]},{"@type":"ImageObject","inLanguage":"es","@id":"https:\/\/elcotarro.com\/?p=1321#primaryimage","url":"https:\/\/elcotarro.com\/wp-content\/uploads\/2015\/06\/FOTO-10.-Carlos-Pinto-Grote-leyendo.jpg","contentUrl":"https:\/\/elcotarro.com\/wp-content\/uploads\/2015\/06\/FOTO-10.-Carlos-Pinto-Grote-leyendo.jpg","width":318,"height":184},{"@type":"BreadcrumbList","@id":"https:\/\/elcotarro.com\/?p=1321#breadcrumb","itemListElement":[{"@type":"ListItem","position":1,"name":"Portada","item":"https:\/\/elcotarro.com\/"},{"@type":"ListItem","position":2,"name":"GOURMET DEFENSOR DE LO NUESTRO"}]},{"@type":"WebSite","@id":"https:\/\/elcotarro.com\/#website","url":"https:\/\/elcotarro.com\/","name":"El Cotarro","description":"Peri\u00f3dico Digital Independiente dirigido por Jos\u00e9 Carlos Marrero","publisher":{"@id":"https:\/\/elcotarro.com\/#organization"},"potentialAction":[{"@type":"SearchAction","target":{"@type":"EntryPoint","urlTemplate":"https:\/\/elcotarro.com\/?s={search_term_string}"},"query-input":{"@type":"PropertyValueSpecification","valueRequired":true,"valueName":"search_term_string"}}],"inLanguage":"es"},{"@type":"Organization","@id":"https:\/\/elcotarro.com\/#organization","name":"El Cotarro","url":"https:\/\/elcotarro.com\/","logo":{"@type":"ImageObject","inLanguage":"es","@id":"https:\/\/elcotarro.com\/#\/schema\/logo\/image\/","url":"https:\/\/elcotarro.com\/wp-content\/uploads\/2014\/09\/Cabecera_El_Cotarro_v2.jpg","contentUrl":"https:\/\/elcotarro.com\/wp-content\/uploads\/2014\/09\/Cabecera_El_Cotarro_v2.jpg","width":3540,"height":441,"caption":"El Cotarro"},"image":{"@id":"https:\/\/elcotarro.com\/#\/schema\/logo\/image\/"},"sameAs":["https:\/\/www.facebook.com\/ElCotarro.Tenerife"]},{"@type":"Person","@id":"https:\/\/elcotarro.com\/#\/schema\/person\/af537ee7d60d15984c7e0affcd8a918b","name":"Jos\u00e9 Carlos Marrero Gonz\u00e1lez","image":{"@type":"ImageObject","inLanguage":"es","@id":"https:\/\/elcotarro.com\/#\/schema\/person\/image\/","url":"https:\/\/secure.gravatar.com\/avatar\/def4da036efb5d32c74d49c351f6dccc064dd69ad9f3aadc295c5a9a5391ca01?s=96&d=mm&r=g","contentUrl":"https:\/\/secure.gravatar.com\/avatar\/def4da036efb5d32c74d49c351f6dccc064dd69ad9f3aadc295c5a9a5391ca01?s=96&d=mm&r=g","caption":"Jos\u00e9 Carlos Marrero Gonz\u00e1lez"},"sameAs":["https:\/\/elcotarro.com"],"url":"https:\/\/elcotarro.com\/?author=2"}]}},"jetpack_featured_media_url":"","jetpack_sharing_enabled":true,"_links":{"self":[{"href":"https:\/\/elcotarro.com\/index.php?rest_route=\/wp\/v2\/posts\/1321","targetHints":{"allow":["GET"]}}],"collection":[{"href":"https:\/\/elcotarro.com\/index.php?rest_route=\/wp\/v2\/posts"}],"about":[{"href":"https:\/\/elcotarro.com\/index.php?rest_route=\/wp\/v2\/types\/post"}],"author":[{"embeddable":true,"href":"https:\/\/elcotarro.com\/index.php?rest_route=\/wp\/v2\/users\/2"}],"replies":[{"embeddable":true,"href":"https:\/\/elcotarro.com\/index.php?rest_route=%2Fwp%2Fv2%2Fcomments&post=1321"}],"version-history":[{"count":1,"href":"https:\/\/elcotarro.com\/index.php?rest_route=\/wp\/v2\/posts\/1321\/revisions"}],"predecessor-version":[{"id":1323,"href":"https:\/\/elcotarro.com\/index.php?rest_route=\/wp\/v2\/posts\/1321\/revisions\/1323"}],"wp:attachment":[{"href":"https:\/\/elcotarro.com\/index.php?rest_route=%2Fwp%2Fv2%2Fmedia&parent=1321"}],"wp:term":[{"taxonomy":"category","embeddable":true,"href":"https:\/\/elcotarro.com\/index.php?rest_route=%2Fwp%2Fv2%2Fcategories&post=1321"},{"taxonomy":"post_tag","embeddable":true,"href":"https:\/\/elcotarro.com\/index.php?rest_route=%2Fwp%2Fv2%2Ftags&post=1321"}],"curies":[{"name":"wp","href":"https:\/\/api.w.org\/{rel}","templated":true}]}}