{"id":1330,"date":"2015-06-07T12:06:18","date_gmt":"2015-06-07T11:06:18","guid":{"rendered":"https:\/\/elcotarro.com\/?p=1330"},"modified":"2015-06-07T11:04:51","modified_gmt":"2015-06-07T10:04:51","slug":"gran-oro-americano-para-tenerife","status":"publish","type":"post","link":"https:\/\/elcotarro.com\/?p=1330","title":{"rendered":"GRAN ORO AMERICANO PARA TENERIFE"},"content":{"rendered":"<p>\u2666 Ya el domingo pasado nos congratulamos por un triunfo mundial de los vinos de Tenerife en Francia y de nuevo este domingo, a pesar de los aguafiestas, pesimistas y los negativos opuestos al sistema por sistema, el sector vitivin\u00edcola de nuestra isla vuelve a estar de enhorabuena y, muy especialmente, los que lo est\u00e1n haciendo bien, como es el caso la Familia <strong>Luengo-Barreto<\/strong> y su bodega Frontos, que preside Hugo Luengo Barreto contando con su hermano <strong>Manuel Luengo<\/strong> como administrador\u2026 El vino Blanco Seco Ecol\u00f3gico 2014 de Frontos, adscrito a la D.O. Abona, de Tenerife, ha sido galardonado con la Medalla \u00abGrand Or\u00bb en el concurso <em>S\u00e9lections Mondiales des Vins Canada 2015<\/em>, considerado como el mayor concurso internacional de vinos en Norteam\u00e9rica, que se celebra en Canad\u00e1, en la ciudad de Quebec\u2026 La uva del Blanco Seco, Listan Blanco, proviene de los vi\u00f1edos m\u00e1s altos de Europa, en Los Frontones, en los altos de Granadilla de Abona, a 1.700m, reconocido como tal en el Oxford Companion to Wines.<\/p>\n<p><a href=\"https:\/\/elcotarro.com\/wp-content\/uploads\/2015\/06\/FOTO-6.-Panor\u00e1mica-de-Bodega-Frontos.jpg\"><img loading=\"lazy\" decoding=\"async\" class=\"aligncenter size-large wp-image-1331\" src=\"https:\/\/elcotarro.com\/wp-content\/uploads\/2015\/06\/FOTO-6.-Panor\u00e1mica-de-Bodega-Frontos-1024x280.jpg\" alt=\"FOTO 6.- Panor\u00e1mica de Bodega Frontos\" width=\"1024\" height=\"280\" srcset=\"https:\/\/elcotarro.com\/wp-content\/uploads\/2015\/06\/FOTO-6.-Panor\u00e1mica-de-Bodega-Frontos-1024x280.jpg 1024w, https:\/\/elcotarro.com\/wp-content\/uploads\/2015\/06\/FOTO-6.-Panor\u00e1mica-de-Bodega-Frontos-300x82.jpg 300w, https:\/\/elcotarro.com\/wp-content\/uploads\/2015\/06\/FOTO-6.-Panor\u00e1mica-de-Bodega-Frontos.jpg 1225w\" sizes=\"auto, (max-width: 1024px) 100vw, 1024px\" \/><\/a><\/p>\n<p class=\"comentario\" style=\"text-align: center;\">Panor\u00e1mica de la Bodega Frontos, en Los Fontones, altos de Granadilla de Abona<\/p>\n","protected":false},"excerpt":{"rendered":"<p>\u2666 Ya el domingo pasado nos congratulamos por un triunfo mundial de los vinos de Tenerife en Francia y de nuevo este domingo, a pesar de los aguafiestas, pesimistas y los negativos opuestos al sistema por sistema, el sector vitivin\u00edcola de nuestra isla vuelve a estar de enhorabuena y, muy especialmente, los que lo est\u00e1n &#8230; <a class=\"read-more\" href=\"https:\/\/elcotarro.com\/?p=1330\">Read more<\/a><\/p>\n","protected":false},"author":2,"featured_media":0,"comment_status":"open","ping_status":"open","sticky":false,"template":"","format":"standard","meta":{"_jetpack_memberships_contains_paid_content":false,"footnotes":""},"categories":[62,54],"tags":[622,621],"class_list":["post-1330","post","type-post","status-publish","format-standard","hentry","category-gastronomia","category-personajes","tag-luengo-barreto","tag-manuel-luengo"],"yoast_head":"<!-- This site is optimized with the Yoast SEO plugin v27.0 - https:\/\/yoast.com\/product\/yoast-seo-wordpress\/ -->\n<title>GRAN ORO AMERICANO PARA TENERIFE - El Cotarrro<\/title>\n<meta name=\"description\" content=\"Ya el domingo pasado nos congratulamos por un triunfo mundial de los vinos de Tenerife en Francia y de nuevo este domingo, a pesar de los aguafiestas, pes\" \/>\n<meta name=\"robots\" content=\"index, follow, max-snippet:-1, max-image-preview:large, max-video-preview:-1\" \/>\n<link rel=\"canonical\" href=\"https:\/\/elcotarro.com\/?p=1330\" \/>\n<meta property=\"og:locale\" content=\"es_ES\" \/>\n<meta property=\"og:type\" content=\"article\" \/>\n<meta property=\"og:title\" content=\"GRAN ORO AMERICANO PARA TENERIFE - El Cotarrro\" \/>\n<meta property=\"og:description\" content=\"Ya el domingo pasado nos congratulamos por un triunfo mundial de los vinos de Tenerife en Francia y de nuevo este domingo, a pesar de los aguafiestas, pes\" \/>\n<meta property=\"og:url\" content=\"https:\/\/elcotarro.com\/?p=1330\" \/>\n<meta property=\"og:site_name\" content=\"El Cotarro\" \/>\n<meta property=\"article:publisher\" content=\"https:\/\/www.facebook.com\/ElCotarro.Tenerife\" \/>\n<meta property=\"article:published_time\" content=\"2015-06-07T11:06:18+00:00\" \/>\n<meta name=\"author\" content=\"Jos\u00e9 Carlos Marrero Gonz\u00e1lez\" \/>\n<meta name=\"twitter:label1\" content=\"Escrito por\" \/>\n\t<meta name=\"twitter:data1\" content=\"Jos\u00e9 Carlos Marrero Gonz\u00e1lez\" \/>\n\t<meta name=\"twitter:label2\" content=\"Tiempo de lectura\" \/>\n\t<meta name=\"twitter:data2\" content=\"1 minuto\" \/>\n<script type=\"application\/ld+json\" class=\"yoast-schema-graph\">{\"@context\":\"https:\/\/schema.org\",\"@graph\":[{\"@type\":\"Article\",\"@id\":\"https:\/\/elcotarro.com\/?p=1330#article\",\"isPartOf\":{\"@id\":\"https:\/\/elcotarro.com\/?p=1330\"},\"author\":{\"name\":\"Jos\u00e9 Carlos Marrero Gonz\u00e1lez\",\"@id\":\"https:\/\/elcotarro.com\/#\/schema\/person\/af537ee7d60d15984c7e0affcd8a918b\"},\"headline\":\"GRAN ORO AMERICANO PARA TENERIFE\",\"datePublished\":\"2015-06-07T11:06:18+00:00\",\"mainEntityOfPage\":{\"@id\":\"https:\/\/elcotarro.com\/?p=1330\"},\"wordCount\":193,\"commentCount\":0,\"publisher\":{\"@id\":\"https:\/\/elcotarro.com\/#organization\"},\"keywords\":[\"Luengo-Barreto\",\"Manuel Luengo\"],\"articleSection\":[\"Gastronom\u00eda\",\"Personajes\"],\"inLanguage\":\"es\",\"potentialAction\":[{\"@type\":\"CommentAction\",\"name\":\"Comment\",\"target\":[\"https:\/\/elcotarro.com\/?p=1330#respond\"]}]},{\"@type\":\"WebPage\",\"@id\":\"https:\/\/elcotarro.com\/?p=1330\",\"url\":\"https:\/\/elcotarro.com\/?p=1330\",\"name\":\"GRAN ORO AMERICANO PARA TENERIFE - El Cotarrro\",\"isPartOf\":{\"@id\":\"https:\/\/elcotarro.com\/#website\"},\"datePublished\":\"2015-06-07T11:06:18+00:00\",\"description\":\"Ya el domingo pasado nos congratulamos por un triunfo mundial de los vinos de Tenerife en Francia y de nuevo este domingo, a pesar de los aguafiestas, pes\",\"breadcrumb\":{\"@id\":\"https:\/\/elcotarro.com\/?p=1330#breadcrumb\"},\"inLanguage\":\"es\",\"potentialAction\":[{\"@type\":\"ReadAction\",\"target\":[\"https:\/\/elcotarro.com\/?p=1330\"]}]},{\"@type\":\"BreadcrumbList\",\"@id\":\"https:\/\/elcotarro.com\/?p=1330#breadcrumb\",\"itemListElement\":[{\"@type\":\"ListItem\",\"position\":1,\"name\":\"Portada\",\"item\":\"https:\/\/elcotarro.com\/\"},{\"@type\":\"ListItem\",\"position\":2,\"name\":\"GRAN ORO AMERICANO PARA TENERIFE\"}]},{\"@type\":\"WebSite\",\"@id\":\"https:\/\/elcotarro.com\/#website\",\"url\":\"https:\/\/elcotarro.com\/\",\"name\":\"El Cotarro\",\"description\":\"Peri\u00f3dico Digital Independiente dirigido por Jos\u00e9 Carlos Marrero\",\"publisher\":{\"@id\":\"https:\/\/elcotarro.com\/#organization\"},\"potentialAction\":[{\"@type\":\"SearchAction\",\"target\":{\"@type\":\"EntryPoint\",\"urlTemplate\":\"https:\/\/elcotarro.com\/?s={search_term_string}\"},\"query-input\":{\"@type\":\"PropertyValueSpecification\",\"valueRequired\":true,\"valueName\":\"search_term_string\"}}],\"inLanguage\":\"es\"},{\"@type\":\"Organization\",\"@id\":\"https:\/\/elcotarro.com\/#organization\",\"name\":\"El Cotarro\",\"url\":\"https:\/\/elcotarro.com\/\",\"logo\":{\"@type\":\"ImageObject\",\"inLanguage\":\"es\",\"@id\":\"https:\/\/elcotarro.com\/#\/schema\/logo\/image\/\",\"url\":\"https:\/\/elcotarro.com\/wp-content\/uploads\/2014\/09\/Cabecera_El_Cotarro_v2.jpg\",\"contentUrl\":\"https:\/\/elcotarro.com\/wp-content\/uploads\/2014\/09\/Cabecera_El_Cotarro_v2.jpg\",\"width\":3540,\"height\":441,\"caption\":\"El Cotarro\"},\"image\":{\"@id\":\"https:\/\/elcotarro.com\/#\/schema\/logo\/image\/\"},\"sameAs\":[\"https:\/\/www.facebook.com\/ElCotarro.Tenerife\"]},{\"@type\":\"Person\",\"@id\":\"https:\/\/elcotarro.com\/#\/schema\/person\/af537ee7d60d15984c7e0affcd8a918b\",\"name\":\"Jos\u00e9 Carlos Marrero Gonz\u00e1lez\",\"image\":{\"@type\":\"ImageObject\",\"inLanguage\":\"es\",\"@id\":\"https:\/\/elcotarro.com\/#\/schema\/person\/image\/\",\"url\":\"https:\/\/secure.gravatar.com\/avatar\/def4da036efb5d32c74d49c351f6dccc064dd69ad9f3aadc295c5a9a5391ca01?s=96&d=mm&r=g\",\"contentUrl\":\"https:\/\/secure.gravatar.com\/avatar\/def4da036efb5d32c74d49c351f6dccc064dd69ad9f3aadc295c5a9a5391ca01?s=96&d=mm&r=g\",\"caption\":\"Jos\u00e9 Carlos Marrero Gonz\u00e1lez\"},\"sameAs\":[\"https:\/\/elcotarro.com\"],\"url\":\"https:\/\/elcotarro.com\/?author=2\"}]}<\/script>\n<!-- \/ Yoast SEO plugin. -->","yoast_head_json":{"title":"GRAN ORO AMERICANO PARA TENERIFE - El Cotarrro","description":"Ya el domingo pasado nos congratulamos por un triunfo mundial de los vinos de Tenerife en Francia y de nuevo este domingo, a pesar de los aguafiestas, pes","robots":{"index":"index","follow":"follow","max-snippet":"max-snippet:-1","max-image-preview":"max-image-preview:large","max-video-preview":"max-video-preview:-1"},"canonical":"https:\/\/elcotarro.com\/?p=1330","og_locale":"es_ES","og_type":"article","og_title":"GRAN ORO AMERICANO PARA TENERIFE - El Cotarrro","og_description":"Ya el domingo pasado nos congratulamos por un triunfo mundial de los vinos de Tenerife en Francia y de nuevo este domingo, a pesar de los aguafiestas, pes","og_url":"https:\/\/elcotarro.com\/?p=1330","og_site_name":"El Cotarro","article_publisher":"https:\/\/www.facebook.com\/ElCotarro.Tenerife","article_published_time":"2015-06-07T11:06:18+00:00","author":"Jos\u00e9 Carlos Marrero Gonz\u00e1lez","twitter_misc":{"Escrito por":"Jos\u00e9 Carlos Marrero Gonz\u00e1lez","Tiempo de lectura":"1 minuto"},"schema":{"@context":"https:\/\/schema.org","@graph":[{"@type":"Article","@id":"https:\/\/elcotarro.com\/?p=1330#article","isPartOf":{"@id":"https:\/\/elcotarro.com\/?p=1330"},"author":{"name":"Jos\u00e9 Carlos Marrero Gonz\u00e1lez","@id":"https:\/\/elcotarro.com\/#\/schema\/person\/af537ee7d60d15984c7e0affcd8a918b"},"headline":"GRAN ORO AMERICANO PARA TENERIFE","datePublished":"2015-06-07T11:06:18+00:00","mainEntityOfPage":{"@id":"https:\/\/elcotarro.com\/?p=1330"},"wordCount":193,"commentCount":0,"publisher":{"@id":"https:\/\/elcotarro.com\/#organization"},"keywords":["Luengo-Barreto","Manuel Luengo"],"articleSection":["Gastronom\u00eda","Personajes"],"inLanguage":"es","potentialAction":[{"@type":"CommentAction","name":"Comment","target":["https:\/\/elcotarro.com\/?p=1330#respond"]}]},{"@type":"WebPage","@id":"https:\/\/elcotarro.com\/?p=1330","url":"https:\/\/elcotarro.com\/?p=1330","name":"GRAN ORO AMERICANO PARA TENERIFE - El Cotarrro","isPartOf":{"@id":"https:\/\/elcotarro.com\/#website"},"datePublished":"2015-06-07T11:06:18+00:00","description":"Ya el domingo pasado nos congratulamos por un triunfo mundial de los vinos de Tenerife en Francia y de nuevo este domingo, a pesar de los aguafiestas, pes","breadcrumb":{"@id":"https:\/\/elcotarro.com\/?p=1330#breadcrumb"},"inLanguage":"es","potentialAction":[{"@type":"ReadAction","target":["https:\/\/elcotarro.com\/?p=1330"]}]},{"@type":"BreadcrumbList","@id":"https:\/\/elcotarro.com\/?p=1330#breadcrumb","itemListElement":[{"@type":"ListItem","position":1,"name":"Portada","item":"https:\/\/elcotarro.com\/"},{"@type":"ListItem","position":2,"name":"GRAN ORO AMERICANO PARA TENERIFE"}]},{"@type":"WebSite","@id":"https:\/\/elcotarro.com\/#website","url":"https:\/\/elcotarro.com\/","name":"El Cotarro","description":"Peri\u00f3dico Digital Independiente dirigido por Jos\u00e9 Carlos Marrero","publisher":{"@id":"https:\/\/elcotarro.com\/#organization"},"potentialAction":[{"@type":"SearchAction","target":{"@type":"EntryPoint","urlTemplate":"https:\/\/elcotarro.com\/?s={search_term_string}"},"query-input":{"@type":"PropertyValueSpecification","valueRequired":true,"valueName":"search_term_string"}}],"inLanguage":"es"},{"@type":"Organization","@id":"https:\/\/elcotarro.com\/#organization","name":"El Cotarro","url":"https:\/\/elcotarro.com\/","logo":{"@type":"ImageObject","inLanguage":"es","@id":"https:\/\/elcotarro.com\/#\/schema\/logo\/image\/","url":"https:\/\/elcotarro.com\/wp-content\/uploads\/2014\/09\/Cabecera_El_Cotarro_v2.jpg","contentUrl":"https:\/\/elcotarro.com\/wp-content\/uploads\/2014\/09\/Cabecera_El_Cotarro_v2.jpg","width":3540,"height":441,"caption":"El Cotarro"},"image":{"@id":"https:\/\/elcotarro.com\/#\/schema\/logo\/image\/"},"sameAs":["https:\/\/www.facebook.com\/ElCotarro.Tenerife"]},{"@type":"Person","@id":"https:\/\/elcotarro.com\/#\/schema\/person\/af537ee7d60d15984c7e0affcd8a918b","name":"Jos\u00e9 Carlos Marrero Gonz\u00e1lez","image":{"@type":"ImageObject","inLanguage":"es","@id":"https:\/\/elcotarro.com\/#\/schema\/person\/image\/","url":"https:\/\/secure.gravatar.com\/avatar\/def4da036efb5d32c74d49c351f6dccc064dd69ad9f3aadc295c5a9a5391ca01?s=96&d=mm&r=g","contentUrl":"https:\/\/secure.gravatar.com\/avatar\/def4da036efb5d32c74d49c351f6dccc064dd69ad9f3aadc295c5a9a5391ca01?s=96&d=mm&r=g","caption":"Jos\u00e9 Carlos Marrero Gonz\u00e1lez"},"sameAs":["https:\/\/elcotarro.com"],"url":"https:\/\/elcotarro.com\/?author=2"}]}},"jetpack_featured_media_url":"","jetpack_sharing_enabled":true,"_links":{"self":[{"href":"https:\/\/elcotarro.com\/index.php?rest_route=\/wp\/v2\/posts\/1330","targetHints":{"allow":["GET"]}}],"collection":[{"href":"https:\/\/elcotarro.com\/index.php?rest_route=\/wp\/v2\/posts"}],"about":[{"href":"https:\/\/elcotarro.com\/index.php?rest_route=\/wp\/v2\/types\/post"}],"author":[{"embeddable":true,"href":"https:\/\/elcotarro.com\/index.php?rest_route=\/wp\/v2\/users\/2"}],"replies":[{"embeddable":true,"href":"https:\/\/elcotarro.com\/index.php?rest_route=%2Fwp%2Fv2%2Fcomments&post=1330"}],"version-history":[{"count":1,"href":"https:\/\/elcotarro.com\/index.php?rest_route=\/wp\/v2\/posts\/1330\/revisions"}],"predecessor-version":[{"id":1332,"href":"https:\/\/elcotarro.com\/index.php?rest_route=\/wp\/v2\/posts\/1330\/revisions\/1332"}],"wp:attachment":[{"href":"https:\/\/elcotarro.com\/index.php?rest_route=%2Fwp%2Fv2%2Fmedia&parent=1330"}],"wp:term":[{"taxonomy":"category","embeddable":true,"href":"https:\/\/elcotarro.com\/index.php?rest_route=%2Fwp%2Fv2%2Fcategories&post=1330"},{"taxonomy":"post_tag","embeddable":true,"href":"https:\/\/elcotarro.com\/index.php?rest_route=%2Fwp%2Fv2%2Ftags&post=1330"}],"curies":[{"name":"wp","href":"https:\/\/api.w.org\/{rel}","templated":true}]}}