{"id":1339,"date":"2015-06-07T12:09:44","date_gmt":"2015-06-07T11:09:44","guid":{"rendered":"https:\/\/elcotarro.com\/?p=1339"},"modified":"2015-06-07T11:12:39","modified_gmt":"2015-06-07T10:12:39","slug":"cinco-de-rumores-en-cajasiete","status":"publish","type":"post","link":"https:\/\/elcotarro.com\/?p=1339","title":{"rendered":"CINCO DE RUMORES EN CAJASIETE"},"content":{"rendered":"<p>\u2666 Fueron m\u00e1s de siete rumores, pero los primeros cinco fueron estos: 1.- El personal del PP est\u00e1 de <strong>Jos\u00e9 Manuel Soria<\/strong> hasta m\u00e1s arriba de la coronilla\u2026 2.- Muchos de los que est\u00e1n hasta all\u00ed se quejan de que <strong>Soria<\/strong> juegue con sus cargos y puestos de trabajo, sin importarle un pito\u2026 3.- Paralelamente se dice que, al parecer y junto con <strong>Ana Pastor<\/strong>, ministra de Fomento, <strong>Soria<\/strong> es uno de los que mejor se llevan con el \u00ednclito <strong>Mariano Rajoy<\/strong>&#8230; 4.- Podr\u00eda pasar que, como ya se viene diciendo, <strong>Rajoy<\/strong> quite a <strong>Soria<\/strong> como ministro de Industria, pero no para botarlo, sino para elevarlo a superministro de Econom\u00eda en sustituci\u00f3n de <strong>Luis<\/strong> <strong>De Guindos<\/strong>&#8230; 5.- Es m\u00e1s, podr\u00eda suceder que <strong>Rajoy<\/strong> elevara a <strong>Soria<\/strong> a la secretar\u00eda general del PP, relevando de ella a <strong>Mar\u00eda Dolores de Cospedal<\/strong>&#8230;<\/p>\n<p><a href=\"https:\/\/elcotarro.com\/wp-content\/uploads\/2015\/06\/FOTO-3.-Jos\u00e9-Manuel-Soria-L\u00f3pez.jpg\"><img loading=\"lazy\" decoding=\"async\" class=\"aligncenter size-full wp-image-1340\" src=\"https:\/\/elcotarro.com\/wp-content\/uploads\/2015\/06\/FOTO-3.-Jos\u00e9-Manuel-Soria-L\u00f3pez.jpg\" alt=\"FOTO 3.- Jos\u00e9 Manuel Soria L\u00f3pez\" width=\"189\" height=\"267\" \/><\/a><\/p>\n<p class=\"comentario\" style=\"text-align: center;\">Jos\u00e9 Manuel Soria, actual ministro de Industria y presidente del PP en Canarias<\/p>\n","protected":false},"excerpt":{"rendered":"<p>\u2666 Fueron m\u00e1s de siete rumores, pero los primeros cinco fueron estos: 1.- El personal del PP est\u00e1 de Jos\u00e9 Manuel Soria hasta m\u00e1s arriba de la coronilla\u2026 2.- Muchos de los que est\u00e1n hasta all\u00ed se quejan de que Soria juegue con sus cargos y puestos de trabajo, sin importarle un pito\u2026 3.- Paralelamente &#8230; <a class=\"read-more\" href=\"https:\/\/elcotarro.com\/?p=1339\">Read more<\/a><\/p>\n","protected":false},"author":2,"featured_media":0,"comment_status":"open","ping_status":"open","sticky":false,"template":"","format":"standard","meta":{"_jetpack_memberships_contains_paid_content":false,"footnotes":""},"categories":[7],"tags":[409,168,623,169,407],"class_list":["post-1339","post","type-post","status-publish","format-standard","hentry","category-politica","tag-ana-pastor","tag-jose-manuel-soria","tag-luis-de-guindos","tag-maria-dolores-de-cospedal","tag-mariano-rajoy"],"yoast_head":"<!-- This site is optimized with the Yoast SEO plugin v27.0 - https:\/\/yoast.com\/product\/yoast-seo-wordpress\/ -->\n<title>CINCO DE RUMORES EN CAJASIETE - El Cotarrro<\/title>\n<meta name=\"description\" content=\"Fueron m\u00e1s de siete rumores, pero los primeros cinco fueron estos: 1.- El personal del PP est\u00e1 de Jos\u00e9 Manuel Soria hasta m\u00e1s arriba de la coronilla\u2026 2.-\" \/>\n<meta name=\"robots\" content=\"index, follow, max-snippet:-1, max-image-preview:large, max-video-preview:-1\" \/>\n<link rel=\"canonical\" href=\"https:\/\/elcotarro.com\/?p=1339\" \/>\n<meta property=\"og:locale\" content=\"es_ES\" \/>\n<meta property=\"og:type\" content=\"article\" \/>\n<meta property=\"og:title\" content=\"CINCO DE RUMORES EN CAJASIETE - El Cotarrro\" \/>\n<meta property=\"og:description\" content=\"Fueron m\u00e1s de siete rumores, pero los primeros cinco fueron estos: 1.- El personal del PP est\u00e1 de Jos\u00e9 Manuel Soria hasta m\u00e1s arriba de la coronilla\u2026 2.-\" \/>\n<meta property=\"og:url\" content=\"https:\/\/elcotarro.com\/?p=1339\" \/>\n<meta property=\"og:site_name\" content=\"El Cotarro\" \/>\n<meta property=\"article:publisher\" content=\"https:\/\/www.facebook.com\/ElCotarro.Tenerife\" \/>\n<meta property=\"article:published_time\" content=\"2015-06-07T11:09:44+00:00\" \/>\n<meta name=\"author\" content=\"Jos\u00e9 Carlos Marrero Gonz\u00e1lez\" \/>\n<meta name=\"twitter:label1\" content=\"Escrito por\" \/>\n\t<meta name=\"twitter:data1\" content=\"Jos\u00e9 Carlos Marrero Gonz\u00e1lez\" \/>\n\t<meta name=\"twitter:label2\" content=\"Tiempo de lectura\" \/>\n\t<meta name=\"twitter:data2\" content=\"1 minuto\" \/>\n<script type=\"application\/ld+json\" class=\"yoast-schema-graph\">{\"@context\":\"https:\/\/schema.org\",\"@graph\":[{\"@type\":\"Article\",\"@id\":\"https:\/\/elcotarro.com\/?p=1339#article\",\"isPartOf\":{\"@id\":\"https:\/\/elcotarro.com\/?p=1339\"},\"author\":{\"name\":\"Jos\u00e9 Carlos Marrero Gonz\u00e1lez\",\"@id\":\"https:\/\/elcotarro.com\/#\/schema\/person\/af537ee7d60d15984c7e0affcd8a918b\"},\"headline\":\"CINCO DE RUMORES EN CAJASIETE\",\"datePublished\":\"2015-06-07T11:09:44+00:00\",\"mainEntityOfPage\":{\"@id\":\"https:\/\/elcotarro.com\/?p=1339\"},\"wordCount\":167,\"commentCount\":0,\"publisher\":{\"@id\":\"https:\/\/elcotarro.com\/#organization\"},\"keywords\":[\"Ana Pastor\",\"Jos\u00e9 Manuel Soria\",\"Luis De Guindos\",\"Mar\u00eda Dolores de Cospedal\",\"Mariano Rajoy\"],\"articleSection\":[\"Pol\u00edtica\"],\"inLanguage\":\"es\",\"potentialAction\":[{\"@type\":\"CommentAction\",\"name\":\"Comment\",\"target\":[\"https:\/\/elcotarro.com\/?p=1339#respond\"]}]},{\"@type\":\"WebPage\",\"@id\":\"https:\/\/elcotarro.com\/?p=1339\",\"url\":\"https:\/\/elcotarro.com\/?p=1339\",\"name\":\"CINCO DE RUMORES EN CAJASIETE - El Cotarrro\",\"isPartOf\":{\"@id\":\"https:\/\/elcotarro.com\/#website\"},\"datePublished\":\"2015-06-07T11:09:44+00:00\",\"description\":\"Fueron m\u00e1s de siete rumores, pero los primeros cinco fueron estos: 1.- El personal del PP est\u00e1 de Jos\u00e9 Manuel Soria hasta m\u00e1s arriba de la coronilla\u2026 2.-\",\"breadcrumb\":{\"@id\":\"https:\/\/elcotarro.com\/?p=1339#breadcrumb\"},\"inLanguage\":\"es\",\"potentialAction\":[{\"@type\":\"ReadAction\",\"target\":[\"https:\/\/elcotarro.com\/?p=1339\"]}]},{\"@type\":\"BreadcrumbList\",\"@id\":\"https:\/\/elcotarro.com\/?p=1339#breadcrumb\",\"itemListElement\":[{\"@type\":\"ListItem\",\"position\":1,\"name\":\"Portada\",\"item\":\"https:\/\/elcotarro.com\/\"},{\"@type\":\"ListItem\",\"position\":2,\"name\":\"CINCO DE RUMORES EN CAJASIETE\"}]},{\"@type\":\"WebSite\",\"@id\":\"https:\/\/elcotarro.com\/#website\",\"url\":\"https:\/\/elcotarro.com\/\",\"name\":\"El Cotarro\",\"description\":\"Peri\u00f3dico Digital Independiente dirigido por Jos\u00e9 Carlos Marrero\",\"publisher\":{\"@id\":\"https:\/\/elcotarro.com\/#organization\"},\"potentialAction\":[{\"@type\":\"SearchAction\",\"target\":{\"@type\":\"EntryPoint\",\"urlTemplate\":\"https:\/\/elcotarro.com\/?s={search_term_string}\"},\"query-input\":{\"@type\":\"PropertyValueSpecification\",\"valueRequired\":true,\"valueName\":\"search_term_string\"}}],\"inLanguage\":\"es\"},{\"@type\":\"Organization\",\"@id\":\"https:\/\/elcotarro.com\/#organization\",\"name\":\"El Cotarro\",\"url\":\"https:\/\/elcotarro.com\/\",\"logo\":{\"@type\":\"ImageObject\",\"inLanguage\":\"es\",\"@id\":\"https:\/\/elcotarro.com\/#\/schema\/logo\/image\/\",\"url\":\"https:\/\/elcotarro.com\/wp-content\/uploads\/2014\/09\/Cabecera_El_Cotarro_v2.jpg\",\"contentUrl\":\"https:\/\/elcotarro.com\/wp-content\/uploads\/2014\/09\/Cabecera_El_Cotarro_v2.jpg\",\"width\":3540,\"height\":441,\"caption\":\"El Cotarro\"},\"image\":{\"@id\":\"https:\/\/elcotarro.com\/#\/schema\/logo\/image\/\"},\"sameAs\":[\"https:\/\/www.facebook.com\/ElCotarro.Tenerife\"]},{\"@type\":\"Person\",\"@id\":\"https:\/\/elcotarro.com\/#\/schema\/person\/af537ee7d60d15984c7e0affcd8a918b\",\"name\":\"Jos\u00e9 Carlos Marrero Gonz\u00e1lez\",\"image\":{\"@type\":\"ImageObject\",\"inLanguage\":\"es\",\"@id\":\"https:\/\/elcotarro.com\/#\/schema\/person\/image\/\",\"url\":\"https:\/\/secure.gravatar.com\/avatar\/def4da036efb5d32c74d49c351f6dccc064dd69ad9f3aadc295c5a9a5391ca01?s=96&d=mm&r=g\",\"contentUrl\":\"https:\/\/secure.gravatar.com\/avatar\/def4da036efb5d32c74d49c351f6dccc064dd69ad9f3aadc295c5a9a5391ca01?s=96&d=mm&r=g\",\"caption\":\"Jos\u00e9 Carlos Marrero Gonz\u00e1lez\"},\"sameAs\":[\"https:\/\/elcotarro.com\"],\"url\":\"https:\/\/elcotarro.com\/?author=2\"}]}<\/script>\n<!-- \/ Yoast SEO plugin. -->","yoast_head_json":{"title":"CINCO DE RUMORES EN CAJASIETE - El Cotarrro","description":"Fueron m\u00e1s de siete rumores, pero los primeros cinco fueron estos: 1.- El personal del PP est\u00e1 de Jos\u00e9 Manuel Soria hasta m\u00e1s arriba de la coronilla\u2026 2.-","robots":{"index":"index","follow":"follow","max-snippet":"max-snippet:-1","max-image-preview":"max-image-preview:large","max-video-preview":"max-video-preview:-1"},"canonical":"https:\/\/elcotarro.com\/?p=1339","og_locale":"es_ES","og_type":"article","og_title":"CINCO DE RUMORES EN CAJASIETE - El Cotarrro","og_description":"Fueron m\u00e1s de siete rumores, pero los primeros cinco fueron estos: 1.- El personal del PP est\u00e1 de Jos\u00e9 Manuel Soria hasta m\u00e1s arriba de la coronilla\u2026 2.-","og_url":"https:\/\/elcotarro.com\/?p=1339","og_site_name":"El Cotarro","article_publisher":"https:\/\/www.facebook.com\/ElCotarro.Tenerife","article_published_time":"2015-06-07T11:09:44+00:00","author":"Jos\u00e9 Carlos Marrero Gonz\u00e1lez","twitter_misc":{"Escrito por":"Jos\u00e9 Carlos Marrero Gonz\u00e1lez","Tiempo de lectura":"1 minuto"},"schema":{"@context":"https:\/\/schema.org","@graph":[{"@type":"Article","@id":"https:\/\/elcotarro.com\/?p=1339#article","isPartOf":{"@id":"https:\/\/elcotarro.com\/?p=1339"},"author":{"name":"Jos\u00e9 Carlos Marrero Gonz\u00e1lez","@id":"https:\/\/elcotarro.com\/#\/schema\/person\/af537ee7d60d15984c7e0affcd8a918b"},"headline":"CINCO DE RUMORES EN CAJASIETE","datePublished":"2015-06-07T11:09:44+00:00","mainEntityOfPage":{"@id":"https:\/\/elcotarro.com\/?p=1339"},"wordCount":167,"commentCount":0,"publisher":{"@id":"https:\/\/elcotarro.com\/#organization"},"keywords":["Ana Pastor","Jos\u00e9 Manuel Soria","Luis De Guindos","Mar\u00eda Dolores de Cospedal","Mariano Rajoy"],"articleSection":["Pol\u00edtica"],"inLanguage":"es","potentialAction":[{"@type":"CommentAction","name":"Comment","target":["https:\/\/elcotarro.com\/?p=1339#respond"]}]},{"@type":"WebPage","@id":"https:\/\/elcotarro.com\/?p=1339","url":"https:\/\/elcotarro.com\/?p=1339","name":"CINCO DE RUMORES EN CAJASIETE - El Cotarrro","isPartOf":{"@id":"https:\/\/elcotarro.com\/#website"},"datePublished":"2015-06-07T11:09:44+00:00","description":"Fueron m\u00e1s de siete rumores, pero los primeros cinco fueron estos: 1.- El personal del PP est\u00e1 de Jos\u00e9 Manuel Soria hasta m\u00e1s arriba de la coronilla\u2026 2.-","breadcrumb":{"@id":"https:\/\/elcotarro.com\/?p=1339#breadcrumb"},"inLanguage":"es","potentialAction":[{"@type":"ReadAction","target":["https:\/\/elcotarro.com\/?p=1339"]}]},{"@type":"BreadcrumbList","@id":"https:\/\/elcotarro.com\/?p=1339#breadcrumb","itemListElement":[{"@type":"ListItem","position":1,"name":"Portada","item":"https:\/\/elcotarro.com\/"},{"@type":"ListItem","position":2,"name":"CINCO DE RUMORES EN CAJASIETE"}]},{"@type":"WebSite","@id":"https:\/\/elcotarro.com\/#website","url":"https:\/\/elcotarro.com\/","name":"El Cotarro","description":"Peri\u00f3dico Digital Independiente dirigido por Jos\u00e9 Carlos Marrero","publisher":{"@id":"https:\/\/elcotarro.com\/#organization"},"potentialAction":[{"@type":"SearchAction","target":{"@type":"EntryPoint","urlTemplate":"https:\/\/elcotarro.com\/?s={search_term_string}"},"query-input":{"@type":"PropertyValueSpecification","valueRequired":true,"valueName":"search_term_string"}}],"inLanguage":"es"},{"@type":"Organization","@id":"https:\/\/elcotarro.com\/#organization","name":"El Cotarro","url":"https:\/\/elcotarro.com\/","logo":{"@type":"ImageObject","inLanguage":"es","@id":"https:\/\/elcotarro.com\/#\/schema\/logo\/image\/","url":"https:\/\/elcotarro.com\/wp-content\/uploads\/2014\/09\/Cabecera_El_Cotarro_v2.jpg","contentUrl":"https:\/\/elcotarro.com\/wp-content\/uploads\/2014\/09\/Cabecera_El_Cotarro_v2.jpg","width":3540,"height":441,"caption":"El Cotarro"},"image":{"@id":"https:\/\/elcotarro.com\/#\/schema\/logo\/image\/"},"sameAs":["https:\/\/www.facebook.com\/ElCotarro.Tenerife"]},{"@type":"Person","@id":"https:\/\/elcotarro.com\/#\/schema\/person\/af537ee7d60d15984c7e0affcd8a918b","name":"Jos\u00e9 Carlos Marrero Gonz\u00e1lez","image":{"@type":"ImageObject","inLanguage":"es","@id":"https:\/\/elcotarro.com\/#\/schema\/person\/image\/","url":"https:\/\/secure.gravatar.com\/avatar\/def4da036efb5d32c74d49c351f6dccc064dd69ad9f3aadc295c5a9a5391ca01?s=96&d=mm&r=g","contentUrl":"https:\/\/secure.gravatar.com\/avatar\/def4da036efb5d32c74d49c351f6dccc064dd69ad9f3aadc295c5a9a5391ca01?s=96&d=mm&r=g","caption":"Jos\u00e9 Carlos Marrero Gonz\u00e1lez"},"sameAs":["https:\/\/elcotarro.com"],"url":"https:\/\/elcotarro.com\/?author=2"}]}},"jetpack_featured_media_url":"","jetpack_sharing_enabled":true,"_links":{"self":[{"href":"https:\/\/elcotarro.com\/index.php?rest_route=\/wp\/v2\/posts\/1339","targetHints":{"allow":["GET"]}}],"collection":[{"href":"https:\/\/elcotarro.com\/index.php?rest_route=\/wp\/v2\/posts"}],"about":[{"href":"https:\/\/elcotarro.com\/index.php?rest_route=\/wp\/v2\/types\/post"}],"author":[{"embeddable":true,"href":"https:\/\/elcotarro.com\/index.php?rest_route=\/wp\/v2\/users\/2"}],"replies":[{"embeddable":true,"href":"https:\/\/elcotarro.com\/index.php?rest_route=%2Fwp%2Fv2%2Fcomments&post=1339"}],"version-history":[{"count":1,"href":"https:\/\/elcotarro.com\/index.php?rest_route=\/wp\/v2\/posts\/1339\/revisions"}],"predecessor-version":[{"id":1341,"href":"https:\/\/elcotarro.com\/index.php?rest_route=\/wp\/v2\/posts\/1339\/revisions\/1341"}],"wp:attachment":[{"href":"https:\/\/elcotarro.com\/index.php?rest_route=%2Fwp%2Fv2%2Fmedia&parent=1339"}],"wp:term":[{"taxonomy":"category","embeddable":true,"href":"https:\/\/elcotarro.com\/index.php?rest_route=%2Fwp%2Fv2%2Fcategories&post=1339"},{"taxonomy":"post_tag","embeddable":true,"href":"https:\/\/elcotarro.com\/index.php?rest_route=%2Fwp%2Fv2%2Ftags&post=1339"}],"curies":[{"name":"wp","href":"https:\/\/api.w.org\/{rel}","templated":true}]}}