{"id":1351,"date":"2015-06-14T11:01:05","date_gmt":"2015-06-14T11:01:05","guid":{"rendered":"https:\/\/elcotarro.com\/?p=1351"},"modified":"2015-06-14T11:20:55","modified_gmt":"2015-06-14T11:20:55","slug":"primer-rector-que-es-lagunero","status":"publish","type":"post","link":"https:\/\/elcotarro.com\/?p=1351","title":{"rendered":"PRIMER RECTOR QUE ES LAGUNERO"},"content":{"rendered":"<p>\u2666 Me adelant\u00f3 <strong>Eliseo<\/strong> (a quien felicito y deseo todo lo mejor, como siempre) que su primera cr\u00f3nica igual tiene que ver con un feliz acontecimiento, inusitado y extraordinario, que protagoniza otro buen amigo, <strong>Antonio Martin\u00f3n Cejas<\/strong>, flamante Rector Magn\u00edfico de la Universidad de La Laguna, a quien tambi\u00e9n felicito p\u00fablicamente y quien ya pasar\u00e1 a la historia por ser\u2026 \u00a1el primer rector de nuestra universidad lagunera que es, precisamente\u2026, lagunero!&#8230; Lo que leen, aunque les parezca mentira, en la ya larga historia de La laguna y su veterana Universidad de San Fernando, fundada en 1792 en virtud de un Real Decreto de <strong>Carlos IV<\/strong> con fecha de 11 de marzo, por el que orden\u00f3 la creaci\u00f3n en La Laguna, por aquel entonces capital de la isla de Tenerife, de la primera Universidad Literaria del archipi\u00e9lago canario\u2026 Desde aquella \u00e9poca hasta hoy\u2026 \u00a1nunca antes un oriundo lagunero hab\u00eda sido rector de su universidad!&#8230; Nuestra ULL ten\u00eda esta asignatura pendiente y, gracias al lagunero <strong>Antonio Martin\u00f3n Cejas<\/strong>, ya ha sido matem\u00e1ticamente aprobada\u2026 \u00a1Muchas felicidades y mucha suerte!<\/p>\n<p><a href=\"https:\/\/elcotarro.com\/wp-content\/uploads\/2015\/06\/FOTO-6.-Antonio-Martin\u00f3n-Cejas.jpg\"><img loading=\"lazy\" decoding=\"async\" class=\"aligncenter size-full wp-image-1352\" src=\"https:\/\/elcotarro.com\/wp-content\/uploads\/2015\/06\/FOTO-6.-Antonio-Martin\u00f3n-Cejas.jpg\" alt=\"FOTO 6.- Antonio Martin\u00f3n Cejas\" width=\"281\" height=\"396\" srcset=\"https:\/\/elcotarro.com\/wp-content\/uploads\/2015\/06\/FOTO-6.-Antonio-Martin\u00f3n-Cejas.jpg 281w, https:\/\/elcotarro.com\/wp-content\/uploads\/2015\/06\/FOTO-6.-Antonio-Martin\u00f3n-Cejas-213x300.jpg 213w\" sizes=\"auto, (max-width: 281px) 100vw, 281px\" \/><\/a><\/p>\n<p class=\"comentario\" style=\"text-align: center;\">Antonio Martin\u00f3n, primer lagunero elegido Rector Magn\u00edfico de la ULL en toda su historia<\/p>\n<p>&nbsp;<\/p>\n<p class=\"comentario\" style=\"text-align: center;\"><a href=\"www.careca.es\"><img loading=\"lazy\" decoding=\"async\" class=\"aligncenter wp-image-539 size-full\" src=\"https:\/\/elcotarro.com\/wp-content\/uploads\/2014\/12\/Bnn_Careca.jpg\" alt=\"Bnn_Careca\" width=\"750\" height=\"150\" srcset=\"https:\/\/elcotarro.com\/wp-content\/uploads\/2014\/12\/Bnn_Careca.jpg 750w, https:\/\/elcotarro.com\/wp-content\/uploads\/2014\/12\/Bnn_Careca-300x60.jpg 300w\" sizes=\"auto, (max-width: 750px) 100vw, 750px\" \/><\/a><\/p>\n","protected":false},"excerpt":{"rendered":"<p>\u2666 Me adelant\u00f3 Eliseo (a quien felicito y deseo todo lo mejor, como siempre) que su primera cr\u00f3nica igual tiene que ver con un feliz acontecimiento, inusitado y extraordinario, que protagoniza otro buen amigo, Antonio Martin\u00f3n Cejas, flamante Rector Magn\u00edfico de la Universidad de La Laguna, a quien tambi\u00e9n felicito p\u00fablicamente y quien ya pasar\u00e1 &#8230; <a class=\"read-more\" href=\"https:\/\/elcotarro.com\/?p=1351\">Read more<\/a><\/p>\n","protected":false},"author":2,"featured_media":0,"comment_status":"open","ping_status":"open","sticky":false,"template":"","format":"standard","meta":{"_jetpack_memberships_contains_paid_content":false,"footnotes":""},"categories":[54],"tags":[628],"class_list":["post-1351","post","type-post","status-publish","format-standard","hentry","category-personajes","tag-antonio-martinon-cejas"],"yoast_head":"<!-- This site is optimized with the Yoast SEO plugin v27.0 - https:\/\/yoast.com\/product\/yoast-seo-wordpress\/ -->\n<title>PRIMER RECTOR QUE ES LAGUNERO - El Cotarrro<\/title>\n<meta name=\"description\" content=\"Me adelant\u00f3 Eliseo (a quien felicito y deseo todo lo mejor, como siempre) que su primera cr\u00f3nica igual tiene que ver con un feliz acontecimiento, inusitad\" \/>\n<meta name=\"robots\" content=\"index, follow, max-snippet:-1, max-image-preview:large, max-video-preview:-1\" \/>\n<link rel=\"canonical\" href=\"https:\/\/elcotarro.com\/?p=1351\" \/>\n<meta property=\"og:locale\" content=\"es_ES\" \/>\n<meta property=\"og:type\" content=\"article\" \/>\n<meta property=\"og:title\" content=\"PRIMER RECTOR QUE ES LAGUNERO - El Cotarrro\" \/>\n<meta property=\"og:description\" content=\"Me adelant\u00f3 Eliseo (a quien felicito y deseo todo lo mejor, como siempre) que su primera cr\u00f3nica igual tiene que ver con un feliz acontecimiento, inusitad\" \/>\n<meta property=\"og:url\" content=\"https:\/\/elcotarro.com\/?p=1351\" \/>\n<meta property=\"og:site_name\" content=\"El Cotarro\" \/>\n<meta property=\"article:publisher\" content=\"https:\/\/www.facebook.com\/ElCotarro.Tenerife\" \/>\n<meta property=\"article:published_time\" content=\"2015-06-14T11:01:05+00:00\" \/>\n<meta property=\"article:modified_time\" content=\"2015-06-14T11:20:55+00:00\" \/>\n<meta property=\"og:image\" content=\"https:\/\/elcotarro.com\/wp-content\/uploads\/2014\/12\/Bnn_Careca.jpg\" \/>\n<meta name=\"author\" content=\"Jos\u00e9 Carlos Marrero Gonz\u00e1lez\" \/>\n<meta name=\"twitter:label1\" content=\"Escrito por\" \/>\n\t<meta name=\"twitter:data1\" content=\"Jos\u00e9 Carlos Marrero Gonz\u00e1lez\" \/>\n\t<meta name=\"twitter:label2\" content=\"Tiempo de lectura\" \/>\n\t<meta name=\"twitter:data2\" content=\"1 minuto\" \/>\n<script type=\"application\/ld+json\" class=\"yoast-schema-graph\">{\"@context\":\"https:\/\/schema.org\",\"@graph\":[{\"@type\":\"Article\",\"@id\":\"https:\/\/elcotarro.com\/?p=1351#article\",\"isPartOf\":{\"@id\":\"https:\/\/elcotarro.com\/?p=1351\"},\"author\":{\"name\":\"Jos\u00e9 Carlos Marrero Gonz\u00e1lez\",\"@id\":\"https:\/\/elcotarro.com\/#\/schema\/person\/af537ee7d60d15984c7e0affcd8a918b\"},\"headline\":\"PRIMER RECTOR QUE ES LAGUNERO\",\"datePublished\":\"2015-06-14T11:01:05+00:00\",\"dateModified\":\"2015-06-14T11:20:55+00:00\",\"mainEntityOfPage\":{\"@id\":\"https:\/\/elcotarro.com\/?p=1351\"},\"wordCount\":206,\"commentCount\":0,\"publisher\":{\"@id\":\"https:\/\/elcotarro.com\/#organization\"},\"image\":{\"@id\":\"https:\/\/elcotarro.com\/?p=1351#primaryimage\"},\"thumbnailUrl\":\"https:\/\/elcotarro.com\/wp-content\/uploads\/2014\/12\/Bnn_Careca.jpg\",\"keywords\":[\"Antonio Martin\u00f3n Cejas\"],\"articleSection\":[\"Personajes\"],\"inLanguage\":\"es\",\"potentialAction\":[{\"@type\":\"CommentAction\",\"name\":\"Comment\",\"target\":[\"https:\/\/elcotarro.com\/?p=1351#respond\"]}]},{\"@type\":\"WebPage\",\"@id\":\"https:\/\/elcotarro.com\/?p=1351\",\"url\":\"https:\/\/elcotarro.com\/?p=1351\",\"name\":\"PRIMER RECTOR QUE ES LAGUNERO - El Cotarrro\",\"isPartOf\":{\"@id\":\"https:\/\/elcotarro.com\/#website\"},\"primaryImageOfPage\":{\"@id\":\"https:\/\/elcotarro.com\/?p=1351#primaryimage\"},\"image\":{\"@id\":\"https:\/\/elcotarro.com\/?p=1351#primaryimage\"},\"thumbnailUrl\":\"https:\/\/elcotarro.com\/wp-content\/uploads\/2014\/12\/Bnn_Careca.jpg\",\"datePublished\":\"2015-06-14T11:01:05+00:00\",\"dateModified\":\"2015-06-14T11:20:55+00:00\",\"description\":\"Me adelant\u00f3 Eliseo (a quien felicito y deseo todo lo mejor, como siempre) que su primera cr\u00f3nica igual tiene que ver con un feliz acontecimiento, inusitad\",\"breadcrumb\":{\"@id\":\"https:\/\/elcotarro.com\/?p=1351#breadcrumb\"},\"inLanguage\":\"es\",\"potentialAction\":[{\"@type\":\"ReadAction\",\"target\":[\"https:\/\/elcotarro.com\/?p=1351\"]}]},{\"@type\":\"ImageObject\",\"inLanguage\":\"es\",\"@id\":\"https:\/\/elcotarro.com\/?p=1351#primaryimage\",\"url\":\"https:\/\/elcotarro.com\/wp-content\/uploads\/2014\/12\/Bnn_Careca.jpg\",\"contentUrl\":\"https:\/\/elcotarro.com\/wp-content\/uploads\/2014\/12\/Bnn_Careca.jpg\",\"width\":750,\"height\":150},{\"@type\":\"BreadcrumbList\",\"@id\":\"https:\/\/elcotarro.com\/?p=1351#breadcrumb\",\"itemListElement\":[{\"@type\":\"ListItem\",\"position\":1,\"name\":\"Portada\",\"item\":\"https:\/\/elcotarro.com\/\"},{\"@type\":\"ListItem\",\"position\":2,\"name\":\"PRIMER RECTOR QUE ES LAGUNERO\"}]},{\"@type\":\"WebSite\",\"@id\":\"https:\/\/elcotarro.com\/#website\",\"url\":\"https:\/\/elcotarro.com\/\",\"name\":\"El Cotarro\",\"description\":\"Peri\u00f3dico Digital Independiente dirigido por Jos\u00e9 Carlos Marrero\",\"publisher\":{\"@id\":\"https:\/\/elcotarro.com\/#organization\"},\"potentialAction\":[{\"@type\":\"SearchAction\",\"target\":{\"@type\":\"EntryPoint\",\"urlTemplate\":\"https:\/\/elcotarro.com\/?s={search_term_string}\"},\"query-input\":{\"@type\":\"PropertyValueSpecification\",\"valueRequired\":true,\"valueName\":\"search_term_string\"}}],\"inLanguage\":\"es\"},{\"@type\":\"Organization\",\"@id\":\"https:\/\/elcotarro.com\/#organization\",\"name\":\"El Cotarro\",\"url\":\"https:\/\/elcotarro.com\/\",\"logo\":{\"@type\":\"ImageObject\",\"inLanguage\":\"es\",\"@id\":\"https:\/\/elcotarro.com\/#\/schema\/logo\/image\/\",\"url\":\"https:\/\/elcotarro.com\/wp-content\/uploads\/2014\/09\/Cabecera_El_Cotarro_v2.jpg\",\"contentUrl\":\"https:\/\/elcotarro.com\/wp-content\/uploads\/2014\/09\/Cabecera_El_Cotarro_v2.jpg\",\"width\":3540,\"height\":441,\"caption\":\"El Cotarro\"},\"image\":{\"@id\":\"https:\/\/elcotarro.com\/#\/schema\/logo\/image\/\"},\"sameAs\":[\"https:\/\/www.facebook.com\/ElCotarro.Tenerife\"]},{\"@type\":\"Person\",\"@id\":\"https:\/\/elcotarro.com\/#\/schema\/person\/af537ee7d60d15984c7e0affcd8a918b\",\"name\":\"Jos\u00e9 Carlos Marrero Gonz\u00e1lez\",\"image\":{\"@type\":\"ImageObject\",\"inLanguage\":\"es\",\"@id\":\"https:\/\/elcotarro.com\/#\/schema\/person\/image\/\",\"url\":\"https:\/\/secure.gravatar.com\/avatar\/def4da036efb5d32c74d49c351f6dccc064dd69ad9f3aadc295c5a9a5391ca01?s=96&d=mm&r=g\",\"contentUrl\":\"https:\/\/secure.gravatar.com\/avatar\/def4da036efb5d32c74d49c351f6dccc064dd69ad9f3aadc295c5a9a5391ca01?s=96&d=mm&r=g\",\"caption\":\"Jos\u00e9 Carlos Marrero Gonz\u00e1lez\"},\"sameAs\":[\"https:\/\/elcotarro.com\"],\"url\":\"https:\/\/elcotarro.com\/?author=2\"}]}<\/script>\n<!-- \/ Yoast SEO plugin. -->","yoast_head_json":{"title":"PRIMER RECTOR QUE ES LAGUNERO - El Cotarrro","description":"Me adelant\u00f3 Eliseo (a quien felicito y deseo todo lo mejor, como siempre) que su primera cr\u00f3nica igual tiene que ver con un feliz acontecimiento, inusitad","robots":{"index":"index","follow":"follow","max-snippet":"max-snippet:-1","max-image-preview":"max-image-preview:large","max-video-preview":"max-video-preview:-1"},"canonical":"https:\/\/elcotarro.com\/?p=1351","og_locale":"es_ES","og_type":"article","og_title":"PRIMER RECTOR QUE ES LAGUNERO - El Cotarrro","og_description":"Me adelant\u00f3 Eliseo (a quien felicito y deseo todo lo mejor, como siempre) que su primera cr\u00f3nica igual tiene que ver con un feliz acontecimiento, inusitad","og_url":"https:\/\/elcotarro.com\/?p=1351","og_site_name":"El Cotarro","article_publisher":"https:\/\/www.facebook.com\/ElCotarro.Tenerife","article_published_time":"2015-06-14T11:01:05+00:00","article_modified_time":"2015-06-14T11:20:55+00:00","og_image":[{"url":"https:\/\/elcotarro.com\/wp-content\/uploads\/2014\/12\/Bnn_Careca.jpg","type":"","width":"","height":""}],"author":"Jos\u00e9 Carlos Marrero Gonz\u00e1lez","twitter_misc":{"Escrito por":"Jos\u00e9 Carlos Marrero Gonz\u00e1lez","Tiempo de lectura":"1 minuto"},"schema":{"@context":"https:\/\/schema.org","@graph":[{"@type":"Article","@id":"https:\/\/elcotarro.com\/?p=1351#article","isPartOf":{"@id":"https:\/\/elcotarro.com\/?p=1351"},"author":{"name":"Jos\u00e9 Carlos Marrero Gonz\u00e1lez","@id":"https:\/\/elcotarro.com\/#\/schema\/person\/af537ee7d60d15984c7e0affcd8a918b"},"headline":"PRIMER RECTOR QUE ES LAGUNERO","datePublished":"2015-06-14T11:01:05+00:00","dateModified":"2015-06-14T11:20:55+00:00","mainEntityOfPage":{"@id":"https:\/\/elcotarro.com\/?p=1351"},"wordCount":206,"commentCount":0,"publisher":{"@id":"https:\/\/elcotarro.com\/#organization"},"image":{"@id":"https:\/\/elcotarro.com\/?p=1351#primaryimage"},"thumbnailUrl":"https:\/\/elcotarro.com\/wp-content\/uploads\/2014\/12\/Bnn_Careca.jpg","keywords":["Antonio Martin\u00f3n Cejas"],"articleSection":["Personajes"],"inLanguage":"es","potentialAction":[{"@type":"CommentAction","name":"Comment","target":["https:\/\/elcotarro.com\/?p=1351#respond"]}]},{"@type":"WebPage","@id":"https:\/\/elcotarro.com\/?p=1351","url":"https:\/\/elcotarro.com\/?p=1351","name":"PRIMER RECTOR QUE ES LAGUNERO - El Cotarrro","isPartOf":{"@id":"https:\/\/elcotarro.com\/#website"},"primaryImageOfPage":{"@id":"https:\/\/elcotarro.com\/?p=1351#primaryimage"},"image":{"@id":"https:\/\/elcotarro.com\/?p=1351#primaryimage"},"thumbnailUrl":"https:\/\/elcotarro.com\/wp-content\/uploads\/2014\/12\/Bnn_Careca.jpg","datePublished":"2015-06-14T11:01:05+00:00","dateModified":"2015-06-14T11:20:55+00:00","description":"Me adelant\u00f3 Eliseo (a quien felicito y deseo todo lo mejor, como siempre) que su primera cr\u00f3nica igual tiene que ver con un feliz acontecimiento, inusitad","breadcrumb":{"@id":"https:\/\/elcotarro.com\/?p=1351#breadcrumb"},"inLanguage":"es","potentialAction":[{"@type":"ReadAction","target":["https:\/\/elcotarro.com\/?p=1351"]}]},{"@type":"ImageObject","inLanguage":"es","@id":"https:\/\/elcotarro.com\/?p=1351#primaryimage","url":"https:\/\/elcotarro.com\/wp-content\/uploads\/2014\/12\/Bnn_Careca.jpg","contentUrl":"https:\/\/elcotarro.com\/wp-content\/uploads\/2014\/12\/Bnn_Careca.jpg","width":750,"height":150},{"@type":"BreadcrumbList","@id":"https:\/\/elcotarro.com\/?p=1351#breadcrumb","itemListElement":[{"@type":"ListItem","position":1,"name":"Portada","item":"https:\/\/elcotarro.com\/"},{"@type":"ListItem","position":2,"name":"PRIMER RECTOR QUE ES LAGUNERO"}]},{"@type":"WebSite","@id":"https:\/\/elcotarro.com\/#website","url":"https:\/\/elcotarro.com\/","name":"El Cotarro","description":"Peri\u00f3dico Digital Independiente dirigido por Jos\u00e9 Carlos Marrero","publisher":{"@id":"https:\/\/elcotarro.com\/#organization"},"potentialAction":[{"@type":"SearchAction","target":{"@type":"EntryPoint","urlTemplate":"https:\/\/elcotarro.com\/?s={search_term_string}"},"query-input":{"@type":"PropertyValueSpecification","valueRequired":true,"valueName":"search_term_string"}}],"inLanguage":"es"},{"@type":"Organization","@id":"https:\/\/elcotarro.com\/#organization","name":"El Cotarro","url":"https:\/\/elcotarro.com\/","logo":{"@type":"ImageObject","inLanguage":"es","@id":"https:\/\/elcotarro.com\/#\/schema\/logo\/image\/","url":"https:\/\/elcotarro.com\/wp-content\/uploads\/2014\/09\/Cabecera_El_Cotarro_v2.jpg","contentUrl":"https:\/\/elcotarro.com\/wp-content\/uploads\/2014\/09\/Cabecera_El_Cotarro_v2.jpg","width":3540,"height":441,"caption":"El Cotarro"},"image":{"@id":"https:\/\/elcotarro.com\/#\/schema\/logo\/image\/"},"sameAs":["https:\/\/www.facebook.com\/ElCotarro.Tenerife"]},{"@type":"Person","@id":"https:\/\/elcotarro.com\/#\/schema\/person\/af537ee7d60d15984c7e0affcd8a918b","name":"Jos\u00e9 Carlos Marrero Gonz\u00e1lez","image":{"@type":"ImageObject","inLanguage":"es","@id":"https:\/\/elcotarro.com\/#\/schema\/person\/image\/","url":"https:\/\/secure.gravatar.com\/avatar\/def4da036efb5d32c74d49c351f6dccc064dd69ad9f3aadc295c5a9a5391ca01?s=96&d=mm&r=g","contentUrl":"https:\/\/secure.gravatar.com\/avatar\/def4da036efb5d32c74d49c351f6dccc064dd69ad9f3aadc295c5a9a5391ca01?s=96&d=mm&r=g","caption":"Jos\u00e9 Carlos Marrero Gonz\u00e1lez"},"sameAs":["https:\/\/elcotarro.com"],"url":"https:\/\/elcotarro.com\/?author=2"}]}},"jetpack_featured_media_url":"","jetpack_sharing_enabled":true,"_links":{"self":[{"href":"https:\/\/elcotarro.com\/index.php?rest_route=\/wp\/v2\/posts\/1351","targetHints":{"allow":["GET"]}}],"collection":[{"href":"https:\/\/elcotarro.com\/index.php?rest_route=\/wp\/v2\/posts"}],"about":[{"href":"https:\/\/elcotarro.com\/index.php?rest_route=\/wp\/v2\/types\/post"}],"author":[{"embeddable":true,"href":"https:\/\/elcotarro.com\/index.php?rest_route=\/wp\/v2\/users\/2"}],"replies":[{"embeddable":true,"href":"https:\/\/elcotarro.com\/index.php?rest_route=%2Fwp%2Fv2%2Fcomments&post=1351"}],"version-history":[{"count":3,"href":"https:\/\/elcotarro.com\/index.php?rest_route=\/wp\/v2\/posts\/1351\/revisions"}],"predecessor-version":[{"id":1374,"href":"https:\/\/elcotarro.com\/index.php?rest_route=\/wp\/v2\/posts\/1351\/revisions\/1374"}],"wp:attachment":[{"href":"https:\/\/elcotarro.com\/index.php?rest_route=%2Fwp%2Fv2%2Fmedia&parent=1351"}],"wp:term":[{"taxonomy":"category","embeddable":true,"href":"https:\/\/elcotarro.com\/index.php?rest_route=%2Fwp%2Fv2%2Fcategories&post=1351"},{"taxonomy":"post_tag","embeddable":true,"href":"https:\/\/elcotarro.com\/index.php?rest_route=%2Fwp%2Fv2%2Ftags&post=1351"}],"curies":[{"name":"wp","href":"https:\/\/api.w.org\/{rel}","templated":true}]}}