{"id":1358,"date":"2015-06-14T11:03:29","date_gmt":"2015-06-14T11:03:29","guid":{"rendered":"https:\/\/elcotarro.com\/?p=1358"},"modified":"2015-06-14T11:20:20","modified_gmt":"2015-06-14T11:20:20","slug":"constitucion-biblia-y-crucifijo","status":"publish","type":"post","link":"https:\/\/elcotarro.com\/?p=1358","title":{"rendered":"CONSTITUCI\u00d3N, BIBLIA Y CRUCIFIJO"},"content":{"rendered":"<p>\u2666 No creo que haya sido <strong>Fernando Sabat\u00e9 Bel<\/strong>, cabeza de lista de Podemos al Cabildo de Tenerife, o alguno de sus compa\u00f1eros de lista\u2026 Tampoco s\u00e9 si ha sido uno (o varios) de los restantes consejeros electos de CC, PP, PSOE o Ciudadanos\u2026 Lo cierto es que alguien ha cuestionado que en la pr\u00f3xima toma jura o promesa de sus nuevos cargos y la posterior recogida de sus medallas como consejeros insulares, la oportuna mesa est\u00e9 presidida por un crucifico y un ejemplar de la Biblia, junto con un ejemplar de la Constituci\u00f3n Espa\u00f1ola\u2026 La pol\u00e9mica est\u00e1 servida y el cacao montado\u2026 El argumento vuelve a ser el ya conocido de que estamos en un Estado aconfesional y no proceden crucifijos ni biblias\u2026 Pero, por otro lado, se sabe que m\u00e1s de uno de los futuros consejeros (desde su libertad) si quiere prometer o jurar el cargo con los s\u00edmbolos de la religi\u00f3n cat\u00f3lica\u2026 Total que, si no se arreglan y ponen de acuerdo, se est\u00e1n barajando dos posibilidades. Primera: poner dos mesas, una \u00abconfesional\u00bb (con Biblia y crucifijo) y otra \u00ablaica\u00bb (solo con la Constituci\u00f3n)&#8230; Segunda: Una sola mesa y que el bueno de <strong>Harold P\u00e9rez<\/strong> tenga doble trabajo y se ocupe de poner y\/o quitar el crucifijo y la Biblia en funci\u00f3n de la demanda\u2026 Y as\u00ed se escribe la isle\u00f1a historia.<\/p>\n<p><a href=\"https:\/\/elcotarro.com\/wp-content\/uploads\/2015\/06\/FOTO-4.-Melchior-tomando-posesi\u00f3n.jpg\"><img loading=\"lazy\" decoding=\"async\" class=\"aligncenter size-full wp-image-1360\" src=\"https:\/\/elcotarro.com\/wp-content\/uploads\/2015\/06\/FOTO-4.-Melchior-tomando-posesi\u00f3n.jpg\" alt=\"FOTO 4.- Melchior tomando posesi\u00f3n\" width=\"318\" height=\"212\" srcset=\"https:\/\/elcotarro.com\/wp-content\/uploads\/2015\/06\/FOTO-4.-Melchior-tomando-posesi\u00f3n.jpg 318w, https:\/\/elcotarro.com\/wp-content\/uploads\/2015\/06\/FOTO-4.-Melchior-tomando-posesi\u00f3n-300x200.jpg 300w\" sizes=\"auto, (max-width: 318px) 100vw, 318px\" \/><\/a><\/p>\n<p class=\"comentario\" style=\"text-align: center;\">Toma de posesi\u00f3n de Ricardo Melchior en 1987\u2026 con crucifijo, Biblia y Constituci\u00f3n<\/p>\n","protected":false},"excerpt":{"rendered":"<p>\u2666 No creo que haya sido Fernando Sabat\u00e9 Bel, cabeza de lista de Podemos al Cabildo de Tenerife, o alguno de sus compa\u00f1eros de lista\u2026 Tampoco s\u00e9 si ha sido uno (o varios) de los restantes consejeros electos de CC, PP, PSOE o Ciudadanos\u2026 Lo cierto es que alguien ha cuestionado que en la pr\u00f3xima &#8230; <a class=\"read-more\" href=\"https:\/\/elcotarro.com\/?p=1358\">Read more<\/a><\/p>\n","protected":false},"author":2,"featured_media":0,"comment_status":"open","ping_status":"open","sticky":false,"template":"","format":"standard","meta":{"_jetpack_memberships_contains_paid_content":false,"footnotes":""},"categories":[7],"tags":[633,634],"class_list":["post-1358","post","type-post","status-publish","format-standard","hentry","category-politica","tag-fernando-sabate-bel","tag-harold-perez"],"yoast_head":"<!-- This site is optimized with the Yoast SEO plugin v27.0 - https:\/\/yoast.com\/product\/yoast-seo-wordpress\/ -->\n<title>CONSTITUCI\u00d3N, BIBLIA Y CRUCIFIJO - El Cotarrro<\/title>\n<meta name=\"description\" content=\"No creo que haya sido Fernando Sabat\u00e9 Bel, cabeza de lista de Podemos al Cabildo de Tenerife, o alguno de sus compa\u00f1eros de lista\u2026 Tampoco s\u00e9 si ha sido u\" \/>\n<meta name=\"robots\" content=\"index, follow, max-snippet:-1, max-image-preview:large, max-video-preview:-1\" \/>\n<link rel=\"canonical\" href=\"https:\/\/elcotarro.com\/?p=1358\" \/>\n<meta property=\"og:locale\" content=\"es_ES\" \/>\n<meta property=\"og:type\" content=\"article\" \/>\n<meta property=\"og:title\" content=\"CONSTITUCI\u00d3N, BIBLIA Y CRUCIFIJO - El Cotarrro\" \/>\n<meta property=\"og:description\" content=\"No creo que haya sido Fernando Sabat\u00e9 Bel, cabeza de lista de Podemos al Cabildo de Tenerife, o alguno de sus compa\u00f1eros de lista\u2026 Tampoco s\u00e9 si ha sido u\" \/>\n<meta property=\"og:url\" content=\"https:\/\/elcotarro.com\/?p=1358\" \/>\n<meta property=\"og:site_name\" content=\"El Cotarro\" \/>\n<meta property=\"article:publisher\" content=\"https:\/\/www.facebook.com\/ElCotarro.Tenerife\" \/>\n<meta property=\"article:published_time\" content=\"2015-06-14T11:03:29+00:00\" \/>\n<meta property=\"article:modified_time\" content=\"2015-06-14T11:20:20+00:00\" \/>\n<meta name=\"author\" content=\"Jos\u00e9 Carlos Marrero Gonz\u00e1lez\" \/>\n<meta name=\"twitter:label1\" content=\"Escrito por\" \/>\n\t<meta name=\"twitter:data1\" content=\"Jos\u00e9 Carlos Marrero Gonz\u00e1lez\" \/>\n\t<meta name=\"twitter:label2\" content=\"Tiempo de lectura\" \/>\n\t<meta name=\"twitter:data2\" content=\"1 minuto\" \/>\n<script type=\"application\/ld+json\" class=\"yoast-schema-graph\">{\"@context\":\"https:\/\/schema.org\",\"@graph\":[{\"@type\":\"Article\",\"@id\":\"https:\/\/elcotarro.com\/?p=1358#article\",\"isPartOf\":{\"@id\":\"https:\/\/elcotarro.com\/?p=1358\"},\"author\":{\"name\":\"Jos\u00e9 Carlos Marrero Gonz\u00e1lez\",\"@id\":\"https:\/\/elcotarro.com\/#\/schema\/person\/af537ee7d60d15984c7e0affcd8a918b\"},\"headline\":\"CONSTITUCI\u00d3N, BIBLIA Y CRUCIFIJO\",\"datePublished\":\"2015-06-14T11:03:29+00:00\",\"dateModified\":\"2015-06-14T11:20:20+00:00\",\"mainEntityOfPage\":{\"@id\":\"https:\/\/elcotarro.com\/?p=1358\"},\"wordCount\":258,\"commentCount\":0,\"publisher\":{\"@id\":\"https:\/\/elcotarro.com\/#organization\"},\"keywords\":[\"Fernando Sabat\u00e9 Bel\",\"Harold P\u00e9rez\"],\"articleSection\":[\"Pol\u00edtica\"],\"inLanguage\":\"es\",\"potentialAction\":[{\"@type\":\"CommentAction\",\"name\":\"Comment\",\"target\":[\"https:\/\/elcotarro.com\/?p=1358#respond\"]}]},{\"@type\":\"WebPage\",\"@id\":\"https:\/\/elcotarro.com\/?p=1358\",\"url\":\"https:\/\/elcotarro.com\/?p=1358\",\"name\":\"CONSTITUCI\u00d3N, BIBLIA Y CRUCIFIJO - El Cotarrro\",\"isPartOf\":{\"@id\":\"https:\/\/elcotarro.com\/#website\"},\"datePublished\":\"2015-06-14T11:03:29+00:00\",\"dateModified\":\"2015-06-14T11:20:20+00:00\",\"description\":\"No creo que haya sido Fernando Sabat\u00e9 Bel, cabeza de lista de Podemos al Cabildo de Tenerife, o alguno de sus compa\u00f1eros de lista\u2026 Tampoco s\u00e9 si ha sido u\",\"breadcrumb\":{\"@id\":\"https:\/\/elcotarro.com\/?p=1358#breadcrumb\"},\"inLanguage\":\"es\",\"potentialAction\":[{\"@type\":\"ReadAction\",\"target\":[\"https:\/\/elcotarro.com\/?p=1358\"]}]},{\"@type\":\"BreadcrumbList\",\"@id\":\"https:\/\/elcotarro.com\/?p=1358#breadcrumb\",\"itemListElement\":[{\"@type\":\"ListItem\",\"position\":1,\"name\":\"Portada\",\"item\":\"https:\/\/elcotarro.com\/\"},{\"@type\":\"ListItem\",\"position\":2,\"name\":\"CONSTITUCI\u00d3N, BIBLIA Y CRUCIFIJO\"}]},{\"@type\":\"WebSite\",\"@id\":\"https:\/\/elcotarro.com\/#website\",\"url\":\"https:\/\/elcotarro.com\/\",\"name\":\"El Cotarro\",\"description\":\"Peri\u00f3dico Digital Independiente dirigido por Jos\u00e9 Carlos Marrero\",\"publisher\":{\"@id\":\"https:\/\/elcotarro.com\/#organization\"},\"potentialAction\":[{\"@type\":\"SearchAction\",\"target\":{\"@type\":\"EntryPoint\",\"urlTemplate\":\"https:\/\/elcotarro.com\/?s={search_term_string}\"},\"query-input\":{\"@type\":\"PropertyValueSpecification\",\"valueRequired\":true,\"valueName\":\"search_term_string\"}}],\"inLanguage\":\"es\"},{\"@type\":\"Organization\",\"@id\":\"https:\/\/elcotarro.com\/#organization\",\"name\":\"El Cotarro\",\"url\":\"https:\/\/elcotarro.com\/\",\"logo\":{\"@type\":\"ImageObject\",\"inLanguage\":\"es\",\"@id\":\"https:\/\/elcotarro.com\/#\/schema\/logo\/image\/\",\"url\":\"https:\/\/elcotarro.com\/wp-content\/uploads\/2014\/09\/Cabecera_El_Cotarro_v2.jpg\",\"contentUrl\":\"https:\/\/elcotarro.com\/wp-content\/uploads\/2014\/09\/Cabecera_El_Cotarro_v2.jpg\",\"width\":3540,\"height\":441,\"caption\":\"El Cotarro\"},\"image\":{\"@id\":\"https:\/\/elcotarro.com\/#\/schema\/logo\/image\/\"},\"sameAs\":[\"https:\/\/www.facebook.com\/ElCotarro.Tenerife\"]},{\"@type\":\"Person\",\"@id\":\"https:\/\/elcotarro.com\/#\/schema\/person\/af537ee7d60d15984c7e0affcd8a918b\",\"name\":\"Jos\u00e9 Carlos Marrero Gonz\u00e1lez\",\"image\":{\"@type\":\"ImageObject\",\"inLanguage\":\"es\",\"@id\":\"https:\/\/elcotarro.com\/#\/schema\/person\/image\/\",\"url\":\"https:\/\/secure.gravatar.com\/avatar\/def4da036efb5d32c74d49c351f6dccc064dd69ad9f3aadc295c5a9a5391ca01?s=96&d=mm&r=g\",\"contentUrl\":\"https:\/\/secure.gravatar.com\/avatar\/def4da036efb5d32c74d49c351f6dccc064dd69ad9f3aadc295c5a9a5391ca01?s=96&d=mm&r=g\",\"caption\":\"Jos\u00e9 Carlos Marrero Gonz\u00e1lez\"},\"sameAs\":[\"https:\/\/elcotarro.com\"],\"url\":\"https:\/\/elcotarro.com\/?author=2\"}]}<\/script>\n<!-- \/ Yoast SEO plugin. -->","yoast_head_json":{"title":"CONSTITUCI\u00d3N, BIBLIA Y CRUCIFIJO - El Cotarrro","description":"No creo que haya sido Fernando Sabat\u00e9 Bel, cabeza de lista de Podemos al Cabildo de Tenerife, o alguno de sus compa\u00f1eros de lista\u2026 Tampoco s\u00e9 si ha sido u","robots":{"index":"index","follow":"follow","max-snippet":"max-snippet:-1","max-image-preview":"max-image-preview:large","max-video-preview":"max-video-preview:-1"},"canonical":"https:\/\/elcotarro.com\/?p=1358","og_locale":"es_ES","og_type":"article","og_title":"CONSTITUCI\u00d3N, BIBLIA Y CRUCIFIJO - El Cotarrro","og_description":"No creo que haya sido Fernando Sabat\u00e9 Bel, cabeza de lista de Podemos al Cabildo de Tenerife, o alguno de sus compa\u00f1eros de lista\u2026 Tampoco s\u00e9 si ha sido u","og_url":"https:\/\/elcotarro.com\/?p=1358","og_site_name":"El Cotarro","article_publisher":"https:\/\/www.facebook.com\/ElCotarro.Tenerife","article_published_time":"2015-06-14T11:03:29+00:00","article_modified_time":"2015-06-14T11:20:20+00:00","author":"Jos\u00e9 Carlos Marrero Gonz\u00e1lez","twitter_misc":{"Escrito por":"Jos\u00e9 Carlos Marrero Gonz\u00e1lez","Tiempo de lectura":"1 minuto"},"schema":{"@context":"https:\/\/schema.org","@graph":[{"@type":"Article","@id":"https:\/\/elcotarro.com\/?p=1358#article","isPartOf":{"@id":"https:\/\/elcotarro.com\/?p=1358"},"author":{"name":"Jos\u00e9 Carlos Marrero Gonz\u00e1lez","@id":"https:\/\/elcotarro.com\/#\/schema\/person\/af537ee7d60d15984c7e0affcd8a918b"},"headline":"CONSTITUCI\u00d3N, BIBLIA Y CRUCIFIJO","datePublished":"2015-06-14T11:03:29+00:00","dateModified":"2015-06-14T11:20:20+00:00","mainEntityOfPage":{"@id":"https:\/\/elcotarro.com\/?p=1358"},"wordCount":258,"commentCount":0,"publisher":{"@id":"https:\/\/elcotarro.com\/#organization"},"keywords":["Fernando Sabat\u00e9 Bel","Harold P\u00e9rez"],"articleSection":["Pol\u00edtica"],"inLanguage":"es","potentialAction":[{"@type":"CommentAction","name":"Comment","target":["https:\/\/elcotarro.com\/?p=1358#respond"]}]},{"@type":"WebPage","@id":"https:\/\/elcotarro.com\/?p=1358","url":"https:\/\/elcotarro.com\/?p=1358","name":"CONSTITUCI\u00d3N, BIBLIA Y CRUCIFIJO - El Cotarrro","isPartOf":{"@id":"https:\/\/elcotarro.com\/#website"},"datePublished":"2015-06-14T11:03:29+00:00","dateModified":"2015-06-14T11:20:20+00:00","description":"No creo que haya sido Fernando Sabat\u00e9 Bel, cabeza de lista de Podemos al Cabildo de Tenerife, o alguno de sus compa\u00f1eros de lista\u2026 Tampoco s\u00e9 si ha sido u","breadcrumb":{"@id":"https:\/\/elcotarro.com\/?p=1358#breadcrumb"},"inLanguage":"es","potentialAction":[{"@type":"ReadAction","target":["https:\/\/elcotarro.com\/?p=1358"]}]},{"@type":"BreadcrumbList","@id":"https:\/\/elcotarro.com\/?p=1358#breadcrumb","itemListElement":[{"@type":"ListItem","position":1,"name":"Portada","item":"https:\/\/elcotarro.com\/"},{"@type":"ListItem","position":2,"name":"CONSTITUCI\u00d3N, BIBLIA Y CRUCIFIJO"}]},{"@type":"WebSite","@id":"https:\/\/elcotarro.com\/#website","url":"https:\/\/elcotarro.com\/","name":"El Cotarro","description":"Peri\u00f3dico Digital Independiente dirigido por Jos\u00e9 Carlos Marrero","publisher":{"@id":"https:\/\/elcotarro.com\/#organization"},"potentialAction":[{"@type":"SearchAction","target":{"@type":"EntryPoint","urlTemplate":"https:\/\/elcotarro.com\/?s={search_term_string}"},"query-input":{"@type":"PropertyValueSpecification","valueRequired":true,"valueName":"search_term_string"}}],"inLanguage":"es"},{"@type":"Organization","@id":"https:\/\/elcotarro.com\/#organization","name":"El Cotarro","url":"https:\/\/elcotarro.com\/","logo":{"@type":"ImageObject","inLanguage":"es","@id":"https:\/\/elcotarro.com\/#\/schema\/logo\/image\/","url":"https:\/\/elcotarro.com\/wp-content\/uploads\/2014\/09\/Cabecera_El_Cotarro_v2.jpg","contentUrl":"https:\/\/elcotarro.com\/wp-content\/uploads\/2014\/09\/Cabecera_El_Cotarro_v2.jpg","width":3540,"height":441,"caption":"El Cotarro"},"image":{"@id":"https:\/\/elcotarro.com\/#\/schema\/logo\/image\/"},"sameAs":["https:\/\/www.facebook.com\/ElCotarro.Tenerife"]},{"@type":"Person","@id":"https:\/\/elcotarro.com\/#\/schema\/person\/af537ee7d60d15984c7e0affcd8a918b","name":"Jos\u00e9 Carlos Marrero Gonz\u00e1lez","image":{"@type":"ImageObject","inLanguage":"es","@id":"https:\/\/elcotarro.com\/#\/schema\/person\/image\/","url":"https:\/\/secure.gravatar.com\/avatar\/def4da036efb5d32c74d49c351f6dccc064dd69ad9f3aadc295c5a9a5391ca01?s=96&d=mm&r=g","contentUrl":"https:\/\/secure.gravatar.com\/avatar\/def4da036efb5d32c74d49c351f6dccc064dd69ad9f3aadc295c5a9a5391ca01?s=96&d=mm&r=g","caption":"Jos\u00e9 Carlos Marrero Gonz\u00e1lez"},"sameAs":["https:\/\/elcotarro.com"],"url":"https:\/\/elcotarro.com\/?author=2"}]}},"jetpack_featured_media_url":"","jetpack_sharing_enabled":true,"_links":{"self":[{"href":"https:\/\/elcotarro.com\/index.php?rest_route=\/wp\/v2\/posts\/1358","targetHints":{"allow":["GET"]}}],"collection":[{"href":"https:\/\/elcotarro.com\/index.php?rest_route=\/wp\/v2\/posts"}],"about":[{"href":"https:\/\/elcotarro.com\/index.php?rest_route=\/wp\/v2\/types\/post"}],"author":[{"embeddable":true,"href":"https:\/\/elcotarro.com\/index.php?rest_route=\/wp\/v2\/users\/2"}],"replies":[{"embeddable":true,"href":"https:\/\/elcotarro.com\/index.php?rest_route=%2Fwp%2Fv2%2Fcomments&post=1358"}],"version-history":[{"count":2,"href":"https:\/\/elcotarro.com\/index.php?rest_route=\/wp\/v2\/posts\/1358\/revisions"}],"predecessor-version":[{"id":1361,"href":"https:\/\/elcotarro.com\/index.php?rest_route=\/wp\/v2\/posts\/1358\/revisions\/1361"}],"wp:attachment":[{"href":"https:\/\/elcotarro.com\/index.php?rest_route=%2Fwp%2Fv2%2Fmedia&parent=1358"}],"wp:term":[{"taxonomy":"category","embeddable":true,"href":"https:\/\/elcotarro.com\/index.php?rest_route=%2Fwp%2Fv2%2Fcategories&post=1358"},{"taxonomy":"post_tag","embeddable":true,"href":"https:\/\/elcotarro.com\/index.php?rest_route=%2Fwp%2Fv2%2Ftags&post=1358"}],"curies":[{"name":"wp","href":"https:\/\/api.w.org\/{rel}","templated":true}]}}