{"id":1368,"date":"2015-06-14T11:06:33","date_gmt":"2015-06-14T11:06:33","guid":{"rendered":"https:\/\/elcotarro.com\/?p=1368"},"modified":"2015-06-14T11:19:30","modified_gmt":"2015-06-14T11:19:30","slug":"nueve-meses-para-una-defuncion","status":"publish","type":"post","link":"https:\/\/elcotarro.com\/?p=1368","title":{"rendered":"NUEVE MESES PARA UNA DEFUNCI\u00d3N"},"content":{"rendered":"<p>\u2666 Ayer por la ma\u00f1anita, cuando escrib\u00eda <strong><em>El Cotarro<\/em><\/strong> de este domingo, a\u00fan no se hab\u00edan constituido los ayuntamientos isle\u00f1os&#8230; O sea, que no sab\u00eda nada del final de los pactos municipales y el definitivo nivel de \u201ccornamentas\u201d (o no), de \u201cpu\u00f1aladas traperas\u201d por la espalda (o no) y de politiqueras \u201ctocadas de timbales\u201d&#8230; Lo que s\u00ed sab\u00eda y s\u00e9, es el desconcierto, malestar, acojono (con perd\u00f3n), que corre por las filas, agrupaciones locales y n\u00facleos de poder en donde ha estado durante a\u00f1os Coalici\u00f3n Canaria&#8230; <strong>Fernando Clavijo<\/strong> gobernar\u00e1 con quien finalmente pacte en el Parlamento de Canarias, <strong>Carlos Alonso<\/strong> con quien igualmente lo haga en el Cabildo de Tenerife, y <strong>Jos\u00e9 Manuel Berm\u00fadez <\/strong>podr\u00e1 gobernar con el PP en Santa Cruz, dejando \u201cenrochada\u201d a la parroquia nacionalista&#8230; Y en cada isla, en cada cabildo, en cada municipio comer\u00e1n con la cuchara que cada uno coja&#8230; Pero en Coalici\u00f3n Canaria (y por extensi\u00f3n en otros partidos de corte nacionalista por estos andurriales canarios) se vaticina que en nueve meses (los que como mucho faltan para las elecciones generales), puede que no solamente <strong>Ana Oramas<\/strong> pierda su esca\u00f1o en el Congreso, sino que, para tristeza de <strong>Victoriano R\u00edos<\/strong>, <strong>Manuel Hermoso<\/strong> y muchos otros m\u00e1s, treinta y pocos a\u00f1os despu\u00e9s, Coalici\u00f3n firme su acta de defunci\u00f3n&#8230; Y de alguna manera tambi\u00e9n, por extensi\u00f3n, Nueva Canarias y el PNC&#8230; Entre todos lo mataron (al nacionalismo moderado canario) y \u00e9l solito se muri\u00f3.<\/p>\n<p><a href=\"https:\/\/elcotarro.com\/wp-content\/uploads\/2015\/06\/FOTO-1.-Los-4-dirigentes-de-CC.jpg\"><img loading=\"lazy\" decoding=\"async\" class=\"aligncenter size-large wp-image-1369\" src=\"https:\/\/elcotarro.com\/wp-content\/uploads\/2015\/06\/FOTO-1.-Los-4-dirigentes-de-CC-1024x768.jpg\" alt=\"FOTO 1.- Los 4 dirigentes de CC\" width=\"1024\" height=\"768\" srcset=\"https:\/\/elcotarro.com\/wp-content\/uploads\/2015\/06\/FOTO-1.-Los-4-dirigentes-de-CC-1024x768.jpg 1024w, https:\/\/elcotarro.com\/wp-content\/uploads\/2015\/06\/FOTO-1.-Los-4-dirigentes-de-CC-300x225.jpg 300w, https:\/\/elcotarro.com\/wp-content\/uploads\/2015\/06\/FOTO-1.-Los-4-dirigentes-de-CC.jpg 1280w\" sizes=\"auto, (max-width: 1024px) 100vw, 1024px\" \/><\/a><\/p>\n<p class=\"comentario\" style=\"text-align: center;\">Carlos Alonso, Jos\u00e9 Alberto D\u00edaz, Jos\u00e9 Manuel Berm\u00fadez y Fernando Clavijo\u2026 \u00bfgobernar\u00e1n los 4?<\/p>\n","protected":false},"excerpt":{"rendered":"<p>\u2666 Ayer por la ma\u00f1anita, cuando escrib\u00eda El Cotarro de este domingo, a\u00fan no se hab\u00edan constituido los ayuntamientos isle\u00f1os&#8230; O sea, que no sab\u00eda nada del final de los pactos municipales y el definitivo nivel de \u201ccornamentas\u201d (o no), de \u201cpu\u00f1aladas traperas\u201d por la espalda (o no) y de politiqueras \u201ctocadas de timbales\u201d&#8230; Lo &#8230; <a class=\"read-more\" href=\"https:\/\/elcotarro.com\/?p=1368\">Read more<\/a><\/p>\n","protected":false},"author":2,"featured_media":0,"comment_status":"open","ping_status":"open","sticky":false,"template":"","format":"standard","meta":{"_jetpack_memberships_contains_paid_content":false,"footnotes":""},"categories":[7],"tags":[365,291,10,48,277,455],"class_list":["post-1368","post","type-post","status-publish","format-standard","hentry","category-politica","tag-ana-oramas","tag-carlos-alonso","tag-fernando-clavijo","tag-jose-manuel-bermudez","tag-manuel-hermoso","tag-victoriano-rios"],"yoast_head":"<!-- This site is optimized with the Yoast SEO plugin v27.0 - https:\/\/yoast.com\/product\/yoast-seo-wordpress\/ -->\n<title>NUEVE MESES PARA UNA DEFUNCI\u00d3N - El Cotarrro<\/title>\n<meta name=\"description\" content=\"Ayer por la ma\u00f1anita, cuando escrib\u00eda El Cotarro de este domingo, a\u00fan no se hab\u00edan constituido los ayuntamientos isle\u00f1os... O sea, que no sab\u00eda nada del f\" \/>\n<meta name=\"robots\" content=\"index, follow, max-snippet:-1, max-image-preview:large, max-video-preview:-1\" \/>\n<link rel=\"canonical\" href=\"https:\/\/elcotarro.com\/?p=1368\" \/>\n<meta property=\"og:locale\" content=\"es_ES\" \/>\n<meta property=\"og:type\" content=\"article\" \/>\n<meta property=\"og:title\" content=\"NUEVE MESES PARA UNA DEFUNCI\u00d3N - El Cotarrro\" \/>\n<meta property=\"og:description\" content=\"Ayer por la ma\u00f1anita, cuando escrib\u00eda El Cotarro de este domingo, a\u00fan no se hab\u00edan constituido los ayuntamientos isle\u00f1os... O sea, que no sab\u00eda nada del f\" \/>\n<meta property=\"og:url\" content=\"https:\/\/elcotarro.com\/?p=1368\" \/>\n<meta property=\"og:site_name\" content=\"El Cotarro\" \/>\n<meta property=\"article:publisher\" content=\"https:\/\/www.facebook.com\/ElCotarro.Tenerife\" \/>\n<meta property=\"article:published_time\" content=\"2015-06-14T11:06:33+00:00\" \/>\n<meta property=\"article:modified_time\" content=\"2015-06-14T11:19:30+00:00\" \/>\n<meta property=\"og:image\" content=\"https:\/\/elcotarro.com\/wp-content\/uploads\/2015\/06\/FOTO-1.-Los-4-dirigentes-de-CC-1024x768.jpg\" \/>\n<meta name=\"author\" content=\"Jos\u00e9 Carlos Marrero Gonz\u00e1lez\" \/>\n<meta name=\"twitter:label1\" content=\"Escrito por\" \/>\n\t<meta name=\"twitter:data1\" content=\"Jos\u00e9 Carlos Marrero Gonz\u00e1lez\" \/>\n\t<meta name=\"twitter:label2\" content=\"Tiempo de lectura\" \/>\n\t<meta name=\"twitter:data2\" content=\"1 minuto\" \/>\n<script type=\"application\/ld+json\" class=\"yoast-schema-graph\">{\"@context\":\"https:\/\/schema.org\",\"@graph\":[{\"@type\":\"Article\",\"@id\":\"https:\/\/elcotarro.com\/?p=1368#article\",\"isPartOf\":{\"@id\":\"https:\/\/elcotarro.com\/?p=1368\"},\"author\":{\"name\":\"Jos\u00e9 Carlos Marrero Gonz\u00e1lez\",\"@id\":\"https:\/\/elcotarro.com\/#\/schema\/person\/af537ee7d60d15984c7e0affcd8a918b\"},\"headline\":\"NUEVE MESES PARA UNA DEFUNCI\u00d3N\",\"datePublished\":\"2015-06-14T11:06:33+00:00\",\"dateModified\":\"2015-06-14T11:19:30+00:00\",\"mainEntityOfPage\":{\"@id\":\"https:\/\/elcotarro.com\/?p=1368\"},\"wordCount\":285,\"commentCount\":0,\"publisher\":{\"@id\":\"https:\/\/elcotarro.com\/#organization\"},\"image\":{\"@id\":\"https:\/\/elcotarro.com\/?p=1368#primaryimage\"},\"thumbnailUrl\":\"https:\/\/elcotarro.com\/wp-content\/uploads\/2015\/06\/FOTO-1.-Los-4-dirigentes-de-CC-1024x768.jpg\",\"keywords\":[\"Ana Oramas\",\"Carlos Alonso\",\"Fernando Clavijo\",\"Jos\u00e9 Manuel Berm\u00fadez\",\"Manuel Hermoso\",\"Victoriano R\u00edos\"],\"articleSection\":[\"Pol\u00edtica\"],\"inLanguage\":\"es\",\"potentialAction\":[{\"@type\":\"CommentAction\",\"name\":\"Comment\",\"target\":[\"https:\/\/elcotarro.com\/?p=1368#respond\"]}]},{\"@type\":\"WebPage\",\"@id\":\"https:\/\/elcotarro.com\/?p=1368\",\"url\":\"https:\/\/elcotarro.com\/?p=1368\",\"name\":\"NUEVE MESES PARA UNA DEFUNCI\u00d3N - El Cotarrro\",\"isPartOf\":{\"@id\":\"https:\/\/elcotarro.com\/#website\"},\"primaryImageOfPage\":{\"@id\":\"https:\/\/elcotarro.com\/?p=1368#primaryimage\"},\"image\":{\"@id\":\"https:\/\/elcotarro.com\/?p=1368#primaryimage\"},\"thumbnailUrl\":\"https:\/\/elcotarro.com\/wp-content\/uploads\/2015\/06\/FOTO-1.-Los-4-dirigentes-de-CC-1024x768.jpg\",\"datePublished\":\"2015-06-14T11:06:33+00:00\",\"dateModified\":\"2015-06-14T11:19:30+00:00\",\"description\":\"Ayer por la ma\u00f1anita, cuando escrib\u00eda El Cotarro de este domingo, a\u00fan no se hab\u00edan constituido los ayuntamientos isle\u00f1os... O sea, que no sab\u00eda nada del f\",\"breadcrumb\":{\"@id\":\"https:\/\/elcotarro.com\/?p=1368#breadcrumb\"},\"inLanguage\":\"es\",\"potentialAction\":[{\"@type\":\"ReadAction\",\"target\":[\"https:\/\/elcotarro.com\/?p=1368\"]}]},{\"@type\":\"ImageObject\",\"inLanguage\":\"es\",\"@id\":\"https:\/\/elcotarro.com\/?p=1368#primaryimage\",\"url\":\"https:\/\/elcotarro.com\/wp-content\/uploads\/2015\/06\/FOTO-1.-Los-4-dirigentes-de-CC.jpg\",\"contentUrl\":\"https:\/\/elcotarro.com\/wp-content\/uploads\/2015\/06\/FOTO-1.-Los-4-dirigentes-de-CC.jpg\",\"width\":1280,\"height\":960},{\"@type\":\"BreadcrumbList\",\"@id\":\"https:\/\/elcotarro.com\/?p=1368#breadcrumb\",\"itemListElement\":[{\"@type\":\"ListItem\",\"position\":1,\"name\":\"Portada\",\"item\":\"https:\/\/elcotarro.com\/\"},{\"@type\":\"ListItem\",\"position\":2,\"name\":\"NUEVE MESES PARA UNA DEFUNCI\u00d3N\"}]},{\"@type\":\"WebSite\",\"@id\":\"https:\/\/elcotarro.com\/#website\",\"url\":\"https:\/\/elcotarro.com\/\",\"name\":\"El Cotarro\",\"description\":\"Peri\u00f3dico Digital Independiente dirigido por Jos\u00e9 Carlos Marrero\",\"publisher\":{\"@id\":\"https:\/\/elcotarro.com\/#organization\"},\"potentialAction\":[{\"@type\":\"SearchAction\",\"target\":{\"@type\":\"EntryPoint\",\"urlTemplate\":\"https:\/\/elcotarro.com\/?s={search_term_string}\"},\"query-input\":{\"@type\":\"PropertyValueSpecification\",\"valueRequired\":true,\"valueName\":\"search_term_string\"}}],\"inLanguage\":\"es\"},{\"@type\":\"Organization\",\"@id\":\"https:\/\/elcotarro.com\/#organization\",\"name\":\"El Cotarro\",\"url\":\"https:\/\/elcotarro.com\/\",\"logo\":{\"@type\":\"ImageObject\",\"inLanguage\":\"es\",\"@id\":\"https:\/\/elcotarro.com\/#\/schema\/logo\/image\/\",\"url\":\"https:\/\/elcotarro.com\/wp-content\/uploads\/2014\/09\/Cabecera_El_Cotarro_v2.jpg\",\"contentUrl\":\"https:\/\/elcotarro.com\/wp-content\/uploads\/2014\/09\/Cabecera_El_Cotarro_v2.jpg\",\"width\":3540,\"height\":441,\"caption\":\"El Cotarro\"},\"image\":{\"@id\":\"https:\/\/elcotarro.com\/#\/schema\/logo\/image\/\"},\"sameAs\":[\"https:\/\/www.facebook.com\/ElCotarro.Tenerife\"]},{\"@type\":\"Person\",\"@id\":\"https:\/\/elcotarro.com\/#\/schema\/person\/af537ee7d60d15984c7e0affcd8a918b\",\"name\":\"Jos\u00e9 Carlos Marrero Gonz\u00e1lez\",\"image\":{\"@type\":\"ImageObject\",\"inLanguage\":\"es\",\"@id\":\"https:\/\/elcotarro.com\/#\/schema\/person\/image\/\",\"url\":\"https:\/\/secure.gravatar.com\/avatar\/def4da036efb5d32c74d49c351f6dccc064dd69ad9f3aadc295c5a9a5391ca01?s=96&d=mm&r=g\",\"contentUrl\":\"https:\/\/secure.gravatar.com\/avatar\/def4da036efb5d32c74d49c351f6dccc064dd69ad9f3aadc295c5a9a5391ca01?s=96&d=mm&r=g\",\"caption\":\"Jos\u00e9 Carlos Marrero Gonz\u00e1lez\"},\"sameAs\":[\"https:\/\/elcotarro.com\"],\"url\":\"https:\/\/elcotarro.com\/?author=2\"}]}<\/script>\n<!-- \/ Yoast SEO plugin. -->","yoast_head_json":{"title":"NUEVE MESES PARA UNA DEFUNCI\u00d3N - El Cotarrro","description":"Ayer por la ma\u00f1anita, cuando escrib\u00eda El Cotarro de este domingo, a\u00fan no se hab\u00edan constituido los ayuntamientos isle\u00f1os... O sea, que no sab\u00eda nada del f","robots":{"index":"index","follow":"follow","max-snippet":"max-snippet:-1","max-image-preview":"max-image-preview:large","max-video-preview":"max-video-preview:-1"},"canonical":"https:\/\/elcotarro.com\/?p=1368","og_locale":"es_ES","og_type":"article","og_title":"NUEVE MESES PARA UNA DEFUNCI\u00d3N - El Cotarrro","og_description":"Ayer por la ma\u00f1anita, cuando escrib\u00eda El Cotarro de este domingo, a\u00fan no se hab\u00edan constituido los ayuntamientos isle\u00f1os... O sea, que no sab\u00eda nada del f","og_url":"https:\/\/elcotarro.com\/?p=1368","og_site_name":"El Cotarro","article_publisher":"https:\/\/www.facebook.com\/ElCotarro.Tenerife","article_published_time":"2015-06-14T11:06:33+00:00","article_modified_time":"2015-06-14T11:19:30+00:00","og_image":[{"url":"https:\/\/elcotarro.com\/wp-content\/uploads\/2015\/06\/FOTO-1.-Los-4-dirigentes-de-CC-1024x768.jpg","type":"","width":"","height":""}],"author":"Jos\u00e9 Carlos Marrero Gonz\u00e1lez","twitter_misc":{"Escrito por":"Jos\u00e9 Carlos Marrero Gonz\u00e1lez","Tiempo de lectura":"1 minuto"},"schema":{"@context":"https:\/\/schema.org","@graph":[{"@type":"Article","@id":"https:\/\/elcotarro.com\/?p=1368#article","isPartOf":{"@id":"https:\/\/elcotarro.com\/?p=1368"},"author":{"name":"Jos\u00e9 Carlos Marrero Gonz\u00e1lez","@id":"https:\/\/elcotarro.com\/#\/schema\/person\/af537ee7d60d15984c7e0affcd8a918b"},"headline":"NUEVE MESES PARA UNA DEFUNCI\u00d3N","datePublished":"2015-06-14T11:06:33+00:00","dateModified":"2015-06-14T11:19:30+00:00","mainEntityOfPage":{"@id":"https:\/\/elcotarro.com\/?p=1368"},"wordCount":285,"commentCount":0,"publisher":{"@id":"https:\/\/elcotarro.com\/#organization"},"image":{"@id":"https:\/\/elcotarro.com\/?p=1368#primaryimage"},"thumbnailUrl":"https:\/\/elcotarro.com\/wp-content\/uploads\/2015\/06\/FOTO-1.-Los-4-dirigentes-de-CC-1024x768.jpg","keywords":["Ana Oramas","Carlos Alonso","Fernando Clavijo","Jos\u00e9 Manuel Berm\u00fadez","Manuel Hermoso","Victoriano R\u00edos"],"articleSection":["Pol\u00edtica"],"inLanguage":"es","potentialAction":[{"@type":"CommentAction","name":"Comment","target":["https:\/\/elcotarro.com\/?p=1368#respond"]}]},{"@type":"WebPage","@id":"https:\/\/elcotarro.com\/?p=1368","url":"https:\/\/elcotarro.com\/?p=1368","name":"NUEVE MESES PARA UNA DEFUNCI\u00d3N - El Cotarrro","isPartOf":{"@id":"https:\/\/elcotarro.com\/#website"},"primaryImageOfPage":{"@id":"https:\/\/elcotarro.com\/?p=1368#primaryimage"},"image":{"@id":"https:\/\/elcotarro.com\/?p=1368#primaryimage"},"thumbnailUrl":"https:\/\/elcotarro.com\/wp-content\/uploads\/2015\/06\/FOTO-1.-Los-4-dirigentes-de-CC-1024x768.jpg","datePublished":"2015-06-14T11:06:33+00:00","dateModified":"2015-06-14T11:19:30+00:00","description":"Ayer por la ma\u00f1anita, cuando escrib\u00eda El Cotarro de este domingo, a\u00fan no se hab\u00edan constituido los ayuntamientos isle\u00f1os... O sea, que no sab\u00eda nada del f","breadcrumb":{"@id":"https:\/\/elcotarro.com\/?p=1368#breadcrumb"},"inLanguage":"es","potentialAction":[{"@type":"ReadAction","target":["https:\/\/elcotarro.com\/?p=1368"]}]},{"@type":"ImageObject","inLanguage":"es","@id":"https:\/\/elcotarro.com\/?p=1368#primaryimage","url":"https:\/\/elcotarro.com\/wp-content\/uploads\/2015\/06\/FOTO-1.-Los-4-dirigentes-de-CC.jpg","contentUrl":"https:\/\/elcotarro.com\/wp-content\/uploads\/2015\/06\/FOTO-1.-Los-4-dirigentes-de-CC.jpg","width":1280,"height":960},{"@type":"BreadcrumbList","@id":"https:\/\/elcotarro.com\/?p=1368#breadcrumb","itemListElement":[{"@type":"ListItem","position":1,"name":"Portada","item":"https:\/\/elcotarro.com\/"},{"@type":"ListItem","position":2,"name":"NUEVE MESES PARA UNA DEFUNCI\u00d3N"}]},{"@type":"WebSite","@id":"https:\/\/elcotarro.com\/#website","url":"https:\/\/elcotarro.com\/","name":"El Cotarro","description":"Peri\u00f3dico Digital Independiente dirigido por Jos\u00e9 Carlos Marrero","publisher":{"@id":"https:\/\/elcotarro.com\/#organization"},"potentialAction":[{"@type":"SearchAction","target":{"@type":"EntryPoint","urlTemplate":"https:\/\/elcotarro.com\/?s={search_term_string}"},"query-input":{"@type":"PropertyValueSpecification","valueRequired":true,"valueName":"search_term_string"}}],"inLanguage":"es"},{"@type":"Organization","@id":"https:\/\/elcotarro.com\/#organization","name":"El Cotarro","url":"https:\/\/elcotarro.com\/","logo":{"@type":"ImageObject","inLanguage":"es","@id":"https:\/\/elcotarro.com\/#\/schema\/logo\/image\/","url":"https:\/\/elcotarro.com\/wp-content\/uploads\/2014\/09\/Cabecera_El_Cotarro_v2.jpg","contentUrl":"https:\/\/elcotarro.com\/wp-content\/uploads\/2014\/09\/Cabecera_El_Cotarro_v2.jpg","width":3540,"height":441,"caption":"El Cotarro"},"image":{"@id":"https:\/\/elcotarro.com\/#\/schema\/logo\/image\/"},"sameAs":["https:\/\/www.facebook.com\/ElCotarro.Tenerife"]},{"@type":"Person","@id":"https:\/\/elcotarro.com\/#\/schema\/person\/af537ee7d60d15984c7e0affcd8a918b","name":"Jos\u00e9 Carlos Marrero Gonz\u00e1lez","image":{"@type":"ImageObject","inLanguage":"es","@id":"https:\/\/elcotarro.com\/#\/schema\/person\/image\/","url":"https:\/\/secure.gravatar.com\/avatar\/def4da036efb5d32c74d49c351f6dccc064dd69ad9f3aadc295c5a9a5391ca01?s=96&d=mm&r=g","contentUrl":"https:\/\/secure.gravatar.com\/avatar\/def4da036efb5d32c74d49c351f6dccc064dd69ad9f3aadc295c5a9a5391ca01?s=96&d=mm&r=g","caption":"Jos\u00e9 Carlos Marrero Gonz\u00e1lez"},"sameAs":["https:\/\/elcotarro.com"],"url":"https:\/\/elcotarro.com\/?author=2"}]}},"jetpack_featured_media_url":"","jetpack_sharing_enabled":true,"_links":{"self":[{"href":"https:\/\/elcotarro.com\/index.php?rest_route=\/wp\/v2\/posts\/1368","targetHints":{"allow":["GET"]}}],"collection":[{"href":"https:\/\/elcotarro.com\/index.php?rest_route=\/wp\/v2\/posts"}],"about":[{"href":"https:\/\/elcotarro.com\/index.php?rest_route=\/wp\/v2\/types\/post"}],"author":[{"embeddable":true,"href":"https:\/\/elcotarro.com\/index.php?rest_route=\/wp\/v2\/users\/2"}],"replies":[{"embeddable":true,"href":"https:\/\/elcotarro.com\/index.php?rest_route=%2Fwp%2Fv2%2Fcomments&post=1368"}],"version-history":[{"count":1,"href":"https:\/\/elcotarro.com\/index.php?rest_route=\/wp\/v2\/posts\/1368\/revisions"}],"predecessor-version":[{"id":1370,"href":"https:\/\/elcotarro.com\/index.php?rest_route=\/wp\/v2\/posts\/1368\/revisions\/1370"}],"wp:attachment":[{"href":"https:\/\/elcotarro.com\/index.php?rest_route=%2Fwp%2Fv2%2Fmedia&parent=1368"}],"wp:term":[{"taxonomy":"category","embeddable":true,"href":"https:\/\/elcotarro.com\/index.php?rest_route=%2Fwp%2Fv2%2Fcategories&post=1368"},{"taxonomy":"post_tag","embeddable":true,"href":"https:\/\/elcotarro.com\/index.php?rest_route=%2Fwp%2Fv2%2Ftags&post=1368"}],"curies":[{"name":"wp","href":"https:\/\/api.w.org\/{rel}","templated":true}]}}