{"id":1416,"date":"2015-06-28T11:04:52","date_gmt":"2015-06-28T11:04:52","guid":{"rendered":"https:\/\/elcotarro.com\/?p=1416"},"modified":"2015-06-28T08:10:20","modified_gmt":"2015-06-28T08:10:20","slug":"el-scout-pedrito-zerolo","status":"publish","type":"post","link":"https:\/\/elcotarro.com\/?p=1416","title":{"rendered":"EL SCOUT PEDRITO ZEROLO"},"content":{"rendered":"<p>\u2666 Y aunque muchos no lo supieran, <strong>Pedro Zerolo<\/strong> vivi\u00f3 intensamente los principios y la filosof\u00eda del Movimiento Scout, en el seno del Grupo Scout N\u00ba70 \u201cAguere\u201d de La Laguna, donde comenz\u00f3 en la rama de Lobatos (la m\u00e1s peque\u00f1a de los scouts) para luego pasar a la patrulla \u201cTucanes\u201d (de la que lleg\u00f3 a ser Gu\u00eda)&#8230; El fundador del Escultismo, <strong>Robert Baden-Powell<\/strong>, basaba los fundamentos del Movimiento en dos aspectos que recog\u00eda al final de sus d\u00edas en su famoso \u201c\u00daltimo Mensaje de <strong>P.<\/strong>\u201d&#8230; <em>\u201cla verdadera forma de obtener la felicidad es haciendo felices a los dem\u00e1s. Tratad de dejar este mundo en mejores condiciones de como lo encontrasteis; de esta manera, cuando os llegue la hora de morir, podr\u00e9is hacerlo felices, porque, por lo menos, no perdisteis el tiempo e hicisteis cuanto os fue posible por hacer el bien\u201d<\/em>&#8230; Est\u00e1 claro que <strong>Pedrito Zerolo<\/strong> tambi\u00e9n fue un scout ejemplar, que, sin duda, hizo absolutamente suyos estos principios&#8230; Por ello, como dir\u00eda el propio <strong>Baden-Powell<\/strong>, seguro que el buen scout <strong>Pedro Gonz\u00e1lez Zerolo<\/strong> ya est\u00e1 descansando en el Gran Campamento Eterno.<\/p>\n<p><a href=\"https:\/\/elcotarro.com\/wp-content\/uploads\/2015\/06\/FOTO-3.-Pedro-Zerolo-en-los-Scouts.jpg\"><img loading=\"lazy\" decoding=\"async\" class=\"aligncenter size-large wp-image-1417\" src=\"https:\/\/elcotarro.com\/wp-content\/uploads\/2015\/06\/FOTO-3.-Pedro-Zerolo-en-los-Scouts-1024x696.jpg\" alt=\"FOTO 3.- Pedro Zerolo en los Scouts\" width=\"1024\" height=\"696\" srcset=\"https:\/\/elcotarro.com\/wp-content\/uploads\/2015\/06\/FOTO-3.-Pedro-Zerolo-en-los-Scouts-1024x696.jpg 1024w, https:\/\/elcotarro.com\/wp-content\/uploads\/2015\/06\/FOTO-3.-Pedro-Zerolo-en-los-Scouts-300x204.jpg 300w, https:\/\/elcotarro.com\/wp-content\/uploads\/2015\/06\/FOTO-3.-Pedro-Zerolo-en-los-Scouts.jpg 1254w\" sizes=\"auto, (max-width: 1024px) 100vw, 1024px\" \/><\/a><\/p>\n<p class=\"comentario\" style=\"text-align: center;\">De Izda. a Dcha.: Jorge Blanco, Jaime Ascanio Escobedo, su hermano Jos\u00e9 Ram\u00f3n (q.e.p.d.), Alejandro Palmero, Carlos Gonz\u00e1lez Segura, Pedro Gonz\u00e1lez Zerolo y Luis \u00c1ngel Heredero, lobatos del Grupo Scout N\u00ba70 Aguere en el 1968<\/p>\n","protected":false},"excerpt":{"rendered":"<p>\u2666 Y aunque muchos no lo supieran, Pedro Zerolo vivi\u00f3 intensamente los principios y la filosof\u00eda del Movimiento Scout, en el seno del Grupo Scout N\u00ba70 \u201cAguere\u201d de La Laguna, donde comenz\u00f3 en la rama de Lobatos (la m\u00e1s peque\u00f1a de los scouts) para luego pasar a la patrulla \u201cTucanes\u201d (de la que lleg\u00f3 a &#8230; <a class=\"read-more\" href=\"https:\/\/elcotarro.com\/?p=1416\">Read more<\/a><\/p>\n","protected":false},"author":2,"featured_media":0,"comment_status":"open","ping_status":"open","sticky":false,"template":"","format":"standard","meta":{"_jetpack_memberships_contains_paid_content":false,"footnotes":""},"categories":[54],"tags":[654,649,645,653],"class_list":["post-1416","post","type-post","status-publish","format-standard","hentry","category-personajes","tag-baden-powell","tag-pedro-gonzalez-zerolo","tag-pedro-zerolo","tag-robert-baden-powell"],"yoast_head":"<!-- This site is optimized with the Yoast SEO plugin v27.0 - https:\/\/yoast.com\/product\/yoast-seo-wordpress\/ -->\n<title>EL SCOUT PEDRITO ZEROLO - El Cotarrro<\/title>\n<meta name=\"description\" content=\"Y aunque muchos no lo supieran, Pedro Zerolo vivi\u00f3 intensamente los principios y la filosof\u00eda del Movimiento Scout, en el seno del Grupo Scout N\u00ba70 \u201cAguer\" \/>\n<meta name=\"robots\" content=\"index, follow, max-snippet:-1, max-image-preview:large, max-video-preview:-1\" \/>\n<link rel=\"canonical\" href=\"https:\/\/elcotarro.com\/?p=1416\" \/>\n<meta property=\"og:locale\" content=\"es_ES\" \/>\n<meta property=\"og:type\" content=\"article\" \/>\n<meta property=\"og:title\" content=\"EL SCOUT PEDRITO ZEROLO - El Cotarrro\" \/>\n<meta property=\"og:description\" content=\"Y aunque muchos no lo supieran, Pedro Zerolo vivi\u00f3 intensamente los principios y la filosof\u00eda del Movimiento Scout, en el seno del Grupo Scout N\u00ba70 \u201cAguer\" \/>\n<meta property=\"og:url\" content=\"https:\/\/elcotarro.com\/?p=1416\" \/>\n<meta property=\"og:site_name\" content=\"El Cotarro\" \/>\n<meta property=\"article:publisher\" content=\"https:\/\/www.facebook.com\/ElCotarro.Tenerife\" \/>\n<meta property=\"article:published_time\" content=\"2015-06-28T11:04:52+00:00\" \/>\n<meta property=\"og:image\" content=\"https:\/\/elcotarro.com\/wp-content\/uploads\/2015\/06\/FOTO-3.-Pedro-Zerolo-en-los-Scouts-1024x696.jpg\" \/>\n<meta name=\"author\" content=\"Jos\u00e9 Carlos Marrero Gonz\u00e1lez\" \/>\n<meta name=\"twitter:label1\" content=\"Escrito por\" \/>\n\t<meta name=\"twitter:data1\" content=\"Jos\u00e9 Carlos Marrero Gonz\u00e1lez\" \/>\n\t<meta name=\"twitter:label2\" content=\"Tiempo de lectura\" \/>\n\t<meta name=\"twitter:data2\" content=\"1 minuto\" \/>\n<script type=\"application\/ld+json\" class=\"yoast-schema-graph\">{\"@context\":\"https:\/\/schema.org\",\"@graph\":[{\"@type\":\"Article\",\"@id\":\"https:\/\/elcotarro.com\/?p=1416#article\",\"isPartOf\":{\"@id\":\"https:\/\/elcotarro.com\/?p=1416\"},\"author\":{\"name\":\"Jos\u00e9 Carlos Marrero Gonz\u00e1lez\",\"@id\":\"https:\/\/elcotarro.com\/#\/schema\/person\/af537ee7d60d15984c7e0affcd8a918b\"},\"headline\":\"EL SCOUT PEDRITO ZEROLO\",\"datePublished\":\"2015-06-28T11:04:52+00:00\",\"mainEntityOfPage\":{\"@id\":\"https:\/\/elcotarro.com\/?p=1416\"},\"wordCount\":236,\"commentCount\":0,\"publisher\":{\"@id\":\"https:\/\/elcotarro.com\/#organization\"},\"image\":{\"@id\":\"https:\/\/elcotarro.com\/?p=1416#primaryimage\"},\"thumbnailUrl\":\"https:\/\/elcotarro.com\/wp-content\/uploads\/2015\/06\/FOTO-3.-Pedro-Zerolo-en-los-Scouts-1024x696.jpg\",\"keywords\":[\"Baden-Powell\",\"Pedro Gonz\u00e1lez Zerolo\",\"Pedro Zerolo\",\"Robert Baden-Powell\"],\"articleSection\":[\"Personajes\"],\"inLanguage\":\"es\",\"potentialAction\":[{\"@type\":\"CommentAction\",\"name\":\"Comment\",\"target\":[\"https:\/\/elcotarro.com\/?p=1416#respond\"]}]},{\"@type\":\"WebPage\",\"@id\":\"https:\/\/elcotarro.com\/?p=1416\",\"url\":\"https:\/\/elcotarro.com\/?p=1416\",\"name\":\"EL SCOUT PEDRITO ZEROLO - El Cotarrro\",\"isPartOf\":{\"@id\":\"https:\/\/elcotarro.com\/#website\"},\"primaryImageOfPage\":{\"@id\":\"https:\/\/elcotarro.com\/?p=1416#primaryimage\"},\"image\":{\"@id\":\"https:\/\/elcotarro.com\/?p=1416#primaryimage\"},\"thumbnailUrl\":\"https:\/\/elcotarro.com\/wp-content\/uploads\/2015\/06\/FOTO-3.-Pedro-Zerolo-en-los-Scouts-1024x696.jpg\",\"datePublished\":\"2015-06-28T11:04:52+00:00\",\"description\":\"Y aunque muchos no lo supieran, Pedro Zerolo vivi\u00f3 intensamente los principios y la filosof\u00eda del Movimiento Scout, en el seno del Grupo Scout N\u00ba70 \u201cAguer\",\"breadcrumb\":{\"@id\":\"https:\/\/elcotarro.com\/?p=1416#breadcrumb\"},\"inLanguage\":\"es\",\"potentialAction\":[{\"@type\":\"ReadAction\",\"target\":[\"https:\/\/elcotarro.com\/?p=1416\"]}]},{\"@type\":\"ImageObject\",\"inLanguage\":\"es\",\"@id\":\"https:\/\/elcotarro.com\/?p=1416#primaryimage\",\"url\":\"https:\/\/elcotarro.com\/wp-content\/uploads\/2015\/06\/FOTO-3.-Pedro-Zerolo-en-los-Scouts.jpg\",\"contentUrl\":\"https:\/\/elcotarro.com\/wp-content\/uploads\/2015\/06\/FOTO-3.-Pedro-Zerolo-en-los-Scouts.jpg\",\"width\":1254,\"height\":852},{\"@type\":\"BreadcrumbList\",\"@id\":\"https:\/\/elcotarro.com\/?p=1416#breadcrumb\",\"itemListElement\":[{\"@type\":\"ListItem\",\"position\":1,\"name\":\"Portada\",\"item\":\"https:\/\/elcotarro.com\/\"},{\"@type\":\"ListItem\",\"position\":2,\"name\":\"EL SCOUT PEDRITO ZEROLO\"}]},{\"@type\":\"WebSite\",\"@id\":\"https:\/\/elcotarro.com\/#website\",\"url\":\"https:\/\/elcotarro.com\/\",\"name\":\"El Cotarro\",\"description\":\"Peri\u00f3dico Digital Independiente dirigido por Jos\u00e9 Carlos Marrero\",\"publisher\":{\"@id\":\"https:\/\/elcotarro.com\/#organization\"},\"potentialAction\":[{\"@type\":\"SearchAction\",\"target\":{\"@type\":\"EntryPoint\",\"urlTemplate\":\"https:\/\/elcotarro.com\/?s={search_term_string}\"},\"query-input\":{\"@type\":\"PropertyValueSpecification\",\"valueRequired\":true,\"valueName\":\"search_term_string\"}}],\"inLanguage\":\"es\"},{\"@type\":\"Organization\",\"@id\":\"https:\/\/elcotarro.com\/#organization\",\"name\":\"El Cotarro\",\"url\":\"https:\/\/elcotarro.com\/\",\"logo\":{\"@type\":\"ImageObject\",\"inLanguage\":\"es\",\"@id\":\"https:\/\/elcotarro.com\/#\/schema\/logo\/image\/\",\"url\":\"https:\/\/elcotarro.com\/wp-content\/uploads\/2014\/09\/Cabecera_El_Cotarro_v2.jpg\",\"contentUrl\":\"https:\/\/elcotarro.com\/wp-content\/uploads\/2014\/09\/Cabecera_El_Cotarro_v2.jpg\",\"width\":3540,\"height\":441,\"caption\":\"El Cotarro\"},\"image\":{\"@id\":\"https:\/\/elcotarro.com\/#\/schema\/logo\/image\/\"},\"sameAs\":[\"https:\/\/www.facebook.com\/ElCotarro.Tenerife\"]},{\"@type\":\"Person\",\"@id\":\"https:\/\/elcotarro.com\/#\/schema\/person\/af537ee7d60d15984c7e0affcd8a918b\",\"name\":\"Jos\u00e9 Carlos Marrero Gonz\u00e1lez\",\"image\":{\"@type\":\"ImageObject\",\"inLanguage\":\"es\",\"@id\":\"https:\/\/elcotarro.com\/#\/schema\/person\/image\/\",\"url\":\"https:\/\/secure.gravatar.com\/avatar\/def4da036efb5d32c74d49c351f6dccc064dd69ad9f3aadc295c5a9a5391ca01?s=96&d=mm&r=g\",\"contentUrl\":\"https:\/\/secure.gravatar.com\/avatar\/def4da036efb5d32c74d49c351f6dccc064dd69ad9f3aadc295c5a9a5391ca01?s=96&d=mm&r=g\",\"caption\":\"Jos\u00e9 Carlos Marrero Gonz\u00e1lez\"},\"sameAs\":[\"https:\/\/elcotarro.com\"],\"url\":\"https:\/\/elcotarro.com\/?author=2\"}]}<\/script>\n<!-- \/ Yoast SEO plugin. -->","yoast_head_json":{"title":"EL SCOUT PEDRITO ZEROLO - El Cotarrro","description":"Y aunque muchos no lo supieran, Pedro Zerolo vivi\u00f3 intensamente los principios y la filosof\u00eda del Movimiento Scout, en el seno del Grupo Scout N\u00ba70 \u201cAguer","robots":{"index":"index","follow":"follow","max-snippet":"max-snippet:-1","max-image-preview":"max-image-preview:large","max-video-preview":"max-video-preview:-1"},"canonical":"https:\/\/elcotarro.com\/?p=1416","og_locale":"es_ES","og_type":"article","og_title":"EL SCOUT PEDRITO ZEROLO - El Cotarrro","og_description":"Y aunque muchos no lo supieran, Pedro Zerolo vivi\u00f3 intensamente los principios y la filosof\u00eda del Movimiento Scout, en el seno del Grupo Scout N\u00ba70 \u201cAguer","og_url":"https:\/\/elcotarro.com\/?p=1416","og_site_name":"El Cotarro","article_publisher":"https:\/\/www.facebook.com\/ElCotarro.Tenerife","article_published_time":"2015-06-28T11:04:52+00:00","og_image":[{"url":"https:\/\/elcotarro.com\/wp-content\/uploads\/2015\/06\/FOTO-3.-Pedro-Zerolo-en-los-Scouts-1024x696.jpg","type":"","width":"","height":""}],"author":"Jos\u00e9 Carlos Marrero Gonz\u00e1lez","twitter_misc":{"Escrito por":"Jos\u00e9 Carlos Marrero Gonz\u00e1lez","Tiempo de lectura":"1 minuto"},"schema":{"@context":"https:\/\/schema.org","@graph":[{"@type":"Article","@id":"https:\/\/elcotarro.com\/?p=1416#article","isPartOf":{"@id":"https:\/\/elcotarro.com\/?p=1416"},"author":{"name":"Jos\u00e9 Carlos Marrero Gonz\u00e1lez","@id":"https:\/\/elcotarro.com\/#\/schema\/person\/af537ee7d60d15984c7e0affcd8a918b"},"headline":"EL SCOUT PEDRITO ZEROLO","datePublished":"2015-06-28T11:04:52+00:00","mainEntityOfPage":{"@id":"https:\/\/elcotarro.com\/?p=1416"},"wordCount":236,"commentCount":0,"publisher":{"@id":"https:\/\/elcotarro.com\/#organization"},"image":{"@id":"https:\/\/elcotarro.com\/?p=1416#primaryimage"},"thumbnailUrl":"https:\/\/elcotarro.com\/wp-content\/uploads\/2015\/06\/FOTO-3.-Pedro-Zerolo-en-los-Scouts-1024x696.jpg","keywords":["Baden-Powell","Pedro Gonz\u00e1lez Zerolo","Pedro Zerolo","Robert Baden-Powell"],"articleSection":["Personajes"],"inLanguage":"es","potentialAction":[{"@type":"CommentAction","name":"Comment","target":["https:\/\/elcotarro.com\/?p=1416#respond"]}]},{"@type":"WebPage","@id":"https:\/\/elcotarro.com\/?p=1416","url":"https:\/\/elcotarro.com\/?p=1416","name":"EL SCOUT PEDRITO ZEROLO - El Cotarrro","isPartOf":{"@id":"https:\/\/elcotarro.com\/#website"},"primaryImageOfPage":{"@id":"https:\/\/elcotarro.com\/?p=1416#primaryimage"},"image":{"@id":"https:\/\/elcotarro.com\/?p=1416#primaryimage"},"thumbnailUrl":"https:\/\/elcotarro.com\/wp-content\/uploads\/2015\/06\/FOTO-3.-Pedro-Zerolo-en-los-Scouts-1024x696.jpg","datePublished":"2015-06-28T11:04:52+00:00","description":"Y aunque muchos no lo supieran, Pedro Zerolo vivi\u00f3 intensamente los principios y la filosof\u00eda del Movimiento Scout, en el seno del Grupo Scout N\u00ba70 \u201cAguer","breadcrumb":{"@id":"https:\/\/elcotarro.com\/?p=1416#breadcrumb"},"inLanguage":"es","potentialAction":[{"@type":"ReadAction","target":["https:\/\/elcotarro.com\/?p=1416"]}]},{"@type":"ImageObject","inLanguage":"es","@id":"https:\/\/elcotarro.com\/?p=1416#primaryimage","url":"https:\/\/elcotarro.com\/wp-content\/uploads\/2015\/06\/FOTO-3.-Pedro-Zerolo-en-los-Scouts.jpg","contentUrl":"https:\/\/elcotarro.com\/wp-content\/uploads\/2015\/06\/FOTO-3.-Pedro-Zerolo-en-los-Scouts.jpg","width":1254,"height":852},{"@type":"BreadcrumbList","@id":"https:\/\/elcotarro.com\/?p=1416#breadcrumb","itemListElement":[{"@type":"ListItem","position":1,"name":"Portada","item":"https:\/\/elcotarro.com\/"},{"@type":"ListItem","position":2,"name":"EL SCOUT PEDRITO ZEROLO"}]},{"@type":"WebSite","@id":"https:\/\/elcotarro.com\/#website","url":"https:\/\/elcotarro.com\/","name":"El Cotarro","description":"Peri\u00f3dico Digital Independiente dirigido por Jos\u00e9 Carlos Marrero","publisher":{"@id":"https:\/\/elcotarro.com\/#organization"},"potentialAction":[{"@type":"SearchAction","target":{"@type":"EntryPoint","urlTemplate":"https:\/\/elcotarro.com\/?s={search_term_string}"},"query-input":{"@type":"PropertyValueSpecification","valueRequired":true,"valueName":"search_term_string"}}],"inLanguage":"es"},{"@type":"Organization","@id":"https:\/\/elcotarro.com\/#organization","name":"El Cotarro","url":"https:\/\/elcotarro.com\/","logo":{"@type":"ImageObject","inLanguage":"es","@id":"https:\/\/elcotarro.com\/#\/schema\/logo\/image\/","url":"https:\/\/elcotarro.com\/wp-content\/uploads\/2014\/09\/Cabecera_El_Cotarro_v2.jpg","contentUrl":"https:\/\/elcotarro.com\/wp-content\/uploads\/2014\/09\/Cabecera_El_Cotarro_v2.jpg","width":3540,"height":441,"caption":"El Cotarro"},"image":{"@id":"https:\/\/elcotarro.com\/#\/schema\/logo\/image\/"},"sameAs":["https:\/\/www.facebook.com\/ElCotarro.Tenerife"]},{"@type":"Person","@id":"https:\/\/elcotarro.com\/#\/schema\/person\/af537ee7d60d15984c7e0affcd8a918b","name":"Jos\u00e9 Carlos Marrero Gonz\u00e1lez","image":{"@type":"ImageObject","inLanguage":"es","@id":"https:\/\/elcotarro.com\/#\/schema\/person\/image\/","url":"https:\/\/secure.gravatar.com\/avatar\/def4da036efb5d32c74d49c351f6dccc064dd69ad9f3aadc295c5a9a5391ca01?s=96&d=mm&r=g","contentUrl":"https:\/\/secure.gravatar.com\/avatar\/def4da036efb5d32c74d49c351f6dccc064dd69ad9f3aadc295c5a9a5391ca01?s=96&d=mm&r=g","caption":"Jos\u00e9 Carlos Marrero Gonz\u00e1lez"},"sameAs":["https:\/\/elcotarro.com"],"url":"https:\/\/elcotarro.com\/?author=2"}]}},"jetpack_featured_media_url":"","jetpack_sharing_enabled":true,"_links":{"self":[{"href":"https:\/\/elcotarro.com\/index.php?rest_route=\/wp\/v2\/posts\/1416","targetHints":{"allow":["GET"]}}],"collection":[{"href":"https:\/\/elcotarro.com\/index.php?rest_route=\/wp\/v2\/posts"}],"about":[{"href":"https:\/\/elcotarro.com\/index.php?rest_route=\/wp\/v2\/types\/post"}],"author":[{"embeddable":true,"href":"https:\/\/elcotarro.com\/index.php?rest_route=\/wp\/v2\/users\/2"}],"replies":[{"embeddable":true,"href":"https:\/\/elcotarro.com\/index.php?rest_route=%2Fwp%2Fv2%2Fcomments&post=1416"}],"version-history":[{"count":1,"href":"https:\/\/elcotarro.com\/index.php?rest_route=\/wp\/v2\/posts\/1416\/revisions"}],"predecessor-version":[{"id":1418,"href":"https:\/\/elcotarro.com\/index.php?rest_route=\/wp\/v2\/posts\/1416\/revisions\/1418"}],"wp:attachment":[{"href":"https:\/\/elcotarro.com\/index.php?rest_route=%2Fwp%2Fv2%2Fmedia&parent=1416"}],"wp:term":[{"taxonomy":"category","embeddable":true,"href":"https:\/\/elcotarro.com\/index.php?rest_route=%2Fwp%2Fv2%2Fcategories&post=1416"},{"taxonomy":"post_tag","embeddable":true,"href":"https:\/\/elcotarro.com\/index.php?rest_route=%2Fwp%2Fv2%2Ftags&post=1416"}],"curies":[{"name":"wp","href":"https:\/\/api.w.org\/{rel}","templated":true}]}}