{"id":145,"date":"2014-09-28T00:07:04","date_gmt":"2014-09-27T23:07:04","guid":{"rendered":"https:\/\/elcotarro.com\/?p=145"},"modified":"2014-09-27T20:39:58","modified_gmt":"2014-09-27T19:39:58","slug":"el-carnaval-de-las-primarias","status":"publish","type":"post","link":"https:\/\/elcotarro.com\/?p=145","title":{"rendered":"EL CARNAVAL DE LAS PRIMARIAS"},"content":{"rendered":"<p style=\"text-align: justify;\">\u2666\u00a0El otro \u201ccarnaval\u201d, el de las elecciones primarias en los diferentes partidos, sigue tambi\u00e9n su pol\u00e9mico curso&#8230; No hago m\u00e1s apuestas (para no perderlas) pero fuentes dignas de todo cr\u00e9dito (l\u00e9ase el vicepresidente del Cabildo de Tenerife, <strong>Aurelio Abreu Exp\u00f3sito<\/strong>) me comenta que dif\u00edcilmente alguno de los cuatro socialistas que optan a la nominaci\u00f3n, para encabezar la candidatura del PSOE a la presidencia del gobierno en las pr\u00f3ximas elecciones, conseguir\u00e1 los 700 avales necesarios para dicha nominaci\u00f3n, ni <strong>Paquita Luengo<\/strong>, ni <strong>Carolina D\u00e1rias<\/strong>, ni <strong>Patricia Hern\u00e1ndez<\/strong>&#8230; ni <strong>Gustavo Matos<\/strong>&#8230; Es m\u00e1s, puedo decirles que m\u00e1s de uno ha puesto sobre la mesa el nombre del propio <strong>Aurelio Abreu<\/strong>, como un muy buen candidato de unidad y consenso&#8230; Claro que, en ese caso, no podr\u00eda presentarse a la presidencia del Cabildo de Tenerife&#8230; hueco que podr\u00eda llenar su compa\u00f1ero de partido <strong>Jos\u00e9 Antonio Valbuena Alonso<\/strong>, actual consejero insular de\u00a0 Cooperaci\u00f3n Municipal, Vivienda y Seguridad del Cabildo tinerfe\u00f1o.<\/p>\n<figure id=\"attachment_146\" aria-describedby=\"caption-attachment-146\" style=\"width: 270px\" class=\"wp-caption aligncenter\"><a href=\"https:\/\/elcotarro.com\/wp-content\/uploads\/2014\/09\/Abreu-Exp\u00f3sito-Aurelio.jpg\"><img loading=\"lazy\" decoding=\"async\" class=\"wp-image-146 size-full\" src=\"https:\/\/elcotarro.com\/wp-content\/uploads\/2014\/09\/Abreu-Exp\u00f3sito-Aurelio.jpg\" alt=\"Abreu Exp\u00f3sito - Aurelio\" width=\"280\" height=\"280\" srcset=\"https:\/\/elcotarro.com\/wp-content\/uploads\/2014\/09\/Abreu-Exp\u00f3sito-Aurelio.jpg 280w, https:\/\/elcotarro.com\/wp-content\/uploads\/2014\/09\/Abreu-Exp\u00f3sito-Aurelio-150x150.jpg 150w\" sizes=\"auto, (max-width: 280px) 100vw, 280px\" \/><\/a><figcaption id=\"caption-attachment-146\" class=\"wp-caption-text\">Aurelio Abreu Exp\u00f3sito<\/figcaption><\/figure>\n","protected":false},"excerpt":{"rendered":"<p>\u2666\u00a0El otro \u201ccarnaval\u201d, el de las elecciones primarias en los diferentes partidos, sigue tambi\u00e9n su pol\u00e9mico curso&#8230; No hago m\u00e1s apuestas (para no perderlas) pero fuentes dignas de todo cr\u00e9dito (l\u00e9ase el vicepresidente del Cabildo de Tenerife, Aurelio Abreu Exp\u00f3sito) me comenta que dif\u00edcilmente alguno de los cuatro socialistas que optan a la nominaci\u00f3n, para &#8230; <a class=\"read-more\" href=\"https:\/\/elcotarro.com\/?p=145\">Read more<\/a><\/p>\n","protected":false},"author":2,"featured_media":0,"comment_status":"open","ping_status":"open","sticky":false,"template":"","format":"standard","meta":{"_jetpack_memberships_contains_paid_content":false,"footnotes":""},"categories":[1],"tags":[59,56,28,12,58,57,24],"class_list":["post-145","post","type-post","status-publish","format-standard","hentry","category-sin-categoria","tag-aurelio-abreu","tag-aurelio-abreu-exposito","tag-carolina-darias","tag-gustavo-matos","tag-jose-antonio-valbuena-alonso","tag-paquita-luengo","tag-patricia-hernandez"],"yoast_head":"<!-- This site is optimized with the Yoast SEO plugin v27.0 - https:\/\/yoast.com\/product\/yoast-seo-wordpress\/ -->\n<title>EL CARNAVAL DE LAS PRIMARIAS - El Cotarro<\/title>\n<meta name=\"robots\" content=\"index, follow, max-snippet:-1, max-image-preview:large, max-video-preview:-1\" \/>\n<link rel=\"canonical\" href=\"https:\/\/elcotarro.com\/?p=145\" \/>\n<meta property=\"og:locale\" content=\"es_ES\" \/>\n<meta property=\"og:type\" content=\"article\" \/>\n<meta property=\"og:title\" content=\"EL CARNAVAL DE LAS PRIMARIAS - El Cotarro\" \/>\n<meta property=\"og:description\" content=\"\u2666\u00a0El otro \u201ccarnaval\u201d, el de las elecciones primarias en los diferentes partidos, sigue tambi\u00e9n su pol\u00e9mico curso&#8230; No hago m\u00e1s apuestas (para no perderlas) pero fuentes dignas de todo cr\u00e9dito (l\u00e9ase el vicepresidente del Cabildo de Tenerife, Aurelio Abreu Exp\u00f3sito) me comenta que dif\u00edcilmente alguno de los cuatro socialistas que optan a la nominaci\u00f3n, para ... Read more\" \/>\n<meta property=\"og:url\" content=\"https:\/\/elcotarro.com\/?p=145\" \/>\n<meta property=\"og:site_name\" content=\"El Cotarro\" \/>\n<meta property=\"article:publisher\" content=\"https:\/\/www.facebook.com\/ElCotarro.Tenerife\" \/>\n<meta property=\"article:published_time\" content=\"2014-09-27T23:07:04+00:00\" \/>\n<meta name=\"author\" content=\"Jos\u00e9 Carlos Marrero Gonz\u00e1lez\" \/>\n<meta name=\"twitter:label1\" content=\"Escrito por\" \/>\n\t<meta name=\"twitter:data1\" content=\"Jos\u00e9 Carlos Marrero Gonz\u00e1lez\" \/>\n\t<meta name=\"twitter:label2\" content=\"Tiempo de lectura\" \/>\n\t<meta name=\"twitter:data2\" content=\"1 minuto\" \/>\n<script type=\"application\/ld+json\" class=\"yoast-schema-graph\">{\"@context\":\"https:\/\/schema.org\",\"@graph\":[{\"@type\":\"Article\",\"@id\":\"https:\/\/elcotarro.com\/?p=145#article\",\"isPartOf\":{\"@id\":\"https:\/\/elcotarro.com\/?p=145\"},\"author\":{\"name\":\"Jos\u00e9 Carlos Marrero Gonz\u00e1lez\",\"@id\":\"https:\/\/elcotarro.com\/#\/schema\/person\/af537ee7d60d15984c7e0affcd8a918b\"},\"headline\":\"EL CARNAVAL DE LAS PRIMARIAS\",\"datePublished\":\"2014-09-27T23:07:04+00:00\",\"mainEntityOfPage\":{\"@id\":\"https:\/\/elcotarro.com\/?p=145\"},\"wordCount\":190,\"commentCount\":0,\"publisher\":{\"@id\":\"https:\/\/elcotarro.com\/#organization\"},\"keywords\":[\"Aurelio Abreu\",\"Aurelio Abreu Exp\u00f3sito\",\"Carolina D\u00e1rias\",\"Gustavo Matos\",\"Jos\u00e9 Antonio Valbuena Alonso\",\"Paquita Luengo\",\"Patricia Hern\u00e1ndez\"],\"inLanguage\":\"es\",\"potentialAction\":[{\"@type\":\"CommentAction\",\"name\":\"Comment\",\"target\":[\"https:\/\/elcotarro.com\/?p=145#respond\"]}]},{\"@type\":\"WebPage\",\"@id\":\"https:\/\/elcotarro.com\/?p=145\",\"url\":\"https:\/\/elcotarro.com\/?p=145\",\"name\":\"EL CARNAVAL DE LAS PRIMARIAS - El Cotarro\",\"isPartOf\":{\"@id\":\"https:\/\/elcotarro.com\/#website\"},\"datePublished\":\"2014-09-27T23:07:04+00:00\",\"breadcrumb\":{\"@id\":\"https:\/\/elcotarro.com\/?p=145#breadcrumb\"},\"inLanguage\":\"es\",\"potentialAction\":[{\"@type\":\"ReadAction\",\"target\":[\"https:\/\/elcotarro.com\/?p=145\"]}]},{\"@type\":\"BreadcrumbList\",\"@id\":\"https:\/\/elcotarro.com\/?p=145#breadcrumb\",\"itemListElement\":[{\"@type\":\"ListItem\",\"position\":1,\"name\":\"Portada\",\"item\":\"https:\/\/elcotarro.com\/\"},{\"@type\":\"ListItem\",\"position\":2,\"name\":\"EL CARNAVAL DE LAS PRIMARIAS\"}]},{\"@type\":\"WebSite\",\"@id\":\"https:\/\/elcotarro.com\/#website\",\"url\":\"https:\/\/elcotarro.com\/\",\"name\":\"El Cotarro\",\"description\":\"Peri\u00f3dico Digital Independiente dirigido por Jos\u00e9 Carlos Marrero\",\"publisher\":{\"@id\":\"https:\/\/elcotarro.com\/#organization\"},\"potentialAction\":[{\"@type\":\"SearchAction\",\"target\":{\"@type\":\"EntryPoint\",\"urlTemplate\":\"https:\/\/elcotarro.com\/?s={search_term_string}\"},\"query-input\":{\"@type\":\"PropertyValueSpecification\",\"valueRequired\":true,\"valueName\":\"search_term_string\"}}],\"inLanguage\":\"es\"},{\"@type\":\"Organization\",\"@id\":\"https:\/\/elcotarro.com\/#organization\",\"name\":\"El Cotarro\",\"url\":\"https:\/\/elcotarro.com\/\",\"logo\":{\"@type\":\"ImageObject\",\"inLanguage\":\"es\",\"@id\":\"https:\/\/elcotarro.com\/#\/schema\/logo\/image\/\",\"url\":\"https:\/\/elcotarro.com\/wp-content\/uploads\/2014\/09\/Cabecera_El_Cotarro_v2.jpg\",\"contentUrl\":\"https:\/\/elcotarro.com\/wp-content\/uploads\/2014\/09\/Cabecera_El_Cotarro_v2.jpg\",\"width\":3540,\"height\":441,\"caption\":\"El Cotarro\"},\"image\":{\"@id\":\"https:\/\/elcotarro.com\/#\/schema\/logo\/image\/\"},\"sameAs\":[\"https:\/\/www.facebook.com\/ElCotarro.Tenerife\"]},{\"@type\":\"Person\",\"@id\":\"https:\/\/elcotarro.com\/#\/schema\/person\/af537ee7d60d15984c7e0affcd8a918b\",\"name\":\"Jos\u00e9 Carlos Marrero Gonz\u00e1lez\",\"image\":{\"@type\":\"ImageObject\",\"inLanguage\":\"es\",\"@id\":\"https:\/\/elcotarro.com\/#\/schema\/person\/image\/\",\"url\":\"https:\/\/secure.gravatar.com\/avatar\/def4da036efb5d32c74d49c351f6dccc064dd69ad9f3aadc295c5a9a5391ca01?s=96&d=mm&r=g\",\"contentUrl\":\"https:\/\/secure.gravatar.com\/avatar\/def4da036efb5d32c74d49c351f6dccc064dd69ad9f3aadc295c5a9a5391ca01?s=96&d=mm&r=g\",\"caption\":\"Jos\u00e9 Carlos Marrero Gonz\u00e1lez\"},\"sameAs\":[\"https:\/\/elcotarro.com\"],\"url\":\"https:\/\/elcotarro.com\/?author=2\"}]}<\/script>\n<!-- \/ Yoast SEO plugin. -->","yoast_head_json":{"title":"EL CARNAVAL DE LAS PRIMARIAS - El Cotarro","robots":{"index":"index","follow":"follow","max-snippet":"max-snippet:-1","max-image-preview":"max-image-preview:large","max-video-preview":"max-video-preview:-1"},"canonical":"https:\/\/elcotarro.com\/?p=145","og_locale":"es_ES","og_type":"article","og_title":"EL CARNAVAL DE LAS PRIMARIAS - El Cotarro","og_description":"\u2666\u00a0El otro \u201ccarnaval\u201d, el de las elecciones primarias en los diferentes partidos, sigue tambi\u00e9n su pol\u00e9mico curso&#8230; No hago m\u00e1s apuestas (para no perderlas) pero fuentes dignas de todo cr\u00e9dito (l\u00e9ase el vicepresidente del Cabildo de Tenerife, Aurelio Abreu Exp\u00f3sito) me comenta que dif\u00edcilmente alguno de los cuatro socialistas que optan a la nominaci\u00f3n, para ... Read more","og_url":"https:\/\/elcotarro.com\/?p=145","og_site_name":"El Cotarro","article_publisher":"https:\/\/www.facebook.com\/ElCotarro.Tenerife","article_published_time":"2014-09-27T23:07:04+00:00","author":"Jos\u00e9 Carlos Marrero Gonz\u00e1lez","twitter_misc":{"Escrito por":"Jos\u00e9 Carlos Marrero Gonz\u00e1lez","Tiempo de lectura":"1 minuto"},"schema":{"@context":"https:\/\/schema.org","@graph":[{"@type":"Article","@id":"https:\/\/elcotarro.com\/?p=145#article","isPartOf":{"@id":"https:\/\/elcotarro.com\/?p=145"},"author":{"name":"Jos\u00e9 Carlos Marrero Gonz\u00e1lez","@id":"https:\/\/elcotarro.com\/#\/schema\/person\/af537ee7d60d15984c7e0affcd8a918b"},"headline":"EL CARNAVAL DE LAS PRIMARIAS","datePublished":"2014-09-27T23:07:04+00:00","mainEntityOfPage":{"@id":"https:\/\/elcotarro.com\/?p=145"},"wordCount":190,"commentCount":0,"publisher":{"@id":"https:\/\/elcotarro.com\/#organization"},"keywords":["Aurelio Abreu","Aurelio Abreu Exp\u00f3sito","Carolina D\u00e1rias","Gustavo Matos","Jos\u00e9 Antonio Valbuena Alonso","Paquita Luengo","Patricia Hern\u00e1ndez"],"inLanguage":"es","potentialAction":[{"@type":"CommentAction","name":"Comment","target":["https:\/\/elcotarro.com\/?p=145#respond"]}]},{"@type":"WebPage","@id":"https:\/\/elcotarro.com\/?p=145","url":"https:\/\/elcotarro.com\/?p=145","name":"EL CARNAVAL DE LAS PRIMARIAS - El Cotarro","isPartOf":{"@id":"https:\/\/elcotarro.com\/#website"},"datePublished":"2014-09-27T23:07:04+00:00","breadcrumb":{"@id":"https:\/\/elcotarro.com\/?p=145#breadcrumb"},"inLanguage":"es","potentialAction":[{"@type":"ReadAction","target":["https:\/\/elcotarro.com\/?p=145"]}]},{"@type":"BreadcrumbList","@id":"https:\/\/elcotarro.com\/?p=145#breadcrumb","itemListElement":[{"@type":"ListItem","position":1,"name":"Portada","item":"https:\/\/elcotarro.com\/"},{"@type":"ListItem","position":2,"name":"EL CARNAVAL DE LAS PRIMARIAS"}]},{"@type":"WebSite","@id":"https:\/\/elcotarro.com\/#website","url":"https:\/\/elcotarro.com\/","name":"El Cotarro","description":"Peri\u00f3dico Digital Independiente dirigido por Jos\u00e9 Carlos Marrero","publisher":{"@id":"https:\/\/elcotarro.com\/#organization"},"potentialAction":[{"@type":"SearchAction","target":{"@type":"EntryPoint","urlTemplate":"https:\/\/elcotarro.com\/?s={search_term_string}"},"query-input":{"@type":"PropertyValueSpecification","valueRequired":true,"valueName":"search_term_string"}}],"inLanguage":"es"},{"@type":"Organization","@id":"https:\/\/elcotarro.com\/#organization","name":"El Cotarro","url":"https:\/\/elcotarro.com\/","logo":{"@type":"ImageObject","inLanguage":"es","@id":"https:\/\/elcotarro.com\/#\/schema\/logo\/image\/","url":"https:\/\/elcotarro.com\/wp-content\/uploads\/2014\/09\/Cabecera_El_Cotarro_v2.jpg","contentUrl":"https:\/\/elcotarro.com\/wp-content\/uploads\/2014\/09\/Cabecera_El_Cotarro_v2.jpg","width":3540,"height":441,"caption":"El Cotarro"},"image":{"@id":"https:\/\/elcotarro.com\/#\/schema\/logo\/image\/"},"sameAs":["https:\/\/www.facebook.com\/ElCotarro.Tenerife"]},{"@type":"Person","@id":"https:\/\/elcotarro.com\/#\/schema\/person\/af537ee7d60d15984c7e0affcd8a918b","name":"Jos\u00e9 Carlos Marrero Gonz\u00e1lez","image":{"@type":"ImageObject","inLanguage":"es","@id":"https:\/\/elcotarro.com\/#\/schema\/person\/image\/","url":"https:\/\/secure.gravatar.com\/avatar\/def4da036efb5d32c74d49c351f6dccc064dd69ad9f3aadc295c5a9a5391ca01?s=96&d=mm&r=g","contentUrl":"https:\/\/secure.gravatar.com\/avatar\/def4da036efb5d32c74d49c351f6dccc064dd69ad9f3aadc295c5a9a5391ca01?s=96&d=mm&r=g","caption":"Jos\u00e9 Carlos Marrero Gonz\u00e1lez"},"sameAs":["https:\/\/elcotarro.com"],"url":"https:\/\/elcotarro.com\/?author=2"}]}},"jetpack_featured_media_url":"","jetpack_sharing_enabled":true,"_links":{"self":[{"href":"https:\/\/elcotarro.com\/index.php?rest_route=\/wp\/v2\/posts\/145","targetHints":{"allow":["GET"]}}],"collection":[{"href":"https:\/\/elcotarro.com\/index.php?rest_route=\/wp\/v2\/posts"}],"about":[{"href":"https:\/\/elcotarro.com\/index.php?rest_route=\/wp\/v2\/types\/post"}],"author":[{"embeddable":true,"href":"https:\/\/elcotarro.com\/index.php?rest_route=\/wp\/v2\/users\/2"}],"replies":[{"embeddable":true,"href":"https:\/\/elcotarro.com\/index.php?rest_route=%2Fwp%2Fv2%2Fcomments&post=145"}],"version-history":[{"count":2,"href":"https:\/\/elcotarro.com\/index.php?rest_route=\/wp\/v2\/posts\/145\/revisions"}],"predecessor-version":[{"id":157,"href":"https:\/\/elcotarro.com\/index.php?rest_route=\/wp\/v2\/posts\/145\/revisions\/157"}],"wp:attachment":[{"href":"https:\/\/elcotarro.com\/index.php?rest_route=%2Fwp%2Fv2%2Fmedia&parent=145"}],"wp:term":[{"taxonomy":"category","embeddable":true,"href":"https:\/\/elcotarro.com\/index.php?rest_route=%2Fwp%2Fv2%2Fcategories&post=145"},{"taxonomy":"post_tag","embeddable":true,"href":"https:\/\/elcotarro.com\/index.php?rest_route=%2Fwp%2Fv2%2Ftags&post=145"}],"curies":[{"name":"wp","href":"https:\/\/api.w.org\/{rel}","templated":true}]}}