{"id":1470,"date":"2015-07-12T11:01:40","date_gmt":"2015-07-12T11:01:40","guid":{"rendered":"https:\/\/elcotarro.com\/?p=1470"},"modified":"2015-07-12T08:54:51","modified_gmt":"2015-07-12T08:54:51","slug":"quien-se-pica-es-que-ajos-come","status":"publish","type":"post","link":"https:\/\/elcotarro.com\/?p=1470","title":{"rendered":"QUIEN SE PICA, ES QUE AJOS COME"},"content":{"rendered":"<p>\u2666 El pasado domingo hice un comentario que cre\u00ed oportuno y en el que no nombr\u00e9 a persona alguna&#8230; Absolutamente a nadie&#8230; Pues bien, parece que simplemente una persona, s\u00f3lo una, se ha dado por aludida&#8230; Est\u00e1 claro que quien se pica, es porque ajos come&#8230; Repito la frase del Evangelio de San Juan: <em>\u201cLa Verdad os har\u00e1 libre\u201d&#8230;<\/em> Reitero que la verdad me hace libre&#8230; Y por ello termino tranquilo deseando a la gente palmera, \u00a1feliz Bajada de la Virgen de <strong>Las Nieves<\/strong> 2015! y a la buena gente lagunera, \u00a1feliz Romer\u00eda Regional de <strong>San Benito <\/strong>Abad!<\/p>\n<p><a href=\"www.careca.es\" target=\"_blank\"><img loading=\"lazy\" decoding=\"async\" class=\"aligncenter wp-image-539 size-full\" src=\"https:\/\/elcotarro.com\/wp-content\/uploads\/2014\/12\/Bnn_Careca.jpg\" alt=\"Bnn_Careca\" width=\"750\" height=\"150\" srcset=\"https:\/\/elcotarro.com\/wp-content\/uploads\/2014\/12\/Bnn_Careca.jpg 750w, https:\/\/elcotarro.com\/wp-content\/uploads\/2014\/12\/Bnn_Careca-300x60.jpg 300w\" sizes=\"auto, (max-width: 750px) 100vw, 750px\" \/><\/a><\/p>\n","protected":false},"excerpt":{"rendered":"<p>\u2666 El pasado domingo hice un comentario que cre\u00ed oportuno y en el que no nombr\u00e9 a persona alguna&#8230; Absolutamente a nadie&#8230; Pues bien, parece que simplemente una persona, s\u00f3lo una, se ha dado por aludida&#8230; Est\u00e1 claro que quien se pica, es porque ajos come&#8230; Repito la frase del Evangelio de San Juan: \u201cLa &#8230; <a class=\"read-more\" href=\"https:\/\/elcotarro.com\/?p=1470\">Read more<\/a><\/p>\n","protected":false},"author":2,"featured_media":0,"comment_status":"open","ping_status":"open","sticky":false,"template":"","format":"standard","meta":{"_jetpack_memberships_contains_paid_content":false,"footnotes":""},"categories":[35],"tags":[669],"class_list":["post-1470","post","type-post","status-publish","format-standard","hentry","category-medios-de-comunicacion","tag-san-benito"],"yoast_head":"<!-- This site is optimized with the Yoast SEO plugin v27.0 - https:\/\/yoast.com\/product\/yoast-seo-wordpress\/ -->\n<title>QUIEN SE PICA, ES QUE AJOS COME - El Cotarrro www.elcotarro.com\/<\/title>\n<meta name=\"description\" content=\"El pasado domingo hice un comentario que cre\u00ed oportuno y en el que no nombr\u00e9 a persona alguna... Absolutamente a nadie...\" \/>\n<meta name=\"robots\" content=\"index, follow, max-snippet:-1, max-image-preview:large, max-video-preview:-1\" \/>\n<link rel=\"canonical\" href=\"https:\/\/elcotarro.com\/?p=1470\" \/>\n<meta property=\"og:locale\" content=\"es_ES\" \/>\n<meta property=\"og:type\" content=\"article\" \/>\n<meta property=\"og:title\" content=\"QUIEN SE PICA, ES QUE AJOS COME - El Cotarrro www.elcotarro.com\/\" \/>\n<meta property=\"og:description\" content=\"El pasado domingo hice un comentario que cre\u00ed oportuno y en el que no nombr\u00e9 a persona alguna... Absolutamente a nadie...\" \/>\n<meta property=\"og:url\" content=\"https:\/\/elcotarro.com\/?p=1470\" \/>\n<meta property=\"og:site_name\" content=\"El Cotarro\" \/>\n<meta property=\"article:publisher\" content=\"https:\/\/www.facebook.com\/ElCotarro.Tenerife\" \/>\n<meta property=\"article:published_time\" content=\"2015-07-12T11:01:40+00:00\" \/>\n<meta property=\"og:image\" content=\"https:\/\/elcotarro.com\/wp-content\/uploads\/2014\/12\/Bnn_Careca.jpg\" \/>\n<meta name=\"author\" content=\"Jos\u00e9 Carlos Marrero Gonz\u00e1lez\" \/>\n<meta name=\"twitter:label1\" content=\"Escrito por\" \/>\n\t<meta name=\"twitter:data1\" content=\"Jos\u00e9 Carlos Marrero Gonz\u00e1lez\" \/>\n<script type=\"application\/ld+json\" class=\"yoast-schema-graph\">{\"@context\":\"https:\/\/schema.org\",\"@graph\":[{\"@type\":\"Article\",\"@id\":\"https:\/\/elcotarro.com\/?p=1470#article\",\"isPartOf\":{\"@id\":\"https:\/\/elcotarro.com\/?p=1470\"},\"author\":{\"name\":\"Jos\u00e9 Carlos Marrero Gonz\u00e1lez\",\"@id\":\"https:\/\/elcotarro.com\/#\/schema\/person\/af537ee7d60d15984c7e0affcd8a918b\"},\"headline\":\"QUIEN SE PICA, ES QUE AJOS COME\",\"datePublished\":\"2015-07-12T11:01:40+00:00\",\"mainEntityOfPage\":{\"@id\":\"https:\/\/elcotarro.com\/?p=1470\"},\"wordCount\":105,\"commentCount\":0,\"publisher\":{\"@id\":\"https:\/\/elcotarro.com\/#organization\"},\"image\":{\"@id\":\"https:\/\/elcotarro.com\/?p=1470#primaryimage\"},\"thumbnailUrl\":\"https:\/\/elcotarro.com\/wp-content\/uploads\/2014\/12\/Bnn_Careca.jpg\",\"keywords\":[\"San Benito\"],\"articleSection\":[\"Medios de comunicaci\u00f3n\"],\"inLanguage\":\"es\",\"potentialAction\":[{\"@type\":\"CommentAction\",\"name\":\"Comment\",\"target\":[\"https:\/\/elcotarro.com\/?p=1470#respond\"]}]},{\"@type\":\"WebPage\",\"@id\":\"https:\/\/elcotarro.com\/?p=1470\",\"url\":\"https:\/\/elcotarro.com\/?p=1470\",\"name\":\"QUIEN SE PICA, ES QUE AJOS COME - El Cotarrro www.elcotarro.com\/\",\"isPartOf\":{\"@id\":\"https:\/\/elcotarro.com\/#website\"},\"primaryImageOfPage\":{\"@id\":\"https:\/\/elcotarro.com\/?p=1470#primaryimage\"},\"image\":{\"@id\":\"https:\/\/elcotarro.com\/?p=1470#primaryimage\"},\"thumbnailUrl\":\"https:\/\/elcotarro.com\/wp-content\/uploads\/2014\/12\/Bnn_Careca.jpg\",\"datePublished\":\"2015-07-12T11:01:40+00:00\",\"description\":\"El pasado domingo hice un comentario que cre\u00ed oportuno y en el que no nombr\u00e9 a persona alguna... Absolutamente a nadie...\",\"breadcrumb\":{\"@id\":\"https:\/\/elcotarro.com\/?p=1470#breadcrumb\"},\"inLanguage\":\"es\",\"potentialAction\":[{\"@type\":\"ReadAction\",\"target\":[\"https:\/\/elcotarro.com\/?p=1470\"]}]},{\"@type\":\"ImageObject\",\"inLanguage\":\"es\",\"@id\":\"https:\/\/elcotarro.com\/?p=1470#primaryimage\",\"url\":\"https:\/\/elcotarro.com\/wp-content\/uploads\/2014\/12\/Bnn_Careca.jpg\",\"contentUrl\":\"https:\/\/elcotarro.com\/wp-content\/uploads\/2014\/12\/Bnn_Careca.jpg\",\"width\":750,\"height\":150},{\"@type\":\"BreadcrumbList\",\"@id\":\"https:\/\/elcotarro.com\/?p=1470#breadcrumb\",\"itemListElement\":[{\"@type\":\"ListItem\",\"position\":1,\"name\":\"Portada\",\"item\":\"https:\/\/elcotarro.com\/\"},{\"@type\":\"ListItem\",\"position\":2,\"name\":\"QUIEN SE PICA, ES QUE AJOS COME\"}]},{\"@type\":\"WebSite\",\"@id\":\"https:\/\/elcotarro.com\/#website\",\"url\":\"https:\/\/elcotarro.com\/\",\"name\":\"El Cotarro\",\"description\":\"Peri\u00f3dico Digital Independiente dirigido por Jos\u00e9 Carlos Marrero\",\"publisher\":{\"@id\":\"https:\/\/elcotarro.com\/#organization\"},\"potentialAction\":[{\"@type\":\"SearchAction\",\"target\":{\"@type\":\"EntryPoint\",\"urlTemplate\":\"https:\/\/elcotarro.com\/?s={search_term_string}\"},\"query-input\":{\"@type\":\"PropertyValueSpecification\",\"valueRequired\":true,\"valueName\":\"search_term_string\"}}],\"inLanguage\":\"es\"},{\"@type\":\"Organization\",\"@id\":\"https:\/\/elcotarro.com\/#organization\",\"name\":\"El Cotarro\",\"url\":\"https:\/\/elcotarro.com\/\",\"logo\":{\"@type\":\"ImageObject\",\"inLanguage\":\"es\",\"@id\":\"https:\/\/elcotarro.com\/#\/schema\/logo\/image\/\",\"url\":\"https:\/\/elcotarro.com\/wp-content\/uploads\/2014\/09\/Cabecera_El_Cotarro_v2.jpg\",\"contentUrl\":\"https:\/\/elcotarro.com\/wp-content\/uploads\/2014\/09\/Cabecera_El_Cotarro_v2.jpg\",\"width\":3540,\"height\":441,\"caption\":\"El Cotarro\"},\"image\":{\"@id\":\"https:\/\/elcotarro.com\/#\/schema\/logo\/image\/\"},\"sameAs\":[\"https:\/\/www.facebook.com\/ElCotarro.Tenerife\"]},{\"@type\":\"Person\",\"@id\":\"https:\/\/elcotarro.com\/#\/schema\/person\/af537ee7d60d15984c7e0affcd8a918b\",\"name\":\"Jos\u00e9 Carlos Marrero Gonz\u00e1lez\",\"image\":{\"@type\":\"ImageObject\",\"inLanguage\":\"es\",\"@id\":\"https:\/\/elcotarro.com\/#\/schema\/person\/image\/\",\"url\":\"https:\/\/secure.gravatar.com\/avatar\/def4da036efb5d32c74d49c351f6dccc064dd69ad9f3aadc295c5a9a5391ca01?s=96&d=mm&r=g\",\"contentUrl\":\"https:\/\/secure.gravatar.com\/avatar\/def4da036efb5d32c74d49c351f6dccc064dd69ad9f3aadc295c5a9a5391ca01?s=96&d=mm&r=g\",\"caption\":\"Jos\u00e9 Carlos Marrero Gonz\u00e1lez\"},\"sameAs\":[\"https:\/\/elcotarro.com\"],\"url\":\"https:\/\/elcotarro.com\/?author=2\"}]}<\/script>\n<!-- \/ Yoast SEO plugin. -->","yoast_head_json":{"title":"QUIEN SE PICA, ES QUE AJOS COME - El Cotarrro www.elcotarro.com\/","description":"El pasado domingo hice un comentario que cre\u00ed oportuno y en el que no nombr\u00e9 a persona alguna... Absolutamente a nadie...","robots":{"index":"index","follow":"follow","max-snippet":"max-snippet:-1","max-image-preview":"max-image-preview:large","max-video-preview":"max-video-preview:-1"},"canonical":"https:\/\/elcotarro.com\/?p=1470","og_locale":"es_ES","og_type":"article","og_title":"QUIEN SE PICA, ES QUE AJOS COME - El Cotarrro www.elcotarro.com\/","og_description":"El pasado domingo hice un comentario que cre\u00ed oportuno y en el que no nombr\u00e9 a persona alguna... Absolutamente a nadie...","og_url":"https:\/\/elcotarro.com\/?p=1470","og_site_name":"El Cotarro","article_publisher":"https:\/\/www.facebook.com\/ElCotarro.Tenerife","article_published_time":"2015-07-12T11:01:40+00:00","og_image":[{"url":"https:\/\/elcotarro.com\/wp-content\/uploads\/2014\/12\/Bnn_Careca.jpg","type":"","width":"","height":""}],"author":"Jos\u00e9 Carlos Marrero Gonz\u00e1lez","twitter_misc":{"Escrito por":"Jos\u00e9 Carlos Marrero Gonz\u00e1lez"},"schema":{"@context":"https:\/\/schema.org","@graph":[{"@type":"Article","@id":"https:\/\/elcotarro.com\/?p=1470#article","isPartOf":{"@id":"https:\/\/elcotarro.com\/?p=1470"},"author":{"name":"Jos\u00e9 Carlos Marrero Gonz\u00e1lez","@id":"https:\/\/elcotarro.com\/#\/schema\/person\/af537ee7d60d15984c7e0affcd8a918b"},"headline":"QUIEN SE PICA, ES QUE AJOS COME","datePublished":"2015-07-12T11:01:40+00:00","mainEntityOfPage":{"@id":"https:\/\/elcotarro.com\/?p=1470"},"wordCount":105,"commentCount":0,"publisher":{"@id":"https:\/\/elcotarro.com\/#organization"},"image":{"@id":"https:\/\/elcotarro.com\/?p=1470#primaryimage"},"thumbnailUrl":"https:\/\/elcotarro.com\/wp-content\/uploads\/2014\/12\/Bnn_Careca.jpg","keywords":["San Benito"],"articleSection":["Medios de comunicaci\u00f3n"],"inLanguage":"es","potentialAction":[{"@type":"CommentAction","name":"Comment","target":["https:\/\/elcotarro.com\/?p=1470#respond"]}]},{"@type":"WebPage","@id":"https:\/\/elcotarro.com\/?p=1470","url":"https:\/\/elcotarro.com\/?p=1470","name":"QUIEN SE PICA, ES QUE AJOS COME - El Cotarrro www.elcotarro.com\/","isPartOf":{"@id":"https:\/\/elcotarro.com\/#website"},"primaryImageOfPage":{"@id":"https:\/\/elcotarro.com\/?p=1470#primaryimage"},"image":{"@id":"https:\/\/elcotarro.com\/?p=1470#primaryimage"},"thumbnailUrl":"https:\/\/elcotarro.com\/wp-content\/uploads\/2014\/12\/Bnn_Careca.jpg","datePublished":"2015-07-12T11:01:40+00:00","description":"El pasado domingo hice un comentario que cre\u00ed oportuno y en el que no nombr\u00e9 a persona alguna... Absolutamente a nadie...","breadcrumb":{"@id":"https:\/\/elcotarro.com\/?p=1470#breadcrumb"},"inLanguage":"es","potentialAction":[{"@type":"ReadAction","target":["https:\/\/elcotarro.com\/?p=1470"]}]},{"@type":"ImageObject","inLanguage":"es","@id":"https:\/\/elcotarro.com\/?p=1470#primaryimage","url":"https:\/\/elcotarro.com\/wp-content\/uploads\/2014\/12\/Bnn_Careca.jpg","contentUrl":"https:\/\/elcotarro.com\/wp-content\/uploads\/2014\/12\/Bnn_Careca.jpg","width":750,"height":150},{"@type":"BreadcrumbList","@id":"https:\/\/elcotarro.com\/?p=1470#breadcrumb","itemListElement":[{"@type":"ListItem","position":1,"name":"Portada","item":"https:\/\/elcotarro.com\/"},{"@type":"ListItem","position":2,"name":"QUIEN SE PICA, ES QUE AJOS COME"}]},{"@type":"WebSite","@id":"https:\/\/elcotarro.com\/#website","url":"https:\/\/elcotarro.com\/","name":"El Cotarro","description":"Peri\u00f3dico Digital Independiente dirigido por Jos\u00e9 Carlos Marrero","publisher":{"@id":"https:\/\/elcotarro.com\/#organization"},"potentialAction":[{"@type":"SearchAction","target":{"@type":"EntryPoint","urlTemplate":"https:\/\/elcotarro.com\/?s={search_term_string}"},"query-input":{"@type":"PropertyValueSpecification","valueRequired":true,"valueName":"search_term_string"}}],"inLanguage":"es"},{"@type":"Organization","@id":"https:\/\/elcotarro.com\/#organization","name":"El Cotarro","url":"https:\/\/elcotarro.com\/","logo":{"@type":"ImageObject","inLanguage":"es","@id":"https:\/\/elcotarro.com\/#\/schema\/logo\/image\/","url":"https:\/\/elcotarro.com\/wp-content\/uploads\/2014\/09\/Cabecera_El_Cotarro_v2.jpg","contentUrl":"https:\/\/elcotarro.com\/wp-content\/uploads\/2014\/09\/Cabecera_El_Cotarro_v2.jpg","width":3540,"height":441,"caption":"El Cotarro"},"image":{"@id":"https:\/\/elcotarro.com\/#\/schema\/logo\/image\/"},"sameAs":["https:\/\/www.facebook.com\/ElCotarro.Tenerife"]},{"@type":"Person","@id":"https:\/\/elcotarro.com\/#\/schema\/person\/af537ee7d60d15984c7e0affcd8a918b","name":"Jos\u00e9 Carlos Marrero Gonz\u00e1lez","image":{"@type":"ImageObject","inLanguage":"es","@id":"https:\/\/elcotarro.com\/#\/schema\/person\/image\/","url":"https:\/\/secure.gravatar.com\/avatar\/def4da036efb5d32c74d49c351f6dccc064dd69ad9f3aadc295c5a9a5391ca01?s=96&d=mm&r=g","contentUrl":"https:\/\/secure.gravatar.com\/avatar\/def4da036efb5d32c74d49c351f6dccc064dd69ad9f3aadc295c5a9a5391ca01?s=96&d=mm&r=g","caption":"Jos\u00e9 Carlos Marrero Gonz\u00e1lez"},"sameAs":["https:\/\/elcotarro.com"],"url":"https:\/\/elcotarro.com\/?author=2"}]}},"jetpack_featured_media_url":"","jetpack_sharing_enabled":true,"_links":{"self":[{"href":"https:\/\/elcotarro.com\/index.php?rest_route=\/wp\/v2\/posts\/1470","targetHints":{"allow":["GET"]}}],"collection":[{"href":"https:\/\/elcotarro.com\/index.php?rest_route=\/wp\/v2\/posts"}],"about":[{"href":"https:\/\/elcotarro.com\/index.php?rest_route=\/wp\/v2\/types\/post"}],"author":[{"embeddable":true,"href":"https:\/\/elcotarro.com\/index.php?rest_route=\/wp\/v2\/users\/2"}],"replies":[{"embeddable":true,"href":"https:\/\/elcotarro.com\/index.php?rest_route=%2Fwp%2Fv2%2Fcomments&post=1470"}],"version-history":[{"count":1,"href":"https:\/\/elcotarro.com\/index.php?rest_route=\/wp\/v2\/posts\/1470\/revisions"}],"predecessor-version":[{"id":1471,"href":"https:\/\/elcotarro.com\/index.php?rest_route=\/wp\/v2\/posts\/1470\/revisions\/1471"}],"wp:attachment":[{"href":"https:\/\/elcotarro.com\/index.php?rest_route=%2Fwp%2Fv2%2Fmedia&parent=1470"}],"wp:term":[{"taxonomy":"category","embeddable":true,"href":"https:\/\/elcotarro.com\/index.php?rest_route=%2Fwp%2Fv2%2Fcategories&post=1470"},{"taxonomy":"post_tag","embeddable":true,"href":"https:\/\/elcotarro.com\/index.php?rest_route=%2Fwp%2Fv2%2Ftags&post=1470"}],"curies":[{"name":"wp","href":"https:\/\/api.w.org\/{rel}","templated":true}]}}