{"id":1488,"date":"2015-07-12T11:06:43","date_gmt":"2015-07-12T11:06:43","guid":{"rendered":"https:\/\/elcotarro.com\/?p=1488"},"modified":"2015-07-12T09:15:35","modified_gmt":"2015-07-12T09:15:35","slug":"cobiella-antonio-y-andres","status":"publish","type":"post","link":"https:\/\/elcotarro.com\/?p=1488","title":{"rendered":"COBIELLA, ANTONIO Y ANDR\u00c9S"},"content":{"rendered":"<p>\u2666 Y si me lo permiten, no puedo olvidar hoy a queridos y recordados personajes, que tristemente ya no est\u00e1n entre nosotros&#8230; Es el caso de <strong>Antonio M\u00e9ndez P\u00e9rez<\/strong>, nuestro popular \u201cEnano Uno con Punto\u201d que se nos fue el 6 de enero del a\u00f1o 2013 y que, seguro, habr\u00e1 bailado la Danza de Enanos all\u00e1 donde est\u00e9, teniendo a su lado al tambi\u00e9n recordado amigo <strong>Andr\u00e9s Hern\u00e1ndez S\u00e1nchez<\/strong>, que falleci\u00f3 el 14 de noviembre del a\u00f1o pasado y quien durante a\u00f1os fuera director del Servicio de Urgencias Canario pero, sobre todo, m\u00e9dico oficial de los Enanos&#8230; Junto a ellos el gran compositor y ex-Diputado del Com\u00fan, <strong>Luis Cobiella Cuevas<\/strong>, que nos dijo adi\u00f3s el 24 de junio de 2013 pero al que sentimos vivo y presente el pasado mi\u00e9rcoles, durante las representaciones de su querido Minu\u00e9, el jueves con los Enanos y el viernes en el Carro Aleg\u00f3rico y Triunfal.<\/p>\n<table align=\"center\">\n<tbody>\n<tr>\n<td><a href=\"https:\/\/elcotarro.com\/wp-content\/uploads\/2015\/07\/FOTO-2.-Luis-Cobiella-Cuevas.jpg\"><img loading=\"lazy\" decoding=\"async\" class=\"aligncenter wp-image-1489\" src=\"https:\/\/elcotarro.com\/wp-content\/uploads\/2015\/07\/FOTO-2.-Luis-Cobiella-Cuevas.jpg\" alt=\"FOTO 2.- Luis Cobiella Cuevas\" width=\"234\" height=\"190\" srcset=\"https:\/\/elcotarro.com\/wp-content\/uploads\/2015\/07\/FOTO-2.-Luis-Cobiella-Cuevas.jpg 418w, https:\/\/elcotarro.com\/wp-content\/uploads\/2015\/07\/FOTO-2.-Luis-Cobiella-Cuevas-300x244.jpg 300w\" sizes=\"auto, (max-width: 234px) 100vw, 234px\" \/><\/a><\/td>\n<td><a href=\"https:\/\/elcotarro.com\/wp-content\/uploads\/2015\/07\/FOTO-3.-Antonio-M\u00e9ndez-P\u00e9rez.jpg\"><img loading=\"lazy\" decoding=\"async\" class=\"aligncenter wp-image-1490\" src=\"https:\/\/elcotarro.com\/wp-content\/uploads\/2015\/07\/FOTO-3.-Antonio-M\u00e9ndez-P\u00e9rez.jpg\" alt=\"FOTO 3.- Antonio M\u00e9ndez P\u00e9rez\" width=\"152\" height=\"190\" srcset=\"https:\/\/elcotarro.com\/wp-content\/uploads\/2015\/07\/FOTO-3.-Antonio-M\u00e9ndez-P\u00e9rez.jpg 303w, https:\/\/elcotarro.com\/wp-content\/uploads\/2015\/07\/FOTO-3.-Antonio-M\u00e9ndez-P\u00e9rez-239x300.jpg 239w\" sizes=\"auto, (max-width: 152px) 100vw, 152px\" \/><\/a><\/td>\n<td><a href=\"https:\/\/elcotarro.com\/wp-content\/uploads\/2015\/07\/FOTO-4.-Andr\u00e9s-Hern\u00e1ndez-S\u00e1nchez.jpg\"><img loading=\"lazy\" decoding=\"async\" class=\"aligncenter wp-image-1491\" src=\"https:\/\/elcotarro.com\/wp-content\/uploads\/2015\/07\/FOTO-4.-Andr\u00e9s-Hern\u00e1ndez-S\u00e1nchez.jpg\" alt=\"08\/05\/2009 SANTAIAGO DEL TEIDE INAGURACION DE LA NUEVA SALA DE ESTIMULACION SENSORIAL CON LA PRESENCIA DE CIRSTINA VALIDO CAONSEJERA DE BIENESTAL SOCIAL DEL CABILDO FOTO: PALOMA BARRETO\/ACAN\" width=\"147\" height=\"190\" srcset=\"https:\/\/elcotarro.com\/wp-content\/uploads\/2015\/07\/FOTO-4.-Andr\u00e9s-Hern\u00e1ndez-S\u00e1nchez.jpg 624w, https:\/\/elcotarro.com\/wp-content\/uploads\/2015\/07\/FOTO-4.-Andr\u00e9s-Hern\u00e1ndez-S\u00e1nchez-233x300.jpg 233w\" sizes=\"auto, (max-width: 147px) 100vw, 147px\" \/><\/a><\/td>\n<\/tr>\n<\/tbody>\n<\/table>\n<p class=\"comentario\" style=\"text-align: center;\">Luis Cobiella Cuevas (i), Antonio M\u00e9ndez P\u00e9rez (c) y Andr\u00e9s Hern\u00e1ndez S\u00e1nchez<\/p>\n","protected":false},"excerpt":{"rendered":"<p>\u2666 Y si me lo permiten, no puedo olvidar hoy a queridos y recordados personajes, que tristemente ya no est\u00e1n entre nosotros&#8230; Es el caso de Antonio M\u00e9ndez P\u00e9rez, nuestro popular \u201cEnano Uno con Punto\u201d que se nos fue el 6 de enero del a\u00f1o 2013 y que, seguro, habr\u00e1 bailado la Danza de Enanos &#8230; <a class=\"read-more\" href=\"https:\/\/elcotarro.com\/?p=1488\">Read more<\/a><\/p>\n","protected":false},"author":2,"featured_media":0,"comment_status":"open","ping_status":"open","sticky":false,"template":"","format":"standard","meta":{"_jetpack_memberships_contains_paid_content":false,"footnotes":""},"categories":[136,673],"tags":[685,684,674],"class_list":["post-1488","post","type-post","status-publish","format-standard","hentry","category-eventos","category-la-palma","tag-andres-hernandez-sanchez","tag-antonio-mendez-perez","tag-luis-cobiella-cuevas"],"yoast_head":"<!-- This site is optimized with the Yoast SEO plugin v27.0 - https:\/\/yoast.com\/product\/yoast-seo-wordpress\/ -->\n<title>COBIELLA, ANTONIO Y ANDR\u00c9S - El Cotarrro<\/title>\n<meta name=\"description\" content=\"Y si me lo permiten, no puedo olvidar hoy a queridos y recordados personajes, que tristemente ya no est\u00e1n entre nosotros... Es el caso de Antonio M\u00e9ndez P\" \/>\n<meta name=\"robots\" content=\"index, follow, max-snippet:-1, max-image-preview:large, max-video-preview:-1\" \/>\n<link rel=\"canonical\" href=\"https:\/\/elcotarro.com\/?p=1488\" \/>\n<meta property=\"og:locale\" content=\"es_ES\" \/>\n<meta property=\"og:type\" content=\"article\" \/>\n<meta property=\"og:title\" content=\"COBIELLA, ANTONIO Y ANDR\u00c9S - El Cotarrro\" \/>\n<meta property=\"og:description\" content=\"Y si me lo permiten, no puedo olvidar hoy a queridos y recordados personajes, que tristemente ya no est\u00e1n entre nosotros... Es el caso de Antonio M\u00e9ndez P\" \/>\n<meta property=\"og:url\" content=\"https:\/\/elcotarro.com\/?p=1488\" \/>\n<meta property=\"og:site_name\" content=\"El Cotarro\" \/>\n<meta property=\"article:publisher\" content=\"https:\/\/www.facebook.com\/ElCotarro.Tenerife\" \/>\n<meta property=\"article:published_time\" content=\"2015-07-12T11:06:43+00:00\" \/>\n<meta property=\"og:image\" content=\"https:\/\/elcotarro.com\/wp-content\/uploads\/2015\/07\/FOTO-2.-Luis-Cobiella-Cuevas.jpg\" \/>\n<meta name=\"author\" content=\"Jos\u00e9 Carlos Marrero Gonz\u00e1lez\" \/>\n<meta name=\"twitter:label1\" content=\"Escrito por\" \/>\n\t<meta name=\"twitter:data1\" content=\"Jos\u00e9 Carlos Marrero Gonz\u00e1lez\" \/>\n\t<meta name=\"twitter:label2\" content=\"Tiempo de lectura\" \/>\n\t<meta name=\"twitter:data2\" content=\"1 minuto\" \/>\n<script type=\"application\/ld+json\" class=\"yoast-schema-graph\">{\"@context\":\"https:\/\/schema.org\",\"@graph\":[{\"@type\":\"Article\",\"@id\":\"https:\/\/elcotarro.com\/?p=1488#article\",\"isPartOf\":{\"@id\":\"https:\/\/elcotarro.com\/?p=1488\"},\"author\":{\"name\":\"Jos\u00e9 Carlos Marrero Gonz\u00e1lez\",\"@id\":\"https:\/\/elcotarro.com\/#\/schema\/person\/af537ee7d60d15984c7e0affcd8a918b\"},\"headline\":\"COBIELLA, ANTONIO Y ANDR\u00c9S\",\"datePublished\":\"2015-07-12T11:06:43+00:00\",\"mainEntityOfPage\":{\"@id\":\"https:\/\/elcotarro.com\/?p=1488\"},\"wordCount\":182,\"commentCount\":0,\"publisher\":{\"@id\":\"https:\/\/elcotarro.com\/#organization\"},\"image\":{\"@id\":\"https:\/\/elcotarro.com\/?p=1488#primaryimage\"},\"thumbnailUrl\":\"https:\/\/elcotarro.com\/wp-content\/uploads\/2015\/07\/FOTO-2.-Luis-Cobiella-Cuevas.jpg\",\"keywords\":[\"Andr\u00e9s Hern\u00e1ndez S\u00e1nchez\",\"Antonio M\u00e9ndez P\u00e9rez\",\"Luis Cobiella Cuevas\"],\"articleSection\":[\"Eventos\",\"La Palma\"],\"inLanguage\":\"es\",\"potentialAction\":[{\"@type\":\"CommentAction\",\"name\":\"Comment\",\"target\":[\"https:\/\/elcotarro.com\/?p=1488#respond\"]}]},{\"@type\":\"WebPage\",\"@id\":\"https:\/\/elcotarro.com\/?p=1488\",\"url\":\"https:\/\/elcotarro.com\/?p=1488\",\"name\":\"COBIELLA, ANTONIO Y ANDR\u00c9S - El Cotarrro\",\"isPartOf\":{\"@id\":\"https:\/\/elcotarro.com\/#website\"},\"primaryImageOfPage\":{\"@id\":\"https:\/\/elcotarro.com\/?p=1488#primaryimage\"},\"image\":{\"@id\":\"https:\/\/elcotarro.com\/?p=1488#primaryimage\"},\"thumbnailUrl\":\"https:\/\/elcotarro.com\/wp-content\/uploads\/2015\/07\/FOTO-2.-Luis-Cobiella-Cuevas.jpg\",\"datePublished\":\"2015-07-12T11:06:43+00:00\",\"description\":\"Y si me lo permiten, no puedo olvidar hoy a queridos y recordados personajes, que tristemente ya no est\u00e1n entre nosotros... Es el caso de Antonio M\u00e9ndez P\",\"breadcrumb\":{\"@id\":\"https:\/\/elcotarro.com\/?p=1488#breadcrumb\"},\"inLanguage\":\"es\",\"potentialAction\":[{\"@type\":\"ReadAction\",\"target\":[\"https:\/\/elcotarro.com\/?p=1488\"]}]},{\"@type\":\"ImageObject\",\"inLanguage\":\"es\",\"@id\":\"https:\/\/elcotarro.com\/?p=1488#primaryimage\",\"url\":\"https:\/\/elcotarro.com\/wp-content\/uploads\/2015\/07\/FOTO-2.-Luis-Cobiella-Cuevas.jpg\",\"contentUrl\":\"https:\/\/elcotarro.com\/wp-content\/uploads\/2015\/07\/FOTO-2.-Luis-Cobiella-Cuevas.jpg\",\"width\":418,\"height\":340},{\"@type\":\"BreadcrumbList\",\"@id\":\"https:\/\/elcotarro.com\/?p=1488#breadcrumb\",\"itemListElement\":[{\"@type\":\"ListItem\",\"position\":1,\"name\":\"Portada\",\"item\":\"https:\/\/elcotarro.com\/\"},{\"@type\":\"ListItem\",\"position\":2,\"name\":\"COBIELLA, ANTONIO Y ANDR\u00c9S\"}]},{\"@type\":\"WebSite\",\"@id\":\"https:\/\/elcotarro.com\/#website\",\"url\":\"https:\/\/elcotarro.com\/\",\"name\":\"El Cotarro\",\"description\":\"Peri\u00f3dico Digital Independiente dirigido por Jos\u00e9 Carlos Marrero\",\"publisher\":{\"@id\":\"https:\/\/elcotarro.com\/#organization\"},\"potentialAction\":[{\"@type\":\"SearchAction\",\"target\":{\"@type\":\"EntryPoint\",\"urlTemplate\":\"https:\/\/elcotarro.com\/?s={search_term_string}\"},\"query-input\":{\"@type\":\"PropertyValueSpecification\",\"valueRequired\":true,\"valueName\":\"search_term_string\"}}],\"inLanguage\":\"es\"},{\"@type\":\"Organization\",\"@id\":\"https:\/\/elcotarro.com\/#organization\",\"name\":\"El Cotarro\",\"url\":\"https:\/\/elcotarro.com\/\",\"logo\":{\"@type\":\"ImageObject\",\"inLanguage\":\"es\",\"@id\":\"https:\/\/elcotarro.com\/#\/schema\/logo\/image\/\",\"url\":\"https:\/\/elcotarro.com\/wp-content\/uploads\/2014\/09\/Cabecera_El_Cotarro_v2.jpg\",\"contentUrl\":\"https:\/\/elcotarro.com\/wp-content\/uploads\/2014\/09\/Cabecera_El_Cotarro_v2.jpg\",\"width\":3540,\"height\":441,\"caption\":\"El Cotarro\"},\"image\":{\"@id\":\"https:\/\/elcotarro.com\/#\/schema\/logo\/image\/\"},\"sameAs\":[\"https:\/\/www.facebook.com\/ElCotarro.Tenerife\"]},{\"@type\":\"Person\",\"@id\":\"https:\/\/elcotarro.com\/#\/schema\/person\/af537ee7d60d15984c7e0affcd8a918b\",\"name\":\"Jos\u00e9 Carlos Marrero Gonz\u00e1lez\",\"image\":{\"@type\":\"ImageObject\",\"inLanguage\":\"es\",\"@id\":\"https:\/\/elcotarro.com\/#\/schema\/person\/image\/\",\"url\":\"https:\/\/secure.gravatar.com\/avatar\/def4da036efb5d32c74d49c351f6dccc064dd69ad9f3aadc295c5a9a5391ca01?s=96&d=mm&r=g\",\"contentUrl\":\"https:\/\/secure.gravatar.com\/avatar\/def4da036efb5d32c74d49c351f6dccc064dd69ad9f3aadc295c5a9a5391ca01?s=96&d=mm&r=g\",\"caption\":\"Jos\u00e9 Carlos Marrero Gonz\u00e1lez\"},\"sameAs\":[\"https:\/\/elcotarro.com\"],\"url\":\"https:\/\/elcotarro.com\/?author=2\"}]}<\/script>\n<!-- \/ Yoast SEO plugin. -->","yoast_head_json":{"title":"COBIELLA, ANTONIO Y ANDR\u00c9S - El Cotarrro","description":"Y si me lo permiten, no puedo olvidar hoy a queridos y recordados personajes, que tristemente ya no est\u00e1n entre nosotros... Es el caso de Antonio M\u00e9ndez P","robots":{"index":"index","follow":"follow","max-snippet":"max-snippet:-1","max-image-preview":"max-image-preview:large","max-video-preview":"max-video-preview:-1"},"canonical":"https:\/\/elcotarro.com\/?p=1488","og_locale":"es_ES","og_type":"article","og_title":"COBIELLA, ANTONIO Y ANDR\u00c9S - El Cotarrro","og_description":"Y si me lo permiten, no puedo olvidar hoy a queridos y recordados personajes, que tristemente ya no est\u00e1n entre nosotros... Es el caso de Antonio M\u00e9ndez P","og_url":"https:\/\/elcotarro.com\/?p=1488","og_site_name":"El Cotarro","article_publisher":"https:\/\/www.facebook.com\/ElCotarro.Tenerife","article_published_time":"2015-07-12T11:06:43+00:00","og_image":[{"url":"https:\/\/elcotarro.com\/wp-content\/uploads\/2015\/07\/FOTO-2.-Luis-Cobiella-Cuevas.jpg","type":"","width":"","height":""}],"author":"Jos\u00e9 Carlos Marrero Gonz\u00e1lez","twitter_misc":{"Escrito por":"Jos\u00e9 Carlos Marrero Gonz\u00e1lez","Tiempo de lectura":"1 minuto"},"schema":{"@context":"https:\/\/schema.org","@graph":[{"@type":"Article","@id":"https:\/\/elcotarro.com\/?p=1488#article","isPartOf":{"@id":"https:\/\/elcotarro.com\/?p=1488"},"author":{"name":"Jos\u00e9 Carlos Marrero Gonz\u00e1lez","@id":"https:\/\/elcotarro.com\/#\/schema\/person\/af537ee7d60d15984c7e0affcd8a918b"},"headline":"COBIELLA, ANTONIO Y ANDR\u00c9S","datePublished":"2015-07-12T11:06:43+00:00","mainEntityOfPage":{"@id":"https:\/\/elcotarro.com\/?p=1488"},"wordCount":182,"commentCount":0,"publisher":{"@id":"https:\/\/elcotarro.com\/#organization"},"image":{"@id":"https:\/\/elcotarro.com\/?p=1488#primaryimage"},"thumbnailUrl":"https:\/\/elcotarro.com\/wp-content\/uploads\/2015\/07\/FOTO-2.-Luis-Cobiella-Cuevas.jpg","keywords":["Andr\u00e9s Hern\u00e1ndez S\u00e1nchez","Antonio M\u00e9ndez P\u00e9rez","Luis Cobiella Cuevas"],"articleSection":["Eventos","La Palma"],"inLanguage":"es","potentialAction":[{"@type":"CommentAction","name":"Comment","target":["https:\/\/elcotarro.com\/?p=1488#respond"]}]},{"@type":"WebPage","@id":"https:\/\/elcotarro.com\/?p=1488","url":"https:\/\/elcotarro.com\/?p=1488","name":"COBIELLA, ANTONIO Y ANDR\u00c9S - El Cotarrro","isPartOf":{"@id":"https:\/\/elcotarro.com\/#website"},"primaryImageOfPage":{"@id":"https:\/\/elcotarro.com\/?p=1488#primaryimage"},"image":{"@id":"https:\/\/elcotarro.com\/?p=1488#primaryimage"},"thumbnailUrl":"https:\/\/elcotarro.com\/wp-content\/uploads\/2015\/07\/FOTO-2.-Luis-Cobiella-Cuevas.jpg","datePublished":"2015-07-12T11:06:43+00:00","description":"Y si me lo permiten, no puedo olvidar hoy a queridos y recordados personajes, que tristemente ya no est\u00e1n entre nosotros... Es el caso de Antonio M\u00e9ndez P","breadcrumb":{"@id":"https:\/\/elcotarro.com\/?p=1488#breadcrumb"},"inLanguage":"es","potentialAction":[{"@type":"ReadAction","target":["https:\/\/elcotarro.com\/?p=1488"]}]},{"@type":"ImageObject","inLanguage":"es","@id":"https:\/\/elcotarro.com\/?p=1488#primaryimage","url":"https:\/\/elcotarro.com\/wp-content\/uploads\/2015\/07\/FOTO-2.-Luis-Cobiella-Cuevas.jpg","contentUrl":"https:\/\/elcotarro.com\/wp-content\/uploads\/2015\/07\/FOTO-2.-Luis-Cobiella-Cuevas.jpg","width":418,"height":340},{"@type":"BreadcrumbList","@id":"https:\/\/elcotarro.com\/?p=1488#breadcrumb","itemListElement":[{"@type":"ListItem","position":1,"name":"Portada","item":"https:\/\/elcotarro.com\/"},{"@type":"ListItem","position":2,"name":"COBIELLA, ANTONIO Y ANDR\u00c9S"}]},{"@type":"WebSite","@id":"https:\/\/elcotarro.com\/#website","url":"https:\/\/elcotarro.com\/","name":"El Cotarro","description":"Peri\u00f3dico Digital Independiente dirigido por Jos\u00e9 Carlos Marrero","publisher":{"@id":"https:\/\/elcotarro.com\/#organization"},"potentialAction":[{"@type":"SearchAction","target":{"@type":"EntryPoint","urlTemplate":"https:\/\/elcotarro.com\/?s={search_term_string}"},"query-input":{"@type":"PropertyValueSpecification","valueRequired":true,"valueName":"search_term_string"}}],"inLanguage":"es"},{"@type":"Organization","@id":"https:\/\/elcotarro.com\/#organization","name":"El Cotarro","url":"https:\/\/elcotarro.com\/","logo":{"@type":"ImageObject","inLanguage":"es","@id":"https:\/\/elcotarro.com\/#\/schema\/logo\/image\/","url":"https:\/\/elcotarro.com\/wp-content\/uploads\/2014\/09\/Cabecera_El_Cotarro_v2.jpg","contentUrl":"https:\/\/elcotarro.com\/wp-content\/uploads\/2014\/09\/Cabecera_El_Cotarro_v2.jpg","width":3540,"height":441,"caption":"El Cotarro"},"image":{"@id":"https:\/\/elcotarro.com\/#\/schema\/logo\/image\/"},"sameAs":["https:\/\/www.facebook.com\/ElCotarro.Tenerife"]},{"@type":"Person","@id":"https:\/\/elcotarro.com\/#\/schema\/person\/af537ee7d60d15984c7e0affcd8a918b","name":"Jos\u00e9 Carlos Marrero Gonz\u00e1lez","image":{"@type":"ImageObject","inLanguage":"es","@id":"https:\/\/elcotarro.com\/#\/schema\/person\/image\/","url":"https:\/\/secure.gravatar.com\/avatar\/def4da036efb5d32c74d49c351f6dccc064dd69ad9f3aadc295c5a9a5391ca01?s=96&d=mm&r=g","contentUrl":"https:\/\/secure.gravatar.com\/avatar\/def4da036efb5d32c74d49c351f6dccc064dd69ad9f3aadc295c5a9a5391ca01?s=96&d=mm&r=g","caption":"Jos\u00e9 Carlos Marrero Gonz\u00e1lez"},"sameAs":["https:\/\/elcotarro.com"],"url":"https:\/\/elcotarro.com\/?author=2"}]}},"jetpack_featured_media_url":"","jetpack_sharing_enabled":true,"_links":{"self":[{"href":"https:\/\/elcotarro.com\/index.php?rest_route=\/wp\/v2\/posts\/1488","targetHints":{"allow":["GET"]}}],"collection":[{"href":"https:\/\/elcotarro.com\/index.php?rest_route=\/wp\/v2\/posts"}],"about":[{"href":"https:\/\/elcotarro.com\/index.php?rest_route=\/wp\/v2\/types\/post"}],"author":[{"embeddable":true,"href":"https:\/\/elcotarro.com\/index.php?rest_route=\/wp\/v2\/users\/2"}],"replies":[{"embeddable":true,"href":"https:\/\/elcotarro.com\/index.php?rest_route=%2Fwp%2Fv2%2Fcomments&post=1488"}],"version-history":[{"count":1,"href":"https:\/\/elcotarro.com\/index.php?rest_route=\/wp\/v2\/posts\/1488\/revisions"}],"predecessor-version":[{"id":1492,"href":"https:\/\/elcotarro.com\/index.php?rest_route=\/wp\/v2\/posts\/1488\/revisions\/1492"}],"wp:attachment":[{"href":"https:\/\/elcotarro.com\/index.php?rest_route=%2Fwp%2Fv2%2Fmedia&parent=1488"}],"wp:term":[{"taxonomy":"category","embeddable":true,"href":"https:\/\/elcotarro.com\/index.php?rest_route=%2Fwp%2Fv2%2Fcategories&post=1488"},{"taxonomy":"post_tag","embeddable":true,"href":"https:\/\/elcotarro.com\/index.php?rest_route=%2Fwp%2Fv2%2Ftags&post=1488"}],"curies":[{"name":"wp","href":"https:\/\/api.w.org\/{rel}","templated":true}]}}