{"id":1535,"date":"2015-07-26T11:03:03","date_gmt":"2015-07-26T10:03:03","guid":{"rendered":"https:\/\/elcotarro.com\/?p=1535"},"modified":"2015-07-26T09:58:11","modified_gmt":"2015-07-26T08:58:11","slug":"nueva-directora-cientifica-del-icia","status":"publish","type":"post","link":"https:\/\/elcotarro.com\/?p=1535","title":{"rendered":"NUEVA DIRECTORA CIENT\u00cdFICA DEL ICIA"},"content":{"rendered":"<p>\u2666 Tambi\u00e9n cambios en el importante y estrat\u00e9gico Instituto Canario de Investigaciones Agrarias (ICIA), que acaba de renovar su c\u00fapula directiva&#8230; La merecida jubilaci\u00f3n del que hasta ahora ha sido su director cient\u00edfico, el prestigioso doctor ingeniero agr\u00f3nomo <strong>Manuel Caballero Ruano<\/strong>, experto donde los haya en palmeras, junto con la del abogado y gran t\u00e9cnico de Administraci\u00f3n Local, <strong>Lucio Cris\u00f3stomo Medina<\/strong>, que ha llevado la Secretar\u00eda General del ICIA durante estos \u00faltimos a\u00f1os, ha propiciado los cambios y nombramientos habidos&#8230;. Unos cambios que, estoy seguro, dar\u00e1n a su vez nuevos br\u00edos a este instituto que desea contar (y yo creo que contar\u00e1) con el respaldo del nuevo consejero de Agricultura del Gobierno de Canarias, el puntal herre\u00f1o <strong>Alejandro Narvay Quintero Casta\u00f1eda<\/strong>&#8230; La nueva directora cient\u00edfica del ICIA ya es una palmera de pro, la doctora en veterinaria <strong>Mar\u00eda del Rosario Fresno Baquero<\/strong> (<strong>Marichu Fresno<\/strong>, para los amigos), quiz\u00e1 la mayor y mejor experta en quesos canarios que conocemos, y que, adem\u00e1s y en principio, ostentar\u00e1 por delegaci\u00f3n la Presidencia del Instituto, hasta que tome posesi\u00f3n del cargo la nueva presidenta, ya nombrada, <strong>Nazaret D\u00edaz Santos<\/strong>&#8230; Junto <strong>Marichu Fresno<\/strong> estar\u00e1 la abogada y tambi\u00e9n reconocida t\u00e9cnico de Administraci\u00f3n Local, <strong>Mar\u00eda Antonieta Ascanio Machado<\/strong>&#8230; Si les apoyan, les dan m\u00e1s medios y les dejan trabajar y con el rigor que les caracteriza, el ICIA har\u00e1 maravillas y nos dar\u00e1 muchas satisfacciones (y dos piedras)&#8230; \u00a1Mucha suerte!<\/p>\n<p><a href=\"https:\/\/elcotarro.com\/wp-content\/uploads\/2015\/07\/FOTO-5.-Directiva-del-ICIA.jpg\"><img loading=\"lazy\" decoding=\"async\" class=\"aligncenter size-large wp-image-1536\" src=\"https:\/\/elcotarro.com\/wp-content\/uploads\/2015\/07\/FOTO-5.-Directiva-del-ICIA-1024x645.jpg\" alt=\"FOTO 5.- Directiva del ICIA\" width=\"1024\" height=\"645\" srcset=\"https:\/\/elcotarro.com\/wp-content\/uploads\/2015\/07\/FOTO-5.-Directiva-del-ICIA-1024x645.jpg 1024w, https:\/\/elcotarro.com\/wp-content\/uploads\/2015\/07\/FOTO-5.-Directiva-del-ICIA-300x189.jpg 300w, https:\/\/elcotarro.com\/wp-content\/uploads\/2015\/07\/FOTO-5.-Directiva-del-ICIA.jpg 1280w\" sizes=\"auto, (max-width: 1024px) 100vw, 1024px\" \/><\/a><\/p>\n<p class=\"comentario\" style=\"text-align: center;\">De Izda. a Dcha.: Lucio Medina, M\u00aa Antonieta Ascanio, Marichu Fresno y Manuel Caballero<\/p>\n","protected":false},"excerpt":{"rendered":"<p>\u2666 Tambi\u00e9n cambios en el importante y estrat\u00e9gico Instituto Canario de Investigaciones Agrarias (ICIA), que acaba de renovar su c\u00fapula directiva&#8230; La merecida jubilaci\u00f3n del que hasta ahora ha sido su director cient\u00edfico, el prestigioso doctor ingeniero agr\u00f3nomo Manuel Caballero Ruano, experto donde los haya en palmeras, junto con la del abogado y gran t\u00e9cnico &#8230; <a class=\"read-more\" href=\"https:\/\/elcotarro.com\/?p=1535\">Read more<\/a><\/p>\n","protected":false},"author":2,"featured_media":0,"comment_status":"open","ping_status":"open","sticky":false,"template":"","format":"standard","meta":{"_jetpack_memberships_contains_paid_content":false,"footnotes":""},"categories":[54],"tags":[717,716,715,720,718,719],"class_list":["post-1535","post","type-post","status-publish","format-standard","hentry","category-personajes","tag-alejandro-narvay-quintero-castaneda","tag-lucio-crisostomo-medina","tag-manuel-caballero-ruano","tag-maria-antonieta-ascanio-machado","tag-maria-del-rosario-fresno-baquero","tag-nazaret-diaz-santos"],"yoast_head":"<!-- This site is optimized with the Yoast SEO plugin v27.0 - https:\/\/yoast.com\/product\/yoast-seo-wordpress\/ -->\n<title>NUEVA DIRECTORA CIENT\u00cdFICA DEL ICIA - El Cotarrro<\/title>\n<meta name=\"description\" content=\"Tambi\u00e9n cambios en el importante y estrat\u00e9gico Instituto Canario de Investigaciones Agrarias (ICIA), que acaba de renovar su c\u00fapula directiva... La mereci\" \/>\n<meta name=\"robots\" content=\"index, follow, max-snippet:-1, max-image-preview:large, max-video-preview:-1\" \/>\n<link rel=\"canonical\" href=\"https:\/\/elcotarro.com\/?p=1535\" \/>\n<meta property=\"og:locale\" content=\"es_ES\" \/>\n<meta property=\"og:type\" content=\"article\" \/>\n<meta property=\"og:title\" content=\"NUEVA DIRECTORA CIENT\u00cdFICA DEL ICIA - El Cotarrro\" \/>\n<meta property=\"og:description\" content=\"Tambi\u00e9n cambios en el importante y estrat\u00e9gico Instituto Canario de Investigaciones Agrarias (ICIA), que acaba de renovar su c\u00fapula directiva... La mereci\" \/>\n<meta property=\"og:url\" content=\"https:\/\/elcotarro.com\/?p=1535\" \/>\n<meta property=\"og:site_name\" content=\"El Cotarro\" \/>\n<meta property=\"article:publisher\" content=\"https:\/\/www.facebook.com\/ElCotarro.Tenerife\" \/>\n<meta property=\"article:published_time\" content=\"2015-07-26T10:03:03+00:00\" \/>\n<meta property=\"og:image\" content=\"https:\/\/elcotarro.com\/wp-content\/uploads\/2015\/07\/FOTO-5.-Directiva-del-ICIA-1024x645.jpg\" \/>\n<meta name=\"author\" content=\"Jos\u00e9 Carlos Marrero Gonz\u00e1lez\" \/>\n<meta name=\"twitter:label1\" content=\"Escrito por\" \/>\n\t<meta name=\"twitter:data1\" content=\"Jos\u00e9 Carlos Marrero Gonz\u00e1lez\" \/>\n\t<meta name=\"twitter:label2\" content=\"Tiempo de lectura\" \/>\n\t<meta name=\"twitter:data2\" content=\"1 minuto\" \/>\n<script type=\"application\/ld+json\" class=\"yoast-schema-graph\">{\"@context\":\"https:\/\/schema.org\",\"@graph\":[{\"@type\":\"Article\",\"@id\":\"https:\/\/elcotarro.com\/?p=1535#article\",\"isPartOf\":{\"@id\":\"https:\/\/elcotarro.com\/?p=1535\"},\"author\":{\"name\":\"Jos\u00e9 Carlos Marrero Gonz\u00e1lez\",\"@id\":\"https:\/\/elcotarro.com\/#\/schema\/person\/af537ee7d60d15984c7e0affcd8a918b\"},\"headline\":\"NUEVA DIRECTORA CIENT\u00cdFICA DEL ICIA\",\"datePublished\":\"2015-07-26T10:03:03+00:00\",\"mainEntityOfPage\":{\"@id\":\"https:\/\/elcotarro.com\/?p=1535\"},\"wordCount\":279,\"commentCount\":1,\"publisher\":{\"@id\":\"https:\/\/elcotarro.com\/#organization\"},\"image\":{\"@id\":\"https:\/\/elcotarro.com\/?p=1535#primaryimage\"},\"thumbnailUrl\":\"https:\/\/elcotarro.com\/wp-content\/uploads\/2015\/07\/FOTO-5.-Directiva-del-ICIA-1024x645.jpg\",\"keywords\":[\"Alejandro Narvay Quintero Casta\u00f1eda\",\"Lucio Cris\u00f3stomo Medina\",\"Manuel Caballero Ruano\",\"Mar\u00eda Antonieta Ascanio Machado\",\"Mar\u00eda del Rosario Fresno Baquero\",\"Nazaret D\u00edaz Santos\"],\"articleSection\":[\"Personajes\"],\"inLanguage\":\"es\",\"potentialAction\":[{\"@type\":\"CommentAction\",\"name\":\"Comment\",\"target\":[\"https:\/\/elcotarro.com\/?p=1535#respond\"]}]},{\"@type\":\"WebPage\",\"@id\":\"https:\/\/elcotarro.com\/?p=1535\",\"url\":\"https:\/\/elcotarro.com\/?p=1535\",\"name\":\"NUEVA DIRECTORA CIENT\u00cdFICA DEL ICIA - El Cotarrro\",\"isPartOf\":{\"@id\":\"https:\/\/elcotarro.com\/#website\"},\"primaryImageOfPage\":{\"@id\":\"https:\/\/elcotarro.com\/?p=1535#primaryimage\"},\"image\":{\"@id\":\"https:\/\/elcotarro.com\/?p=1535#primaryimage\"},\"thumbnailUrl\":\"https:\/\/elcotarro.com\/wp-content\/uploads\/2015\/07\/FOTO-5.-Directiva-del-ICIA-1024x645.jpg\",\"datePublished\":\"2015-07-26T10:03:03+00:00\",\"description\":\"Tambi\u00e9n cambios en el importante y estrat\u00e9gico Instituto Canario de Investigaciones Agrarias (ICIA), que acaba de renovar su c\u00fapula directiva... La mereci\",\"breadcrumb\":{\"@id\":\"https:\/\/elcotarro.com\/?p=1535#breadcrumb\"},\"inLanguage\":\"es\",\"potentialAction\":[{\"@type\":\"ReadAction\",\"target\":[\"https:\/\/elcotarro.com\/?p=1535\"]}]},{\"@type\":\"ImageObject\",\"inLanguage\":\"es\",\"@id\":\"https:\/\/elcotarro.com\/?p=1535#primaryimage\",\"url\":\"https:\/\/elcotarro.com\/wp-content\/uploads\/2015\/07\/FOTO-5.-Directiva-del-ICIA.jpg\",\"contentUrl\":\"https:\/\/elcotarro.com\/wp-content\/uploads\/2015\/07\/FOTO-5.-Directiva-del-ICIA.jpg\",\"width\":1280,\"height\":806},{\"@type\":\"BreadcrumbList\",\"@id\":\"https:\/\/elcotarro.com\/?p=1535#breadcrumb\",\"itemListElement\":[{\"@type\":\"ListItem\",\"position\":1,\"name\":\"Portada\",\"item\":\"https:\/\/elcotarro.com\/\"},{\"@type\":\"ListItem\",\"position\":2,\"name\":\"NUEVA DIRECTORA CIENT\u00cdFICA DEL ICIA\"}]},{\"@type\":\"WebSite\",\"@id\":\"https:\/\/elcotarro.com\/#website\",\"url\":\"https:\/\/elcotarro.com\/\",\"name\":\"El Cotarro\",\"description\":\"Peri\u00f3dico Digital Independiente dirigido por Jos\u00e9 Carlos Marrero\",\"publisher\":{\"@id\":\"https:\/\/elcotarro.com\/#organization\"},\"potentialAction\":[{\"@type\":\"SearchAction\",\"target\":{\"@type\":\"EntryPoint\",\"urlTemplate\":\"https:\/\/elcotarro.com\/?s={search_term_string}\"},\"query-input\":{\"@type\":\"PropertyValueSpecification\",\"valueRequired\":true,\"valueName\":\"search_term_string\"}}],\"inLanguage\":\"es\"},{\"@type\":\"Organization\",\"@id\":\"https:\/\/elcotarro.com\/#organization\",\"name\":\"El Cotarro\",\"url\":\"https:\/\/elcotarro.com\/\",\"logo\":{\"@type\":\"ImageObject\",\"inLanguage\":\"es\",\"@id\":\"https:\/\/elcotarro.com\/#\/schema\/logo\/image\/\",\"url\":\"https:\/\/elcotarro.com\/wp-content\/uploads\/2014\/09\/Cabecera_El_Cotarro_v2.jpg\",\"contentUrl\":\"https:\/\/elcotarro.com\/wp-content\/uploads\/2014\/09\/Cabecera_El_Cotarro_v2.jpg\",\"width\":3540,\"height\":441,\"caption\":\"El Cotarro\"},\"image\":{\"@id\":\"https:\/\/elcotarro.com\/#\/schema\/logo\/image\/\"},\"sameAs\":[\"https:\/\/www.facebook.com\/ElCotarro.Tenerife\"]},{\"@type\":\"Person\",\"@id\":\"https:\/\/elcotarro.com\/#\/schema\/person\/af537ee7d60d15984c7e0affcd8a918b\",\"name\":\"Jos\u00e9 Carlos Marrero Gonz\u00e1lez\",\"image\":{\"@type\":\"ImageObject\",\"inLanguage\":\"es\",\"@id\":\"https:\/\/elcotarro.com\/#\/schema\/person\/image\/\",\"url\":\"https:\/\/secure.gravatar.com\/avatar\/def4da036efb5d32c74d49c351f6dccc064dd69ad9f3aadc295c5a9a5391ca01?s=96&d=mm&r=g\",\"contentUrl\":\"https:\/\/secure.gravatar.com\/avatar\/def4da036efb5d32c74d49c351f6dccc064dd69ad9f3aadc295c5a9a5391ca01?s=96&d=mm&r=g\",\"caption\":\"Jos\u00e9 Carlos Marrero Gonz\u00e1lez\"},\"sameAs\":[\"https:\/\/elcotarro.com\"],\"url\":\"https:\/\/elcotarro.com\/?author=2\"}]}<\/script>\n<!-- \/ Yoast SEO plugin. -->","yoast_head_json":{"title":"NUEVA DIRECTORA CIENT\u00cdFICA DEL ICIA - El Cotarrro","description":"Tambi\u00e9n cambios en el importante y estrat\u00e9gico Instituto Canario de Investigaciones Agrarias (ICIA), que acaba de renovar su c\u00fapula directiva... La mereci","robots":{"index":"index","follow":"follow","max-snippet":"max-snippet:-1","max-image-preview":"max-image-preview:large","max-video-preview":"max-video-preview:-1"},"canonical":"https:\/\/elcotarro.com\/?p=1535","og_locale":"es_ES","og_type":"article","og_title":"NUEVA DIRECTORA CIENT\u00cdFICA DEL ICIA - El Cotarrro","og_description":"Tambi\u00e9n cambios en el importante y estrat\u00e9gico Instituto Canario de Investigaciones Agrarias (ICIA), que acaba de renovar su c\u00fapula directiva... La mereci","og_url":"https:\/\/elcotarro.com\/?p=1535","og_site_name":"El Cotarro","article_publisher":"https:\/\/www.facebook.com\/ElCotarro.Tenerife","article_published_time":"2015-07-26T10:03:03+00:00","og_image":[{"url":"https:\/\/elcotarro.com\/wp-content\/uploads\/2015\/07\/FOTO-5.-Directiva-del-ICIA-1024x645.jpg","type":"","width":"","height":""}],"author":"Jos\u00e9 Carlos Marrero Gonz\u00e1lez","twitter_misc":{"Escrito por":"Jos\u00e9 Carlos Marrero Gonz\u00e1lez","Tiempo de lectura":"1 minuto"},"schema":{"@context":"https:\/\/schema.org","@graph":[{"@type":"Article","@id":"https:\/\/elcotarro.com\/?p=1535#article","isPartOf":{"@id":"https:\/\/elcotarro.com\/?p=1535"},"author":{"name":"Jos\u00e9 Carlos Marrero Gonz\u00e1lez","@id":"https:\/\/elcotarro.com\/#\/schema\/person\/af537ee7d60d15984c7e0affcd8a918b"},"headline":"NUEVA DIRECTORA CIENT\u00cdFICA DEL ICIA","datePublished":"2015-07-26T10:03:03+00:00","mainEntityOfPage":{"@id":"https:\/\/elcotarro.com\/?p=1535"},"wordCount":279,"commentCount":1,"publisher":{"@id":"https:\/\/elcotarro.com\/#organization"},"image":{"@id":"https:\/\/elcotarro.com\/?p=1535#primaryimage"},"thumbnailUrl":"https:\/\/elcotarro.com\/wp-content\/uploads\/2015\/07\/FOTO-5.-Directiva-del-ICIA-1024x645.jpg","keywords":["Alejandro Narvay Quintero Casta\u00f1eda","Lucio Cris\u00f3stomo Medina","Manuel Caballero Ruano","Mar\u00eda Antonieta Ascanio Machado","Mar\u00eda del Rosario Fresno Baquero","Nazaret D\u00edaz Santos"],"articleSection":["Personajes"],"inLanguage":"es","potentialAction":[{"@type":"CommentAction","name":"Comment","target":["https:\/\/elcotarro.com\/?p=1535#respond"]}]},{"@type":"WebPage","@id":"https:\/\/elcotarro.com\/?p=1535","url":"https:\/\/elcotarro.com\/?p=1535","name":"NUEVA DIRECTORA CIENT\u00cdFICA DEL ICIA - El Cotarrro","isPartOf":{"@id":"https:\/\/elcotarro.com\/#website"},"primaryImageOfPage":{"@id":"https:\/\/elcotarro.com\/?p=1535#primaryimage"},"image":{"@id":"https:\/\/elcotarro.com\/?p=1535#primaryimage"},"thumbnailUrl":"https:\/\/elcotarro.com\/wp-content\/uploads\/2015\/07\/FOTO-5.-Directiva-del-ICIA-1024x645.jpg","datePublished":"2015-07-26T10:03:03+00:00","description":"Tambi\u00e9n cambios en el importante y estrat\u00e9gico Instituto Canario de Investigaciones Agrarias (ICIA), que acaba de renovar su c\u00fapula directiva... La mereci","breadcrumb":{"@id":"https:\/\/elcotarro.com\/?p=1535#breadcrumb"},"inLanguage":"es","potentialAction":[{"@type":"ReadAction","target":["https:\/\/elcotarro.com\/?p=1535"]}]},{"@type":"ImageObject","inLanguage":"es","@id":"https:\/\/elcotarro.com\/?p=1535#primaryimage","url":"https:\/\/elcotarro.com\/wp-content\/uploads\/2015\/07\/FOTO-5.-Directiva-del-ICIA.jpg","contentUrl":"https:\/\/elcotarro.com\/wp-content\/uploads\/2015\/07\/FOTO-5.-Directiva-del-ICIA.jpg","width":1280,"height":806},{"@type":"BreadcrumbList","@id":"https:\/\/elcotarro.com\/?p=1535#breadcrumb","itemListElement":[{"@type":"ListItem","position":1,"name":"Portada","item":"https:\/\/elcotarro.com\/"},{"@type":"ListItem","position":2,"name":"NUEVA DIRECTORA CIENT\u00cdFICA DEL ICIA"}]},{"@type":"WebSite","@id":"https:\/\/elcotarro.com\/#website","url":"https:\/\/elcotarro.com\/","name":"El Cotarro","description":"Peri\u00f3dico Digital Independiente dirigido por Jos\u00e9 Carlos Marrero","publisher":{"@id":"https:\/\/elcotarro.com\/#organization"},"potentialAction":[{"@type":"SearchAction","target":{"@type":"EntryPoint","urlTemplate":"https:\/\/elcotarro.com\/?s={search_term_string}"},"query-input":{"@type":"PropertyValueSpecification","valueRequired":true,"valueName":"search_term_string"}}],"inLanguage":"es"},{"@type":"Organization","@id":"https:\/\/elcotarro.com\/#organization","name":"El Cotarro","url":"https:\/\/elcotarro.com\/","logo":{"@type":"ImageObject","inLanguage":"es","@id":"https:\/\/elcotarro.com\/#\/schema\/logo\/image\/","url":"https:\/\/elcotarro.com\/wp-content\/uploads\/2014\/09\/Cabecera_El_Cotarro_v2.jpg","contentUrl":"https:\/\/elcotarro.com\/wp-content\/uploads\/2014\/09\/Cabecera_El_Cotarro_v2.jpg","width":3540,"height":441,"caption":"El Cotarro"},"image":{"@id":"https:\/\/elcotarro.com\/#\/schema\/logo\/image\/"},"sameAs":["https:\/\/www.facebook.com\/ElCotarro.Tenerife"]},{"@type":"Person","@id":"https:\/\/elcotarro.com\/#\/schema\/person\/af537ee7d60d15984c7e0affcd8a918b","name":"Jos\u00e9 Carlos Marrero Gonz\u00e1lez","image":{"@type":"ImageObject","inLanguage":"es","@id":"https:\/\/elcotarro.com\/#\/schema\/person\/image\/","url":"https:\/\/secure.gravatar.com\/avatar\/def4da036efb5d32c74d49c351f6dccc064dd69ad9f3aadc295c5a9a5391ca01?s=96&d=mm&r=g","contentUrl":"https:\/\/secure.gravatar.com\/avatar\/def4da036efb5d32c74d49c351f6dccc064dd69ad9f3aadc295c5a9a5391ca01?s=96&d=mm&r=g","caption":"Jos\u00e9 Carlos Marrero Gonz\u00e1lez"},"sameAs":["https:\/\/elcotarro.com"],"url":"https:\/\/elcotarro.com\/?author=2"}]}},"jetpack_featured_media_url":"","jetpack_sharing_enabled":true,"_links":{"self":[{"href":"https:\/\/elcotarro.com\/index.php?rest_route=\/wp\/v2\/posts\/1535","targetHints":{"allow":["GET"]}}],"collection":[{"href":"https:\/\/elcotarro.com\/index.php?rest_route=\/wp\/v2\/posts"}],"about":[{"href":"https:\/\/elcotarro.com\/index.php?rest_route=\/wp\/v2\/types\/post"}],"author":[{"embeddable":true,"href":"https:\/\/elcotarro.com\/index.php?rest_route=\/wp\/v2\/users\/2"}],"replies":[{"embeddable":true,"href":"https:\/\/elcotarro.com\/index.php?rest_route=%2Fwp%2Fv2%2Fcomments&post=1535"}],"version-history":[{"count":1,"href":"https:\/\/elcotarro.com\/index.php?rest_route=\/wp\/v2\/posts\/1535\/revisions"}],"predecessor-version":[{"id":1537,"href":"https:\/\/elcotarro.com\/index.php?rest_route=\/wp\/v2\/posts\/1535\/revisions\/1537"}],"wp:attachment":[{"href":"https:\/\/elcotarro.com\/index.php?rest_route=%2Fwp%2Fv2%2Fmedia&parent=1535"}],"wp:term":[{"taxonomy":"category","embeddable":true,"href":"https:\/\/elcotarro.com\/index.php?rest_route=%2Fwp%2Fv2%2Fcategories&post=1535"},{"taxonomy":"post_tag","embeddable":true,"href":"https:\/\/elcotarro.com\/index.php?rest_route=%2Fwp%2Fv2%2Ftags&post=1535"}],"curies":[{"name":"wp","href":"https:\/\/api.w.org\/{rel}","templated":true}]}}