{"id":1562,"date":"2015-08-02T11:06:21","date_gmt":"2015-08-02T10:06:21","guid":{"rendered":"https:\/\/elcotarro.com\/?p=1562"},"modified":"2015-08-02T11:26:57","modified_gmt":"2015-08-02T10:26:57","slug":"un-gran-tunel-muy-necesario","status":"publish","type":"post","link":"https:\/\/elcotarro.com\/?p=1562","title":{"rendered":"UN GRAN T\u00daNEL MUY NECESARIO"},"content":{"rendered":"<p>\u2666 Est\u00e1, para empezar, el merecimiento de todos los municipios del sur y la necesidad de todos los del norte&#8230; Y est\u00e1, sobre todo, la posibilidad de que mucha gente del norte pueda conseguir trabajo en el sur, sin verse obligados a mudarse y, de rebote, despoblar los municipios norte\u00f1os&#8230; Creo que el presidente insular del PP, <strong>Manuel Dom\u00ednguez<\/strong>, ha sido inteligente (y adem\u00e1s listo y r\u00e1pido) y ha sabido transmitir a <strong>Jos\u00e9 Manuel Soria<\/strong> y a la ministra de Fomento, <strong>Ana Pastor<\/strong>, que Tenerife necesita el cierre del anillo insular y que nuestra isla se merece el gran t\u00fanel&#8230; El frente com\u00fan de <strong>Carlos Alonso<\/strong> con la voluntad de consenso de <strong>Fernando Clavijo<\/strong> (todo lo contrario a la actitud de enfrentamiento permanente que ten\u00eda <strong>Paulino Rivero<\/strong>) ya est\u00e1 dando frutos\u2026 Y claro, <strong>Mariano Rajoy<\/strong> (que tampoco es tonto) se ha dado cuenta de que, en Tenerife, el futuro del PP en las pr\u00f3ximas generales pasa por dicho t\u00fanel\u2026, camino de Las Chumberas.<\/p>\n<table align=\"center\">\n<tbody>\n<tr>\n<td><a href=\"https:\/\/elcotarro.com\/wp-content\/uploads\/2015\/08\/FOTO-2.-Fernando-Clavijo-Batlle.jpg\"><img loading=\"lazy\" decoding=\"async\" class=\" wp-image-1565 alignnone\" src=\"https:\/\/elcotarro.com\/wp-content\/uploads\/2015\/08\/FOTO-2.-Fernando-Clavijo-Batlle-239x300.jpg\" alt=\"FOTO 2.- Fernando Clavijo Batlle\" width=\"159\" height=\"200\" srcset=\"https:\/\/elcotarro.com\/wp-content\/uploads\/2015\/08\/FOTO-2.-Fernando-Clavijo-Batlle-239x300.jpg 239w, https:\/\/elcotarro.com\/wp-content\/uploads\/2015\/08\/FOTO-2.-Fernando-Clavijo-Batlle.jpg 299w\" sizes=\"auto, (max-width: 159px) 100vw, 159px\" \/><\/a><\/td>\n<td><a href=\"https:\/\/elcotarro.com\/wp-content\/uploads\/2015\/08\/FOTO-3.-Manuel-Dom\u00ednguez.jpg\"><img loading=\"lazy\" decoding=\"async\" class=\" wp-image-1564 alignnone\" src=\"https:\/\/elcotarro.com\/wp-content\/uploads\/2015\/08\/FOTO-3.-Manuel-Dom\u00ednguez-300x187.jpg\" alt=\"FOTO 3.- Manuel Dom\u00ednguez\" width=\"321\" height=\"200\" srcset=\"https:\/\/elcotarro.com\/wp-content\/uploads\/2015\/08\/FOTO-3.-Manuel-Dom\u00ednguez-300x187.jpg 300w, https:\/\/elcotarro.com\/wp-content\/uploads\/2015\/08\/FOTO-3.-Manuel-Dom\u00ednguez.jpg 610w\" sizes=\"auto, (max-width: 321px) 100vw, 321px\" \/><\/a><\/td>\n<td>\u00a0<a href=\"https:\/\/elcotarro.com\/wp-content\/uploads\/2015\/08\/FOTO-4.-Carlos-Alonso.jpg\"><img loading=\"lazy\" decoding=\"async\" class=\" wp-image-1563 alignnone\" src=\"https:\/\/elcotarro.com\/wp-content\/uploads\/2015\/08\/FOTO-4.-Carlos-Alonso.jpg\" alt=\"FOTO 4.- Carlos Alonso\" width=\"147\" height=\"200\" \/><\/a><\/td>\n<\/tr>\n<\/tbody>\n<\/table>\n<p class=\"comentario\" style=\"text-align: center;\">Tr\u00edo clave por el cierre del anillo: Clavijo (i), Dom\u00ednguez (c) y Alonso<\/p>\n","protected":false},"excerpt":{"rendered":"<p>\u2666 Est\u00e1, para empezar, el merecimiento de todos los municipios del sur y la necesidad de todos los del norte&#8230; Y est\u00e1, sobre todo, la posibilidad de que mucha gente del norte pueda conseguir trabajo en el sur, sin verse obligados a mudarse y, de rebote, despoblar los municipios norte\u00f1os&#8230; Creo que el presidente insular &#8230; <a class=\"read-more\" href=\"https:\/\/elcotarro.com\/?p=1562\">Read more<\/a><\/p>\n","protected":false},"author":2,"featured_media":0,"comment_status":"open","ping_status":"open","sticky":false,"template":"","format":"standard","meta":{"_jetpack_memberships_contains_paid_content":false,"footnotes":""},"categories":[7],"tags":[409,168,31,407,100],"class_list":["post-1562","post","type-post","status-publish","format-standard","hentry","category-politica","tag-ana-pastor","tag-jose-manuel-soria","tag-manuel-dominguez","tag-mariano-rajoy","tag-paulino-rivero"],"yoast_head":"<!-- This site is optimized with the Yoast SEO plugin v27.0 - https:\/\/yoast.com\/product\/yoast-seo-wordpress\/ -->\n<title>UN GRAN T\u00daNEL MUY NECESARIO - El Cotarrro<\/title>\n<meta name=\"description\" content=\"Est\u00e1, para empezar, el merecimiento de todos los municipios del sur y la necesidad de todos los del norte... Y est\u00e1, sobre todo, la posibilidad de que muc\" \/>\n<meta name=\"robots\" content=\"index, follow, max-snippet:-1, max-image-preview:large, max-video-preview:-1\" \/>\n<link rel=\"canonical\" href=\"https:\/\/elcotarro.com\/?p=1562\" \/>\n<meta property=\"og:locale\" content=\"es_ES\" \/>\n<meta property=\"og:type\" content=\"article\" \/>\n<meta property=\"og:title\" content=\"UN GRAN T\u00daNEL MUY NECESARIO - El Cotarrro\" \/>\n<meta property=\"og:description\" content=\"Est\u00e1, para empezar, el merecimiento de todos los municipios del sur y la necesidad de todos los del norte... Y est\u00e1, sobre todo, la posibilidad de que muc\" \/>\n<meta property=\"og:url\" content=\"https:\/\/elcotarro.com\/?p=1562\" \/>\n<meta property=\"og:site_name\" content=\"El Cotarro\" \/>\n<meta property=\"article:publisher\" content=\"https:\/\/www.facebook.com\/ElCotarro.Tenerife\" \/>\n<meta property=\"article:published_time\" content=\"2015-08-02T10:06:21+00:00\" \/>\n<meta property=\"article:modified_time\" content=\"2015-08-02T10:26:57+00:00\" \/>\n<meta property=\"og:image\" content=\"https:\/\/elcotarro.com\/wp-content\/uploads\/2015\/08\/FOTO-2.-Fernando-Clavijo-Batlle-239x300.jpg\" \/>\n<meta name=\"author\" content=\"Jos\u00e9 Carlos Marrero Gonz\u00e1lez\" \/>\n<meta name=\"twitter:label1\" content=\"Escrito por\" \/>\n\t<meta name=\"twitter:data1\" content=\"Jos\u00e9 Carlos Marrero Gonz\u00e1lez\" \/>\n\t<meta name=\"twitter:label2\" content=\"Tiempo de lectura\" \/>\n\t<meta name=\"twitter:data2\" content=\"1 minuto\" \/>\n<script type=\"application\/ld+json\" class=\"yoast-schema-graph\">{\"@context\":\"https:\/\/schema.org\",\"@graph\":[{\"@type\":\"Article\",\"@id\":\"https:\/\/elcotarro.com\/?p=1562#article\",\"isPartOf\":{\"@id\":\"https:\/\/elcotarro.com\/?p=1562\"},\"author\":{\"name\":\"Jos\u00e9 Carlos Marrero Gonz\u00e1lez\",\"@id\":\"https:\/\/elcotarro.com\/#\/schema\/person\/af537ee7d60d15984c7e0affcd8a918b\"},\"headline\":\"UN GRAN T\u00daNEL MUY NECESARIO\",\"datePublished\":\"2015-08-02T10:06:21+00:00\",\"dateModified\":\"2015-08-02T10:26:57+00:00\",\"mainEntityOfPage\":{\"@id\":\"https:\/\/elcotarro.com\/?p=1562\"},\"wordCount\":192,\"commentCount\":0,\"publisher\":{\"@id\":\"https:\/\/elcotarro.com\/#organization\"},\"image\":{\"@id\":\"https:\/\/elcotarro.com\/?p=1562#primaryimage\"},\"thumbnailUrl\":\"https:\/\/elcotarro.com\/wp-content\/uploads\/2015\/08\/FOTO-2.-Fernando-Clavijo-Batlle-239x300.jpg\",\"keywords\":[\"Ana Pastor\",\"Jos\u00e9 Manuel Soria\",\"Manuel Dom\u00ednguez\",\"Mariano Rajoy\",\"Paulino Rivero\"],\"articleSection\":[\"Pol\u00edtica\"],\"inLanguage\":\"es\",\"potentialAction\":[{\"@type\":\"CommentAction\",\"name\":\"Comment\",\"target\":[\"https:\/\/elcotarro.com\/?p=1562#respond\"]}]},{\"@type\":\"WebPage\",\"@id\":\"https:\/\/elcotarro.com\/?p=1562\",\"url\":\"https:\/\/elcotarro.com\/?p=1562\",\"name\":\"UN GRAN T\u00daNEL MUY NECESARIO - El Cotarrro\",\"isPartOf\":{\"@id\":\"https:\/\/elcotarro.com\/#website\"},\"primaryImageOfPage\":{\"@id\":\"https:\/\/elcotarro.com\/?p=1562#primaryimage\"},\"image\":{\"@id\":\"https:\/\/elcotarro.com\/?p=1562#primaryimage\"},\"thumbnailUrl\":\"https:\/\/elcotarro.com\/wp-content\/uploads\/2015\/08\/FOTO-2.-Fernando-Clavijo-Batlle-239x300.jpg\",\"datePublished\":\"2015-08-02T10:06:21+00:00\",\"dateModified\":\"2015-08-02T10:26:57+00:00\",\"description\":\"Est\u00e1, para empezar, el merecimiento de todos los municipios del sur y la necesidad de todos los del norte... Y est\u00e1, sobre todo, la posibilidad de que muc\",\"breadcrumb\":{\"@id\":\"https:\/\/elcotarro.com\/?p=1562#breadcrumb\"},\"inLanguage\":\"es\",\"potentialAction\":[{\"@type\":\"ReadAction\",\"target\":[\"https:\/\/elcotarro.com\/?p=1562\"]}]},{\"@type\":\"ImageObject\",\"inLanguage\":\"es\",\"@id\":\"https:\/\/elcotarro.com\/?p=1562#primaryimage\",\"url\":\"https:\/\/elcotarro.com\/wp-content\/uploads\/2015\/08\/FOTO-2.-Fernando-Clavijo-Batlle.jpg\",\"contentUrl\":\"https:\/\/elcotarro.com\/wp-content\/uploads\/2015\/08\/FOTO-2.-Fernando-Clavijo-Batlle.jpg\",\"width\":299,\"height\":375},{\"@type\":\"BreadcrumbList\",\"@id\":\"https:\/\/elcotarro.com\/?p=1562#breadcrumb\",\"itemListElement\":[{\"@type\":\"ListItem\",\"position\":1,\"name\":\"Portada\",\"item\":\"https:\/\/elcotarro.com\/\"},{\"@type\":\"ListItem\",\"position\":2,\"name\":\"UN GRAN T\u00daNEL MUY NECESARIO\"}]},{\"@type\":\"WebSite\",\"@id\":\"https:\/\/elcotarro.com\/#website\",\"url\":\"https:\/\/elcotarro.com\/\",\"name\":\"El Cotarro\",\"description\":\"Peri\u00f3dico Digital Independiente dirigido por Jos\u00e9 Carlos Marrero\",\"publisher\":{\"@id\":\"https:\/\/elcotarro.com\/#organization\"},\"potentialAction\":[{\"@type\":\"SearchAction\",\"target\":{\"@type\":\"EntryPoint\",\"urlTemplate\":\"https:\/\/elcotarro.com\/?s={search_term_string}\"},\"query-input\":{\"@type\":\"PropertyValueSpecification\",\"valueRequired\":true,\"valueName\":\"search_term_string\"}}],\"inLanguage\":\"es\"},{\"@type\":\"Organization\",\"@id\":\"https:\/\/elcotarro.com\/#organization\",\"name\":\"El Cotarro\",\"url\":\"https:\/\/elcotarro.com\/\",\"logo\":{\"@type\":\"ImageObject\",\"inLanguage\":\"es\",\"@id\":\"https:\/\/elcotarro.com\/#\/schema\/logo\/image\/\",\"url\":\"https:\/\/elcotarro.com\/wp-content\/uploads\/2014\/09\/Cabecera_El_Cotarro_v2.jpg\",\"contentUrl\":\"https:\/\/elcotarro.com\/wp-content\/uploads\/2014\/09\/Cabecera_El_Cotarro_v2.jpg\",\"width\":3540,\"height\":441,\"caption\":\"El Cotarro\"},\"image\":{\"@id\":\"https:\/\/elcotarro.com\/#\/schema\/logo\/image\/\"},\"sameAs\":[\"https:\/\/www.facebook.com\/ElCotarro.Tenerife\"]},{\"@type\":\"Person\",\"@id\":\"https:\/\/elcotarro.com\/#\/schema\/person\/af537ee7d60d15984c7e0affcd8a918b\",\"name\":\"Jos\u00e9 Carlos Marrero Gonz\u00e1lez\",\"image\":{\"@type\":\"ImageObject\",\"inLanguage\":\"es\",\"@id\":\"https:\/\/elcotarro.com\/#\/schema\/person\/image\/\",\"url\":\"https:\/\/secure.gravatar.com\/avatar\/def4da036efb5d32c74d49c351f6dccc064dd69ad9f3aadc295c5a9a5391ca01?s=96&d=mm&r=g\",\"contentUrl\":\"https:\/\/secure.gravatar.com\/avatar\/def4da036efb5d32c74d49c351f6dccc064dd69ad9f3aadc295c5a9a5391ca01?s=96&d=mm&r=g\",\"caption\":\"Jos\u00e9 Carlos Marrero Gonz\u00e1lez\"},\"sameAs\":[\"https:\/\/elcotarro.com\"],\"url\":\"https:\/\/elcotarro.com\/?author=2\"}]}<\/script>\n<!-- \/ Yoast SEO plugin. -->","yoast_head_json":{"title":"UN GRAN T\u00daNEL MUY NECESARIO - El Cotarrro","description":"Est\u00e1, para empezar, el merecimiento de todos los municipios del sur y la necesidad de todos los del norte... Y est\u00e1, sobre todo, la posibilidad de que muc","robots":{"index":"index","follow":"follow","max-snippet":"max-snippet:-1","max-image-preview":"max-image-preview:large","max-video-preview":"max-video-preview:-1"},"canonical":"https:\/\/elcotarro.com\/?p=1562","og_locale":"es_ES","og_type":"article","og_title":"UN GRAN T\u00daNEL MUY NECESARIO - El Cotarrro","og_description":"Est\u00e1, para empezar, el merecimiento de todos los municipios del sur y la necesidad de todos los del norte... Y est\u00e1, sobre todo, la posibilidad de que muc","og_url":"https:\/\/elcotarro.com\/?p=1562","og_site_name":"El Cotarro","article_publisher":"https:\/\/www.facebook.com\/ElCotarro.Tenerife","article_published_time":"2015-08-02T10:06:21+00:00","article_modified_time":"2015-08-02T10:26:57+00:00","og_image":[{"url":"https:\/\/elcotarro.com\/wp-content\/uploads\/2015\/08\/FOTO-2.-Fernando-Clavijo-Batlle-239x300.jpg","type":"","width":"","height":""}],"author":"Jos\u00e9 Carlos Marrero Gonz\u00e1lez","twitter_misc":{"Escrito por":"Jos\u00e9 Carlos Marrero Gonz\u00e1lez","Tiempo de lectura":"1 minuto"},"schema":{"@context":"https:\/\/schema.org","@graph":[{"@type":"Article","@id":"https:\/\/elcotarro.com\/?p=1562#article","isPartOf":{"@id":"https:\/\/elcotarro.com\/?p=1562"},"author":{"name":"Jos\u00e9 Carlos Marrero Gonz\u00e1lez","@id":"https:\/\/elcotarro.com\/#\/schema\/person\/af537ee7d60d15984c7e0affcd8a918b"},"headline":"UN GRAN T\u00daNEL MUY NECESARIO","datePublished":"2015-08-02T10:06:21+00:00","dateModified":"2015-08-02T10:26:57+00:00","mainEntityOfPage":{"@id":"https:\/\/elcotarro.com\/?p=1562"},"wordCount":192,"commentCount":0,"publisher":{"@id":"https:\/\/elcotarro.com\/#organization"},"image":{"@id":"https:\/\/elcotarro.com\/?p=1562#primaryimage"},"thumbnailUrl":"https:\/\/elcotarro.com\/wp-content\/uploads\/2015\/08\/FOTO-2.-Fernando-Clavijo-Batlle-239x300.jpg","keywords":["Ana Pastor","Jos\u00e9 Manuel Soria","Manuel Dom\u00ednguez","Mariano Rajoy","Paulino Rivero"],"articleSection":["Pol\u00edtica"],"inLanguage":"es","potentialAction":[{"@type":"CommentAction","name":"Comment","target":["https:\/\/elcotarro.com\/?p=1562#respond"]}]},{"@type":"WebPage","@id":"https:\/\/elcotarro.com\/?p=1562","url":"https:\/\/elcotarro.com\/?p=1562","name":"UN GRAN T\u00daNEL MUY NECESARIO - El Cotarrro","isPartOf":{"@id":"https:\/\/elcotarro.com\/#website"},"primaryImageOfPage":{"@id":"https:\/\/elcotarro.com\/?p=1562#primaryimage"},"image":{"@id":"https:\/\/elcotarro.com\/?p=1562#primaryimage"},"thumbnailUrl":"https:\/\/elcotarro.com\/wp-content\/uploads\/2015\/08\/FOTO-2.-Fernando-Clavijo-Batlle-239x300.jpg","datePublished":"2015-08-02T10:06:21+00:00","dateModified":"2015-08-02T10:26:57+00:00","description":"Est\u00e1, para empezar, el merecimiento de todos los municipios del sur y la necesidad de todos los del norte... Y est\u00e1, sobre todo, la posibilidad de que muc","breadcrumb":{"@id":"https:\/\/elcotarro.com\/?p=1562#breadcrumb"},"inLanguage":"es","potentialAction":[{"@type":"ReadAction","target":["https:\/\/elcotarro.com\/?p=1562"]}]},{"@type":"ImageObject","inLanguage":"es","@id":"https:\/\/elcotarro.com\/?p=1562#primaryimage","url":"https:\/\/elcotarro.com\/wp-content\/uploads\/2015\/08\/FOTO-2.-Fernando-Clavijo-Batlle.jpg","contentUrl":"https:\/\/elcotarro.com\/wp-content\/uploads\/2015\/08\/FOTO-2.-Fernando-Clavijo-Batlle.jpg","width":299,"height":375},{"@type":"BreadcrumbList","@id":"https:\/\/elcotarro.com\/?p=1562#breadcrumb","itemListElement":[{"@type":"ListItem","position":1,"name":"Portada","item":"https:\/\/elcotarro.com\/"},{"@type":"ListItem","position":2,"name":"UN GRAN T\u00daNEL MUY NECESARIO"}]},{"@type":"WebSite","@id":"https:\/\/elcotarro.com\/#website","url":"https:\/\/elcotarro.com\/","name":"El Cotarro","description":"Peri\u00f3dico Digital Independiente dirigido por Jos\u00e9 Carlos Marrero","publisher":{"@id":"https:\/\/elcotarro.com\/#organization"},"potentialAction":[{"@type":"SearchAction","target":{"@type":"EntryPoint","urlTemplate":"https:\/\/elcotarro.com\/?s={search_term_string}"},"query-input":{"@type":"PropertyValueSpecification","valueRequired":true,"valueName":"search_term_string"}}],"inLanguage":"es"},{"@type":"Organization","@id":"https:\/\/elcotarro.com\/#organization","name":"El Cotarro","url":"https:\/\/elcotarro.com\/","logo":{"@type":"ImageObject","inLanguage":"es","@id":"https:\/\/elcotarro.com\/#\/schema\/logo\/image\/","url":"https:\/\/elcotarro.com\/wp-content\/uploads\/2014\/09\/Cabecera_El_Cotarro_v2.jpg","contentUrl":"https:\/\/elcotarro.com\/wp-content\/uploads\/2014\/09\/Cabecera_El_Cotarro_v2.jpg","width":3540,"height":441,"caption":"El Cotarro"},"image":{"@id":"https:\/\/elcotarro.com\/#\/schema\/logo\/image\/"},"sameAs":["https:\/\/www.facebook.com\/ElCotarro.Tenerife"]},{"@type":"Person","@id":"https:\/\/elcotarro.com\/#\/schema\/person\/af537ee7d60d15984c7e0affcd8a918b","name":"Jos\u00e9 Carlos Marrero Gonz\u00e1lez","image":{"@type":"ImageObject","inLanguage":"es","@id":"https:\/\/elcotarro.com\/#\/schema\/person\/image\/","url":"https:\/\/secure.gravatar.com\/avatar\/def4da036efb5d32c74d49c351f6dccc064dd69ad9f3aadc295c5a9a5391ca01?s=96&d=mm&r=g","contentUrl":"https:\/\/secure.gravatar.com\/avatar\/def4da036efb5d32c74d49c351f6dccc064dd69ad9f3aadc295c5a9a5391ca01?s=96&d=mm&r=g","caption":"Jos\u00e9 Carlos Marrero Gonz\u00e1lez"},"sameAs":["https:\/\/elcotarro.com"],"url":"https:\/\/elcotarro.com\/?author=2"}]}},"jetpack_featured_media_url":"","jetpack_sharing_enabled":true,"_links":{"self":[{"href":"https:\/\/elcotarro.com\/index.php?rest_route=\/wp\/v2\/posts\/1562","targetHints":{"allow":["GET"]}}],"collection":[{"href":"https:\/\/elcotarro.com\/index.php?rest_route=\/wp\/v2\/posts"}],"about":[{"href":"https:\/\/elcotarro.com\/index.php?rest_route=\/wp\/v2\/types\/post"}],"author":[{"embeddable":true,"href":"https:\/\/elcotarro.com\/index.php?rest_route=\/wp\/v2\/users\/2"}],"replies":[{"embeddable":true,"href":"https:\/\/elcotarro.com\/index.php?rest_route=%2Fwp%2Fv2%2Fcomments&post=1562"}],"version-history":[{"count":7,"href":"https:\/\/elcotarro.com\/index.php?rest_route=\/wp\/v2\/posts\/1562\/revisions"}],"predecessor-version":[{"id":1596,"href":"https:\/\/elcotarro.com\/index.php?rest_route=\/wp\/v2\/posts\/1562\/revisions\/1596"}],"wp:attachment":[{"href":"https:\/\/elcotarro.com\/index.php?rest_route=%2Fwp%2Fv2%2Fmedia&parent=1562"}],"wp:term":[{"taxonomy":"category","embeddable":true,"href":"https:\/\/elcotarro.com\/index.php?rest_route=%2Fwp%2Fv2%2Fcategories&post=1562"},{"taxonomy":"post_tag","embeddable":true,"href":"https:\/\/elcotarro.com\/index.php?rest_route=%2Fwp%2Fv2%2Ftags&post=1562"}],"curies":[{"name":"wp","href":"https:\/\/api.w.org\/{rel}","templated":true}]}}