{"id":1573,"date":"2015-08-02T11:03:20","date_gmt":"2015-08-02T10:03:20","guid":{"rendered":"https:\/\/elcotarro.com\/?p=1573"},"modified":"2015-08-02T11:06:26","modified_gmt":"2015-08-02T10:06:26","slug":"enrame-de-la-romeria-electoral","status":"publish","type":"post","link":"https:\/\/elcotarro.com\/?p=1573","title":{"rendered":"ENRAME DE LA ROMER\u00cdA ELECTORAL"},"content":{"rendered":"<p>\u2666 Romer\u00eda electoral es la que ya se est\u00e1 montando en m\u00e1s de un partido, de cara a las pr\u00f3ximas elecciones generales del (ya pr\u00e1cticamente seguro) domingo, 13 de diciembre\u2026 Todo apunta a que el 20 de octubre (martes) <strong>Mariano Rajoy<\/strong> disolver\u00e1 las Cortes Generales y justito 54 d\u00edas despu\u00e9s, el d\u00eda de <strong>Santa Luc\u00eda<\/strong> (patrona de las personas ciegas)\u2026 Y todo apunta a que, al menos un mes antes, el d\u00eda 21 de septiembre (Octava del Cristo de La Laguna) deber\u00edamos saber qui\u00e9nes van para las listas al Congreso de los Diputados y qui\u00e9nes para el Senado\u2026 Me dicen que en el Partido Popular (en lo que a Las Palmas se refiere) mucho tiene que llover para que <strong>Jos\u00e9 Manuel Soria<\/strong> \u201cno\u201d encabece la lista al Congreso\u2026 Sin embargo y por el contrario, me dicen que en Tenerife mucho tiene que diluviar para que \u201cs\u00ed\u201d repita un determinado candidato\u2026 De nuevo <strong>Manuel Dom\u00ednguez<\/strong> tiene y tendr\u00e1 mucho que decir\u2026 Por lo pronto suena que la \u00abn\u00famero dos\u00bb al Congreso ser\u00e1 una mujer y que \u00e9sta podr\u00eda volver a ser la ya hoy diputada, <strong>\u00c1gueda Fumero<\/strong>\u2026 Y no se sabe si <strong>Pablo Matos <\/strong>se retira o repite tambi\u00e9n al Congreso\u2026 o se va para el Senado.<\/p>\n<p><a href=\"https:\/\/elcotarro.com\/wp-content\/uploads\/2015\/08\/FOTO-7.-\u00c1gueda-Fumero-PP.jpg\"><img loading=\"lazy\" decoding=\"async\" class=\"aligncenter size-full wp-image-1574\" src=\"https:\/\/elcotarro.com\/wp-content\/uploads\/2015\/08\/FOTO-7.-\u00c1gueda-Fumero-PP.jpg\" alt=\"FOTO 7.- \u00c1gueda Fumero - PP\" width=\"390\" height=\"280\" srcset=\"https:\/\/elcotarro.com\/wp-content\/uploads\/2015\/08\/FOTO-7.-\u00c1gueda-Fumero-PP.jpg 390w, https:\/\/elcotarro.com\/wp-content\/uploads\/2015\/08\/FOTO-7.-\u00c1gueda-Fumero-PP-300x215.jpg 300w\" sizes=\"auto, (max-width: 390px) 100vw, 390px\" \/><\/a><\/p>\n<p class=\"comentario\" style=\"text-align: center;\">Parece que en PP de Tenerife, lo \u00fanico seguro es que \u00c1gueda Fumero repetir\u00eda<\/p>\n","protected":false},"excerpt":{"rendered":"<p>\u2666 Romer\u00eda electoral es la que ya se est\u00e1 montando en m\u00e1s de un partido, de cara a las pr\u00f3ximas elecciones generales del (ya pr\u00e1cticamente seguro) domingo, 13 de diciembre\u2026 Todo apunta a que el 20 de octubre (martes) Mariano Rajoy disolver\u00e1 las Cortes Generales y justito 54 d\u00edas despu\u00e9s, el d\u00eda de Santa Luc\u00eda &#8230; <a class=\"read-more\" href=\"https:\/\/elcotarro.com\/?p=1573\">Read more<\/a><\/p>\n","protected":false},"author":2,"featured_media":0,"comment_status":"open","ping_status":"open","sticky":false,"template":"","format":"standard","meta":{"_jetpack_memberships_contains_paid_content":false,"footnotes":""},"categories":[7],"tags":[739,168,31,407,740,738],"class_list":["post-1573","post","type-post","status-publish","format-standard","hentry","category-politica","tag-agueda-fumero","tag-jose-manuel-soria","tag-manuel-dominguez","tag-mariano-rajoy","tag-pablo-matos","tag-santa-lucia"],"yoast_head":"<!-- This site is optimized with the Yoast SEO plugin v27.0 - https:\/\/yoast.com\/product\/yoast-seo-wordpress\/ -->\n<title>ENRAME DE LA ROMER\u00cdA ELECTORAL - El Cotarrro<\/title>\n<meta name=\"description\" content=\"Romer\u00eda electoral es la que ya se est\u00e1 montando en m\u00e1s de un partido, de cara a las pr\u00f3ximas elecciones generales del (ya pr\u00e1cticamente seguro) domingo, 1\" \/>\n<meta name=\"robots\" content=\"index, follow, max-snippet:-1, max-image-preview:large, max-video-preview:-1\" \/>\n<link rel=\"canonical\" href=\"https:\/\/elcotarro.com\/?p=1573\" \/>\n<meta property=\"og:locale\" content=\"es_ES\" \/>\n<meta property=\"og:type\" content=\"article\" \/>\n<meta property=\"og:title\" content=\"ENRAME DE LA ROMER\u00cdA ELECTORAL - El Cotarrro\" \/>\n<meta property=\"og:description\" content=\"Romer\u00eda electoral es la que ya se est\u00e1 montando en m\u00e1s de un partido, de cara a las pr\u00f3ximas elecciones generales del (ya pr\u00e1cticamente seguro) domingo, 1\" \/>\n<meta property=\"og:url\" content=\"https:\/\/elcotarro.com\/?p=1573\" \/>\n<meta property=\"og:site_name\" content=\"El Cotarro\" \/>\n<meta property=\"article:publisher\" content=\"https:\/\/www.facebook.com\/ElCotarro.Tenerife\" \/>\n<meta property=\"article:published_time\" content=\"2015-08-02T10:03:20+00:00\" \/>\n<meta property=\"article:modified_time\" content=\"2015-08-02T10:06:26+00:00\" \/>\n<meta name=\"author\" content=\"Jos\u00e9 Carlos Marrero Gonz\u00e1lez\" \/>\n<meta name=\"twitter:label1\" content=\"Escrito por\" \/>\n\t<meta name=\"twitter:data1\" content=\"Jos\u00e9 Carlos Marrero Gonz\u00e1lez\" \/>\n\t<meta name=\"twitter:label2\" content=\"Tiempo de lectura\" \/>\n\t<meta name=\"twitter:data2\" content=\"1 minuto\" \/>\n<script type=\"application\/ld+json\" class=\"yoast-schema-graph\">{\"@context\":\"https:\/\/schema.org\",\"@graph\":[{\"@type\":\"Article\",\"@id\":\"https:\/\/elcotarro.com\/?p=1573#article\",\"isPartOf\":{\"@id\":\"https:\/\/elcotarro.com\/?p=1573\"},\"author\":{\"name\":\"Jos\u00e9 Carlos Marrero Gonz\u00e1lez\",\"@id\":\"https:\/\/elcotarro.com\/#\/schema\/person\/af537ee7d60d15984c7e0affcd8a918b\"},\"headline\":\"ENRAME DE LA ROMER\u00cdA ELECTORAL\",\"datePublished\":\"2015-08-02T10:03:20+00:00\",\"dateModified\":\"2015-08-02T10:06:26+00:00\",\"mainEntityOfPage\":{\"@id\":\"https:\/\/elcotarro.com\/?p=1573\"},\"wordCount\":238,\"commentCount\":0,\"publisher\":{\"@id\":\"https:\/\/elcotarro.com\/#organization\"},\"keywords\":[\"\u00c1gueda Fumero\",\"Jos\u00e9 Manuel Soria\",\"Manuel Dom\u00ednguez\",\"Mariano Rajoy\",\"Pablo Matos\",\"Santa Luc\u00eda\"],\"articleSection\":[\"Pol\u00edtica\"],\"inLanguage\":\"es\",\"potentialAction\":[{\"@type\":\"CommentAction\",\"name\":\"Comment\",\"target\":[\"https:\/\/elcotarro.com\/?p=1573#respond\"]}]},{\"@type\":\"WebPage\",\"@id\":\"https:\/\/elcotarro.com\/?p=1573\",\"url\":\"https:\/\/elcotarro.com\/?p=1573\",\"name\":\"ENRAME DE LA ROMER\u00cdA ELECTORAL - El Cotarrro\",\"isPartOf\":{\"@id\":\"https:\/\/elcotarro.com\/#website\"},\"datePublished\":\"2015-08-02T10:03:20+00:00\",\"dateModified\":\"2015-08-02T10:06:26+00:00\",\"description\":\"Romer\u00eda electoral es la que ya se est\u00e1 montando en m\u00e1s de un partido, de cara a las pr\u00f3ximas elecciones generales del (ya pr\u00e1cticamente seguro) domingo, 1\",\"breadcrumb\":{\"@id\":\"https:\/\/elcotarro.com\/?p=1573#breadcrumb\"},\"inLanguage\":\"es\",\"potentialAction\":[{\"@type\":\"ReadAction\",\"target\":[\"https:\/\/elcotarro.com\/?p=1573\"]}]},{\"@type\":\"BreadcrumbList\",\"@id\":\"https:\/\/elcotarro.com\/?p=1573#breadcrumb\",\"itemListElement\":[{\"@type\":\"ListItem\",\"position\":1,\"name\":\"Portada\",\"item\":\"https:\/\/elcotarro.com\/\"},{\"@type\":\"ListItem\",\"position\":2,\"name\":\"ENRAME DE LA ROMER\u00cdA ELECTORAL\"}]},{\"@type\":\"WebSite\",\"@id\":\"https:\/\/elcotarro.com\/#website\",\"url\":\"https:\/\/elcotarro.com\/\",\"name\":\"El Cotarro\",\"description\":\"Peri\u00f3dico Digital Independiente dirigido por Jos\u00e9 Carlos Marrero\",\"publisher\":{\"@id\":\"https:\/\/elcotarro.com\/#organization\"},\"potentialAction\":[{\"@type\":\"SearchAction\",\"target\":{\"@type\":\"EntryPoint\",\"urlTemplate\":\"https:\/\/elcotarro.com\/?s={search_term_string}\"},\"query-input\":{\"@type\":\"PropertyValueSpecification\",\"valueRequired\":true,\"valueName\":\"search_term_string\"}}],\"inLanguage\":\"es\"},{\"@type\":\"Organization\",\"@id\":\"https:\/\/elcotarro.com\/#organization\",\"name\":\"El Cotarro\",\"url\":\"https:\/\/elcotarro.com\/\",\"logo\":{\"@type\":\"ImageObject\",\"inLanguage\":\"es\",\"@id\":\"https:\/\/elcotarro.com\/#\/schema\/logo\/image\/\",\"url\":\"https:\/\/elcotarro.com\/wp-content\/uploads\/2014\/09\/Cabecera_El_Cotarro_v2.jpg\",\"contentUrl\":\"https:\/\/elcotarro.com\/wp-content\/uploads\/2014\/09\/Cabecera_El_Cotarro_v2.jpg\",\"width\":3540,\"height\":441,\"caption\":\"El Cotarro\"},\"image\":{\"@id\":\"https:\/\/elcotarro.com\/#\/schema\/logo\/image\/\"},\"sameAs\":[\"https:\/\/www.facebook.com\/ElCotarro.Tenerife\"]},{\"@type\":\"Person\",\"@id\":\"https:\/\/elcotarro.com\/#\/schema\/person\/af537ee7d60d15984c7e0affcd8a918b\",\"name\":\"Jos\u00e9 Carlos Marrero Gonz\u00e1lez\",\"image\":{\"@type\":\"ImageObject\",\"inLanguage\":\"es\",\"@id\":\"https:\/\/elcotarro.com\/#\/schema\/person\/image\/\",\"url\":\"https:\/\/secure.gravatar.com\/avatar\/def4da036efb5d32c74d49c351f6dccc064dd69ad9f3aadc295c5a9a5391ca01?s=96&d=mm&r=g\",\"contentUrl\":\"https:\/\/secure.gravatar.com\/avatar\/def4da036efb5d32c74d49c351f6dccc064dd69ad9f3aadc295c5a9a5391ca01?s=96&d=mm&r=g\",\"caption\":\"Jos\u00e9 Carlos Marrero Gonz\u00e1lez\"},\"sameAs\":[\"https:\/\/elcotarro.com\"],\"url\":\"https:\/\/elcotarro.com\/?author=2\"}]}<\/script>\n<!-- \/ Yoast SEO plugin. -->","yoast_head_json":{"title":"ENRAME DE LA ROMER\u00cdA ELECTORAL - El Cotarrro","description":"Romer\u00eda electoral es la que ya se est\u00e1 montando en m\u00e1s de un partido, de cara a las pr\u00f3ximas elecciones generales del (ya pr\u00e1cticamente seguro) domingo, 1","robots":{"index":"index","follow":"follow","max-snippet":"max-snippet:-1","max-image-preview":"max-image-preview:large","max-video-preview":"max-video-preview:-1"},"canonical":"https:\/\/elcotarro.com\/?p=1573","og_locale":"es_ES","og_type":"article","og_title":"ENRAME DE LA ROMER\u00cdA ELECTORAL - El Cotarrro","og_description":"Romer\u00eda electoral es la que ya se est\u00e1 montando en m\u00e1s de un partido, de cara a las pr\u00f3ximas elecciones generales del (ya pr\u00e1cticamente seguro) domingo, 1","og_url":"https:\/\/elcotarro.com\/?p=1573","og_site_name":"El Cotarro","article_publisher":"https:\/\/www.facebook.com\/ElCotarro.Tenerife","article_published_time":"2015-08-02T10:03:20+00:00","article_modified_time":"2015-08-02T10:06:26+00:00","author":"Jos\u00e9 Carlos Marrero Gonz\u00e1lez","twitter_misc":{"Escrito por":"Jos\u00e9 Carlos Marrero Gonz\u00e1lez","Tiempo de lectura":"1 minuto"},"schema":{"@context":"https:\/\/schema.org","@graph":[{"@type":"Article","@id":"https:\/\/elcotarro.com\/?p=1573#article","isPartOf":{"@id":"https:\/\/elcotarro.com\/?p=1573"},"author":{"name":"Jos\u00e9 Carlos Marrero Gonz\u00e1lez","@id":"https:\/\/elcotarro.com\/#\/schema\/person\/af537ee7d60d15984c7e0affcd8a918b"},"headline":"ENRAME DE LA ROMER\u00cdA ELECTORAL","datePublished":"2015-08-02T10:03:20+00:00","dateModified":"2015-08-02T10:06:26+00:00","mainEntityOfPage":{"@id":"https:\/\/elcotarro.com\/?p=1573"},"wordCount":238,"commentCount":0,"publisher":{"@id":"https:\/\/elcotarro.com\/#organization"},"keywords":["\u00c1gueda Fumero","Jos\u00e9 Manuel Soria","Manuel Dom\u00ednguez","Mariano Rajoy","Pablo Matos","Santa Luc\u00eda"],"articleSection":["Pol\u00edtica"],"inLanguage":"es","potentialAction":[{"@type":"CommentAction","name":"Comment","target":["https:\/\/elcotarro.com\/?p=1573#respond"]}]},{"@type":"WebPage","@id":"https:\/\/elcotarro.com\/?p=1573","url":"https:\/\/elcotarro.com\/?p=1573","name":"ENRAME DE LA ROMER\u00cdA ELECTORAL - El Cotarrro","isPartOf":{"@id":"https:\/\/elcotarro.com\/#website"},"datePublished":"2015-08-02T10:03:20+00:00","dateModified":"2015-08-02T10:06:26+00:00","description":"Romer\u00eda electoral es la que ya se est\u00e1 montando en m\u00e1s de un partido, de cara a las pr\u00f3ximas elecciones generales del (ya pr\u00e1cticamente seguro) domingo, 1","breadcrumb":{"@id":"https:\/\/elcotarro.com\/?p=1573#breadcrumb"},"inLanguage":"es","potentialAction":[{"@type":"ReadAction","target":["https:\/\/elcotarro.com\/?p=1573"]}]},{"@type":"BreadcrumbList","@id":"https:\/\/elcotarro.com\/?p=1573#breadcrumb","itemListElement":[{"@type":"ListItem","position":1,"name":"Portada","item":"https:\/\/elcotarro.com\/"},{"@type":"ListItem","position":2,"name":"ENRAME DE LA ROMER\u00cdA ELECTORAL"}]},{"@type":"WebSite","@id":"https:\/\/elcotarro.com\/#website","url":"https:\/\/elcotarro.com\/","name":"El Cotarro","description":"Peri\u00f3dico Digital Independiente dirigido por Jos\u00e9 Carlos Marrero","publisher":{"@id":"https:\/\/elcotarro.com\/#organization"},"potentialAction":[{"@type":"SearchAction","target":{"@type":"EntryPoint","urlTemplate":"https:\/\/elcotarro.com\/?s={search_term_string}"},"query-input":{"@type":"PropertyValueSpecification","valueRequired":true,"valueName":"search_term_string"}}],"inLanguage":"es"},{"@type":"Organization","@id":"https:\/\/elcotarro.com\/#organization","name":"El Cotarro","url":"https:\/\/elcotarro.com\/","logo":{"@type":"ImageObject","inLanguage":"es","@id":"https:\/\/elcotarro.com\/#\/schema\/logo\/image\/","url":"https:\/\/elcotarro.com\/wp-content\/uploads\/2014\/09\/Cabecera_El_Cotarro_v2.jpg","contentUrl":"https:\/\/elcotarro.com\/wp-content\/uploads\/2014\/09\/Cabecera_El_Cotarro_v2.jpg","width":3540,"height":441,"caption":"El Cotarro"},"image":{"@id":"https:\/\/elcotarro.com\/#\/schema\/logo\/image\/"},"sameAs":["https:\/\/www.facebook.com\/ElCotarro.Tenerife"]},{"@type":"Person","@id":"https:\/\/elcotarro.com\/#\/schema\/person\/af537ee7d60d15984c7e0affcd8a918b","name":"Jos\u00e9 Carlos Marrero Gonz\u00e1lez","image":{"@type":"ImageObject","inLanguage":"es","@id":"https:\/\/elcotarro.com\/#\/schema\/person\/image\/","url":"https:\/\/secure.gravatar.com\/avatar\/def4da036efb5d32c74d49c351f6dccc064dd69ad9f3aadc295c5a9a5391ca01?s=96&d=mm&r=g","contentUrl":"https:\/\/secure.gravatar.com\/avatar\/def4da036efb5d32c74d49c351f6dccc064dd69ad9f3aadc295c5a9a5391ca01?s=96&d=mm&r=g","caption":"Jos\u00e9 Carlos Marrero Gonz\u00e1lez"},"sameAs":["https:\/\/elcotarro.com"],"url":"https:\/\/elcotarro.com\/?author=2"}]}},"jetpack_featured_media_url":"","jetpack_sharing_enabled":true,"_links":{"self":[{"href":"https:\/\/elcotarro.com\/index.php?rest_route=\/wp\/v2\/posts\/1573","targetHints":{"allow":["GET"]}}],"collection":[{"href":"https:\/\/elcotarro.com\/index.php?rest_route=\/wp\/v2\/posts"}],"about":[{"href":"https:\/\/elcotarro.com\/index.php?rest_route=\/wp\/v2\/types\/post"}],"author":[{"embeddable":true,"href":"https:\/\/elcotarro.com\/index.php?rest_route=\/wp\/v2\/users\/2"}],"replies":[{"embeddable":true,"href":"https:\/\/elcotarro.com\/index.php?rest_route=%2Fwp%2Fv2%2Fcomments&post=1573"}],"version-history":[{"count":1,"href":"https:\/\/elcotarro.com\/index.php?rest_route=\/wp\/v2\/posts\/1573\/revisions"}],"predecessor-version":[{"id":1575,"href":"https:\/\/elcotarro.com\/index.php?rest_route=\/wp\/v2\/posts\/1573\/revisions\/1575"}],"wp:attachment":[{"href":"https:\/\/elcotarro.com\/index.php?rest_route=%2Fwp%2Fv2%2Fmedia&parent=1573"}],"wp:term":[{"taxonomy":"category","embeddable":true,"href":"https:\/\/elcotarro.com\/index.php?rest_route=%2Fwp%2Fv2%2Fcategories&post=1573"},{"taxonomy":"post_tag","embeddable":true,"href":"https:\/\/elcotarro.com\/index.php?rest_route=%2Fwp%2Fv2%2Ftags&post=1573"}],"curies":[{"name":"wp","href":"https:\/\/api.w.org\/{rel}","templated":true}]}}