{"id":1613,"date":"2015-08-09T11:05:39","date_gmt":"2015-08-09T10:05:39","guid":{"rendered":"https:\/\/elcotarro.com\/?p=1613"},"modified":"2015-08-09T10:51:31","modified_gmt":"2015-08-09T09:51:31","slug":"tenerife-en-japon-con-el-ataman","status":"publish","type":"post","link":"https:\/\/elcotarro.com\/?p=1613","title":{"rendered":"TENERIFE EN JAP\u00d3N CON EL ATAM\u00c1N"},"content":{"rendered":"<p>\u2666 En Jap\u00f3n y con el lema \u00abUn esp\u00edritu de unidad\u00bb acab\u00f3 ayer el 23\u00ba World Scout Jamboree (Campamento Mundial Scout) que ha reunido a unos 37.000 j\u00f3venes (chicas y chicos) provenientes de 169 pa\u00edses del mundo\u2026 Como cada cuatro a\u00f1os, durante tan solo 12 d\u00edas y esta vez en la localidad de Kirara-Hama (provincia de Yamaguchi, en la regi\u00f3n de Chungoku), el Jamboree Scout 2015 ha hecho realidad la ciudad ef\u00edmera m\u00e1s grande del mundo\u2026 Miles de tiendas de campa\u00f1a que, entre cientos de contingentes nacionales de los cinco continentes, ha recibido a la delegaci\u00f3n de los Scouts de Espa\u00f1a en cuyo contingente (de casi 300 scouts) la autonom\u00eda representada con mayor n\u00famero de j\u00f3venes fue la canaria\u2026 De ellos, 21 chicos y chicas de Tenerife, que fueron de la mano del lagunero Grupo Scout Atam\u00e1n, teniendo como scouters (monitores responsables) a <strong>Laly Est\u00e9vez, Joaqu\u00edn L\u00f3pez<\/strong> y <strong>Mar\u00eda Rojas<\/strong>.<\/p>\n<p><a href=\"https:\/\/elcotarro.com\/wp-content\/uploads\/2015\/08\/FOTO-1.-Atam\u00e1n-en-la-entrada-del-Jamboree.jpg\"><img loading=\"lazy\" decoding=\"async\" class=\"aligncenter size-large wp-image-1614\" src=\"https:\/\/elcotarro.com\/wp-content\/uploads\/2015\/08\/FOTO-1.-Atam\u00e1n-en-la-entrada-del-Jamboree-1024x700.jpg\" alt=\"FOTO 1.- Atam\u00e1n en la entrada del Jamboree\" width=\"1024\" height=\"700\" srcset=\"https:\/\/elcotarro.com\/wp-content\/uploads\/2015\/08\/FOTO-1.-Atam\u00e1n-en-la-entrada-del-Jamboree-1024x700.jpg 1024w, https:\/\/elcotarro.com\/wp-content\/uploads\/2015\/08\/FOTO-1.-Atam\u00e1n-en-la-entrada-del-Jamboree-300x205.jpg 300w, https:\/\/elcotarro.com\/wp-content\/uploads\/2015\/08\/FOTO-1.-Atam\u00e1n-en-la-entrada-del-Jamboree.jpg 1225w\" sizes=\"auto, (max-width: 1024px) 100vw, 1024px\" \/><\/a><\/p>\n<p class=\"comentario\" style=\"text-align: center;\">El Grupo Scout Atam\u00e1n en la entrada del 23\u00ba Jamboree Scout Mundial &#8211; Jap\u00f3n 2015<\/p>\n","protected":false},"excerpt":{"rendered":"<p>\u2666 En Jap\u00f3n y con el lema \u00abUn esp\u00edritu de unidad\u00bb acab\u00f3 ayer el 23\u00ba World Scout Jamboree (Campamento Mundial Scout) que ha reunido a unos 37.000 j\u00f3venes (chicas y chicos) provenientes de 169 pa\u00edses del mundo\u2026 Como cada cuatro a\u00f1os, durante tan solo 12 d\u00edas y esta vez en la localidad de Kirara-Hama (provincia &#8230; <a class=\"read-more\" href=\"https:\/\/elcotarro.com\/?p=1613\">Read more<\/a><\/p>\n","protected":false},"author":2,"featured_media":0,"comment_status":"open","ping_status":"open","sticky":false,"template":"","format":"standard","meta":{"_jetpack_memberships_contains_paid_content":false,"footnotes":""},"categories":[43],"tags":[761,760,762],"class_list":["post-1613","post","type-post","status-publish","format-standard","hentry","category-sociedad","tag-joaquin-lopez","tag-laly-estevez","tag-maria-rojas"],"yoast_head":"<!-- This site is optimized with the Yoast SEO plugin v27.0 - https:\/\/yoast.com\/product\/yoast-seo-wordpress\/ -->\n<title>TENERIFE EN JAP\u00d3N CON EL ATAM\u00c1N - El Cotarrro<\/title>\n<meta name=\"description\" content=\"En Jap\u00f3n y con el lema &quot;Un esp\u00edritu de unidad&quot; acab\u00f3 ayer el 23\u00ba World Scout Jamboree (Campamento Mundial Scout) que ha reunido a unos 37.000 j\u00f3venes (chi\" \/>\n<meta name=\"robots\" content=\"index, follow, max-snippet:-1, max-image-preview:large, max-video-preview:-1\" \/>\n<link rel=\"canonical\" href=\"https:\/\/elcotarro.com\/?p=1613\" \/>\n<meta property=\"og:locale\" content=\"es_ES\" \/>\n<meta property=\"og:type\" content=\"article\" \/>\n<meta property=\"og:title\" content=\"TENERIFE EN JAP\u00d3N CON EL ATAM\u00c1N - El Cotarrro\" \/>\n<meta property=\"og:description\" content=\"En Jap\u00f3n y con el lema &quot;Un esp\u00edritu de unidad&quot; acab\u00f3 ayer el 23\u00ba World Scout Jamboree (Campamento Mundial Scout) que ha reunido a unos 37.000 j\u00f3venes (chi\" \/>\n<meta property=\"og:url\" content=\"https:\/\/elcotarro.com\/?p=1613\" \/>\n<meta property=\"og:site_name\" content=\"El Cotarro\" \/>\n<meta property=\"article:publisher\" content=\"https:\/\/www.facebook.com\/ElCotarro.Tenerife\" \/>\n<meta property=\"article:published_time\" content=\"2015-08-09T10:05:39+00:00\" \/>\n<meta name=\"author\" content=\"Jos\u00e9 Carlos Marrero Gonz\u00e1lez\" \/>\n<meta name=\"twitter:label1\" content=\"Escrito por\" \/>\n\t<meta name=\"twitter:data1\" content=\"Jos\u00e9 Carlos Marrero Gonz\u00e1lez\" \/>\n\t<meta name=\"twitter:label2\" content=\"Tiempo de lectura\" \/>\n\t<meta name=\"twitter:data2\" content=\"1 minuto\" \/>\n<script type=\"application\/ld+json\" class=\"yoast-schema-graph\">{\"@context\":\"https:\/\/schema.org\",\"@graph\":[{\"@type\":\"Article\",\"@id\":\"https:\/\/elcotarro.com\/?p=1613#article\",\"isPartOf\":{\"@id\":\"https:\/\/elcotarro.com\/?p=1613\"},\"author\":{\"name\":\"Jos\u00e9 Carlos Marrero Gonz\u00e1lez\",\"@id\":\"https:\/\/elcotarro.com\/#\/schema\/person\/af537ee7d60d15984c7e0affcd8a918b\"},\"headline\":\"TENERIFE EN JAP\u00d3N CON EL ATAM\u00c1N\",\"datePublished\":\"2015-08-09T10:05:39+00:00\",\"mainEntityOfPage\":{\"@id\":\"https:\/\/elcotarro.com\/?p=1613\"},\"wordCount\":185,\"commentCount\":0,\"publisher\":{\"@id\":\"https:\/\/elcotarro.com\/#organization\"},\"keywords\":[\"Joaqu\u00edn L\u00f3pez\",\"Laly Est\u00e9vez\",\"Mar\u00eda Rojas\"],\"articleSection\":[\"Sociedad\"],\"inLanguage\":\"es\",\"potentialAction\":[{\"@type\":\"CommentAction\",\"name\":\"Comment\",\"target\":[\"https:\/\/elcotarro.com\/?p=1613#respond\"]}]},{\"@type\":\"WebPage\",\"@id\":\"https:\/\/elcotarro.com\/?p=1613\",\"url\":\"https:\/\/elcotarro.com\/?p=1613\",\"name\":\"TENERIFE EN JAP\u00d3N CON EL ATAM\u00c1N - El Cotarrro\",\"isPartOf\":{\"@id\":\"https:\/\/elcotarro.com\/#website\"},\"datePublished\":\"2015-08-09T10:05:39+00:00\",\"description\":\"En Jap\u00f3n y con el lema \\\"Un esp\u00edritu de unidad\\\" acab\u00f3 ayer el 23\u00ba World Scout Jamboree (Campamento Mundial Scout) que ha reunido a unos 37.000 j\u00f3venes (chi\",\"breadcrumb\":{\"@id\":\"https:\/\/elcotarro.com\/?p=1613#breadcrumb\"},\"inLanguage\":\"es\",\"potentialAction\":[{\"@type\":\"ReadAction\",\"target\":[\"https:\/\/elcotarro.com\/?p=1613\"]}]},{\"@type\":\"BreadcrumbList\",\"@id\":\"https:\/\/elcotarro.com\/?p=1613#breadcrumb\",\"itemListElement\":[{\"@type\":\"ListItem\",\"position\":1,\"name\":\"Portada\",\"item\":\"https:\/\/elcotarro.com\/\"},{\"@type\":\"ListItem\",\"position\":2,\"name\":\"TENERIFE EN JAP\u00d3N CON EL ATAM\u00c1N\"}]},{\"@type\":\"WebSite\",\"@id\":\"https:\/\/elcotarro.com\/#website\",\"url\":\"https:\/\/elcotarro.com\/\",\"name\":\"El Cotarro\",\"description\":\"Peri\u00f3dico Digital Independiente dirigido por Jos\u00e9 Carlos Marrero\",\"publisher\":{\"@id\":\"https:\/\/elcotarro.com\/#organization\"},\"potentialAction\":[{\"@type\":\"SearchAction\",\"target\":{\"@type\":\"EntryPoint\",\"urlTemplate\":\"https:\/\/elcotarro.com\/?s={search_term_string}\"},\"query-input\":{\"@type\":\"PropertyValueSpecification\",\"valueRequired\":true,\"valueName\":\"search_term_string\"}}],\"inLanguage\":\"es\"},{\"@type\":\"Organization\",\"@id\":\"https:\/\/elcotarro.com\/#organization\",\"name\":\"El Cotarro\",\"url\":\"https:\/\/elcotarro.com\/\",\"logo\":{\"@type\":\"ImageObject\",\"inLanguage\":\"es\",\"@id\":\"https:\/\/elcotarro.com\/#\/schema\/logo\/image\/\",\"url\":\"https:\/\/elcotarro.com\/wp-content\/uploads\/2014\/09\/Cabecera_El_Cotarro_v2.jpg\",\"contentUrl\":\"https:\/\/elcotarro.com\/wp-content\/uploads\/2014\/09\/Cabecera_El_Cotarro_v2.jpg\",\"width\":3540,\"height\":441,\"caption\":\"El Cotarro\"},\"image\":{\"@id\":\"https:\/\/elcotarro.com\/#\/schema\/logo\/image\/\"},\"sameAs\":[\"https:\/\/www.facebook.com\/ElCotarro.Tenerife\"]},{\"@type\":\"Person\",\"@id\":\"https:\/\/elcotarro.com\/#\/schema\/person\/af537ee7d60d15984c7e0affcd8a918b\",\"name\":\"Jos\u00e9 Carlos Marrero Gonz\u00e1lez\",\"image\":{\"@type\":\"ImageObject\",\"inLanguage\":\"es\",\"@id\":\"https:\/\/elcotarro.com\/#\/schema\/person\/image\/\",\"url\":\"https:\/\/secure.gravatar.com\/avatar\/def4da036efb5d32c74d49c351f6dccc064dd69ad9f3aadc295c5a9a5391ca01?s=96&d=mm&r=g\",\"contentUrl\":\"https:\/\/secure.gravatar.com\/avatar\/def4da036efb5d32c74d49c351f6dccc064dd69ad9f3aadc295c5a9a5391ca01?s=96&d=mm&r=g\",\"caption\":\"Jos\u00e9 Carlos Marrero Gonz\u00e1lez\"},\"sameAs\":[\"https:\/\/elcotarro.com\"],\"url\":\"https:\/\/elcotarro.com\/?author=2\"}]}<\/script>\n<!-- \/ Yoast SEO plugin. -->","yoast_head_json":{"title":"TENERIFE EN JAP\u00d3N CON EL ATAM\u00c1N - El Cotarrro","description":"En Jap\u00f3n y con el lema \"Un esp\u00edritu de unidad\" acab\u00f3 ayer el 23\u00ba World Scout Jamboree (Campamento Mundial Scout) que ha reunido a unos 37.000 j\u00f3venes (chi","robots":{"index":"index","follow":"follow","max-snippet":"max-snippet:-1","max-image-preview":"max-image-preview:large","max-video-preview":"max-video-preview:-1"},"canonical":"https:\/\/elcotarro.com\/?p=1613","og_locale":"es_ES","og_type":"article","og_title":"TENERIFE EN JAP\u00d3N CON EL ATAM\u00c1N - El Cotarrro","og_description":"En Jap\u00f3n y con el lema \"Un esp\u00edritu de unidad\" acab\u00f3 ayer el 23\u00ba World Scout Jamboree (Campamento Mundial Scout) que ha reunido a unos 37.000 j\u00f3venes (chi","og_url":"https:\/\/elcotarro.com\/?p=1613","og_site_name":"El Cotarro","article_publisher":"https:\/\/www.facebook.com\/ElCotarro.Tenerife","article_published_time":"2015-08-09T10:05:39+00:00","author":"Jos\u00e9 Carlos Marrero Gonz\u00e1lez","twitter_misc":{"Escrito por":"Jos\u00e9 Carlos Marrero Gonz\u00e1lez","Tiempo de lectura":"1 minuto"},"schema":{"@context":"https:\/\/schema.org","@graph":[{"@type":"Article","@id":"https:\/\/elcotarro.com\/?p=1613#article","isPartOf":{"@id":"https:\/\/elcotarro.com\/?p=1613"},"author":{"name":"Jos\u00e9 Carlos Marrero Gonz\u00e1lez","@id":"https:\/\/elcotarro.com\/#\/schema\/person\/af537ee7d60d15984c7e0affcd8a918b"},"headline":"TENERIFE EN JAP\u00d3N CON EL ATAM\u00c1N","datePublished":"2015-08-09T10:05:39+00:00","mainEntityOfPage":{"@id":"https:\/\/elcotarro.com\/?p=1613"},"wordCount":185,"commentCount":0,"publisher":{"@id":"https:\/\/elcotarro.com\/#organization"},"keywords":["Joaqu\u00edn L\u00f3pez","Laly Est\u00e9vez","Mar\u00eda Rojas"],"articleSection":["Sociedad"],"inLanguage":"es","potentialAction":[{"@type":"CommentAction","name":"Comment","target":["https:\/\/elcotarro.com\/?p=1613#respond"]}]},{"@type":"WebPage","@id":"https:\/\/elcotarro.com\/?p=1613","url":"https:\/\/elcotarro.com\/?p=1613","name":"TENERIFE EN JAP\u00d3N CON EL ATAM\u00c1N - El Cotarrro","isPartOf":{"@id":"https:\/\/elcotarro.com\/#website"},"datePublished":"2015-08-09T10:05:39+00:00","description":"En Jap\u00f3n y con el lema \"Un esp\u00edritu de unidad\" acab\u00f3 ayer el 23\u00ba World Scout Jamboree (Campamento Mundial Scout) que ha reunido a unos 37.000 j\u00f3venes (chi","breadcrumb":{"@id":"https:\/\/elcotarro.com\/?p=1613#breadcrumb"},"inLanguage":"es","potentialAction":[{"@type":"ReadAction","target":["https:\/\/elcotarro.com\/?p=1613"]}]},{"@type":"BreadcrumbList","@id":"https:\/\/elcotarro.com\/?p=1613#breadcrumb","itemListElement":[{"@type":"ListItem","position":1,"name":"Portada","item":"https:\/\/elcotarro.com\/"},{"@type":"ListItem","position":2,"name":"TENERIFE EN JAP\u00d3N CON EL ATAM\u00c1N"}]},{"@type":"WebSite","@id":"https:\/\/elcotarro.com\/#website","url":"https:\/\/elcotarro.com\/","name":"El Cotarro","description":"Peri\u00f3dico Digital Independiente dirigido por Jos\u00e9 Carlos Marrero","publisher":{"@id":"https:\/\/elcotarro.com\/#organization"},"potentialAction":[{"@type":"SearchAction","target":{"@type":"EntryPoint","urlTemplate":"https:\/\/elcotarro.com\/?s={search_term_string}"},"query-input":{"@type":"PropertyValueSpecification","valueRequired":true,"valueName":"search_term_string"}}],"inLanguage":"es"},{"@type":"Organization","@id":"https:\/\/elcotarro.com\/#organization","name":"El Cotarro","url":"https:\/\/elcotarro.com\/","logo":{"@type":"ImageObject","inLanguage":"es","@id":"https:\/\/elcotarro.com\/#\/schema\/logo\/image\/","url":"https:\/\/elcotarro.com\/wp-content\/uploads\/2014\/09\/Cabecera_El_Cotarro_v2.jpg","contentUrl":"https:\/\/elcotarro.com\/wp-content\/uploads\/2014\/09\/Cabecera_El_Cotarro_v2.jpg","width":3540,"height":441,"caption":"El Cotarro"},"image":{"@id":"https:\/\/elcotarro.com\/#\/schema\/logo\/image\/"},"sameAs":["https:\/\/www.facebook.com\/ElCotarro.Tenerife"]},{"@type":"Person","@id":"https:\/\/elcotarro.com\/#\/schema\/person\/af537ee7d60d15984c7e0affcd8a918b","name":"Jos\u00e9 Carlos Marrero Gonz\u00e1lez","image":{"@type":"ImageObject","inLanguage":"es","@id":"https:\/\/elcotarro.com\/#\/schema\/person\/image\/","url":"https:\/\/secure.gravatar.com\/avatar\/def4da036efb5d32c74d49c351f6dccc064dd69ad9f3aadc295c5a9a5391ca01?s=96&d=mm&r=g","contentUrl":"https:\/\/secure.gravatar.com\/avatar\/def4da036efb5d32c74d49c351f6dccc064dd69ad9f3aadc295c5a9a5391ca01?s=96&d=mm&r=g","caption":"Jos\u00e9 Carlos Marrero Gonz\u00e1lez"},"sameAs":["https:\/\/elcotarro.com"],"url":"https:\/\/elcotarro.com\/?author=2"}]}},"jetpack_featured_media_url":"","jetpack_sharing_enabled":true,"_links":{"self":[{"href":"https:\/\/elcotarro.com\/index.php?rest_route=\/wp\/v2\/posts\/1613","targetHints":{"allow":["GET"]}}],"collection":[{"href":"https:\/\/elcotarro.com\/index.php?rest_route=\/wp\/v2\/posts"}],"about":[{"href":"https:\/\/elcotarro.com\/index.php?rest_route=\/wp\/v2\/types\/post"}],"author":[{"embeddable":true,"href":"https:\/\/elcotarro.com\/index.php?rest_route=\/wp\/v2\/users\/2"}],"replies":[{"embeddable":true,"href":"https:\/\/elcotarro.com\/index.php?rest_route=%2Fwp%2Fv2%2Fcomments&post=1613"}],"version-history":[{"count":1,"href":"https:\/\/elcotarro.com\/index.php?rest_route=\/wp\/v2\/posts\/1613\/revisions"}],"predecessor-version":[{"id":1615,"href":"https:\/\/elcotarro.com\/index.php?rest_route=\/wp\/v2\/posts\/1613\/revisions\/1615"}],"wp:attachment":[{"href":"https:\/\/elcotarro.com\/index.php?rest_route=%2Fwp%2Fv2%2Fmedia&parent=1613"}],"wp:term":[{"taxonomy":"category","embeddable":true,"href":"https:\/\/elcotarro.com\/index.php?rest_route=%2Fwp%2Fv2%2Fcategories&post=1613"},{"taxonomy":"post_tag","embeddable":true,"href":"https:\/\/elcotarro.com\/index.php?rest_route=%2Fwp%2Fv2%2Ftags&post=1613"}],"curies":[{"name":"wp","href":"https:\/\/api.w.org\/{rel}","templated":true}]}}