{"id":1636,"date":"2015-08-16T11:06:30","date_gmt":"2015-08-16T10:06:30","guid":{"rendered":"https:\/\/elcotarro.com\/?p=1636"},"modified":"2015-08-16T10:49:52","modified_gmt":"2015-08-16T09:49:52","slug":"de-la-depuradora-al-urbanismo","status":"publish","type":"post","link":"https:\/\/elcotarro.com\/?p=1636","title":{"rendered":"DE LA DEPURADORA AL URBANISMO"},"content":{"rendered":"<p>\u2666 Dejando a un lado que los laguneros profundos (como yo) preferimos lo de la \u00abfusi\u00f3n por absorci\u00f3n\u00bb, o sea, la absorci\u00f3n de Santa Cruz por parte de La Laguna (es co\u00f1a), quiz\u00e1 si vaya siendo hora ya de plantear retos inteligentes de futuro, con humildad y generosidad por parte de las dos ciudades f\u00edsicamente ya unidas\u2026 La actual problem\u00e1tica con lo de la depuradora y la depuraci\u00f3n de aguas de La Laguna en (y por) Santa Cruz, es un claro ejemplo de ello\u2026 Pero hay otros retos a los que hay que echarles \u00abtimbales\u00bb y, tanto <strong>Jos\u00e9 Manuel Berm\u00fadez<\/strong> en Santa Cruz, como <strong>Jos\u00e9 Alberto D\u00edaz<\/strong> en La Laguna, podr\u00edan tener un tren pasando por delante de sus dos ciudades, que igual no deber\u00edan dejar pasar sin subirse de una vez\u2026 Ese tren puede llamarse \u00abUrbanismo\u00bb y su potente locomotora podr\u00eda denominarse \u00abGerencia de Urbanismo\u00bb.<\/p>\n<p><a href=\"https:\/\/elcotarro.com\/wp-content\/uploads\/2015\/08\/FOTO-1.-Jos\u00e9-Alberto-D\u00edaz.jpg\"><img loading=\"lazy\" decoding=\"async\" class=\"aligncenter size-full wp-image-1637\" src=\"https:\/\/elcotarro.com\/wp-content\/uploads\/2015\/08\/FOTO-1.-Jos\u00e9-Alberto-D\u00edaz.jpg\" alt=\"FOTO 1.- Jos\u00e9 Alberto D\u00edaz\" width=\"975\" height=\"362\" srcset=\"https:\/\/elcotarro.com\/wp-content\/uploads\/2015\/08\/FOTO-1.-Jos\u00e9-Alberto-D\u00edaz.jpg 975w, https:\/\/elcotarro.com\/wp-content\/uploads\/2015\/08\/FOTO-1.-Jos\u00e9-Alberto-D\u00edaz-300x111.jpg 300w\" sizes=\"auto, (max-width: 975px) 100vw, 975px\" \/><\/a><\/p>\n<p class=\"comentario\" style=\"text-align: center;\">Jos\u00e9 Alberto D\u00edaz Dom\u00ednguez, alcalde de San Crist\u00f3bal de La Laguna\u2026 En sus manos est\u00e1\u2026<\/p>\n","protected":false},"excerpt":{"rendered":"<p>\u2666 Dejando a un lado que los laguneros profundos (como yo) preferimos lo de la \u00abfusi\u00f3n por absorci\u00f3n\u00bb, o sea, la absorci\u00f3n de Santa Cruz por parte de La Laguna (es co\u00f1a), quiz\u00e1 si vaya siendo hora ya de plantear retos inteligentes de futuro, con humildad y generosidad por parte de las dos ciudades f\u00edsicamente &#8230; <a class=\"read-more\" href=\"https:\/\/elcotarro.com\/?p=1636\">Read more<\/a><\/p>\n","protected":false},"author":2,"featured_media":0,"comment_status":"open","ping_status":"open","sticky":false,"template":"","format":"standard","meta":{"_jetpack_memberships_contains_paid_content":false,"footnotes":""},"categories":[7],"tags":[275,48],"class_list":["post-1636","post","type-post","status-publish","format-standard","hentry","category-politica","tag-jose-alberto-diaz","tag-jose-manuel-bermudez"],"yoast_head":"<!-- This site is optimized with the Yoast SEO plugin v27.0 - https:\/\/yoast.com\/product\/yoast-seo-wordpress\/ -->\n<title>DE LA DEPURADORA AL URBANISMO - El Cotarro<\/title>\n<meta name=\"description\" content=\"Dejando a un lado que los laguneros profundos (como yo) preferimos lo de la &quot;fusi\u00f3n por absorci\u00f3n&quot;, o sea, la absorci\u00f3n de Santa Cruz por parte de La Lagu\" \/>\n<meta name=\"robots\" content=\"index, follow, max-snippet:-1, max-image-preview:large, max-video-preview:-1\" \/>\n<link rel=\"canonical\" href=\"https:\/\/elcotarro.com\/?p=1636\" \/>\n<meta property=\"og:locale\" content=\"es_ES\" \/>\n<meta property=\"og:type\" content=\"article\" \/>\n<meta property=\"og:title\" content=\"DE LA DEPURADORA AL URBANISMO - El Cotarro\" \/>\n<meta property=\"og:description\" content=\"Dejando a un lado que los laguneros profundos (como yo) preferimos lo de la &quot;fusi\u00f3n por absorci\u00f3n&quot;, o sea, la absorci\u00f3n de Santa Cruz por parte de La Lagu\" \/>\n<meta property=\"og:url\" content=\"https:\/\/elcotarro.com\/?p=1636\" \/>\n<meta property=\"og:site_name\" content=\"El Cotarro\" \/>\n<meta property=\"article:publisher\" content=\"https:\/\/www.facebook.com\/ElCotarro.Tenerife\" \/>\n<meta property=\"article:published_time\" content=\"2015-08-16T10:06:30+00:00\" \/>\n<meta name=\"author\" content=\"Jos\u00e9 Carlos Marrero Gonz\u00e1lez\" \/>\n<meta name=\"twitter:label1\" content=\"Escrito por\" \/>\n\t<meta name=\"twitter:data1\" content=\"Jos\u00e9 Carlos Marrero Gonz\u00e1lez\" \/>\n\t<meta name=\"twitter:label2\" content=\"Tiempo de lectura\" \/>\n\t<meta name=\"twitter:data2\" content=\"1 minuto\" \/>\n<script type=\"application\/ld+json\" class=\"yoast-schema-graph\">{\"@context\":\"https:\/\/schema.org\",\"@graph\":[{\"@type\":\"Article\",\"@id\":\"https:\/\/elcotarro.com\/?p=1636#article\",\"isPartOf\":{\"@id\":\"https:\/\/elcotarro.com\/?p=1636\"},\"author\":{\"name\":\"Jos\u00e9 Carlos Marrero Gonz\u00e1lez\",\"@id\":\"https:\/\/elcotarro.com\/#\/schema\/person\/af537ee7d60d15984c7e0affcd8a918b\"},\"headline\":\"DE LA DEPURADORA AL URBANISMO\",\"datePublished\":\"2015-08-16T10:06:30+00:00\",\"mainEntityOfPage\":{\"@id\":\"https:\/\/elcotarro.com\/?p=1636\"},\"wordCount\":180,\"commentCount\":0,\"publisher\":{\"@id\":\"https:\/\/elcotarro.com\/#organization\"},\"keywords\":[\"Jos\u00e9 Alberto D\u00edaz\",\"Jos\u00e9 Manuel Berm\u00fadez\"],\"articleSection\":[\"Pol\u00edtica\"],\"inLanguage\":\"es\",\"potentialAction\":[{\"@type\":\"CommentAction\",\"name\":\"Comment\",\"target\":[\"https:\/\/elcotarro.com\/?p=1636#respond\"]}]},{\"@type\":\"WebPage\",\"@id\":\"https:\/\/elcotarro.com\/?p=1636\",\"url\":\"https:\/\/elcotarro.com\/?p=1636\",\"name\":\"DE LA DEPURADORA AL URBANISMO - El Cotarro\",\"isPartOf\":{\"@id\":\"https:\/\/elcotarro.com\/#website\"},\"datePublished\":\"2015-08-16T10:06:30+00:00\",\"description\":\"Dejando a un lado que los laguneros profundos (como yo) preferimos lo de la \\\"fusi\u00f3n por absorci\u00f3n\\\", o sea, la absorci\u00f3n de Santa Cruz por parte de La Lagu\",\"breadcrumb\":{\"@id\":\"https:\/\/elcotarro.com\/?p=1636#breadcrumb\"},\"inLanguage\":\"es\",\"potentialAction\":[{\"@type\":\"ReadAction\",\"target\":[\"https:\/\/elcotarro.com\/?p=1636\"]}]},{\"@type\":\"BreadcrumbList\",\"@id\":\"https:\/\/elcotarro.com\/?p=1636#breadcrumb\",\"itemListElement\":[{\"@type\":\"ListItem\",\"position\":1,\"name\":\"Portada\",\"item\":\"https:\/\/elcotarro.com\/\"},{\"@type\":\"ListItem\",\"position\":2,\"name\":\"DE LA DEPURADORA AL URBANISMO\"}]},{\"@type\":\"WebSite\",\"@id\":\"https:\/\/elcotarro.com\/#website\",\"url\":\"https:\/\/elcotarro.com\/\",\"name\":\"El Cotarro\",\"description\":\"Peri\u00f3dico Digital Independiente dirigido por Jos\u00e9 Carlos Marrero\",\"publisher\":{\"@id\":\"https:\/\/elcotarro.com\/#organization\"},\"potentialAction\":[{\"@type\":\"SearchAction\",\"target\":{\"@type\":\"EntryPoint\",\"urlTemplate\":\"https:\/\/elcotarro.com\/?s={search_term_string}\"},\"query-input\":{\"@type\":\"PropertyValueSpecification\",\"valueRequired\":true,\"valueName\":\"search_term_string\"}}],\"inLanguage\":\"es\"},{\"@type\":\"Organization\",\"@id\":\"https:\/\/elcotarro.com\/#organization\",\"name\":\"El Cotarro\",\"url\":\"https:\/\/elcotarro.com\/\",\"logo\":{\"@type\":\"ImageObject\",\"inLanguage\":\"es\",\"@id\":\"https:\/\/elcotarro.com\/#\/schema\/logo\/image\/\",\"url\":\"https:\/\/elcotarro.com\/wp-content\/uploads\/2014\/09\/Cabecera_El_Cotarro_v2.jpg\",\"contentUrl\":\"https:\/\/elcotarro.com\/wp-content\/uploads\/2014\/09\/Cabecera_El_Cotarro_v2.jpg\",\"width\":3540,\"height\":441,\"caption\":\"El Cotarro\"},\"image\":{\"@id\":\"https:\/\/elcotarro.com\/#\/schema\/logo\/image\/\"},\"sameAs\":[\"https:\/\/www.facebook.com\/ElCotarro.Tenerife\"]},{\"@type\":\"Person\",\"@id\":\"https:\/\/elcotarro.com\/#\/schema\/person\/af537ee7d60d15984c7e0affcd8a918b\",\"name\":\"Jos\u00e9 Carlos Marrero Gonz\u00e1lez\",\"image\":{\"@type\":\"ImageObject\",\"inLanguage\":\"es\",\"@id\":\"https:\/\/elcotarro.com\/#\/schema\/person\/image\/\",\"url\":\"https:\/\/secure.gravatar.com\/avatar\/def4da036efb5d32c74d49c351f6dccc064dd69ad9f3aadc295c5a9a5391ca01?s=96&d=mm&r=g\",\"contentUrl\":\"https:\/\/secure.gravatar.com\/avatar\/def4da036efb5d32c74d49c351f6dccc064dd69ad9f3aadc295c5a9a5391ca01?s=96&d=mm&r=g\",\"caption\":\"Jos\u00e9 Carlos Marrero Gonz\u00e1lez\"},\"sameAs\":[\"https:\/\/elcotarro.com\"],\"url\":\"https:\/\/elcotarro.com\/?author=2\"}]}<\/script>\n<!-- \/ Yoast SEO plugin. -->","yoast_head_json":{"title":"DE LA DEPURADORA AL URBANISMO - El Cotarro","description":"Dejando a un lado que los laguneros profundos (como yo) preferimos lo de la \"fusi\u00f3n por absorci\u00f3n\", o sea, la absorci\u00f3n de Santa Cruz por parte de La Lagu","robots":{"index":"index","follow":"follow","max-snippet":"max-snippet:-1","max-image-preview":"max-image-preview:large","max-video-preview":"max-video-preview:-1"},"canonical":"https:\/\/elcotarro.com\/?p=1636","og_locale":"es_ES","og_type":"article","og_title":"DE LA DEPURADORA AL URBANISMO - El Cotarro","og_description":"Dejando a un lado que los laguneros profundos (como yo) preferimos lo de la \"fusi\u00f3n por absorci\u00f3n\", o sea, la absorci\u00f3n de Santa Cruz por parte de La Lagu","og_url":"https:\/\/elcotarro.com\/?p=1636","og_site_name":"El Cotarro","article_publisher":"https:\/\/www.facebook.com\/ElCotarro.Tenerife","article_published_time":"2015-08-16T10:06:30+00:00","author":"Jos\u00e9 Carlos Marrero Gonz\u00e1lez","twitter_misc":{"Escrito por":"Jos\u00e9 Carlos Marrero Gonz\u00e1lez","Tiempo de lectura":"1 minuto"},"schema":{"@context":"https:\/\/schema.org","@graph":[{"@type":"Article","@id":"https:\/\/elcotarro.com\/?p=1636#article","isPartOf":{"@id":"https:\/\/elcotarro.com\/?p=1636"},"author":{"name":"Jos\u00e9 Carlos Marrero Gonz\u00e1lez","@id":"https:\/\/elcotarro.com\/#\/schema\/person\/af537ee7d60d15984c7e0affcd8a918b"},"headline":"DE LA DEPURADORA AL URBANISMO","datePublished":"2015-08-16T10:06:30+00:00","mainEntityOfPage":{"@id":"https:\/\/elcotarro.com\/?p=1636"},"wordCount":180,"commentCount":0,"publisher":{"@id":"https:\/\/elcotarro.com\/#organization"},"keywords":["Jos\u00e9 Alberto D\u00edaz","Jos\u00e9 Manuel Berm\u00fadez"],"articleSection":["Pol\u00edtica"],"inLanguage":"es","potentialAction":[{"@type":"CommentAction","name":"Comment","target":["https:\/\/elcotarro.com\/?p=1636#respond"]}]},{"@type":"WebPage","@id":"https:\/\/elcotarro.com\/?p=1636","url":"https:\/\/elcotarro.com\/?p=1636","name":"DE LA DEPURADORA AL URBANISMO - El Cotarro","isPartOf":{"@id":"https:\/\/elcotarro.com\/#website"},"datePublished":"2015-08-16T10:06:30+00:00","description":"Dejando a un lado que los laguneros profundos (como yo) preferimos lo de la \"fusi\u00f3n por absorci\u00f3n\", o sea, la absorci\u00f3n de Santa Cruz por parte de La Lagu","breadcrumb":{"@id":"https:\/\/elcotarro.com\/?p=1636#breadcrumb"},"inLanguage":"es","potentialAction":[{"@type":"ReadAction","target":["https:\/\/elcotarro.com\/?p=1636"]}]},{"@type":"BreadcrumbList","@id":"https:\/\/elcotarro.com\/?p=1636#breadcrumb","itemListElement":[{"@type":"ListItem","position":1,"name":"Portada","item":"https:\/\/elcotarro.com\/"},{"@type":"ListItem","position":2,"name":"DE LA DEPURADORA AL URBANISMO"}]},{"@type":"WebSite","@id":"https:\/\/elcotarro.com\/#website","url":"https:\/\/elcotarro.com\/","name":"El Cotarro","description":"Peri\u00f3dico Digital Independiente dirigido por Jos\u00e9 Carlos Marrero","publisher":{"@id":"https:\/\/elcotarro.com\/#organization"},"potentialAction":[{"@type":"SearchAction","target":{"@type":"EntryPoint","urlTemplate":"https:\/\/elcotarro.com\/?s={search_term_string}"},"query-input":{"@type":"PropertyValueSpecification","valueRequired":true,"valueName":"search_term_string"}}],"inLanguage":"es"},{"@type":"Organization","@id":"https:\/\/elcotarro.com\/#organization","name":"El Cotarro","url":"https:\/\/elcotarro.com\/","logo":{"@type":"ImageObject","inLanguage":"es","@id":"https:\/\/elcotarro.com\/#\/schema\/logo\/image\/","url":"https:\/\/elcotarro.com\/wp-content\/uploads\/2014\/09\/Cabecera_El_Cotarro_v2.jpg","contentUrl":"https:\/\/elcotarro.com\/wp-content\/uploads\/2014\/09\/Cabecera_El_Cotarro_v2.jpg","width":3540,"height":441,"caption":"El Cotarro"},"image":{"@id":"https:\/\/elcotarro.com\/#\/schema\/logo\/image\/"},"sameAs":["https:\/\/www.facebook.com\/ElCotarro.Tenerife"]},{"@type":"Person","@id":"https:\/\/elcotarro.com\/#\/schema\/person\/af537ee7d60d15984c7e0affcd8a918b","name":"Jos\u00e9 Carlos Marrero Gonz\u00e1lez","image":{"@type":"ImageObject","inLanguage":"es","@id":"https:\/\/elcotarro.com\/#\/schema\/person\/image\/","url":"https:\/\/secure.gravatar.com\/avatar\/def4da036efb5d32c74d49c351f6dccc064dd69ad9f3aadc295c5a9a5391ca01?s=96&d=mm&r=g","contentUrl":"https:\/\/secure.gravatar.com\/avatar\/def4da036efb5d32c74d49c351f6dccc064dd69ad9f3aadc295c5a9a5391ca01?s=96&d=mm&r=g","caption":"Jos\u00e9 Carlos Marrero Gonz\u00e1lez"},"sameAs":["https:\/\/elcotarro.com"],"url":"https:\/\/elcotarro.com\/?author=2"}]}},"jetpack_featured_media_url":"","jetpack_sharing_enabled":true,"_links":{"self":[{"href":"https:\/\/elcotarro.com\/index.php?rest_route=\/wp\/v2\/posts\/1636","targetHints":{"allow":["GET"]}}],"collection":[{"href":"https:\/\/elcotarro.com\/index.php?rest_route=\/wp\/v2\/posts"}],"about":[{"href":"https:\/\/elcotarro.com\/index.php?rest_route=\/wp\/v2\/types\/post"}],"author":[{"embeddable":true,"href":"https:\/\/elcotarro.com\/index.php?rest_route=\/wp\/v2\/users\/2"}],"replies":[{"embeddable":true,"href":"https:\/\/elcotarro.com\/index.php?rest_route=%2Fwp%2Fv2%2Fcomments&post=1636"}],"version-history":[{"count":1,"href":"https:\/\/elcotarro.com\/index.php?rest_route=\/wp\/v2\/posts\/1636\/revisions"}],"predecessor-version":[{"id":1638,"href":"https:\/\/elcotarro.com\/index.php?rest_route=\/wp\/v2\/posts\/1636\/revisions\/1638"}],"wp:attachment":[{"href":"https:\/\/elcotarro.com\/index.php?rest_route=%2Fwp%2Fv2%2Fmedia&parent=1636"}],"wp:term":[{"taxonomy":"category","embeddable":true,"href":"https:\/\/elcotarro.com\/index.php?rest_route=%2Fwp%2Fv2%2Fcategories&post=1636"},{"taxonomy":"post_tag","embeddable":true,"href":"https:\/\/elcotarro.com\/index.php?rest_route=%2Fwp%2Fv2%2Ftags&post=1636"}],"curies":[{"name":"wp","href":"https:\/\/api.w.org\/{rel}","templated":true}]}}