{"id":1657,"date":"2015-08-23T11:05:46","date_gmt":"2015-08-23T10:05:46","guid":{"rendered":"https:\/\/elcotarro.com\/?p=1657"},"modified":"2015-08-23T10:21:08","modified_gmt":"2015-08-23T09:21:08","slug":"el-tandem-de-bonis-penate","status":"publish","type":"post","link":"https:\/\/elcotarro.com\/?p=1657","title":{"rendered":"EL T\u00c1NDEM \u201cDE BONIS-PE\u00d1ATE\u201d"},"content":{"rendered":"<p>\u2666 Tal como adelantamos hace ahora casi un mes, ya el doctor <strong>Ignacio L\u00f3pez Puech<\/strong> ha dejado el Hospital Universitario de Canarias, para llevar las riendas del Hospital Parque, y parece que el actual director de Gesti\u00f3n del HUC, <strong>Jos\u00e9 Manuel Hern\u00e1ndez de la Cruz<\/strong>, tambi\u00e9n va a cambiar de puesto (si no lo ha hecho ya)\u2026 Adem\u00e1s, ya esta pasada semana el Servicio Canario de la Salud (SCS) que dirige ahora <strong>Roberto Moreno<\/strong>, ha nombrado al doctor <strong>Jos\u00e9 Gilberto Pe\u00f1ate Gonz\u00e1lez<\/strong>, prestigioso especialista en Oncolog\u00eda Radioter\u00e1pica, como nuevo Director M\u00e9dico del HUC\u2026 Ahora falta la guinda del cambio con el nombramiento de <strong>Eduardo De Bonis Redondo<\/strong>, reconocido nefr\u00f3logo, sea nombramiento como nuevo Gerente del HUC\u2026 Mientras \u201ccae la breva\u201d (que creo ha retrasado su ca\u00edda por las vacaciones de unos y otros, me consta que el t\u00e1ndem <strong>De Bonis-Pe\u00f1ate<\/strong> ya ha estado trabajando tranquila y silenciosamente en el dise\u00f1o de un ilusionante y atractivo plan de futuro para el Hospital Universitario de Canarias que, basado en el tremendo equipo de profesionales del HUC, se desarrolle \u00edntegramente en beneficio de sus pacientes\u2026 Hasta donde puedo saber, creo que el proyecto es muy serio y realista y el equipo est\u00e1 entusiasmado\u2026<\/p>\n<p><a href=\"https:\/\/elcotarro.com\/wp-content\/uploads\/2015\/08\/FOTO-2.-Jos\u00e9-Gilberto-Pe\u00f1ate.jpg\"><img loading=\"lazy\" decoding=\"async\" class=\"aligncenter size-large wp-image-1658\" src=\"https:\/\/elcotarro.com\/wp-content\/uploads\/2015\/08\/FOTO-2.-Jos\u00e9-Gilberto-Pe\u00f1ate-1024x594.jpg\" alt=\"FOTO 2.- Jos\u00e9 Gilberto Pe\u00f1ate\" width=\"1024\" height=\"594\" srcset=\"https:\/\/elcotarro.com\/wp-content\/uploads\/2015\/08\/FOTO-2.-Jos\u00e9-Gilberto-Pe\u00f1ate-1024x594.jpg 1024w, https:\/\/elcotarro.com\/wp-content\/uploads\/2015\/08\/FOTO-2.-Jos\u00e9-Gilberto-Pe\u00f1ate-300x174.jpg 300w, https:\/\/elcotarro.com\/wp-content\/uploads\/2015\/08\/FOTO-2.-Jos\u00e9-Gilberto-Pe\u00f1ate.jpg 1199w\" sizes=\"auto, (max-width: 1024px) 100vw, 1024px\" \/><\/a><\/p>\n<p class=\"comentario\" style=\"text-align: center;\">El Dr. Jos\u00e9 Gilberto Pe\u00f1ate, nuevo Director M\u00e9dico del HUC<\/p>\n","protected":false},"excerpt":{"rendered":"<p>\u2666 Tal como adelantamos hace ahora casi un mes, ya el doctor Ignacio L\u00f3pez Puech ha dejado el Hospital Universitario de Canarias, para llevar las riendas del Hospital Parque, y parece que el actual director de Gesti\u00f3n del HUC, Jos\u00e9 Manuel Hern\u00e1ndez de la Cruz, tambi\u00e9n va a cambiar de puesto (si no lo ha &#8230; <a class=\"read-more\" href=\"https:\/\/elcotarro.com\/?p=1657\">Read more<\/a><\/p>\n","protected":false},"author":2,"featured_media":0,"comment_status":"open","ping_status":"open","sticky":false,"template":"","format":"standard","meta":{"_jetpack_memberships_contains_paid_content":false,"footnotes":""},"categories":[38],"tags":[725,40,788,41,787],"class_list":["post-1657","post","type-post","status-publish","format-standard","hentry","category-sanidad","tag-eduardo-de-bonis-redondo","tag-ignacio-lopez-puech","tag-jose-gilberto-penate-gonzalez","tag-jose-manuel-hernandez-de-la-cruz","tag-roberto-moreno"],"yoast_head":"<!-- This site is optimized with the Yoast SEO plugin v27.0 - https:\/\/yoast.com\/product\/yoast-seo-wordpress\/ -->\n<title>EL T\u00c1NDEM \u201cDE BONIS-PE\u00d1ATE\u201d - El Cotarro<\/title>\n<meta name=\"description\" content=\"al como adelantamos hace ahora casi un mes, ya el doctor Ignacio L\u00f3pez Puech ha dejado el Hospital Universitario de Canarias, para llevar las riendas del\" \/>\n<meta name=\"robots\" content=\"index, follow, max-snippet:-1, max-image-preview:large, max-video-preview:-1\" \/>\n<link rel=\"canonical\" href=\"https:\/\/elcotarro.com\/?p=1657\" \/>\n<meta property=\"og:locale\" content=\"es_ES\" \/>\n<meta property=\"og:type\" content=\"article\" \/>\n<meta property=\"og:title\" content=\"EL T\u00c1NDEM \u201cDE BONIS-PE\u00d1ATE\u201d - El Cotarro\" \/>\n<meta property=\"og:description\" content=\"al como adelantamos hace ahora casi un mes, ya el doctor Ignacio L\u00f3pez Puech ha dejado el Hospital Universitario de Canarias, para llevar las riendas del\" \/>\n<meta property=\"og:url\" content=\"https:\/\/elcotarro.com\/?p=1657\" \/>\n<meta property=\"og:site_name\" content=\"El Cotarro\" \/>\n<meta property=\"article:publisher\" content=\"https:\/\/www.facebook.com\/ElCotarro.Tenerife\" \/>\n<meta property=\"article:published_time\" content=\"2015-08-23T10:05:46+00:00\" \/>\n<meta name=\"author\" content=\"Jos\u00e9 Carlos Marrero Gonz\u00e1lez\" \/>\n<meta name=\"twitter:label1\" content=\"Escrito por\" \/>\n\t<meta name=\"twitter:data1\" content=\"Jos\u00e9 Carlos Marrero Gonz\u00e1lez\" \/>\n\t<meta name=\"twitter:label2\" content=\"Tiempo de lectura\" \/>\n\t<meta name=\"twitter:data2\" content=\"1 minuto\" \/>\n<script type=\"application\/ld+json\" class=\"yoast-schema-graph\">{\"@context\":\"https:\/\/schema.org\",\"@graph\":[{\"@type\":\"Article\",\"@id\":\"https:\/\/elcotarro.com\/?p=1657#article\",\"isPartOf\":{\"@id\":\"https:\/\/elcotarro.com\/?p=1657\"},\"author\":{\"name\":\"Jos\u00e9 Carlos Marrero Gonz\u00e1lez\",\"@id\":\"https:\/\/elcotarro.com\/#\/schema\/person\/af537ee7d60d15984c7e0affcd8a918b\"},\"headline\":\"EL T\u00c1NDEM \u201cDE BONIS-PE\u00d1ATE\u201d\",\"datePublished\":\"2015-08-23T10:05:46+00:00\",\"mainEntityOfPage\":{\"@id\":\"https:\/\/elcotarro.com\/?p=1657\"},\"wordCount\":232,\"commentCount\":1,\"publisher\":{\"@id\":\"https:\/\/elcotarro.com\/#organization\"},\"keywords\":[\"Eduardo De Bonis Redondo\",\"Ignacio L\u00f3pez Puech\",\"Jos\u00e9 Gilberto Pe\u00f1ate Gonz\u00e1lez\",\"Jos\u00e9 Manuel Hern\u00e1ndez de la Cruz\",\"Roberto Moreno\"],\"articleSection\":[\"Sanidad\"],\"inLanguage\":\"es\",\"potentialAction\":[{\"@type\":\"CommentAction\",\"name\":\"Comment\",\"target\":[\"https:\/\/elcotarro.com\/?p=1657#respond\"]}]},{\"@type\":\"WebPage\",\"@id\":\"https:\/\/elcotarro.com\/?p=1657\",\"url\":\"https:\/\/elcotarro.com\/?p=1657\",\"name\":\"EL T\u00c1NDEM \u201cDE BONIS-PE\u00d1ATE\u201d - El Cotarro\",\"isPartOf\":{\"@id\":\"https:\/\/elcotarro.com\/#website\"},\"datePublished\":\"2015-08-23T10:05:46+00:00\",\"description\":\"al como adelantamos hace ahora casi un mes, ya el doctor Ignacio L\u00f3pez Puech ha dejado el Hospital Universitario de Canarias, para llevar las riendas del\",\"breadcrumb\":{\"@id\":\"https:\/\/elcotarro.com\/?p=1657#breadcrumb\"},\"inLanguage\":\"es\",\"potentialAction\":[{\"@type\":\"ReadAction\",\"target\":[\"https:\/\/elcotarro.com\/?p=1657\"]}]},{\"@type\":\"BreadcrumbList\",\"@id\":\"https:\/\/elcotarro.com\/?p=1657#breadcrumb\",\"itemListElement\":[{\"@type\":\"ListItem\",\"position\":1,\"name\":\"Portada\",\"item\":\"https:\/\/elcotarro.com\/\"},{\"@type\":\"ListItem\",\"position\":2,\"name\":\"EL T\u00c1NDEM \u201cDE BONIS-PE\u00d1ATE\u201d\"}]},{\"@type\":\"WebSite\",\"@id\":\"https:\/\/elcotarro.com\/#website\",\"url\":\"https:\/\/elcotarro.com\/\",\"name\":\"El Cotarro\",\"description\":\"Peri\u00f3dico Digital Independiente dirigido por Jos\u00e9 Carlos Marrero\",\"publisher\":{\"@id\":\"https:\/\/elcotarro.com\/#organization\"},\"potentialAction\":[{\"@type\":\"SearchAction\",\"target\":{\"@type\":\"EntryPoint\",\"urlTemplate\":\"https:\/\/elcotarro.com\/?s={search_term_string}\"},\"query-input\":{\"@type\":\"PropertyValueSpecification\",\"valueRequired\":true,\"valueName\":\"search_term_string\"}}],\"inLanguage\":\"es\"},{\"@type\":\"Organization\",\"@id\":\"https:\/\/elcotarro.com\/#organization\",\"name\":\"El Cotarro\",\"url\":\"https:\/\/elcotarro.com\/\",\"logo\":{\"@type\":\"ImageObject\",\"inLanguage\":\"es\",\"@id\":\"https:\/\/elcotarro.com\/#\/schema\/logo\/image\/\",\"url\":\"https:\/\/elcotarro.com\/wp-content\/uploads\/2014\/09\/Cabecera_El_Cotarro_v2.jpg\",\"contentUrl\":\"https:\/\/elcotarro.com\/wp-content\/uploads\/2014\/09\/Cabecera_El_Cotarro_v2.jpg\",\"width\":3540,\"height\":441,\"caption\":\"El Cotarro\"},\"image\":{\"@id\":\"https:\/\/elcotarro.com\/#\/schema\/logo\/image\/\"},\"sameAs\":[\"https:\/\/www.facebook.com\/ElCotarro.Tenerife\"]},{\"@type\":\"Person\",\"@id\":\"https:\/\/elcotarro.com\/#\/schema\/person\/af537ee7d60d15984c7e0affcd8a918b\",\"name\":\"Jos\u00e9 Carlos Marrero Gonz\u00e1lez\",\"image\":{\"@type\":\"ImageObject\",\"inLanguage\":\"es\",\"@id\":\"https:\/\/elcotarro.com\/#\/schema\/person\/image\/\",\"url\":\"https:\/\/secure.gravatar.com\/avatar\/def4da036efb5d32c74d49c351f6dccc064dd69ad9f3aadc295c5a9a5391ca01?s=96&d=mm&r=g\",\"contentUrl\":\"https:\/\/secure.gravatar.com\/avatar\/def4da036efb5d32c74d49c351f6dccc064dd69ad9f3aadc295c5a9a5391ca01?s=96&d=mm&r=g\",\"caption\":\"Jos\u00e9 Carlos Marrero Gonz\u00e1lez\"},\"sameAs\":[\"https:\/\/elcotarro.com\"],\"url\":\"https:\/\/elcotarro.com\/?author=2\"}]}<\/script>\n<!-- \/ Yoast SEO plugin. -->","yoast_head_json":{"title":"EL T\u00c1NDEM \u201cDE BONIS-PE\u00d1ATE\u201d - El Cotarro","description":"al como adelantamos hace ahora casi un mes, ya el doctor Ignacio L\u00f3pez Puech ha dejado el Hospital Universitario de Canarias, para llevar las riendas del","robots":{"index":"index","follow":"follow","max-snippet":"max-snippet:-1","max-image-preview":"max-image-preview:large","max-video-preview":"max-video-preview:-1"},"canonical":"https:\/\/elcotarro.com\/?p=1657","og_locale":"es_ES","og_type":"article","og_title":"EL T\u00c1NDEM \u201cDE BONIS-PE\u00d1ATE\u201d - El Cotarro","og_description":"al como adelantamos hace ahora casi un mes, ya el doctor Ignacio L\u00f3pez Puech ha dejado el Hospital Universitario de Canarias, para llevar las riendas del","og_url":"https:\/\/elcotarro.com\/?p=1657","og_site_name":"El Cotarro","article_publisher":"https:\/\/www.facebook.com\/ElCotarro.Tenerife","article_published_time":"2015-08-23T10:05:46+00:00","author":"Jos\u00e9 Carlos Marrero Gonz\u00e1lez","twitter_misc":{"Escrito por":"Jos\u00e9 Carlos Marrero Gonz\u00e1lez","Tiempo de lectura":"1 minuto"},"schema":{"@context":"https:\/\/schema.org","@graph":[{"@type":"Article","@id":"https:\/\/elcotarro.com\/?p=1657#article","isPartOf":{"@id":"https:\/\/elcotarro.com\/?p=1657"},"author":{"name":"Jos\u00e9 Carlos Marrero Gonz\u00e1lez","@id":"https:\/\/elcotarro.com\/#\/schema\/person\/af537ee7d60d15984c7e0affcd8a918b"},"headline":"EL T\u00c1NDEM \u201cDE BONIS-PE\u00d1ATE\u201d","datePublished":"2015-08-23T10:05:46+00:00","mainEntityOfPage":{"@id":"https:\/\/elcotarro.com\/?p=1657"},"wordCount":232,"commentCount":1,"publisher":{"@id":"https:\/\/elcotarro.com\/#organization"},"keywords":["Eduardo De Bonis Redondo","Ignacio L\u00f3pez Puech","Jos\u00e9 Gilberto Pe\u00f1ate Gonz\u00e1lez","Jos\u00e9 Manuel Hern\u00e1ndez de la Cruz","Roberto Moreno"],"articleSection":["Sanidad"],"inLanguage":"es","potentialAction":[{"@type":"CommentAction","name":"Comment","target":["https:\/\/elcotarro.com\/?p=1657#respond"]}]},{"@type":"WebPage","@id":"https:\/\/elcotarro.com\/?p=1657","url":"https:\/\/elcotarro.com\/?p=1657","name":"EL T\u00c1NDEM \u201cDE BONIS-PE\u00d1ATE\u201d - El Cotarro","isPartOf":{"@id":"https:\/\/elcotarro.com\/#website"},"datePublished":"2015-08-23T10:05:46+00:00","description":"al como adelantamos hace ahora casi un mes, ya el doctor Ignacio L\u00f3pez Puech ha dejado el Hospital Universitario de Canarias, para llevar las riendas del","breadcrumb":{"@id":"https:\/\/elcotarro.com\/?p=1657#breadcrumb"},"inLanguage":"es","potentialAction":[{"@type":"ReadAction","target":["https:\/\/elcotarro.com\/?p=1657"]}]},{"@type":"BreadcrumbList","@id":"https:\/\/elcotarro.com\/?p=1657#breadcrumb","itemListElement":[{"@type":"ListItem","position":1,"name":"Portada","item":"https:\/\/elcotarro.com\/"},{"@type":"ListItem","position":2,"name":"EL T\u00c1NDEM \u201cDE BONIS-PE\u00d1ATE\u201d"}]},{"@type":"WebSite","@id":"https:\/\/elcotarro.com\/#website","url":"https:\/\/elcotarro.com\/","name":"El Cotarro","description":"Peri\u00f3dico Digital Independiente dirigido por Jos\u00e9 Carlos Marrero","publisher":{"@id":"https:\/\/elcotarro.com\/#organization"},"potentialAction":[{"@type":"SearchAction","target":{"@type":"EntryPoint","urlTemplate":"https:\/\/elcotarro.com\/?s={search_term_string}"},"query-input":{"@type":"PropertyValueSpecification","valueRequired":true,"valueName":"search_term_string"}}],"inLanguage":"es"},{"@type":"Organization","@id":"https:\/\/elcotarro.com\/#organization","name":"El Cotarro","url":"https:\/\/elcotarro.com\/","logo":{"@type":"ImageObject","inLanguage":"es","@id":"https:\/\/elcotarro.com\/#\/schema\/logo\/image\/","url":"https:\/\/elcotarro.com\/wp-content\/uploads\/2014\/09\/Cabecera_El_Cotarro_v2.jpg","contentUrl":"https:\/\/elcotarro.com\/wp-content\/uploads\/2014\/09\/Cabecera_El_Cotarro_v2.jpg","width":3540,"height":441,"caption":"El Cotarro"},"image":{"@id":"https:\/\/elcotarro.com\/#\/schema\/logo\/image\/"},"sameAs":["https:\/\/www.facebook.com\/ElCotarro.Tenerife"]},{"@type":"Person","@id":"https:\/\/elcotarro.com\/#\/schema\/person\/af537ee7d60d15984c7e0affcd8a918b","name":"Jos\u00e9 Carlos Marrero Gonz\u00e1lez","image":{"@type":"ImageObject","inLanguage":"es","@id":"https:\/\/elcotarro.com\/#\/schema\/person\/image\/","url":"https:\/\/secure.gravatar.com\/avatar\/def4da036efb5d32c74d49c351f6dccc064dd69ad9f3aadc295c5a9a5391ca01?s=96&d=mm&r=g","contentUrl":"https:\/\/secure.gravatar.com\/avatar\/def4da036efb5d32c74d49c351f6dccc064dd69ad9f3aadc295c5a9a5391ca01?s=96&d=mm&r=g","caption":"Jos\u00e9 Carlos Marrero Gonz\u00e1lez"},"sameAs":["https:\/\/elcotarro.com"],"url":"https:\/\/elcotarro.com\/?author=2"}]}},"jetpack_featured_media_url":"","jetpack_sharing_enabled":true,"_links":{"self":[{"href":"https:\/\/elcotarro.com\/index.php?rest_route=\/wp\/v2\/posts\/1657","targetHints":{"allow":["GET"]}}],"collection":[{"href":"https:\/\/elcotarro.com\/index.php?rest_route=\/wp\/v2\/posts"}],"about":[{"href":"https:\/\/elcotarro.com\/index.php?rest_route=\/wp\/v2\/types\/post"}],"author":[{"embeddable":true,"href":"https:\/\/elcotarro.com\/index.php?rest_route=\/wp\/v2\/users\/2"}],"replies":[{"embeddable":true,"href":"https:\/\/elcotarro.com\/index.php?rest_route=%2Fwp%2Fv2%2Fcomments&post=1657"}],"version-history":[{"count":1,"href":"https:\/\/elcotarro.com\/index.php?rest_route=\/wp\/v2\/posts\/1657\/revisions"}],"predecessor-version":[{"id":1659,"href":"https:\/\/elcotarro.com\/index.php?rest_route=\/wp\/v2\/posts\/1657\/revisions\/1659"}],"wp:attachment":[{"href":"https:\/\/elcotarro.com\/index.php?rest_route=%2Fwp%2Fv2%2Fmedia&parent=1657"}],"wp:term":[{"taxonomy":"category","embeddable":true,"href":"https:\/\/elcotarro.com\/index.php?rest_route=%2Fwp%2Fv2%2Fcategories&post=1657"},{"taxonomy":"post_tag","embeddable":true,"href":"https:\/\/elcotarro.com\/index.php?rest_route=%2Fwp%2Fv2%2Ftags&post=1657"}],"curies":[{"name":"wp","href":"https:\/\/api.w.org\/{rel}","templated":true}]}}