{"id":1667,"date":"2015-08-30T11:01:56","date_gmt":"2015-08-30T10:01:56","guid":{"rendered":"https:\/\/elcotarro.com\/?p=1667"},"modified":"2015-08-30T11:24:48","modified_gmt":"2015-08-30T10:24:48","slug":"caracas-gourmet","status":"publish","type":"post","link":"https:\/\/elcotarro.com\/?p=1667","title":{"rendered":"CARACAS GOURMET"},"content":{"rendered":"<p>\u2666 Terminemos en positivo y, como comenzamos con temas gastron\u00f3micos, por qu\u00e9 no rematar la faena con un buen caf\u00e9 elaborado en la isla&#8230; Para ello tenemos una gran noticia de la mano del Grupo Careca, una empresa tinerfe\u00f1a que lidera <strong>Juli\u00e1n S\u00e1enz Cort\u00e9s<\/strong> y que acaba de lanzar una nueva y arom\u00e1tica novedad&#8230; Una de sus marcas emblem\u00e1ticas de toda la vida, Caf\u00e9s Caracas, ha sacado al cada vez m\u00e1s competitivo mercado de la hosteler\u00eda un nuevo y especial caf\u00e9, denominado Caracas Gourmet, que est\u00e1 elaborado a partir de granos de la variedad Ar\u00e1bica tra\u00eddos de Colombia y Brasil&#8230; El nuevo Caracas Gourmet se fabrica en las instalaciones de Careca en el Pol\u00edgono de G\u00fc\u00edmar (en el municipio del mismo nombre) cerca de la frontera con Arafo (l\u00e9ase raya azul)&#8230; Por cierto: mejor le vendr\u00eda a <strong>Carmen Luisa Castro<\/strong> (PP), la pintora alcaldesa de G\u00fc\u00edmar, invertir su tiempo bronce\u00e1ndose al sol (como el ciudadano de la foto) o mejor tomarse un buen caf\u00e9 de G\u00fc\u00edmar y no perderlo fomentando conflictos fronterizos sin necesidad&#8230; Me dicen que el l\u00edder tinerfe\u00f1o del PP, el tambi\u00e9n alcalde <strong>Manuel Dom\u00ednguez<\/strong>, est\u00e1 muy \u201ccontento\u201d con las pintadas de su colega <strong>Luisi<\/strong> en G\u00fc\u00edmar&#8230; \u00a1Se\u00f1or, qu\u00e9 cruz!<\/p>\n<p><a href=\"https:\/\/elcotarro.com\/wp-content\/uploads\/2015\/08\/FOTO-6.-Ciudadano-tomando-el-sol.jpg\"><img loading=\"lazy\" decoding=\"async\" class=\"aligncenter size-full wp-image-1668\" src=\"https:\/\/elcotarro.com\/wp-content\/uploads\/2015\/08\/FOTO-6.-Ciudadano-tomando-el-sol.jpg\" alt=\"FOTO 6.- Ciudadano tomando el sol\" width=\"798\" height=\"502\" srcset=\"https:\/\/elcotarro.com\/wp-content\/uploads\/2015\/08\/FOTO-6.-Ciudadano-tomando-el-sol.jpg 798w, https:\/\/elcotarro.com\/wp-content\/uploads\/2015\/08\/FOTO-6.-Ciudadano-tomando-el-sol-300x189.jpg 300w\" sizes=\"auto, (max-width: 798px) 100vw, 798px\" \/><\/a><\/p>\n<p class=\"comentario\" style=\"text-align: center;\">Ciudadano tomando tranquilamente el sol&#8230; entre Arafo y G\u00fc\u00edmar.<\/p>\n<p>&nbsp;<\/p>\n<p class=\"comentario\" style=\"text-align: center;\"><a href=\"www.careca.es\"><img loading=\"lazy\" decoding=\"async\" class=\"aligncenter wp-image-539 size-full\" src=\"https:\/\/elcotarro.com\/wp-content\/uploads\/2014\/12\/Bnn_Careca.jpg\" alt=\"Bnn_Careca\" width=\"750\" height=\"150\" srcset=\"https:\/\/elcotarro.com\/wp-content\/uploads\/2014\/12\/Bnn_Careca.jpg 750w, https:\/\/elcotarro.com\/wp-content\/uploads\/2014\/12\/Bnn_Careca-300x60.jpg 300w\" sizes=\"auto, (max-width: 750px) 100vw, 750px\" \/><\/a><\/p>\n","protected":false},"excerpt":{"rendered":"<p>\u2666 Terminemos en positivo y, como comenzamos con temas gastron\u00f3micos, por qu\u00e9 no rematar la faena con un buen caf\u00e9 elaborado en la isla&#8230; Para ello tenemos una gran noticia de la mano del Grupo Careca, una empresa tinerfe\u00f1a que lidera Juli\u00e1n S\u00e1enz Cort\u00e9s y que acaba de lanzar una nueva y arom\u00e1tica novedad&#8230; Una &#8230; <a class=\"read-more\" href=\"https:\/\/elcotarro.com\/?p=1667\">Read more<\/a><\/p>\n","protected":false},"author":2,"featured_media":0,"comment_status":"open","ping_status":"open","sticky":false,"template":"","format":"standard","meta":{"_jetpack_memberships_contains_paid_content":false,"footnotes":""},"categories":[62,54],"tags":[790,789],"class_list":["post-1667","post","type-post","status-publish","format-standard","hentry","category-gastronomia","category-personajes","tag-carmen-luisa-castro","tag-julian-saenz-cortes"],"yoast_head":"<!-- This site is optimized with the Yoast SEO plugin v27.0 - https:\/\/yoast.com\/product\/yoast-seo-wordpress\/ -->\n<title>CARACAS GOURMET - El Cotarro<\/title>\n<meta name=\"description\" content=\"Terminemos en positivo y, como comenzamos con temas gastron\u00f3micos, por qu\u00e9 no rematar la faena con un buen caf\u00e9 elaborado en la isla... Para ello tenemos\" \/>\n<meta name=\"robots\" content=\"index, follow, max-snippet:-1, max-image-preview:large, max-video-preview:-1\" \/>\n<link rel=\"canonical\" href=\"https:\/\/elcotarro.com\/?p=1667\" \/>\n<meta property=\"og:locale\" content=\"es_ES\" \/>\n<meta property=\"og:type\" content=\"article\" \/>\n<meta property=\"og:title\" content=\"CARACAS GOURMET - El Cotarro\" \/>\n<meta property=\"og:description\" content=\"Terminemos en positivo y, como comenzamos con temas gastron\u00f3micos, por qu\u00e9 no rematar la faena con un buen caf\u00e9 elaborado en la isla... Para ello tenemos\" \/>\n<meta property=\"og:url\" content=\"https:\/\/elcotarro.com\/?p=1667\" \/>\n<meta property=\"og:site_name\" content=\"El Cotarro\" \/>\n<meta property=\"article:publisher\" content=\"https:\/\/www.facebook.com\/ElCotarro.Tenerife\" \/>\n<meta property=\"article:published_time\" content=\"2015-08-30T10:01:56+00:00\" \/>\n<meta property=\"article:modified_time\" content=\"2015-08-30T10:24:48+00:00\" \/>\n<meta property=\"og:image\" content=\"https:\/\/elcotarro.com\/wp-content\/uploads\/2015\/08\/FOTO-6.-Ciudadano-tomando-el-sol.jpg\" \/>\n<meta name=\"author\" content=\"Jos\u00e9 Carlos Marrero Gonz\u00e1lez\" \/>\n<meta name=\"twitter:label1\" content=\"Escrito por\" \/>\n\t<meta name=\"twitter:data1\" content=\"Jos\u00e9 Carlos Marrero Gonz\u00e1lez\" \/>\n\t<meta name=\"twitter:label2\" content=\"Tiempo de lectura\" \/>\n\t<meta name=\"twitter:data2\" content=\"1 minuto\" \/>\n<script type=\"application\/ld+json\" class=\"yoast-schema-graph\">{\"@context\":\"https:\/\/schema.org\",\"@graph\":[{\"@type\":\"Article\",\"@id\":\"https:\/\/elcotarro.com\/?p=1667#article\",\"isPartOf\":{\"@id\":\"https:\/\/elcotarro.com\/?p=1667\"},\"author\":{\"name\":\"Jos\u00e9 Carlos Marrero Gonz\u00e1lez\",\"@id\":\"https:\/\/elcotarro.com\/#\/schema\/person\/af537ee7d60d15984c7e0affcd8a918b\"},\"headline\":\"CARACAS GOURMET\",\"datePublished\":\"2015-08-30T10:01:56+00:00\",\"dateModified\":\"2015-08-30T10:24:48+00:00\",\"mainEntityOfPage\":{\"@id\":\"https:\/\/elcotarro.com\/?p=1667\"},\"wordCount\":239,\"commentCount\":0,\"publisher\":{\"@id\":\"https:\/\/elcotarro.com\/#organization\"},\"image\":{\"@id\":\"https:\/\/elcotarro.com\/?p=1667#primaryimage\"},\"thumbnailUrl\":\"https:\/\/elcotarro.com\/wp-content\/uploads\/2015\/08\/FOTO-6.-Ciudadano-tomando-el-sol.jpg\",\"keywords\":[\"Carmen Luisa Castro\",\"Juli\u00e1n S\u00e1enz Cort\u00e9s\"],\"articleSection\":[\"Gastronom\u00eda\",\"Personajes\"],\"inLanguage\":\"es\",\"potentialAction\":[{\"@type\":\"CommentAction\",\"name\":\"Comment\",\"target\":[\"https:\/\/elcotarro.com\/?p=1667#respond\"]}]},{\"@type\":\"WebPage\",\"@id\":\"https:\/\/elcotarro.com\/?p=1667\",\"url\":\"https:\/\/elcotarro.com\/?p=1667\",\"name\":\"CARACAS GOURMET - El Cotarro\",\"isPartOf\":{\"@id\":\"https:\/\/elcotarro.com\/#website\"},\"primaryImageOfPage\":{\"@id\":\"https:\/\/elcotarro.com\/?p=1667#primaryimage\"},\"image\":{\"@id\":\"https:\/\/elcotarro.com\/?p=1667#primaryimage\"},\"thumbnailUrl\":\"https:\/\/elcotarro.com\/wp-content\/uploads\/2015\/08\/FOTO-6.-Ciudadano-tomando-el-sol.jpg\",\"datePublished\":\"2015-08-30T10:01:56+00:00\",\"dateModified\":\"2015-08-30T10:24:48+00:00\",\"description\":\"Terminemos en positivo y, como comenzamos con temas gastron\u00f3micos, por qu\u00e9 no rematar la faena con un buen caf\u00e9 elaborado en la isla... Para ello tenemos\",\"breadcrumb\":{\"@id\":\"https:\/\/elcotarro.com\/?p=1667#breadcrumb\"},\"inLanguage\":\"es\",\"potentialAction\":[{\"@type\":\"ReadAction\",\"target\":[\"https:\/\/elcotarro.com\/?p=1667\"]}]},{\"@type\":\"ImageObject\",\"inLanguage\":\"es\",\"@id\":\"https:\/\/elcotarro.com\/?p=1667#primaryimage\",\"url\":\"https:\/\/elcotarro.com\/wp-content\/uploads\/2015\/08\/FOTO-6.-Ciudadano-tomando-el-sol.jpg\",\"contentUrl\":\"https:\/\/elcotarro.com\/wp-content\/uploads\/2015\/08\/FOTO-6.-Ciudadano-tomando-el-sol.jpg\",\"width\":798,\"height\":502},{\"@type\":\"BreadcrumbList\",\"@id\":\"https:\/\/elcotarro.com\/?p=1667#breadcrumb\",\"itemListElement\":[{\"@type\":\"ListItem\",\"position\":1,\"name\":\"Portada\",\"item\":\"https:\/\/elcotarro.com\/\"},{\"@type\":\"ListItem\",\"position\":2,\"name\":\"CARACAS GOURMET\"}]},{\"@type\":\"WebSite\",\"@id\":\"https:\/\/elcotarro.com\/#website\",\"url\":\"https:\/\/elcotarro.com\/\",\"name\":\"El Cotarro\",\"description\":\"Peri\u00f3dico Digital Independiente dirigido por Jos\u00e9 Carlos Marrero\",\"publisher\":{\"@id\":\"https:\/\/elcotarro.com\/#organization\"},\"potentialAction\":[{\"@type\":\"SearchAction\",\"target\":{\"@type\":\"EntryPoint\",\"urlTemplate\":\"https:\/\/elcotarro.com\/?s={search_term_string}\"},\"query-input\":{\"@type\":\"PropertyValueSpecification\",\"valueRequired\":true,\"valueName\":\"search_term_string\"}}],\"inLanguage\":\"es\"},{\"@type\":\"Organization\",\"@id\":\"https:\/\/elcotarro.com\/#organization\",\"name\":\"El Cotarro\",\"url\":\"https:\/\/elcotarro.com\/\",\"logo\":{\"@type\":\"ImageObject\",\"inLanguage\":\"es\",\"@id\":\"https:\/\/elcotarro.com\/#\/schema\/logo\/image\/\",\"url\":\"https:\/\/elcotarro.com\/wp-content\/uploads\/2014\/09\/Cabecera_El_Cotarro_v2.jpg\",\"contentUrl\":\"https:\/\/elcotarro.com\/wp-content\/uploads\/2014\/09\/Cabecera_El_Cotarro_v2.jpg\",\"width\":3540,\"height\":441,\"caption\":\"El Cotarro\"},\"image\":{\"@id\":\"https:\/\/elcotarro.com\/#\/schema\/logo\/image\/\"},\"sameAs\":[\"https:\/\/www.facebook.com\/ElCotarro.Tenerife\"]},{\"@type\":\"Person\",\"@id\":\"https:\/\/elcotarro.com\/#\/schema\/person\/af537ee7d60d15984c7e0affcd8a918b\",\"name\":\"Jos\u00e9 Carlos Marrero Gonz\u00e1lez\",\"image\":{\"@type\":\"ImageObject\",\"inLanguage\":\"es\",\"@id\":\"https:\/\/elcotarro.com\/#\/schema\/person\/image\/\",\"url\":\"https:\/\/secure.gravatar.com\/avatar\/def4da036efb5d32c74d49c351f6dccc064dd69ad9f3aadc295c5a9a5391ca01?s=96&d=mm&r=g\",\"contentUrl\":\"https:\/\/secure.gravatar.com\/avatar\/def4da036efb5d32c74d49c351f6dccc064dd69ad9f3aadc295c5a9a5391ca01?s=96&d=mm&r=g\",\"caption\":\"Jos\u00e9 Carlos Marrero Gonz\u00e1lez\"},\"sameAs\":[\"https:\/\/elcotarro.com\"],\"url\":\"https:\/\/elcotarro.com\/?author=2\"}]}<\/script>\n<!-- \/ Yoast SEO plugin. -->","yoast_head_json":{"title":"CARACAS GOURMET - El Cotarro","description":"Terminemos en positivo y, como comenzamos con temas gastron\u00f3micos, por qu\u00e9 no rematar la faena con un buen caf\u00e9 elaborado en la isla... Para ello tenemos","robots":{"index":"index","follow":"follow","max-snippet":"max-snippet:-1","max-image-preview":"max-image-preview:large","max-video-preview":"max-video-preview:-1"},"canonical":"https:\/\/elcotarro.com\/?p=1667","og_locale":"es_ES","og_type":"article","og_title":"CARACAS GOURMET - El Cotarro","og_description":"Terminemos en positivo y, como comenzamos con temas gastron\u00f3micos, por qu\u00e9 no rematar la faena con un buen caf\u00e9 elaborado en la isla... Para ello tenemos","og_url":"https:\/\/elcotarro.com\/?p=1667","og_site_name":"El Cotarro","article_publisher":"https:\/\/www.facebook.com\/ElCotarro.Tenerife","article_published_time":"2015-08-30T10:01:56+00:00","article_modified_time":"2015-08-30T10:24:48+00:00","og_image":[{"url":"https:\/\/elcotarro.com\/wp-content\/uploads\/2015\/08\/FOTO-6.-Ciudadano-tomando-el-sol.jpg","type":"","width":"","height":""}],"author":"Jos\u00e9 Carlos Marrero Gonz\u00e1lez","twitter_misc":{"Escrito por":"Jos\u00e9 Carlos Marrero Gonz\u00e1lez","Tiempo de lectura":"1 minuto"},"schema":{"@context":"https:\/\/schema.org","@graph":[{"@type":"Article","@id":"https:\/\/elcotarro.com\/?p=1667#article","isPartOf":{"@id":"https:\/\/elcotarro.com\/?p=1667"},"author":{"name":"Jos\u00e9 Carlos Marrero Gonz\u00e1lez","@id":"https:\/\/elcotarro.com\/#\/schema\/person\/af537ee7d60d15984c7e0affcd8a918b"},"headline":"CARACAS GOURMET","datePublished":"2015-08-30T10:01:56+00:00","dateModified":"2015-08-30T10:24:48+00:00","mainEntityOfPage":{"@id":"https:\/\/elcotarro.com\/?p=1667"},"wordCount":239,"commentCount":0,"publisher":{"@id":"https:\/\/elcotarro.com\/#organization"},"image":{"@id":"https:\/\/elcotarro.com\/?p=1667#primaryimage"},"thumbnailUrl":"https:\/\/elcotarro.com\/wp-content\/uploads\/2015\/08\/FOTO-6.-Ciudadano-tomando-el-sol.jpg","keywords":["Carmen Luisa Castro","Juli\u00e1n S\u00e1enz Cort\u00e9s"],"articleSection":["Gastronom\u00eda","Personajes"],"inLanguage":"es","potentialAction":[{"@type":"CommentAction","name":"Comment","target":["https:\/\/elcotarro.com\/?p=1667#respond"]}]},{"@type":"WebPage","@id":"https:\/\/elcotarro.com\/?p=1667","url":"https:\/\/elcotarro.com\/?p=1667","name":"CARACAS GOURMET - El Cotarro","isPartOf":{"@id":"https:\/\/elcotarro.com\/#website"},"primaryImageOfPage":{"@id":"https:\/\/elcotarro.com\/?p=1667#primaryimage"},"image":{"@id":"https:\/\/elcotarro.com\/?p=1667#primaryimage"},"thumbnailUrl":"https:\/\/elcotarro.com\/wp-content\/uploads\/2015\/08\/FOTO-6.-Ciudadano-tomando-el-sol.jpg","datePublished":"2015-08-30T10:01:56+00:00","dateModified":"2015-08-30T10:24:48+00:00","description":"Terminemos en positivo y, como comenzamos con temas gastron\u00f3micos, por qu\u00e9 no rematar la faena con un buen caf\u00e9 elaborado en la isla... Para ello tenemos","breadcrumb":{"@id":"https:\/\/elcotarro.com\/?p=1667#breadcrumb"},"inLanguage":"es","potentialAction":[{"@type":"ReadAction","target":["https:\/\/elcotarro.com\/?p=1667"]}]},{"@type":"ImageObject","inLanguage":"es","@id":"https:\/\/elcotarro.com\/?p=1667#primaryimage","url":"https:\/\/elcotarro.com\/wp-content\/uploads\/2015\/08\/FOTO-6.-Ciudadano-tomando-el-sol.jpg","contentUrl":"https:\/\/elcotarro.com\/wp-content\/uploads\/2015\/08\/FOTO-6.-Ciudadano-tomando-el-sol.jpg","width":798,"height":502},{"@type":"BreadcrumbList","@id":"https:\/\/elcotarro.com\/?p=1667#breadcrumb","itemListElement":[{"@type":"ListItem","position":1,"name":"Portada","item":"https:\/\/elcotarro.com\/"},{"@type":"ListItem","position":2,"name":"CARACAS GOURMET"}]},{"@type":"WebSite","@id":"https:\/\/elcotarro.com\/#website","url":"https:\/\/elcotarro.com\/","name":"El Cotarro","description":"Peri\u00f3dico Digital Independiente dirigido por Jos\u00e9 Carlos Marrero","publisher":{"@id":"https:\/\/elcotarro.com\/#organization"},"potentialAction":[{"@type":"SearchAction","target":{"@type":"EntryPoint","urlTemplate":"https:\/\/elcotarro.com\/?s={search_term_string}"},"query-input":{"@type":"PropertyValueSpecification","valueRequired":true,"valueName":"search_term_string"}}],"inLanguage":"es"},{"@type":"Organization","@id":"https:\/\/elcotarro.com\/#organization","name":"El Cotarro","url":"https:\/\/elcotarro.com\/","logo":{"@type":"ImageObject","inLanguage":"es","@id":"https:\/\/elcotarro.com\/#\/schema\/logo\/image\/","url":"https:\/\/elcotarro.com\/wp-content\/uploads\/2014\/09\/Cabecera_El_Cotarro_v2.jpg","contentUrl":"https:\/\/elcotarro.com\/wp-content\/uploads\/2014\/09\/Cabecera_El_Cotarro_v2.jpg","width":3540,"height":441,"caption":"El Cotarro"},"image":{"@id":"https:\/\/elcotarro.com\/#\/schema\/logo\/image\/"},"sameAs":["https:\/\/www.facebook.com\/ElCotarro.Tenerife"]},{"@type":"Person","@id":"https:\/\/elcotarro.com\/#\/schema\/person\/af537ee7d60d15984c7e0affcd8a918b","name":"Jos\u00e9 Carlos Marrero Gonz\u00e1lez","image":{"@type":"ImageObject","inLanguage":"es","@id":"https:\/\/elcotarro.com\/#\/schema\/person\/image\/","url":"https:\/\/secure.gravatar.com\/avatar\/def4da036efb5d32c74d49c351f6dccc064dd69ad9f3aadc295c5a9a5391ca01?s=96&d=mm&r=g","contentUrl":"https:\/\/secure.gravatar.com\/avatar\/def4da036efb5d32c74d49c351f6dccc064dd69ad9f3aadc295c5a9a5391ca01?s=96&d=mm&r=g","caption":"Jos\u00e9 Carlos Marrero Gonz\u00e1lez"},"sameAs":["https:\/\/elcotarro.com"],"url":"https:\/\/elcotarro.com\/?author=2"}]}},"jetpack_featured_media_url":"","jetpack_sharing_enabled":true,"_links":{"self":[{"href":"https:\/\/elcotarro.com\/index.php?rest_route=\/wp\/v2\/posts\/1667","targetHints":{"allow":["GET"]}}],"collection":[{"href":"https:\/\/elcotarro.com\/index.php?rest_route=\/wp\/v2\/posts"}],"about":[{"href":"https:\/\/elcotarro.com\/index.php?rest_route=\/wp\/v2\/types\/post"}],"author":[{"embeddable":true,"href":"https:\/\/elcotarro.com\/index.php?rest_route=\/wp\/v2\/users\/2"}],"replies":[{"embeddable":true,"href":"https:\/\/elcotarro.com\/index.php?rest_route=%2Fwp%2Fv2%2Fcomments&post=1667"}],"version-history":[{"count":4,"href":"https:\/\/elcotarro.com\/index.php?rest_route=\/wp\/v2\/posts\/1667\/revisions"}],"predecessor-version":[{"id":1691,"href":"https:\/\/elcotarro.com\/index.php?rest_route=\/wp\/v2\/posts\/1667\/revisions\/1691"}],"wp:attachment":[{"href":"https:\/\/elcotarro.com\/index.php?rest_route=%2Fwp%2Fv2%2Fmedia&parent=1667"}],"wp:term":[{"taxonomy":"category","embeddable":true,"href":"https:\/\/elcotarro.com\/index.php?rest_route=%2Fwp%2Fv2%2Fcategories&post=1667"},{"taxonomy":"post_tag","embeddable":true,"href":"https:\/\/elcotarro.com\/index.php?rest_route=%2Fwp%2Fv2%2Ftags&post=1667"}],"curies":[{"name":"wp","href":"https:\/\/api.w.org\/{rel}","templated":true}]}}