{"id":1674,"date":"2015-08-30T11:03:12","date_gmt":"2015-08-30T10:03:12","guid":{"rendered":"https:\/\/elcotarro.com\/?p=1674"},"modified":"2015-08-29T19:09:14","modified_gmt":"2015-08-29T18:09:14","slug":"el-escaner-del-norte-se-va-al-sur","status":"publish","type":"post","link":"https:\/\/elcotarro.com\/?p=1674","title":{"rendered":"EL ESC\u00c1NER DEL NORTE SE VA AL SUR"},"content":{"rendered":"<p>\u2666 Como ustedes sabr\u00e1n, este mes se cumple el primer a\u00f1o de la \u201cimprovisada apertura\u201d del Servicio de Urgencias del centro sanitario de Icod, popularmente denominado \u201cHospital del Norte\u00bb, servicio que sigue abierto y sin esc\u00e1ner que lo apoye&#8230; Pero me han contado una curiosa leyenda que les traslado&#8230; Parece que estaba previsto comprar 7 esc\u00e1neres, para otros tantos centros, pero por razones que se desconocen se pas\u00f3 de comprar 7 a comprar 6&#8230; Dicen que fue la anterior directora del Servicio Canario de la Salud (SCS), <strong>Juana Mar\u00eda Reyes<\/strong>, la que decidi\u00f3 que se quedara \u201ccolgado\u201d el del \u201cHospital del Norte\u201d de Tenerife, por lo que el que tiene compra adjudicada es el del sur&#8230; O sea, que ahora resulta que el \u201cHospital del Sur\u201d a\u00fan no funciona y el \u201cHospital del Norte\u201d no tiene esc\u00e1ner adjudicado&#8230; Moraleja: ni esc\u00e1ner en uno ni esc\u00e1ner en otro&#8230;<\/p>\n<p><a href=\"https:\/\/elcotarro.com\/wp-content\/uploads\/2015\/08\/FOTO-4.-Hospital-del-Norte-de-Tenerife-en-Icod.jpg\"><img loading=\"lazy\" decoding=\"async\" class=\"aligncenter size-full wp-image-1675\" src=\"https:\/\/elcotarro.com\/wp-content\/uploads\/2015\/08\/FOTO-4.-Hospital-del-Norte-de-Tenerife-en-Icod.jpg\" alt=\"FOTO 4.- Hospital del Norte de Tenerife en Icod\" width=\"1022\" height=\"637\" srcset=\"https:\/\/elcotarro.com\/wp-content\/uploads\/2015\/08\/FOTO-4.-Hospital-del-Norte-de-Tenerife-en-Icod.jpg 1022w, https:\/\/elcotarro.com\/wp-content\/uploads\/2015\/08\/FOTO-4.-Hospital-del-Norte-de-Tenerife-en-Icod-300x187.jpg 300w\" sizes=\"auto, (max-width: 1022px) 100vw, 1022px\" \/><\/a><\/p>\n<p class=\"comentario\" style=\"text-align: center;\">Mucho \u201cHospital del Norte\u201d, pero sin esc\u00e1ner ni laboratorio<\/p>\n","protected":false},"excerpt":{"rendered":"<p>\u2666 Como ustedes sabr\u00e1n, este mes se cumple el primer a\u00f1o de la \u201cimprovisada apertura\u201d del Servicio de Urgencias del centro sanitario de Icod, popularmente denominado \u201cHospital del Norte\u00bb, servicio que sigue abierto y sin esc\u00e1ner que lo apoye&#8230; Pero me han contado una curiosa leyenda que les traslado&#8230; Parece que estaba previsto comprar 7 &#8230; <a class=\"read-more\" href=\"https:\/\/elcotarro.com\/?p=1674\">Read more<\/a><\/p>\n","protected":false},"author":2,"featured_media":0,"comment_status":"open","ping_status":"open","sticky":false,"template":"","format":"standard","meta":{"_jetpack_memberships_contains_paid_content":false,"footnotes":""},"categories":[38],"tags":[42],"class_list":["post-1674","post","type-post","status-publish","format-standard","hentry","category-sanidad","tag-juana-maria-reyes"],"yoast_head":"<!-- This site is optimized with the Yoast SEO plugin v27.0 - https:\/\/yoast.com\/product\/yoast-seo-wordpress\/ -->\n<title>EL ESC\u00c1NER DEL NORTE SE VA AL SUR - El Cotarro<\/title>\n<meta name=\"description\" content=\"Como ustedes sabr\u00e1n, este mes se cumple el primer a\u00f1o de la \u201cimprovisada apertura\u201d del Servicio de Urgencias del centro sanitario de Icod, popularmente de\" \/>\n<meta name=\"robots\" content=\"index, follow, max-snippet:-1, max-image-preview:large, max-video-preview:-1\" \/>\n<link rel=\"canonical\" href=\"https:\/\/elcotarro.com\/?p=1674\" \/>\n<meta property=\"og:locale\" content=\"es_ES\" \/>\n<meta property=\"og:type\" content=\"article\" \/>\n<meta property=\"og:title\" content=\"EL ESC\u00c1NER DEL NORTE SE VA AL SUR - El Cotarro\" \/>\n<meta property=\"og:description\" content=\"Como ustedes sabr\u00e1n, este mes se cumple el primer a\u00f1o de la \u201cimprovisada apertura\u201d del Servicio de Urgencias del centro sanitario de Icod, popularmente de\" \/>\n<meta property=\"og:url\" content=\"https:\/\/elcotarro.com\/?p=1674\" \/>\n<meta property=\"og:site_name\" content=\"El Cotarro\" \/>\n<meta property=\"article:publisher\" content=\"https:\/\/www.facebook.com\/ElCotarro.Tenerife\" \/>\n<meta property=\"article:published_time\" content=\"2015-08-30T10:03:12+00:00\" \/>\n<meta property=\"og:image\" content=\"https:\/\/elcotarro.com\/wp-content\/uploads\/2015\/08\/FOTO-4.-Hospital-del-Norte-de-Tenerife-en-Icod.jpg\" \/>\n<meta name=\"author\" content=\"Jos\u00e9 Carlos Marrero Gonz\u00e1lez\" \/>\n<meta name=\"twitter:label1\" content=\"Escrito por\" \/>\n\t<meta name=\"twitter:data1\" content=\"Jos\u00e9 Carlos Marrero Gonz\u00e1lez\" \/>\n\t<meta name=\"twitter:label2\" content=\"Tiempo de lectura\" \/>\n\t<meta name=\"twitter:data2\" content=\"1 minuto\" \/>\n<script type=\"application\/ld+json\" class=\"yoast-schema-graph\">{\"@context\":\"https:\/\/schema.org\",\"@graph\":[{\"@type\":\"Article\",\"@id\":\"https:\/\/elcotarro.com\/?p=1674#article\",\"isPartOf\":{\"@id\":\"https:\/\/elcotarro.com\/?p=1674\"},\"author\":{\"name\":\"Jos\u00e9 Carlos Marrero Gonz\u00e1lez\",\"@id\":\"https:\/\/elcotarro.com\/#\/schema\/person\/af537ee7d60d15984c7e0affcd8a918b\"},\"headline\":\"EL ESC\u00c1NER DEL NORTE SE VA AL SUR\",\"datePublished\":\"2015-08-30T10:03:12+00:00\",\"mainEntityOfPage\":{\"@id\":\"https:\/\/elcotarro.com\/?p=1674\"},\"wordCount\":171,\"commentCount\":0,\"publisher\":{\"@id\":\"https:\/\/elcotarro.com\/#organization\"},\"image\":{\"@id\":\"https:\/\/elcotarro.com\/?p=1674#primaryimage\"},\"thumbnailUrl\":\"https:\/\/elcotarro.com\/wp-content\/uploads\/2015\/08\/FOTO-4.-Hospital-del-Norte-de-Tenerife-en-Icod.jpg\",\"keywords\":[\"Juana Mar\u00eda Reyes\"],\"articleSection\":[\"Sanidad\"],\"inLanguage\":\"es\",\"potentialAction\":[{\"@type\":\"CommentAction\",\"name\":\"Comment\",\"target\":[\"https:\/\/elcotarro.com\/?p=1674#respond\"]}]},{\"@type\":\"WebPage\",\"@id\":\"https:\/\/elcotarro.com\/?p=1674\",\"url\":\"https:\/\/elcotarro.com\/?p=1674\",\"name\":\"EL ESC\u00c1NER DEL NORTE SE VA AL SUR - El Cotarro\",\"isPartOf\":{\"@id\":\"https:\/\/elcotarro.com\/#website\"},\"primaryImageOfPage\":{\"@id\":\"https:\/\/elcotarro.com\/?p=1674#primaryimage\"},\"image\":{\"@id\":\"https:\/\/elcotarro.com\/?p=1674#primaryimage\"},\"thumbnailUrl\":\"https:\/\/elcotarro.com\/wp-content\/uploads\/2015\/08\/FOTO-4.-Hospital-del-Norte-de-Tenerife-en-Icod.jpg\",\"datePublished\":\"2015-08-30T10:03:12+00:00\",\"description\":\"Como ustedes sabr\u00e1n, este mes se cumple el primer a\u00f1o de la \u201cimprovisada apertura\u201d del Servicio de Urgencias del centro sanitario de Icod, popularmente de\",\"breadcrumb\":{\"@id\":\"https:\/\/elcotarro.com\/?p=1674#breadcrumb\"},\"inLanguage\":\"es\",\"potentialAction\":[{\"@type\":\"ReadAction\",\"target\":[\"https:\/\/elcotarro.com\/?p=1674\"]}]},{\"@type\":\"ImageObject\",\"inLanguage\":\"es\",\"@id\":\"https:\/\/elcotarro.com\/?p=1674#primaryimage\",\"url\":\"https:\/\/elcotarro.com\/wp-content\/uploads\/2015\/08\/FOTO-4.-Hospital-del-Norte-de-Tenerife-en-Icod.jpg\",\"contentUrl\":\"https:\/\/elcotarro.com\/wp-content\/uploads\/2015\/08\/FOTO-4.-Hospital-del-Norte-de-Tenerife-en-Icod.jpg\",\"width\":1022,\"height\":637},{\"@type\":\"BreadcrumbList\",\"@id\":\"https:\/\/elcotarro.com\/?p=1674#breadcrumb\",\"itemListElement\":[{\"@type\":\"ListItem\",\"position\":1,\"name\":\"Portada\",\"item\":\"https:\/\/elcotarro.com\/\"},{\"@type\":\"ListItem\",\"position\":2,\"name\":\"EL ESC\u00c1NER DEL NORTE SE VA AL SUR\"}]},{\"@type\":\"WebSite\",\"@id\":\"https:\/\/elcotarro.com\/#website\",\"url\":\"https:\/\/elcotarro.com\/\",\"name\":\"El Cotarro\",\"description\":\"Peri\u00f3dico Digital Independiente dirigido por Jos\u00e9 Carlos Marrero\",\"publisher\":{\"@id\":\"https:\/\/elcotarro.com\/#organization\"},\"potentialAction\":[{\"@type\":\"SearchAction\",\"target\":{\"@type\":\"EntryPoint\",\"urlTemplate\":\"https:\/\/elcotarro.com\/?s={search_term_string}\"},\"query-input\":{\"@type\":\"PropertyValueSpecification\",\"valueRequired\":true,\"valueName\":\"search_term_string\"}}],\"inLanguage\":\"es\"},{\"@type\":\"Organization\",\"@id\":\"https:\/\/elcotarro.com\/#organization\",\"name\":\"El Cotarro\",\"url\":\"https:\/\/elcotarro.com\/\",\"logo\":{\"@type\":\"ImageObject\",\"inLanguage\":\"es\",\"@id\":\"https:\/\/elcotarro.com\/#\/schema\/logo\/image\/\",\"url\":\"https:\/\/elcotarro.com\/wp-content\/uploads\/2014\/09\/Cabecera_El_Cotarro_v2.jpg\",\"contentUrl\":\"https:\/\/elcotarro.com\/wp-content\/uploads\/2014\/09\/Cabecera_El_Cotarro_v2.jpg\",\"width\":3540,\"height\":441,\"caption\":\"El Cotarro\"},\"image\":{\"@id\":\"https:\/\/elcotarro.com\/#\/schema\/logo\/image\/\"},\"sameAs\":[\"https:\/\/www.facebook.com\/ElCotarro.Tenerife\"]},{\"@type\":\"Person\",\"@id\":\"https:\/\/elcotarro.com\/#\/schema\/person\/af537ee7d60d15984c7e0affcd8a918b\",\"name\":\"Jos\u00e9 Carlos Marrero Gonz\u00e1lez\",\"image\":{\"@type\":\"ImageObject\",\"inLanguage\":\"es\",\"@id\":\"https:\/\/elcotarro.com\/#\/schema\/person\/image\/\",\"url\":\"https:\/\/secure.gravatar.com\/avatar\/def4da036efb5d32c74d49c351f6dccc064dd69ad9f3aadc295c5a9a5391ca01?s=96&d=mm&r=g\",\"contentUrl\":\"https:\/\/secure.gravatar.com\/avatar\/def4da036efb5d32c74d49c351f6dccc064dd69ad9f3aadc295c5a9a5391ca01?s=96&d=mm&r=g\",\"caption\":\"Jos\u00e9 Carlos Marrero Gonz\u00e1lez\"},\"sameAs\":[\"https:\/\/elcotarro.com\"],\"url\":\"https:\/\/elcotarro.com\/?author=2\"}]}<\/script>\n<!-- \/ Yoast SEO plugin. -->","yoast_head_json":{"title":"EL ESC\u00c1NER DEL NORTE SE VA AL SUR - El Cotarro","description":"Como ustedes sabr\u00e1n, este mes se cumple el primer a\u00f1o de la \u201cimprovisada apertura\u201d del Servicio de Urgencias del centro sanitario de Icod, popularmente de","robots":{"index":"index","follow":"follow","max-snippet":"max-snippet:-1","max-image-preview":"max-image-preview:large","max-video-preview":"max-video-preview:-1"},"canonical":"https:\/\/elcotarro.com\/?p=1674","og_locale":"es_ES","og_type":"article","og_title":"EL ESC\u00c1NER DEL NORTE SE VA AL SUR - El Cotarro","og_description":"Como ustedes sabr\u00e1n, este mes se cumple el primer a\u00f1o de la \u201cimprovisada apertura\u201d del Servicio de Urgencias del centro sanitario de Icod, popularmente de","og_url":"https:\/\/elcotarro.com\/?p=1674","og_site_name":"El Cotarro","article_publisher":"https:\/\/www.facebook.com\/ElCotarro.Tenerife","article_published_time":"2015-08-30T10:03:12+00:00","og_image":[{"url":"https:\/\/elcotarro.com\/wp-content\/uploads\/2015\/08\/FOTO-4.-Hospital-del-Norte-de-Tenerife-en-Icod.jpg","type":"","width":"","height":""}],"author":"Jos\u00e9 Carlos Marrero Gonz\u00e1lez","twitter_misc":{"Escrito por":"Jos\u00e9 Carlos Marrero Gonz\u00e1lez","Tiempo de lectura":"1 minuto"},"schema":{"@context":"https:\/\/schema.org","@graph":[{"@type":"Article","@id":"https:\/\/elcotarro.com\/?p=1674#article","isPartOf":{"@id":"https:\/\/elcotarro.com\/?p=1674"},"author":{"name":"Jos\u00e9 Carlos Marrero Gonz\u00e1lez","@id":"https:\/\/elcotarro.com\/#\/schema\/person\/af537ee7d60d15984c7e0affcd8a918b"},"headline":"EL ESC\u00c1NER DEL NORTE SE VA AL SUR","datePublished":"2015-08-30T10:03:12+00:00","mainEntityOfPage":{"@id":"https:\/\/elcotarro.com\/?p=1674"},"wordCount":171,"commentCount":0,"publisher":{"@id":"https:\/\/elcotarro.com\/#organization"},"image":{"@id":"https:\/\/elcotarro.com\/?p=1674#primaryimage"},"thumbnailUrl":"https:\/\/elcotarro.com\/wp-content\/uploads\/2015\/08\/FOTO-4.-Hospital-del-Norte-de-Tenerife-en-Icod.jpg","keywords":["Juana Mar\u00eda Reyes"],"articleSection":["Sanidad"],"inLanguage":"es","potentialAction":[{"@type":"CommentAction","name":"Comment","target":["https:\/\/elcotarro.com\/?p=1674#respond"]}]},{"@type":"WebPage","@id":"https:\/\/elcotarro.com\/?p=1674","url":"https:\/\/elcotarro.com\/?p=1674","name":"EL ESC\u00c1NER DEL NORTE SE VA AL SUR - El Cotarro","isPartOf":{"@id":"https:\/\/elcotarro.com\/#website"},"primaryImageOfPage":{"@id":"https:\/\/elcotarro.com\/?p=1674#primaryimage"},"image":{"@id":"https:\/\/elcotarro.com\/?p=1674#primaryimage"},"thumbnailUrl":"https:\/\/elcotarro.com\/wp-content\/uploads\/2015\/08\/FOTO-4.-Hospital-del-Norte-de-Tenerife-en-Icod.jpg","datePublished":"2015-08-30T10:03:12+00:00","description":"Como ustedes sabr\u00e1n, este mes se cumple el primer a\u00f1o de la \u201cimprovisada apertura\u201d del Servicio de Urgencias del centro sanitario de Icod, popularmente de","breadcrumb":{"@id":"https:\/\/elcotarro.com\/?p=1674#breadcrumb"},"inLanguage":"es","potentialAction":[{"@type":"ReadAction","target":["https:\/\/elcotarro.com\/?p=1674"]}]},{"@type":"ImageObject","inLanguage":"es","@id":"https:\/\/elcotarro.com\/?p=1674#primaryimage","url":"https:\/\/elcotarro.com\/wp-content\/uploads\/2015\/08\/FOTO-4.-Hospital-del-Norte-de-Tenerife-en-Icod.jpg","contentUrl":"https:\/\/elcotarro.com\/wp-content\/uploads\/2015\/08\/FOTO-4.-Hospital-del-Norte-de-Tenerife-en-Icod.jpg","width":1022,"height":637},{"@type":"BreadcrumbList","@id":"https:\/\/elcotarro.com\/?p=1674#breadcrumb","itemListElement":[{"@type":"ListItem","position":1,"name":"Portada","item":"https:\/\/elcotarro.com\/"},{"@type":"ListItem","position":2,"name":"EL ESC\u00c1NER DEL NORTE SE VA AL SUR"}]},{"@type":"WebSite","@id":"https:\/\/elcotarro.com\/#website","url":"https:\/\/elcotarro.com\/","name":"El Cotarro","description":"Peri\u00f3dico Digital Independiente dirigido por Jos\u00e9 Carlos Marrero","publisher":{"@id":"https:\/\/elcotarro.com\/#organization"},"potentialAction":[{"@type":"SearchAction","target":{"@type":"EntryPoint","urlTemplate":"https:\/\/elcotarro.com\/?s={search_term_string}"},"query-input":{"@type":"PropertyValueSpecification","valueRequired":true,"valueName":"search_term_string"}}],"inLanguage":"es"},{"@type":"Organization","@id":"https:\/\/elcotarro.com\/#organization","name":"El Cotarro","url":"https:\/\/elcotarro.com\/","logo":{"@type":"ImageObject","inLanguage":"es","@id":"https:\/\/elcotarro.com\/#\/schema\/logo\/image\/","url":"https:\/\/elcotarro.com\/wp-content\/uploads\/2014\/09\/Cabecera_El_Cotarro_v2.jpg","contentUrl":"https:\/\/elcotarro.com\/wp-content\/uploads\/2014\/09\/Cabecera_El_Cotarro_v2.jpg","width":3540,"height":441,"caption":"El Cotarro"},"image":{"@id":"https:\/\/elcotarro.com\/#\/schema\/logo\/image\/"},"sameAs":["https:\/\/www.facebook.com\/ElCotarro.Tenerife"]},{"@type":"Person","@id":"https:\/\/elcotarro.com\/#\/schema\/person\/af537ee7d60d15984c7e0affcd8a918b","name":"Jos\u00e9 Carlos Marrero Gonz\u00e1lez","image":{"@type":"ImageObject","inLanguage":"es","@id":"https:\/\/elcotarro.com\/#\/schema\/person\/image\/","url":"https:\/\/secure.gravatar.com\/avatar\/def4da036efb5d32c74d49c351f6dccc064dd69ad9f3aadc295c5a9a5391ca01?s=96&d=mm&r=g","contentUrl":"https:\/\/secure.gravatar.com\/avatar\/def4da036efb5d32c74d49c351f6dccc064dd69ad9f3aadc295c5a9a5391ca01?s=96&d=mm&r=g","caption":"Jos\u00e9 Carlos Marrero Gonz\u00e1lez"},"sameAs":["https:\/\/elcotarro.com"],"url":"https:\/\/elcotarro.com\/?author=2"}]}},"jetpack_featured_media_url":"","jetpack_sharing_enabled":true,"_links":{"self":[{"href":"https:\/\/elcotarro.com\/index.php?rest_route=\/wp\/v2\/posts\/1674","targetHints":{"allow":["GET"]}}],"collection":[{"href":"https:\/\/elcotarro.com\/index.php?rest_route=\/wp\/v2\/posts"}],"about":[{"href":"https:\/\/elcotarro.com\/index.php?rest_route=\/wp\/v2\/types\/post"}],"author":[{"embeddable":true,"href":"https:\/\/elcotarro.com\/index.php?rest_route=\/wp\/v2\/users\/2"}],"replies":[{"embeddable":true,"href":"https:\/\/elcotarro.com\/index.php?rest_route=%2Fwp%2Fv2%2Fcomments&post=1674"}],"version-history":[{"count":1,"href":"https:\/\/elcotarro.com\/index.php?rest_route=\/wp\/v2\/posts\/1674\/revisions"}],"predecessor-version":[{"id":1676,"href":"https:\/\/elcotarro.com\/index.php?rest_route=\/wp\/v2\/posts\/1674\/revisions\/1676"}],"wp:attachment":[{"href":"https:\/\/elcotarro.com\/index.php?rest_route=%2Fwp%2Fv2%2Fmedia&parent=1674"}],"wp:term":[{"taxonomy":"category","embeddable":true,"href":"https:\/\/elcotarro.com\/index.php?rest_route=%2Fwp%2Fv2%2Fcategories&post=1674"},{"taxonomy":"post_tag","embeddable":true,"href":"https:\/\/elcotarro.com\/index.php?rest_route=%2Fwp%2Fv2%2Ftags&post=1674"}],"curies":[{"name":"wp","href":"https:\/\/api.w.org\/{rel}","templated":true}]}}