{"id":1698,"date":"2015-09-06T11:02:40","date_gmt":"2015-09-06T10:02:40","guid":{"rendered":"https:\/\/elcotarro.com\/?p=1698"},"modified":"2015-09-05T21:46:31","modified_gmt":"2015-09-05T20:46:31","slug":"la-coherencia-de-nuestro-nicolas","status":"publish","type":"post","link":"https:\/\/elcotarro.com\/?p=1698","title":{"rendered":"LA COHERENCIA DE NUESTRO NICOL\u00c1S"},"content":{"rendered":"<p>\u2666 El joven pol\u00edtico <strong>Nicol\u00e1s Hern\u00e1ndez Guerra<\/strong> <strong>de Aguilar<\/strong>, por el momento consejero del Cabildo de Tenerife, que no s\u00e9 si ya est\u00e1 en el grupo de los \u00abno adscritos\u00bb en la nuestra primera corporaci\u00f3n insular, lleg\u00f3 a ella no por s\u00ed mismo, sino gracias a que la nueva formaci\u00f3n pol\u00edtica Ciudadanos (C&#8217;s) le dio su confianza, le admiti\u00f3 en sus listas y desarroll\u00f3 una campa\u00f1a de la que el joven ingeniero inform\u00e1tico (que casi no particip\u00f3 en ella) result\u00f3, sin duda, beneficiado\u2026 Previamente a su nominaci\u00f3n como candidato el propio Nicol\u00e1s Hern\u00e1ndez, en pleno uso de sus facultades f\u00edsicas y mentales, libre y voluntariamente (y entiendo que responsablemente), firm\u00f3 la llamada \u00abCarta \u00c9tica y Financiera\u00bb que Ciudadanos hizo firmar a todos sus candidatos y candidatas\u2026 Una carta donde, entre otras cosas dec\u00eda textualmente <em>\u00abAbandonar el cargo p\u00fablico para el que fue elegido en las listas de C&#8217;s, y los dem\u00e1s cargos p\u00fablicos que en su caso pueda ostentar por designaci\u00f3n de C&#8217;s, en el supuesto de cese de militancia del partido por cualquier causa\u00bb\u2026<\/em> Esto, como digo, lo firm\u00f3 nuestro joven <strong>Nicol\u00e1s<\/strong>\u2026 Coherente que es el hombre.<\/p>\n<p><a href=\"https:\/\/elcotarro.com\/wp-content\/uploads\/2015\/09\/FOTO-6.-Nicol\u00e1s-Hern\u00e1ndez-Ciudadanos.jpg\"><img loading=\"lazy\" decoding=\"async\" class=\"aligncenter size-full wp-image-1699\" src=\"https:\/\/elcotarro.com\/wp-content\/uploads\/2015\/09\/FOTO-6.-Nicol\u00e1s-Hern\u00e1ndez-Ciudadanos.jpg\" alt=\"FOTO 6.- Nicol\u00e1s Hern\u00e1ndez - Ciudadanos\" width=\"300\" height=\"168\" \/><\/a><\/p>\n<p class=\"comentario\" style=\"text-align: center;\">Nicol\u00e1s Hern\u00e1ndez, tomando posesi\u00f3n del esca\u00f1o que ahora no quiere dejar.<\/p>\n","protected":false},"excerpt":{"rendered":"<p>\u2666 El joven pol\u00edtico Nicol\u00e1s Hern\u00e1ndez Guerra de Aguilar, por el momento consejero del Cabildo de Tenerife, que no s\u00e9 si ya est\u00e1 en el grupo de los \u00abno adscritos\u00bb en la nuestra primera corporaci\u00f3n insular, lleg\u00f3 a ella no por s\u00ed mismo, sino gracias a que la nueva formaci\u00f3n pol\u00edtica Ciudadanos (C&#8217;s) le dio &#8230; <a class=\"read-more\" href=\"https:\/\/elcotarro.com\/?p=1698\">Read more<\/a><\/p>\n","protected":false},"author":2,"featured_media":0,"comment_status":"open","ping_status":"open","sticky":false,"template":"","format":"standard","meta":{"_jetpack_memberships_contains_paid_content":false,"footnotes":""},"categories":[7],"tags":[796],"class_list":["post-1698","post","type-post","status-publish","format-standard","hentry","category-politica","tag-nicolas-hernandez-guerra-de-aguilar"],"yoast_head":"<!-- This site is optimized with the Yoast SEO plugin v27.0 - https:\/\/yoast.com\/product\/yoast-seo-wordpress\/ -->\n<title>LA COHERENCIA DE NUESTRO NICOL\u00c1S - El Cotarro<\/title>\n<meta name=\"description\" content=\"El joven pol\u00edtico Nicol\u00e1s Hern\u00e1ndez Guerra de Aguilar, por el momento consejero del Cabildo de Tenerife, que no s\u00e9 si ya est\u00e1 en el grupo de los &quot;no adscr\" \/>\n<meta name=\"robots\" content=\"index, follow, max-snippet:-1, max-image-preview:large, max-video-preview:-1\" \/>\n<link rel=\"canonical\" href=\"https:\/\/elcotarro.com\/?p=1698\" \/>\n<meta property=\"og:locale\" content=\"es_ES\" \/>\n<meta property=\"og:type\" content=\"article\" \/>\n<meta property=\"og:title\" content=\"LA COHERENCIA DE NUESTRO NICOL\u00c1S - El Cotarro\" \/>\n<meta property=\"og:description\" content=\"El joven pol\u00edtico Nicol\u00e1s Hern\u00e1ndez Guerra de Aguilar, por el momento consejero del Cabildo de Tenerife, que no s\u00e9 si ya est\u00e1 en el grupo de los &quot;no adscr\" \/>\n<meta property=\"og:url\" content=\"https:\/\/elcotarro.com\/?p=1698\" \/>\n<meta property=\"og:site_name\" content=\"El Cotarro\" \/>\n<meta property=\"article:publisher\" content=\"https:\/\/www.facebook.com\/ElCotarro.Tenerife\" \/>\n<meta property=\"article:published_time\" content=\"2015-09-06T10:02:40+00:00\" \/>\n<meta name=\"author\" content=\"Jos\u00e9 Carlos Marrero Gonz\u00e1lez\" \/>\n<meta name=\"twitter:label1\" content=\"Escrito por\" \/>\n\t<meta name=\"twitter:data1\" content=\"Jos\u00e9 Carlos Marrero Gonz\u00e1lez\" \/>\n\t<meta name=\"twitter:label2\" content=\"Tiempo de lectura\" \/>\n\t<meta name=\"twitter:data2\" content=\"1 minuto\" \/>\n<script type=\"application\/ld+json\" class=\"yoast-schema-graph\">{\"@context\":\"https:\/\/schema.org\",\"@graph\":[{\"@type\":\"Article\",\"@id\":\"https:\/\/elcotarro.com\/?p=1698#article\",\"isPartOf\":{\"@id\":\"https:\/\/elcotarro.com\/?p=1698\"},\"author\":{\"name\":\"Jos\u00e9 Carlos Marrero Gonz\u00e1lez\",\"@id\":\"https:\/\/elcotarro.com\/#\/schema\/person\/af537ee7d60d15984c7e0affcd8a918b\"},\"headline\":\"LA COHERENCIA DE NUESTRO NICOL\u00c1S\",\"datePublished\":\"2015-09-06T10:02:40+00:00\",\"mainEntityOfPage\":{\"@id\":\"https:\/\/elcotarro.com\/?p=1698\"},\"wordCount\":229,\"commentCount\":5,\"publisher\":{\"@id\":\"https:\/\/elcotarro.com\/#organization\"},\"keywords\":[\"Nicol\u00e1s Hern\u00e1ndez Guerra de Aguilar\"],\"articleSection\":[\"Pol\u00edtica\"],\"inLanguage\":\"es\",\"potentialAction\":[{\"@type\":\"CommentAction\",\"name\":\"Comment\",\"target\":[\"https:\/\/elcotarro.com\/?p=1698#respond\"]}]},{\"@type\":\"WebPage\",\"@id\":\"https:\/\/elcotarro.com\/?p=1698\",\"url\":\"https:\/\/elcotarro.com\/?p=1698\",\"name\":\"LA COHERENCIA DE NUESTRO NICOL\u00c1S - El Cotarro\",\"isPartOf\":{\"@id\":\"https:\/\/elcotarro.com\/#website\"},\"datePublished\":\"2015-09-06T10:02:40+00:00\",\"description\":\"El joven pol\u00edtico Nicol\u00e1s Hern\u00e1ndez Guerra de Aguilar, por el momento consejero del Cabildo de Tenerife, que no s\u00e9 si ya est\u00e1 en el grupo de los \\\"no adscr\",\"breadcrumb\":{\"@id\":\"https:\/\/elcotarro.com\/?p=1698#breadcrumb\"},\"inLanguage\":\"es\",\"potentialAction\":[{\"@type\":\"ReadAction\",\"target\":[\"https:\/\/elcotarro.com\/?p=1698\"]}]},{\"@type\":\"BreadcrumbList\",\"@id\":\"https:\/\/elcotarro.com\/?p=1698#breadcrumb\",\"itemListElement\":[{\"@type\":\"ListItem\",\"position\":1,\"name\":\"Portada\",\"item\":\"https:\/\/elcotarro.com\/\"},{\"@type\":\"ListItem\",\"position\":2,\"name\":\"LA COHERENCIA DE NUESTRO NICOL\u00c1S\"}]},{\"@type\":\"WebSite\",\"@id\":\"https:\/\/elcotarro.com\/#website\",\"url\":\"https:\/\/elcotarro.com\/\",\"name\":\"El Cotarro\",\"description\":\"Peri\u00f3dico Digital Independiente dirigido por Jos\u00e9 Carlos Marrero\",\"publisher\":{\"@id\":\"https:\/\/elcotarro.com\/#organization\"},\"potentialAction\":[{\"@type\":\"SearchAction\",\"target\":{\"@type\":\"EntryPoint\",\"urlTemplate\":\"https:\/\/elcotarro.com\/?s={search_term_string}\"},\"query-input\":{\"@type\":\"PropertyValueSpecification\",\"valueRequired\":true,\"valueName\":\"search_term_string\"}}],\"inLanguage\":\"es\"},{\"@type\":\"Organization\",\"@id\":\"https:\/\/elcotarro.com\/#organization\",\"name\":\"El Cotarro\",\"url\":\"https:\/\/elcotarro.com\/\",\"logo\":{\"@type\":\"ImageObject\",\"inLanguage\":\"es\",\"@id\":\"https:\/\/elcotarro.com\/#\/schema\/logo\/image\/\",\"url\":\"https:\/\/elcotarro.com\/wp-content\/uploads\/2014\/09\/Cabecera_El_Cotarro_v2.jpg\",\"contentUrl\":\"https:\/\/elcotarro.com\/wp-content\/uploads\/2014\/09\/Cabecera_El_Cotarro_v2.jpg\",\"width\":3540,\"height\":441,\"caption\":\"El Cotarro\"},\"image\":{\"@id\":\"https:\/\/elcotarro.com\/#\/schema\/logo\/image\/\"},\"sameAs\":[\"https:\/\/www.facebook.com\/ElCotarro.Tenerife\"]},{\"@type\":\"Person\",\"@id\":\"https:\/\/elcotarro.com\/#\/schema\/person\/af537ee7d60d15984c7e0affcd8a918b\",\"name\":\"Jos\u00e9 Carlos Marrero Gonz\u00e1lez\",\"image\":{\"@type\":\"ImageObject\",\"inLanguage\":\"es\",\"@id\":\"https:\/\/elcotarro.com\/#\/schema\/person\/image\/\",\"url\":\"https:\/\/secure.gravatar.com\/avatar\/def4da036efb5d32c74d49c351f6dccc064dd69ad9f3aadc295c5a9a5391ca01?s=96&d=mm&r=g\",\"contentUrl\":\"https:\/\/secure.gravatar.com\/avatar\/def4da036efb5d32c74d49c351f6dccc064dd69ad9f3aadc295c5a9a5391ca01?s=96&d=mm&r=g\",\"caption\":\"Jos\u00e9 Carlos Marrero Gonz\u00e1lez\"},\"sameAs\":[\"https:\/\/elcotarro.com\"],\"url\":\"https:\/\/elcotarro.com\/?author=2\"}]}<\/script>\n<!-- \/ Yoast SEO plugin. -->","yoast_head_json":{"title":"LA COHERENCIA DE NUESTRO NICOL\u00c1S - El Cotarro","description":"El joven pol\u00edtico Nicol\u00e1s Hern\u00e1ndez Guerra de Aguilar, por el momento consejero del Cabildo de Tenerife, que no s\u00e9 si ya est\u00e1 en el grupo de los \"no adscr","robots":{"index":"index","follow":"follow","max-snippet":"max-snippet:-1","max-image-preview":"max-image-preview:large","max-video-preview":"max-video-preview:-1"},"canonical":"https:\/\/elcotarro.com\/?p=1698","og_locale":"es_ES","og_type":"article","og_title":"LA COHERENCIA DE NUESTRO NICOL\u00c1S - El Cotarro","og_description":"El joven pol\u00edtico Nicol\u00e1s Hern\u00e1ndez Guerra de Aguilar, por el momento consejero del Cabildo de Tenerife, que no s\u00e9 si ya est\u00e1 en el grupo de los \"no adscr","og_url":"https:\/\/elcotarro.com\/?p=1698","og_site_name":"El Cotarro","article_publisher":"https:\/\/www.facebook.com\/ElCotarro.Tenerife","article_published_time":"2015-09-06T10:02:40+00:00","author":"Jos\u00e9 Carlos Marrero Gonz\u00e1lez","twitter_misc":{"Escrito por":"Jos\u00e9 Carlos Marrero Gonz\u00e1lez","Tiempo de lectura":"1 minuto"},"schema":{"@context":"https:\/\/schema.org","@graph":[{"@type":"Article","@id":"https:\/\/elcotarro.com\/?p=1698#article","isPartOf":{"@id":"https:\/\/elcotarro.com\/?p=1698"},"author":{"name":"Jos\u00e9 Carlos Marrero Gonz\u00e1lez","@id":"https:\/\/elcotarro.com\/#\/schema\/person\/af537ee7d60d15984c7e0affcd8a918b"},"headline":"LA COHERENCIA DE NUESTRO NICOL\u00c1S","datePublished":"2015-09-06T10:02:40+00:00","mainEntityOfPage":{"@id":"https:\/\/elcotarro.com\/?p=1698"},"wordCount":229,"commentCount":5,"publisher":{"@id":"https:\/\/elcotarro.com\/#organization"},"keywords":["Nicol\u00e1s Hern\u00e1ndez Guerra de Aguilar"],"articleSection":["Pol\u00edtica"],"inLanguage":"es","potentialAction":[{"@type":"CommentAction","name":"Comment","target":["https:\/\/elcotarro.com\/?p=1698#respond"]}]},{"@type":"WebPage","@id":"https:\/\/elcotarro.com\/?p=1698","url":"https:\/\/elcotarro.com\/?p=1698","name":"LA COHERENCIA DE NUESTRO NICOL\u00c1S - El Cotarro","isPartOf":{"@id":"https:\/\/elcotarro.com\/#website"},"datePublished":"2015-09-06T10:02:40+00:00","description":"El joven pol\u00edtico Nicol\u00e1s Hern\u00e1ndez Guerra de Aguilar, por el momento consejero del Cabildo de Tenerife, que no s\u00e9 si ya est\u00e1 en el grupo de los \"no adscr","breadcrumb":{"@id":"https:\/\/elcotarro.com\/?p=1698#breadcrumb"},"inLanguage":"es","potentialAction":[{"@type":"ReadAction","target":["https:\/\/elcotarro.com\/?p=1698"]}]},{"@type":"BreadcrumbList","@id":"https:\/\/elcotarro.com\/?p=1698#breadcrumb","itemListElement":[{"@type":"ListItem","position":1,"name":"Portada","item":"https:\/\/elcotarro.com\/"},{"@type":"ListItem","position":2,"name":"LA COHERENCIA DE NUESTRO NICOL\u00c1S"}]},{"@type":"WebSite","@id":"https:\/\/elcotarro.com\/#website","url":"https:\/\/elcotarro.com\/","name":"El Cotarro","description":"Peri\u00f3dico Digital Independiente dirigido por Jos\u00e9 Carlos Marrero","publisher":{"@id":"https:\/\/elcotarro.com\/#organization"},"potentialAction":[{"@type":"SearchAction","target":{"@type":"EntryPoint","urlTemplate":"https:\/\/elcotarro.com\/?s={search_term_string}"},"query-input":{"@type":"PropertyValueSpecification","valueRequired":true,"valueName":"search_term_string"}}],"inLanguage":"es"},{"@type":"Organization","@id":"https:\/\/elcotarro.com\/#organization","name":"El Cotarro","url":"https:\/\/elcotarro.com\/","logo":{"@type":"ImageObject","inLanguage":"es","@id":"https:\/\/elcotarro.com\/#\/schema\/logo\/image\/","url":"https:\/\/elcotarro.com\/wp-content\/uploads\/2014\/09\/Cabecera_El_Cotarro_v2.jpg","contentUrl":"https:\/\/elcotarro.com\/wp-content\/uploads\/2014\/09\/Cabecera_El_Cotarro_v2.jpg","width":3540,"height":441,"caption":"El Cotarro"},"image":{"@id":"https:\/\/elcotarro.com\/#\/schema\/logo\/image\/"},"sameAs":["https:\/\/www.facebook.com\/ElCotarro.Tenerife"]},{"@type":"Person","@id":"https:\/\/elcotarro.com\/#\/schema\/person\/af537ee7d60d15984c7e0affcd8a918b","name":"Jos\u00e9 Carlos Marrero Gonz\u00e1lez","image":{"@type":"ImageObject","inLanguage":"es","@id":"https:\/\/elcotarro.com\/#\/schema\/person\/image\/","url":"https:\/\/secure.gravatar.com\/avatar\/def4da036efb5d32c74d49c351f6dccc064dd69ad9f3aadc295c5a9a5391ca01?s=96&d=mm&r=g","contentUrl":"https:\/\/secure.gravatar.com\/avatar\/def4da036efb5d32c74d49c351f6dccc064dd69ad9f3aadc295c5a9a5391ca01?s=96&d=mm&r=g","caption":"Jos\u00e9 Carlos Marrero Gonz\u00e1lez"},"sameAs":["https:\/\/elcotarro.com"],"url":"https:\/\/elcotarro.com\/?author=2"}]}},"jetpack_featured_media_url":"","jetpack_sharing_enabled":true,"_links":{"self":[{"href":"https:\/\/elcotarro.com\/index.php?rest_route=\/wp\/v2\/posts\/1698","targetHints":{"allow":["GET"]}}],"collection":[{"href":"https:\/\/elcotarro.com\/index.php?rest_route=\/wp\/v2\/posts"}],"about":[{"href":"https:\/\/elcotarro.com\/index.php?rest_route=\/wp\/v2\/types\/post"}],"author":[{"embeddable":true,"href":"https:\/\/elcotarro.com\/index.php?rest_route=\/wp\/v2\/users\/2"}],"replies":[{"embeddable":true,"href":"https:\/\/elcotarro.com\/index.php?rest_route=%2Fwp%2Fv2%2Fcomments&post=1698"}],"version-history":[{"count":1,"href":"https:\/\/elcotarro.com\/index.php?rest_route=\/wp\/v2\/posts\/1698\/revisions"}],"predecessor-version":[{"id":1700,"href":"https:\/\/elcotarro.com\/index.php?rest_route=\/wp\/v2\/posts\/1698\/revisions\/1700"}],"wp:attachment":[{"href":"https:\/\/elcotarro.com\/index.php?rest_route=%2Fwp%2Fv2%2Fmedia&parent=1698"}],"wp:term":[{"taxonomy":"category","embeddable":true,"href":"https:\/\/elcotarro.com\/index.php?rest_route=%2Fwp%2Fv2%2Fcategories&post=1698"},{"taxonomy":"post_tag","embeddable":true,"href":"https:\/\/elcotarro.com\/index.php?rest_route=%2Fwp%2Fv2%2Ftags&post=1698"}],"curies":[{"name":"wp","href":"https:\/\/api.w.org\/{rel}","templated":true}]}}