{"id":1707,"date":"2015-09-06T11:05:14","date_gmt":"2015-09-06T10:05:14","guid":{"rendered":"https:\/\/elcotarro.com\/?p=1707"},"modified":"2015-09-05T22:02:57","modified_gmt":"2015-09-05T21:02:57","slug":"hasta-la-coronilla-de-alarco","status":"publish","type":"post","link":"https:\/\/elcotarro.com\/?p=1707","title":{"rendered":"HASTA LA CORONILLA DE ALARC\u00d3"},"content":{"rendered":"<p>\u2666 Cambiando de tercio (y de m\u00e9dico) tengo que decirles que el culebr\u00f3n del Partido Popular en La Laguna est\u00e1 m\u00e1s enredado que <em>Acacias 38<\/em>&#8230; Han pasado solo 105 d\u00edas desde las pasadas elecciones del 24 de mayo y, de los cuatro concejales que finalmente sacaron los populares, ya tres de ellos est\u00e1n enfadados y enfrentados con el primero\u2026 Y es que la n\u00famero dos de la lista, <strong>Susana Fern\u00e1ndez Gorr\u00edn<\/strong>; el n\u00famero tres, <strong>Orlando Padilla Trujillo<\/strong>; y hasta el cuarto, <strong>Iv\u00e1n Gonz\u00e1lez Riverol<\/strong>, parece que est\u00e1n hasta la mism\u00edsima coronilla del n\u00famero uno de la misma, el doctor <strong>Antonio Alarc\u00f3 Hern\u00e1ndez<\/strong>\u2026 Nadie duda que <strong>Antonio<\/strong> tiene muchas cosas buenas, pero, de igual modo, que tiene otro mont\u00f3n de cosas no tan buenas\u2026 Y parece que \u00faltimamente las segundas est\u00e1n pesando m\u00e1s que las primeras\u2026 Creo que hasta el presidente insular del PP, <strong>Manuel Dom\u00ednguez<\/strong> est\u00e1 tambi\u00e9n hasta la coronilla del asunto, cosa que se comenta abiertamente en c\u00edrculos cercanos al presidente, a la vez que consejero del Cabildo y alcalde realejero.<\/p>\n<p><a href=\"https:\/\/elcotarro.com\/wp-content\/uploads\/2015\/09\/FOTO-3.-Antonio-Alarc\u00f3-y-Susana-Fdez..jpg\"><img loading=\"lazy\" decoding=\"async\" class=\"aligncenter size-full wp-image-1709\" src=\"https:\/\/elcotarro.com\/wp-content\/uploads\/2015\/09\/FOTO-3.-Antonio-Alarc\u00f3-y-Susana-Fdez..jpg\" alt=\"FOTO 3.- Antonio Alarc\u00f3 y Susana Fdez.\" width=\"318\" height=\"184\" srcset=\"https:\/\/elcotarro.com\/wp-content\/uploads\/2015\/09\/FOTO-3.-Antonio-Alarc\u00f3-y-Susana-Fdez..jpg 318w, https:\/\/elcotarro.com\/wp-content\/uploads\/2015\/09\/FOTO-3.-Antonio-Alarc\u00f3-y-Susana-Fdez.-300x174.jpg 300w\" sizes=\"auto, (max-width: 318px) 100vw, 318px\" \/><\/a><\/p>\n<p class=\"comentario\" style=\"text-align: center;\">Antonio Alarc\u00f3 y Susana Fern\u00e1ndez, cuando hab\u00eda sinton\u00eda entre ambos.<\/p>\n","protected":false},"excerpt":{"rendered":"<p>\u2666 Cambiando de tercio (y de m\u00e9dico) tengo que decirles que el culebr\u00f3n del Partido Popular en La Laguna est\u00e1 m\u00e1s enredado que Acacias 38&#8230; Han pasado solo 105 d\u00edas desde las pasadas elecciones del 24 de mayo y, de los cuatro concejales que finalmente sacaron los populares, ya tres de ellos est\u00e1n enfadados y &#8230; <a class=\"read-more\" href=\"https:\/\/elcotarro.com\/?p=1707\">Read more<\/a><\/p>\n","protected":false},"author":2,"featured_media":0,"comment_status":"open","ping_status":"open","sticky":false,"template":"","format":"standard","meta":{"_jetpack_memberships_contains_paid_content":false,"footnotes":""},"categories":[7],"tags":[180,449,31,799,464],"class_list":["post-1707","post","type-post","status-publish","format-standard","hentry","category-politica","tag-antonio-alarco-hernandez","tag-ivan-gonzalez-riverol","tag-manuel-dominguez","tag-orlando-padilla-trujillo","tag-susana-fernandez-gorrin"],"yoast_head":"<!-- This site is optimized with the Yoast SEO plugin v27.0 - https:\/\/yoast.com\/product\/yoast-seo-wordpress\/ -->\n<title>HASTA LA CORONILLA DE ALARC\u00d3 - El Cotarro<\/title>\n<meta name=\"description\" content=\"Cambiando de tercio (y de m\u00e9dico) tengo que decirles que el culebr\u00f3n del Partido Popular en La Laguna est\u00e1 m\u00e1s enredado que Acacias 38... Han pasado solo\" \/>\n<meta name=\"robots\" content=\"index, follow, max-snippet:-1, max-image-preview:large, max-video-preview:-1\" \/>\n<link rel=\"canonical\" href=\"https:\/\/elcotarro.com\/?p=1707\" \/>\n<meta property=\"og:locale\" content=\"es_ES\" \/>\n<meta property=\"og:type\" content=\"article\" \/>\n<meta property=\"og:title\" content=\"HASTA LA CORONILLA DE ALARC\u00d3 - El Cotarro\" \/>\n<meta property=\"og:description\" content=\"Cambiando de tercio (y de m\u00e9dico) tengo que decirles que el culebr\u00f3n del Partido Popular en La Laguna est\u00e1 m\u00e1s enredado que Acacias 38... Han pasado solo\" \/>\n<meta property=\"og:url\" content=\"https:\/\/elcotarro.com\/?p=1707\" \/>\n<meta property=\"og:site_name\" content=\"El Cotarro\" \/>\n<meta property=\"article:publisher\" content=\"https:\/\/www.facebook.com\/ElCotarro.Tenerife\" \/>\n<meta property=\"article:published_time\" content=\"2015-09-06T10:05:14+00:00\" \/>\n<meta name=\"author\" content=\"Jos\u00e9 Carlos Marrero Gonz\u00e1lez\" \/>\n<meta name=\"twitter:label1\" content=\"Escrito por\" \/>\n\t<meta name=\"twitter:data1\" content=\"Jos\u00e9 Carlos Marrero Gonz\u00e1lez\" \/>\n\t<meta name=\"twitter:label2\" content=\"Tiempo de lectura\" \/>\n\t<meta name=\"twitter:data2\" content=\"1 minuto\" \/>\n<script type=\"application\/ld+json\" class=\"yoast-schema-graph\">{\"@context\":\"https:\/\/schema.org\",\"@graph\":[{\"@type\":\"Article\",\"@id\":\"https:\/\/elcotarro.com\/?p=1707#article\",\"isPartOf\":{\"@id\":\"https:\/\/elcotarro.com\/?p=1707\"},\"author\":{\"name\":\"Jos\u00e9 Carlos Marrero Gonz\u00e1lez\",\"@id\":\"https:\/\/elcotarro.com\/#\/schema\/person\/af537ee7d60d15984c7e0affcd8a918b\"},\"headline\":\"HASTA LA CORONILLA DE ALARC\u00d3\",\"datePublished\":\"2015-09-06T10:05:14+00:00\",\"mainEntityOfPage\":{\"@id\":\"https:\/\/elcotarro.com\/?p=1707\"},\"wordCount\":207,\"commentCount\":0,\"publisher\":{\"@id\":\"https:\/\/elcotarro.com\/#organization\"},\"keywords\":[\"Antonio Alarc\u00f3 Hern\u00e1ndez\",\"Iv\u00e1n Gonz\u00e1lez Riverol\",\"Manuel Dom\u00ednguez\",\"Orlando Padilla Trujillo\",\"Susana Fern\u00e1ndez Gorr\u00edn\"],\"articleSection\":[\"Pol\u00edtica\"],\"inLanguage\":\"es\",\"potentialAction\":[{\"@type\":\"CommentAction\",\"name\":\"Comment\",\"target\":[\"https:\/\/elcotarro.com\/?p=1707#respond\"]}]},{\"@type\":\"WebPage\",\"@id\":\"https:\/\/elcotarro.com\/?p=1707\",\"url\":\"https:\/\/elcotarro.com\/?p=1707\",\"name\":\"HASTA LA CORONILLA DE ALARC\u00d3 - El Cotarro\",\"isPartOf\":{\"@id\":\"https:\/\/elcotarro.com\/#website\"},\"datePublished\":\"2015-09-06T10:05:14+00:00\",\"description\":\"Cambiando de tercio (y de m\u00e9dico) tengo que decirles que el culebr\u00f3n del Partido Popular en La Laguna est\u00e1 m\u00e1s enredado que Acacias 38... Han pasado solo\",\"breadcrumb\":{\"@id\":\"https:\/\/elcotarro.com\/?p=1707#breadcrumb\"},\"inLanguage\":\"es\",\"potentialAction\":[{\"@type\":\"ReadAction\",\"target\":[\"https:\/\/elcotarro.com\/?p=1707\"]}]},{\"@type\":\"BreadcrumbList\",\"@id\":\"https:\/\/elcotarro.com\/?p=1707#breadcrumb\",\"itemListElement\":[{\"@type\":\"ListItem\",\"position\":1,\"name\":\"Portada\",\"item\":\"https:\/\/elcotarro.com\/\"},{\"@type\":\"ListItem\",\"position\":2,\"name\":\"HASTA LA CORONILLA DE ALARC\u00d3\"}]},{\"@type\":\"WebSite\",\"@id\":\"https:\/\/elcotarro.com\/#website\",\"url\":\"https:\/\/elcotarro.com\/\",\"name\":\"El Cotarro\",\"description\":\"Peri\u00f3dico Digital Independiente dirigido por Jos\u00e9 Carlos Marrero\",\"publisher\":{\"@id\":\"https:\/\/elcotarro.com\/#organization\"},\"potentialAction\":[{\"@type\":\"SearchAction\",\"target\":{\"@type\":\"EntryPoint\",\"urlTemplate\":\"https:\/\/elcotarro.com\/?s={search_term_string}\"},\"query-input\":{\"@type\":\"PropertyValueSpecification\",\"valueRequired\":true,\"valueName\":\"search_term_string\"}}],\"inLanguage\":\"es\"},{\"@type\":\"Organization\",\"@id\":\"https:\/\/elcotarro.com\/#organization\",\"name\":\"El Cotarro\",\"url\":\"https:\/\/elcotarro.com\/\",\"logo\":{\"@type\":\"ImageObject\",\"inLanguage\":\"es\",\"@id\":\"https:\/\/elcotarro.com\/#\/schema\/logo\/image\/\",\"url\":\"https:\/\/elcotarro.com\/wp-content\/uploads\/2014\/09\/Cabecera_El_Cotarro_v2.jpg\",\"contentUrl\":\"https:\/\/elcotarro.com\/wp-content\/uploads\/2014\/09\/Cabecera_El_Cotarro_v2.jpg\",\"width\":3540,\"height\":441,\"caption\":\"El Cotarro\"},\"image\":{\"@id\":\"https:\/\/elcotarro.com\/#\/schema\/logo\/image\/\"},\"sameAs\":[\"https:\/\/www.facebook.com\/ElCotarro.Tenerife\"]},{\"@type\":\"Person\",\"@id\":\"https:\/\/elcotarro.com\/#\/schema\/person\/af537ee7d60d15984c7e0affcd8a918b\",\"name\":\"Jos\u00e9 Carlos Marrero Gonz\u00e1lez\",\"image\":{\"@type\":\"ImageObject\",\"inLanguage\":\"es\",\"@id\":\"https:\/\/elcotarro.com\/#\/schema\/person\/image\/\",\"url\":\"https:\/\/secure.gravatar.com\/avatar\/def4da036efb5d32c74d49c351f6dccc064dd69ad9f3aadc295c5a9a5391ca01?s=96&d=mm&r=g\",\"contentUrl\":\"https:\/\/secure.gravatar.com\/avatar\/def4da036efb5d32c74d49c351f6dccc064dd69ad9f3aadc295c5a9a5391ca01?s=96&d=mm&r=g\",\"caption\":\"Jos\u00e9 Carlos Marrero Gonz\u00e1lez\"},\"sameAs\":[\"https:\/\/elcotarro.com\"],\"url\":\"https:\/\/elcotarro.com\/?author=2\"}]}<\/script>\n<!-- \/ Yoast SEO plugin. -->","yoast_head_json":{"title":"HASTA LA CORONILLA DE ALARC\u00d3 - El Cotarro","description":"Cambiando de tercio (y de m\u00e9dico) tengo que decirles que el culebr\u00f3n del Partido Popular en La Laguna est\u00e1 m\u00e1s enredado que Acacias 38... Han pasado solo","robots":{"index":"index","follow":"follow","max-snippet":"max-snippet:-1","max-image-preview":"max-image-preview:large","max-video-preview":"max-video-preview:-1"},"canonical":"https:\/\/elcotarro.com\/?p=1707","og_locale":"es_ES","og_type":"article","og_title":"HASTA LA CORONILLA DE ALARC\u00d3 - El Cotarro","og_description":"Cambiando de tercio (y de m\u00e9dico) tengo que decirles que el culebr\u00f3n del Partido Popular en La Laguna est\u00e1 m\u00e1s enredado que Acacias 38... Han pasado solo","og_url":"https:\/\/elcotarro.com\/?p=1707","og_site_name":"El Cotarro","article_publisher":"https:\/\/www.facebook.com\/ElCotarro.Tenerife","article_published_time":"2015-09-06T10:05:14+00:00","author":"Jos\u00e9 Carlos Marrero Gonz\u00e1lez","twitter_misc":{"Escrito por":"Jos\u00e9 Carlos Marrero Gonz\u00e1lez","Tiempo de lectura":"1 minuto"},"schema":{"@context":"https:\/\/schema.org","@graph":[{"@type":"Article","@id":"https:\/\/elcotarro.com\/?p=1707#article","isPartOf":{"@id":"https:\/\/elcotarro.com\/?p=1707"},"author":{"name":"Jos\u00e9 Carlos Marrero Gonz\u00e1lez","@id":"https:\/\/elcotarro.com\/#\/schema\/person\/af537ee7d60d15984c7e0affcd8a918b"},"headline":"HASTA LA CORONILLA DE ALARC\u00d3","datePublished":"2015-09-06T10:05:14+00:00","mainEntityOfPage":{"@id":"https:\/\/elcotarro.com\/?p=1707"},"wordCount":207,"commentCount":0,"publisher":{"@id":"https:\/\/elcotarro.com\/#organization"},"keywords":["Antonio Alarc\u00f3 Hern\u00e1ndez","Iv\u00e1n Gonz\u00e1lez Riverol","Manuel Dom\u00ednguez","Orlando Padilla Trujillo","Susana Fern\u00e1ndez Gorr\u00edn"],"articleSection":["Pol\u00edtica"],"inLanguage":"es","potentialAction":[{"@type":"CommentAction","name":"Comment","target":["https:\/\/elcotarro.com\/?p=1707#respond"]}]},{"@type":"WebPage","@id":"https:\/\/elcotarro.com\/?p=1707","url":"https:\/\/elcotarro.com\/?p=1707","name":"HASTA LA CORONILLA DE ALARC\u00d3 - El Cotarro","isPartOf":{"@id":"https:\/\/elcotarro.com\/#website"},"datePublished":"2015-09-06T10:05:14+00:00","description":"Cambiando de tercio (y de m\u00e9dico) tengo que decirles que el culebr\u00f3n del Partido Popular en La Laguna est\u00e1 m\u00e1s enredado que Acacias 38... Han pasado solo","breadcrumb":{"@id":"https:\/\/elcotarro.com\/?p=1707#breadcrumb"},"inLanguage":"es","potentialAction":[{"@type":"ReadAction","target":["https:\/\/elcotarro.com\/?p=1707"]}]},{"@type":"BreadcrumbList","@id":"https:\/\/elcotarro.com\/?p=1707#breadcrumb","itemListElement":[{"@type":"ListItem","position":1,"name":"Portada","item":"https:\/\/elcotarro.com\/"},{"@type":"ListItem","position":2,"name":"HASTA LA CORONILLA DE ALARC\u00d3"}]},{"@type":"WebSite","@id":"https:\/\/elcotarro.com\/#website","url":"https:\/\/elcotarro.com\/","name":"El Cotarro","description":"Peri\u00f3dico Digital Independiente dirigido por Jos\u00e9 Carlos Marrero","publisher":{"@id":"https:\/\/elcotarro.com\/#organization"},"potentialAction":[{"@type":"SearchAction","target":{"@type":"EntryPoint","urlTemplate":"https:\/\/elcotarro.com\/?s={search_term_string}"},"query-input":{"@type":"PropertyValueSpecification","valueRequired":true,"valueName":"search_term_string"}}],"inLanguage":"es"},{"@type":"Organization","@id":"https:\/\/elcotarro.com\/#organization","name":"El Cotarro","url":"https:\/\/elcotarro.com\/","logo":{"@type":"ImageObject","inLanguage":"es","@id":"https:\/\/elcotarro.com\/#\/schema\/logo\/image\/","url":"https:\/\/elcotarro.com\/wp-content\/uploads\/2014\/09\/Cabecera_El_Cotarro_v2.jpg","contentUrl":"https:\/\/elcotarro.com\/wp-content\/uploads\/2014\/09\/Cabecera_El_Cotarro_v2.jpg","width":3540,"height":441,"caption":"El Cotarro"},"image":{"@id":"https:\/\/elcotarro.com\/#\/schema\/logo\/image\/"},"sameAs":["https:\/\/www.facebook.com\/ElCotarro.Tenerife"]},{"@type":"Person","@id":"https:\/\/elcotarro.com\/#\/schema\/person\/af537ee7d60d15984c7e0affcd8a918b","name":"Jos\u00e9 Carlos Marrero Gonz\u00e1lez","image":{"@type":"ImageObject","inLanguage":"es","@id":"https:\/\/elcotarro.com\/#\/schema\/person\/image\/","url":"https:\/\/secure.gravatar.com\/avatar\/def4da036efb5d32c74d49c351f6dccc064dd69ad9f3aadc295c5a9a5391ca01?s=96&d=mm&r=g","contentUrl":"https:\/\/secure.gravatar.com\/avatar\/def4da036efb5d32c74d49c351f6dccc064dd69ad9f3aadc295c5a9a5391ca01?s=96&d=mm&r=g","caption":"Jos\u00e9 Carlos Marrero Gonz\u00e1lez"},"sameAs":["https:\/\/elcotarro.com"],"url":"https:\/\/elcotarro.com\/?author=2"}]}},"jetpack_featured_media_url":"","jetpack_sharing_enabled":true,"_links":{"self":[{"href":"https:\/\/elcotarro.com\/index.php?rest_route=\/wp\/v2\/posts\/1707","targetHints":{"allow":["GET"]}}],"collection":[{"href":"https:\/\/elcotarro.com\/index.php?rest_route=\/wp\/v2\/posts"}],"about":[{"href":"https:\/\/elcotarro.com\/index.php?rest_route=\/wp\/v2\/types\/post"}],"author":[{"embeddable":true,"href":"https:\/\/elcotarro.com\/index.php?rest_route=\/wp\/v2\/users\/2"}],"replies":[{"embeddable":true,"href":"https:\/\/elcotarro.com\/index.php?rest_route=%2Fwp%2Fv2%2Fcomments&post=1707"}],"version-history":[{"count":2,"href":"https:\/\/elcotarro.com\/index.php?rest_route=\/wp\/v2\/posts\/1707\/revisions"}],"predecessor-version":[{"id":1710,"href":"https:\/\/elcotarro.com\/index.php?rest_route=\/wp\/v2\/posts\/1707\/revisions\/1710"}],"wp:attachment":[{"href":"https:\/\/elcotarro.com\/index.php?rest_route=%2Fwp%2Fv2%2Fmedia&parent=1707"}],"wp:term":[{"taxonomy":"category","embeddable":true,"href":"https:\/\/elcotarro.com\/index.php?rest_route=%2Fwp%2Fv2%2Fcategories&post=1707"},{"taxonomy":"post_tag","embeddable":true,"href":"https:\/\/elcotarro.com\/index.php?rest_route=%2Fwp%2Fv2%2Ftags&post=1707"}],"curies":[{"name":"wp","href":"https:\/\/api.w.org\/{rel}","templated":true}]}}