{"id":1742,"date":"2015-09-13T11:03:31","date_gmt":"2015-09-13T10:03:31","guid":{"rendered":"https:\/\/elcotarro.com\/?p=1742"},"modified":"2015-09-11T11:12:03","modified_gmt":"2015-09-11T10:12:03","slug":"cada-tercer-sabado-de-septiembre","status":"publish","type":"post","link":"https:\/\/elcotarro.com\/?p=1742","title":{"rendered":"CADA TERCER S\u00c1BADO DE SEPTIEMBRE"},"content":{"rendered":"<p>\u2666 La idea que ya ronda y que tiene una l\u00f3gica aplastante, apunta a que el \u00abD\u00eda Grande\u00bb de las fiestas en honor del Cristo de La Laguna se celebre siempre y de forma fija el tercer s\u00e1bado de septiembre, y que dicho d\u00eda sea festivo en La Laguna\u2026 Con ello la popular \u00abV\u00edspera del Cristo\u00bb y la llamada \u00abNoche de los Laguneros\u00bb se celebrar\u00eda siempre el tercer viernes de septiembre y, como el d\u00eda siguiente (s\u00e1bado) ser\u00eda festivo, todo el mundo podr\u00eda disfrutarla (a ser posible en la plaza)\u2026 Y como el \u00abD\u00eda Grande\u00bb caer\u00eda siempre en s\u00e1bado, todos podr\u00edamos disfrutar de la \u00abProcesi\u00f3n del Retorno\u00bb (a mediod\u00eda) y de los fuegos y la popular \u00abtraca\u00bb nocturna, porque se tendr\u00eda todo el domingo para descansar (y, en su defecto, dormir la resaca y recuperarse)\u2026 De asumirse la cuesti\u00f3n por parte de todas las partes implicadas, el hacerla realidad solo tendr\u00eda que pasar por la propuesta por parte de la nueva concejala de Fiestas, <strong>Atteneri Falero Alonso<\/strong> y creo que un sencillo tr\u00e1mite administrativo que tendr\u00eda que comandar el alcalde <strong>Jos\u00e9 Alberto D\u00edaz<\/strong> y que no s\u00e9 si podr\u00eda estar resuelto para que ya el pr\u00f3ximo a\u00f1o el \u00abD\u00eda Grande\u00bb se celebrara el s\u00e1bado, 17 de septiembre de 2016\u2026 En todo caso, el d\u00eda 14 siempre se celebrar\u00eda la fiesta lit\u00fargica solo con una Misa especial donde estuviera la Sagrada Imagen.<\/p>\n<p>&nbsp;<\/p>\n<p><a href=\"https:\/\/elcotarro.com\/wp-content\/uploads\/2015\/09\/FOTO-6.-CALENDARIO-DEL-CRISTO-1.jpg\"><img loading=\"lazy\" decoding=\"async\" class=\"aligncenter size-full wp-image-1743\" src=\"https:\/\/elcotarro.com\/wp-content\/uploads\/2015\/09\/FOTO-6.-CALENDARIO-DEL-CRISTO-1.jpg\" alt=\"FOTO 6.- CALENDARIO DEL CRISTO 1\" width=\"950\" height=\"228\" srcset=\"https:\/\/elcotarro.com\/wp-content\/uploads\/2015\/09\/FOTO-6.-CALENDARIO-DEL-CRISTO-1.jpg 950w, https:\/\/elcotarro.com\/wp-content\/uploads\/2015\/09\/FOTO-6.-CALENDARIO-DEL-CRISTO-1-300x72.jpg 300w\" sizes=\"auto, (max-width: 950px) 100vw, 950px\" \/><\/a><\/p>\n<p class=\"comentario\" style=\"text-align: center;\">Calendario para los pr\u00f3ximos 5 a\u00f1os, celebrando el \u201cD\u00eda Grande\u201d el tercer s\u00e1bado de septiembre.<\/p>\n","protected":false},"excerpt":{"rendered":"<p>\u2666 La idea que ya ronda y que tiene una l\u00f3gica aplastante, apunta a que el \u00abD\u00eda Grande\u00bb de las fiestas en honor del Cristo de La Laguna se celebre siempre y de forma fija el tercer s\u00e1bado de septiembre, y que dicho d\u00eda sea festivo en La Laguna\u2026 Con ello la popular \u00abV\u00edspera del &#8230; <a class=\"read-more\" href=\"https:\/\/elcotarro.com\/?p=1742\">Read more<\/a><\/p>\n","protected":false},"author":2,"featured_media":0,"comment_status":"open","ping_status":"open","sticky":false,"template":"","format":"standard","meta":{"_jetpack_memberships_contains_paid_content":false,"footnotes":""},"categories":[7,43],"tags":[804,275],"class_list":["post-1742","post","type-post","status-publish","format-standard","hentry","category-politica","category-sociedad","tag-atteneri-falero-alonso","tag-jose-alberto-diaz"],"yoast_head":"<!-- This site is optimized with the Yoast SEO plugin v27.0 - https:\/\/yoast.com\/product\/yoast-seo-wordpress\/ -->\n<title>CADA TERCER S\u00c1BADO DE SEPTIEMBRE - El Cotarro<\/title>\n<meta name=\"description\" content=\"La idea que ya ronda y que tiene una l\u00f3gica aplastante, apunta a que el &quot;D\u00eda Grande&quot; de las fiestas en honor del Cristo de La Laguna se celebre siempre y\" \/>\n<meta name=\"robots\" content=\"index, follow, max-snippet:-1, max-image-preview:large, max-video-preview:-1\" \/>\n<link rel=\"canonical\" href=\"https:\/\/elcotarro.com\/?p=1742\" \/>\n<meta property=\"og:locale\" content=\"es_ES\" \/>\n<meta property=\"og:type\" content=\"article\" \/>\n<meta property=\"og:title\" content=\"CADA TERCER S\u00c1BADO DE SEPTIEMBRE - El Cotarro\" \/>\n<meta property=\"og:description\" content=\"La idea que ya ronda y que tiene una l\u00f3gica aplastante, apunta a que el &quot;D\u00eda Grande&quot; de las fiestas en honor del Cristo de La Laguna se celebre siempre y\" \/>\n<meta property=\"og:url\" content=\"https:\/\/elcotarro.com\/?p=1742\" \/>\n<meta property=\"og:site_name\" content=\"El Cotarro\" \/>\n<meta property=\"article:publisher\" content=\"https:\/\/www.facebook.com\/ElCotarro.Tenerife\" \/>\n<meta property=\"article:published_time\" content=\"2015-09-13T10:03:31+00:00\" \/>\n<meta property=\"og:image\" content=\"https:\/\/elcotarro.com\/wp-content\/uploads\/2015\/09\/FOTO-6.-CALENDARIO-DEL-CRISTO-1.jpg\" \/>\n<meta name=\"author\" content=\"Jos\u00e9 Carlos Marrero Gonz\u00e1lez\" \/>\n<meta name=\"twitter:label1\" content=\"Escrito por\" \/>\n\t<meta name=\"twitter:data1\" content=\"Jos\u00e9 Carlos Marrero Gonz\u00e1lez\" \/>\n\t<meta name=\"twitter:label2\" content=\"Tiempo de lectura\" \/>\n\t<meta name=\"twitter:data2\" content=\"1 minuto\" \/>\n<script type=\"application\/ld+json\" class=\"yoast-schema-graph\">{\"@context\":\"https:\/\/schema.org\",\"@graph\":[{\"@type\":\"Article\",\"@id\":\"https:\/\/elcotarro.com\/?p=1742#article\",\"isPartOf\":{\"@id\":\"https:\/\/elcotarro.com\/?p=1742\"},\"author\":{\"name\":\"Jos\u00e9 Carlos Marrero Gonz\u00e1lez\",\"@id\":\"https:\/\/elcotarro.com\/#\/schema\/person\/af537ee7d60d15984c7e0affcd8a918b\"},\"headline\":\"CADA TERCER S\u00c1BADO DE SEPTIEMBRE\",\"datePublished\":\"2015-09-13T10:03:31+00:00\",\"mainEntityOfPage\":{\"@id\":\"https:\/\/elcotarro.com\/?p=1742\"},\"wordCount\":282,\"commentCount\":0,\"publisher\":{\"@id\":\"https:\/\/elcotarro.com\/#organization\"},\"image\":{\"@id\":\"https:\/\/elcotarro.com\/?p=1742#primaryimage\"},\"thumbnailUrl\":\"https:\/\/elcotarro.com\/wp-content\/uploads\/2015\/09\/FOTO-6.-CALENDARIO-DEL-CRISTO-1.jpg\",\"keywords\":[\"Atteneri Falero Alonso\",\"Jos\u00e9 Alberto D\u00edaz\"],\"articleSection\":[\"Pol\u00edtica\",\"Sociedad\"],\"inLanguage\":\"es\",\"potentialAction\":[{\"@type\":\"CommentAction\",\"name\":\"Comment\",\"target\":[\"https:\/\/elcotarro.com\/?p=1742#respond\"]}]},{\"@type\":\"WebPage\",\"@id\":\"https:\/\/elcotarro.com\/?p=1742\",\"url\":\"https:\/\/elcotarro.com\/?p=1742\",\"name\":\"CADA TERCER S\u00c1BADO DE SEPTIEMBRE - El Cotarro\",\"isPartOf\":{\"@id\":\"https:\/\/elcotarro.com\/#website\"},\"primaryImageOfPage\":{\"@id\":\"https:\/\/elcotarro.com\/?p=1742#primaryimage\"},\"image\":{\"@id\":\"https:\/\/elcotarro.com\/?p=1742#primaryimage\"},\"thumbnailUrl\":\"https:\/\/elcotarro.com\/wp-content\/uploads\/2015\/09\/FOTO-6.-CALENDARIO-DEL-CRISTO-1.jpg\",\"datePublished\":\"2015-09-13T10:03:31+00:00\",\"description\":\"La idea que ya ronda y que tiene una l\u00f3gica aplastante, apunta a que el \\\"D\u00eda Grande\\\" de las fiestas en honor del Cristo de La Laguna se celebre siempre y\",\"breadcrumb\":{\"@id\":\"https:\/\/elcotarro.com\/?p=1742#breadcrumb\"},\"inLanguage\":\"es\",\"potentialAction\":[{\"@type\":\"ReadAction\",\"target\":[\"https:\/\/elcotarro.com\/?p=1742\"]}]},{\"@type\":\"ImageObject\",\"inLanguage\":\"es\",\"@id\":\"https:\/\/elcotarro.com\/?p=1742#primaryimage\",\"url\":\"https:\/\/elcotarro.com\/wp-content\/uploads\/2015\/09\/FOTO-6.-CALENDARIO-DEL-CRISTO-1.jpg\",\"contentUrl\":\"https:\/\/elcotarro.com\/wp-content\/uploads\/2015\/09\/FOTO-6.-CALENDARIO-DEL-CRISTO-1.jpg\",\"width\":950,\"height\":228},{\"@type\":\"BreadcrumbList\",\"@id\":\"https:\/\/elcotarro.com\/?p=1742#breadcrumb\",\"itemListElement\":[{\"@type\":\"ListItem\",\"position\":1,\"name\":\"Portada\",\"item\":\"https:\/\/elcotarro.com\/\"},{\"@type\":\"ListItem\",\"position\":2,\"name\":\"CADA TERCER S\u00c1BADO DE SEPTIEMBRE\"}]},{\"@type\":\"WebSite\",\"@id\":\"https:\/\/elcotarro.com\/#website\",\"url\":\"https:\/\/elcotarro.com\/\",\"name\":\"El Cotarro\",\"description\":\"Peri\u00f3dico Digital Independiente dirigido por Jos\u00e9 Carlos Marrero\",\"publisher\":{\"@id\":\"https:\/\/elcotarro.com\/#organization\"},\"potentialAction\":[{\"@type\":\"SearchAction\",\"target\":{\"@type\":\"EntryPoint\",\"urlTemplate\":\"https:\/\/elcotarro.com\/?s={search_term_string}\"},\"query-input\":{\"@type\":\"PropertyValueSpecification\",\"valueRequired\":true,\"valueName\":\"search_term_string\"}}],\"inLanguage\":\"es\"},{\"@type\":\"Organization\",\"@id\":\"https:\/\/elcotarro.com\/#organization\",\"name\":\"El Cotarro\",\"url\":\"https:\/\/elcotarro.com\/\",\"logo\":{\"@type\":\"ImageObject\",\"inLanguage\":\"es\",\"@id\":\"https:\/\/elcotarro.com\/#\/schema\/logo\/image\/\",\"url\":\"https:\/\/elcotarro.com\/wp-content\/uploads\/2014\/09\/Cabecera_El_Cotarro_v2.jpg\",\"contentUrl\":\"https:\/\/elcotarro.com\/wp-content\/uploads\/2014\/09\/Cabecera_El_Cotarro_v2.jpg\",\"width\":3540,\"height\":441,\"caption\":\"El Cotarro\"},\"image\":{\"@id\":\"https:\/\/elcotarro.com\/#\/schema\/logo\/image\/\"},\"sameAs\":[\"https:\/\/www.facebook.com\/ElCotarro.Tenerife\"]},{\"@type\":\"Person\",\"@id\":\"https:\/\/elcotarro.com\/#\/schema\/person\/af537ee7d60d15984c7e0affcd8a918b\",\"name\":\"Jos\u00e9 Carlos Marrero Gonz\u00e1lez\",\"image\":{\"@type\":\"ImageObject\",\"inLanguage\":\"es\",\"@id\":\"https:\/\/elcotarro.com\/#\/schema\/person\/image\/\",\"url\":\"https:\/\/secure.gravatar.com\/avatar\/def4da036efb5d32c74d49c351f6dccc064dd69ad9f3aadc295c5a9a5391ca01?s=96&d=mm&r=g\",\"contentUrl\":\"https:\/\/secure.gravatar.com\/avatar\/def4da036efb5d32c74d49c351f6dccc064dd69ad9f3aadc295c5a9a5391ca01?s=96&d=mm&r=g\",\"caption\":\"Jos\u00e9 Carlos Marrero Gonz\u00e1lez\"},\"sameAs\":[\"https:\/\/elcotarro.com\"],\"url\":\"https:\/\/elcotarro.com\/?author=2\"}]}<\/script>\n<!-- \/ Yoast SEO plugin. -->","yoast_head_json":{"title":"CADA TERCER S\u00c1BADO DE SEPTIEMBRE - El Cotarro","description":"La idea que ya ronda y que tiene una l\u00f3gica aplastante, apunta a que el \"D\u00eda Grande\" de las fiestas en honor del Cristo de La Laguna se celebre siempre y","robots":{"index":"index","follow":"follow","max-snippet":"max-snippet:-1","max-image-preview":"max-image-preview:large","max-video-preview":"max-video-preview:-1"},"canonical":"https:\/\/elcotarro.com\/?p=1742","og_locale":"es_ES","og_type":"article","og_title":"CADA TERCER S\u00c1BADO DE SEPTIEMBRE - El Cotarro","og_description":"La idea que ya ronda y que tiene una l\u00f3gica aplastante, apunta a que el \"D\u00eda Grande\" de las fiestas en honor del Cristo de La Laguna se celebre siempre y","og_url":"https:\/\/elcotarro.com\/?p=1742","og_site_name":"El Cotarro","article_publisher":"https:\/\/www.facebook.com\/ElCotarro.Tenerife","article_published_time":"2015-09-13T10:03:31+00:00","og_image":[{"url":"https:\/\/elcotarro.com\/wp-content\/uploads\/2015\/09\/FOTO-6.-CALENDARIO-DEL-CRISTO-1.jpg","type":"","width":"","height":""}],"author":"Jos\u00e9 Carlos Marrero Gonz\u00e1lez","twitter_misc":{"Escrito por":"Jos\u00e9 Carlos Marrero Gonz\u00e1lez","Tiempo de lectura":"1 minuto"},"schema":{"@context":"https:\/\/schema.org","@graph":[{"@type":"Article","@id":"https:\/\/elcotarro.com\/?p=1742#article","isPartOf":{"@id":"https:\/\/elcotarro.com\/?p=1742"},"author":{"name":"Jos\u00e9 Carlos Marrero Gonz\u00e1lez","@id":"https:\/\/elcotarro.com\/#\/schema\/person\/af537ee7d60d15984c7e0affcd8a918b"},"headline":"CADA TERCER S\u00c1BADO DE SEPTIEMBRE","datePublished":"2015-09-13T10:03:31+00:00","mainEntityOfPage":{"@id":"https:\/\/elcotarro.com\/?p=1742"},"wordCount":282,"commentCount":0,"publisher":{"@id":"https:\/\/elcotarro.com\/#organization"},"image":{"@id":"https:\/\/elcotarro.com\/?p=1742#primaryimage"},"thumbnailUrl":"https:\/\/elcotarro.com\/wp-content\/uploads\/2015\/09\/FOTO-6.-CALENDARIO-DEL-CRISTO-1.jpg","keywords":["Atteneri Falero Alonso","Jos\u00e9 Alberto D\u00edaz"],"articleSection":["Pol\u00edtica","Sociedad"],"inLanguage":"es","potentialAction":[{"@type":"CommentAction","name":"Comment","target":["https:\/\/elcotarro.com\/?p=1742#respond"]}]},{"@type":"WebPage","@id":"https:\/\/elcotarro.com\/?p=1742","url":"https:\/\/elcotarro.com\/?p=1742","name":"CADA TERCER S\u00c1BADO DE SEPTIEMBRE - El Cotarro","isPartOf":{"@id":"https:\/\/elcotarro.com\/#website"},"primaryImageOfPage":{"@id":"https:\/\/elcotarro.com\/?p=1742#primaryimage"},"image":{"@id":"https:\/\/elcotarro.com\/?p=1742#primaryimage"},"thumbnailUrl":"https:\/\/elcotarro.com\/wp-content\/uploads\/2015\/09\/FOTO-6.-CALENDARIO-DEL-CRISTO-1.jpg","datePublished":"2015-09-13T10:03:31+00:00","description":"La idea que ya ronda y que tiene una l\u00f3gica aplastante, apunta a que el \"D\u00eda Grande\" de las fiestas en honor del Cristo de La Laguna se celebre siempre y","breadcrumb":{"@id":"https:\/\/elcotarro.com\/?p=1742#breadcrumb"},"inLanguage":"es","potentialAction":[{"@type":"ReadAction","target":["https:\/\/elcotarro.com\/?p=1742"]}]},{"@type":"ImageObject","inLanguage":"es","@id":"https:\/\/elcotarro.com\/?p=1742#primaryimage","url":"https:\/\/elcotarro.com\/wp-content\/uploads\/2015\/09\/FOTO-6.-CALENDARIO-DEL-CRISTO-1.jpg","contentUrl":"https:\/\/elcotarro.com\/wp-content\/uploads\/2015\/09\/FOTO-6.-CALENDARIO-DEL-CRISTO-1.jpg","width":950,"height":228},{"@type":"BreadcrumbList","@id":"https:\/\/elcotarro.com\/?p=1742#breadcrumb","itemListElement":[{"@type":"ListItem","position":1,"name":"Portada","item":"https:\/\/elcotarro.com\/"},{"@type":"ListItem","position":2,"name":"CADA TERCER S\u00c1BADO DE SEPTIEMBRE"}]},{"@type":"WebSite","@id":"https:\/\/elcotarro.com\/#website","url":"https:\/\/elcotarro.com\/","name":"El Cotarro","description":"Peri\u00f3dico Digital Independiente dirigido por Jos\u00e9 Carlos Marrero","publisher":{"@id":"https:\/\/elcotarro.com\/#organization"},"potentialAction":[{"@type":"SearchAction","target":{"@type":"EntryPoint","urlTemplate":"https:\/\/elcotarro.com\/?s={search_term_string}"},"query-input":{"@type":"PropertyValueSpecification","valueRequired":true,"valueName":"search_term_string"}}],"inLanguage":"es"},{"@type":"Organization","@id":"https:\/\/elcotarro.com\/#organization","name":"El Cotarro","url":"https:\/\/elcotarro.com\/","logo":{"@type":"ImageObject","inLanguage":"es","@id":"https:\/\/elcotarro.com\/#\/schema\/logo\/image\/","url":"https:\/\/elcotarro.com\/wp-content\/uploads\/2014\/09\/Cabecera_El_Cotarro_v2.jpg","contentUrl":"https:\/\/elcotarro.com\/wp-content\/uploads\/2014\/09\/Cabecera_El_Cotarro_v2.jpg","width":3540,"height":441,"caption":"El Cotarro"},"image":{"@id":"https:\/\/elcotarro.com\/#\/schema\/logo\/image\/"},"sameAs":["https:\/\/www.facebook.com\/ElCotarro.Tenerife"]},{"@type":"Person","@id":"https:\/\/elcotarro.com\/#\/schema\/person\/af537ee7d60d15984c7e0affcd8a918b","name":"Jos\u00e9 Carlos Marrero Gonz\u00e1lez","image":{"@type":"ImageObject","inLanguage":"es","@id":"https:\/\/elcotarro.com\/#\/schema\/person\/image\/","url":"https:\/\/secure.gravatar.com\/avatar\/def4da036efb5d32c74d49c351f6dccc064dd69ad9f3aadc295c5a9a5391ca01?s=96&d=mm&r=g","contentUrl":"https:\/\/secure.gravatar.com\/avatar\/def4da036efb5d32c74d49c351f6dccc064dd69ad9f3aadc295c5a9a5391ca01?s=96&d=mm&r=g","caption":"Jos\u00e9 Carlos Marrero Gonz\u00e1lez"},"sameAs":["https:\/\/elcotarro.com"],"url":"https:\/\/elcotarro.com\/?author=2"}]}},"jetpack_featured_media_url":"","jetpack_sharing_enabled":true,"_links":{"self":[{"href":"https:\/\/elcotarro.com\/index.php?rest_route=\/wp\/v2\/posts\/1742","targetHints":{"allow":["GET"]}}],"collection":[{"href":"https:\/\/elcotarro.com\/index.php?rest_route=\/wp\/v2\/posts"}],"about":[{"href":"https:\/\/elcotarro.com\/index.php?rest_route=\/wp\/v2\/types\/post"}],"author":[{"embeddable":true,"href":"https:\/\/elcotarro.com\/index.php?rest_route=\/wp\/v2\/users\/2"}],"replies":[{"embeddable":true,"href":"https:\/\/elcotarro.com\/index.php?rest_route=%2Fwp%2Fv2%2Fcomments&post=1742"}],"version-history":[{"count":1,"href":"https:\/\/elcotarro.com\/index.php?rest_route=\/wp\/v2\/posts\/1742\/revisions"}],"predecessor-version":[{"id":1744,"href":"https:\/\/elcotarro.com\/index.php?rest_route=\/wp\/v2\/posts\/1742\/revisions\/1744"}],"wp:attachment":[{"href":"https:\/\/elcotarro.com\/index.php?rest_route=%2Fwp%2Fv2%2Fmedia&parent=1742"}],"wp:term":[{"taxonomy":"category","embeddable":true,"href":"https:\/\/elcotarro.com\/index.php?rest_route=%2Fwp%2Fv2%2Fcategories&post=1742"},{"taxonomy":"post_tag","embeddable":true,"href":"https:\/\/elcotarro.com\/index.php?rest_route=%2Fwp%2Fv2%2Ftags&post=1742"}],"curies":[{"name":"wp","href":"https:\/\/api.w.org\/{rel}","templated":true}]}}