{"id":1754,"date":"2015-09-13T11:07:22","date_gmt":"2015-09-13T10:07:22","guid":{"rendered":"https:\/\/elcotarro.com\/?p=1754"},"modified":"2015-09-11T11:21:48","modified_gmt":"2015-09-11T10:21:48","slug":"ojo-con-la-sensibilidad","status":"publish","type":"post","link":"https:\/\/elcotarro.com\/?p=1754","title":{"rendered":"OJO CON LA SENSIBILIDAD"},"content":{"rendered":"<p>\u2666 Todo esto, pero sobre todo la imagen del moreno Cristo lagunero y lo que representa su devoci\u00f3n para la ciudadan\u00eda lagunera, tinerfe\u00f1a y canaria, merece una reflexi\u00f3n por parte de los concejales (del grupo de gobierno y de la oposici\u00f3n) que actualmente conforman el pleno del Ayuntamiento de La Laguna&#8230; Las discrepancias y\/o malos entendidos entre el alcalde lagunero, <strong>Jos\u00e9 Alberto D\u00edaz<\/strong> y su primer teniente de alcalde, <strong>Javier Abreu Rodr\u00edguez<\/strong>, o de \u00e9ste con la concejala de Fiestas, <strong>Atteneri Falero Alonso<\/strong>, no pueden ni deben afectar a las fiestas mayores de la Ciudad, en honor del Cristo de La Laguna&#8230; No se puede ni se debe jugar con la sensibilidad de la ciudadan\u00eda, con su historia y tradiciones. Es muy peligroso.<\/p>\n<p><a href=\"https:\/\/elcotarro.com\/wp-content\/uploads\/2015\/09\/FOTO-2.-Plaza-iluminada-como-se-merece.jpg\"><img loading=\"lazy\" decoding=\"async\" class=\"aligncenter size-full wp-image-1755\" src=\"https:\/\/elcotarro.com\/wp-content\/uploads\/2015\/09\/FOTO-2.-Plaza-iluminada-como-se-merece.jpg\" alt=\"FOTO 2.- Plaza iluminada como se merece\" width=\"433\" height=\"323\" srcset=\"https:\/\/elcotarro.com\/wp-content\/uploads\/2015\/09\/FOTO-2.-Plaza-iluminada-como-se-merece.jpg 433w, https:\/\/elcotarro.com\/wp-content\/uploads\/2015\/09\/FOTO-2.-Plaza-iluminada-como-se-merece-300x224.jpg 300w\" sizes=\"auto, (max-width: 433px) 100vw, 433px\" \/><\/a><\/p>\n<p class=\"comentario\" style=\"text-align: center;\">Plaza del Cristo hace a\u00f1os, iluminada para las fiestas como se merece La Laguna<\/p>\n","protected":false},"excerpt":{"rendered":"<p>\u2666 Todo esto, pero sobre todo la imagen del moreno Cristo lagunero y lo que representa su devoci\u00f3n para la ciudadan\u00eda lagunera, tinerfe\u00f1a y canaria, merece una reflexi\u00f3n por parte de los concejales (del grupo de gobierno y de la oposici\u00f3n) que actualmente conforman el pleno del Ayuntamiento de La Laguna&#8230; Las discrepancias y\/o malos &#8230; <a class=\"read-more\" href=\"https:\/\/elcotarro.com\/?p=1754\">Read more<\/a><\/p>\n","protected":false},"author":2,"featured_media":0,"comment_status":"open","ping_status":"open","sticky":false,"template":"","format":"standard","meta":{"_jetpack_memberships_contains_paid_content":false,"footnotes":""},"categories":[43],"tags":[804,450,275],"class_list":["post-1754","post","type-post","status-publish","format-standard","hentry","category-sociedad","tag-atteneri-falero-alonso","tag-javier-abreu-rodriguez","tag-jose-alberto-diaz"],"yoast_head":"<!-- This site is optimized with the Yoast SEO plugin v27.0 - https:\/\/yoast.com\/product\/yoast-seo-wordpress\/ -->\n<title>OJO CON LA SENSIBILIDAD - El Cotarro<\/title>\n<meta name=\"description\" content=\"Todo esto, pero sobre todo la imagen del moreno Cristo lagunero y lo que representa su devoci\u00f3n para la ciudadan\u00eda lagunera, tinerfe\u00f1a y canaria, merece u\" \/>\n<meta name=\"robots\" content=\"index, follow, max-snippet:-1, max-image-preview:large, max-video-preview:-1\" \/>\n<link rel=\"canonical\" href=\"https:\/\/elcotarro.com\/?p=1754\" \/>\n<meta property=\"og:locale\" content=\"es_ES\" \/>\n<meta property=\"og:type\" content=\"article\" \/>\n<meta property=\"og:title\" content=\"OJO CON LA SENSIBILIDAD - El Cotarro\" \/>\n<meta property=\"og:description\" content=\"Todo esto, pero sobre todo la imagen del moreno Cristo lagunero y lo que representa su devoci\u00f3n para la ciudadan\u00eda lagunera, tinerfe\u00f1a y canaria, merece u\" \/>\n<meta property=\"og:url\" content=\"https:\/\/elcotarro.com\/?p=1754\" \/>\n<meta property=\"og:site_name\" content=\"El Cotarro\" \/>\n<meta property=\"article:publisher\" content=\"https:\/\/www.facebook.com\/ElCotarro.Tenerife\" \/>\n<meta property=\"article:published_time\" content=\"2015-09-13T10:07:22+00:00\" \/>\n<meta property=\"og:image\" content=\"https:\/\/elcotarro.com\/wp-content\/uploads\/2015\/09\/FOTO-2.-Plaza-iluminada-como-se-merece.jpg\" \/>\n<meta name=\"author\" content=\"Jos\u00e9 Carlos Marrero Gonz\u00e1lez\" \/>\n<meta name=\"twitter:label1\" content=\"Escrito por\" \/>\n\t<meta name=\"twitter:data1\" content=\"Jos\u00e9 Carlos Marrero Gonz\u00e1lez\" \/>\n\t<meta name=\"twitter:label2\" content=\"Tiempo de lectura\" \/>\n\t<meta name=\"twitter:data2\" content=\"1 minuto\" \/>\n<script type=\"application\/ld+json\" class=\"yoast-schema-graph\">{\"@context\":\"https:\/\/schema.org\",\"@graph\":[{\"@type\":\"Article\",\"@id\":\"https:\/\/elcotarro.com\/?p=1754#article\",\"isPartOf\":{\"@id\":\"https:\/\/elcotarro.com\/?p=1754\"},\"author\":{\"name\":\"Jos\u00e9 Carlos Marrero Gonz\u00e1lez\",\"@id\":\"https:\/\/elcotarro.com\/#\/schema\/person\/af537ee7d60d15984c7e0affcd8a918b\"},\"headline\":\"OJO CON LA SENSIBILIDAD\",\"datePublished\":\"2015-09-13T10:07:22+00:00\",\"mainEntityOfPage\":{\"@id\":\"https:\/\/elcotarro.com\/?p=1754\"},\"wordCount\":150,\"commentCount\":0,\"publisher\":{\"@id\":\"https:\/\/elcotarro.com\/#organization\"},\"image\":{\"@id\":\"https:\/\/elcotarro.com\/?p=1754#primaryimage\"},\"thumbnailUrl\":\"https:\/\/elcotarro.com\/wp-content\/uploads\/2015\/09\/FOTO-2.-Plaza-iluminada-como-se-merece.jpg\",\"keywords\":[\"Atteneri Falero Alonso\",\"Javier Abreu Rodr\u00edguez\",\"Jos\u00e9 Alberto D\u00edaz\"],\"articleSection\":[\"Sociedad\"],\"inLanguage\":\"es\",\"potentialAction\":[{\"@type\":\"CommentAction\",\"name\":\"Comment\",\"target\":[\"https:\/\/elcotarro.com\/?p=1754#respond\"]}]},{\"@type\":\"WebPage\",\"@id\":\"https:\/\/elcotarro.com\/?p=1754\",\"url\":\"https:\/\/elcotarro.com\/?p=1754\",\"name\":\"OJO CON LA SENSIBILIDAD - El Cotarro\",\"isPartOf\":{\"@id\":\"https:\/\/elcotarro.com\/#website\"},\"primaryImageOfPage\":{\"@id\":\"https:\/\/elcotarro.com\/?p=1754#primaryimage\"},\"image\":{\"@id\":\"https:\/\/elcotarro.com\/?p=1754#primaryimage\"},\"thumbnailUrl\":\"https:\/\/elcotarro.com\/wp-content\/uploads\/2015\/09\/FOTO-2.-Plaza-iluminada-como-se-merece.jpg\",\"datePublished\":\"2015-09-13T10:07:22+00:00\",\"description\":\"Todo esto, pero sobre todo la imagen del moreno Cristo lagunero y lo que representa su devoci\u00f3n para la ciudadan\u00eda lagunera, tinerfe\u00f1a y canaria, merece u\",\"breadcrumb\":{\"@id\":\"https:\/\/elcotarro.com\/?p=1754#breadcrumb\"},\"inLanguage\":\"es\",\"potentialAction\":[{\"@type\":\"ReadAction\",\"target\":[\"https:\/\/elcotarro.com\/?p=1754\"]}]},{\"@type\":\"ImageObject\",\"inLanguage\":\"es\",\"@id\":\"https:\/\/elcotarro.com\/?p=1754#primaryimage\",\"url\":\"https:\/\/elcotarro.com\/wp-content\/uploads\/2015\/09\/FOTO-2.-Plaza-iluminada-como-se-merece.jpg\",\"contentUrl\":\"https:\/\/elcotarro.com\/wp-content\/uploads\/2015\/09\/FOTO-2.-Plaza-iluminada-como-se-merece.jpg\",\"width\":433,\"height\":323},{\"@type\":\"BreadcrumbList\",\"@id\":\"https:\/\/elcotarro.com\/?p=1754#breadcrumb\",\"itemListElement\":[{\"@type\":\"ListItem\",\"position\":1,\"name\":\"Portada\",\"item\":\"https:\/\/elcotarro.com\/\"},{\"@type\":\"ListItem\",\"position\":2,\"name\":\"OJO CON LA SENSIBILIDAD\"}]},{\"@type\":\"WebSite\",\"@id\":\"https:\/\/elcotarro.com\/#website\",\"url\":\"https:\/\/elcotarro.com\/\",\"name\":\"El Cotarro\",\"description\":\"Peri\u00f3dico Digital Independiente dirigido por Jos\u00e9 Carlos Marrero\",\"publisher\":{\"@id\":\"https:\/\/elcotarro.com\/#organization\"},\"potentialAction\":[{\"@type\":\"SearchAction\",\"target\":{\"@type\":\"EntryPoint\",\"urlTemplate\":\"https:\/\/elcotarro.com\/?s={search_term_string}\"},\"query-input\":{\"@type\":\"PropertyValueSpecification\",\"valueRequired\":true,\"valueName\":\"search_term_string\"}}],\"inLanguage\":\"es\"},{\"@type\":\"Organization\",\"@id\":\"https:\/\/elcotarro.com\/#organization\",\"name\":\"El Cotarro\",\"url\":\"https:\/\/elcotarro.com\/\",\"logo\":{\"@type\":\"ImageObject\",\"inLanguage\":\"es\",\"@id\":\"https:\/\/elcotarro.com\/#\/schema\/logo\/image\/\",\"url\":\"https:\/\/elcotarro.com\/wp-content\/uploads\/2014\/09\/Cabecera_El_Cotarro_v2.jpg\",\"contentUrl\":\"https:\/\/elcotarro.com\/wp-content\/uploads\/2014\/09\/Cabecera_El_Cotarro_v2.jpg\",\"width\":3540,\"height\":441,\"caption\":\"El Cotarro\"},\"image\":{\"@id\":\"https:\/\/elcotarro.com\/#\/schema\/logo\/image\/\"},\"sameAs\":[\"https:\/\/www.facebook.com\/ElCotarro.Tenerife\"]},{\"@type\":\"Person\",\"@id\":\"https:\/\/elcotarro.com\/#\/schema\/person\/af537ee7d60d15984c7e0affcd8a918b\",\"name\":\"Jos\u00e9 Carlos Marrero Gonz\u00e1lez\",\"image\":{\"@type\":\"ImageObject\",\"inLanguage\":\"es\",\"@id\":\"https:\/\/elcotarro.com\/#\/schema\/person\/image\/\",\"url\":\"https:\/\/secure.gravatar.com\/avatar\/def4da036efb5d32c74d49c351f6dccc064dd69ad9f3aadc295c5a9a5391ca01?s=96&d=mm&r=g\",\"contentUrl\":\"https:\/\/secure.gravatar.com\/avatar\/def4da036efb5d32c74d49c351f6dccc064dd69ad9f3aadc295c5a9a5391ca01?s=96&d=mm&r=g\",\"caption\":\"Jos\u00e9 Carlos Marrero Gonz\u00e1lez\"},\"sameAs\":[\"https:\/\/elcotarro.com\"],\"url\":\"https:\/\/elcotarro.com\/?author=2\"}]}<\/script>\n<!-- \/ Yoast SEO plugin. -->","yoast_head_json":{"title":"OJO CON LA SENSIBILIDAD - El Cotarro","description":"Todo esto, pero sobre todo la imagen del moreno Cristo lagunero y lo que representa su devoci\u00f3n para la ciudadan\u00eda lagunera, tinerfe\u00f1a y canaria, merece u","robots":{"index":"index","follow":"follow","max-snippet":"max-snippet:-1","max-image-preview":"max-image-preview:large","max-video-preview":"max-video-preview:-1"},"canonical":"https:\/\/elcotarro.com\/?p=1754","og_locale":"es_ES","og_type":"article","og_title":"OJO CON LA SENSIBILIDAD - El Cotarro","og_description":"Todo esto, pero sobre todo la imagen del moreno Cristo lagunero y lo que representa su devoci\u00f3n para la ciudadan\u00eda lagunera, tinerfe\u00f1a y canaria, merece u","og_url":"https:\/\/elcotarro.com\/?p=1754","og_site_name":"El Cotarro","article_publisher":"https:\/\/www.facebook.com\/ElCotarro.Tenerife","article_published_time":"2015-09-13T10:07:22+00:00","og_image":[{"url":"https:\/\/elcotarro.com\/wp-content\/uploads\/2015\/09\/FOTO-2.-Plaza-iluminada-como-se-merece.jpg","type":"","width":"","height":""}],"author":"Jos\u00e9 Carlos Marrero Gonz\u00e1lez","twitter_misc":{"Escrito por":"Jos\u00e9 Carlos Marrero Gonz\u00e1lez","Tiempo de lectura":"1 minuto"},"schema":{"@context":"https:\/\/schema.org","@graph":[{"@type":"Article","@id":"https:\/\/elcotarro.com\/?p=1754#article","isPartOf":{"@id":"https:\/\/elcotarro.com\/?p=1754"},"author":{"name":"Jos\u00e9 Carlos Marrero Gonz\u00e1lez","@id":"https:\/\/elcotarro.com\/#\/schema\/person\/af537ee7d60d15984c7e0affcd8a918b"},"headline":"OJO CON LA SENSIBILIDAD","datePublished":"2015-09-13T10:07:22+00:00","mainEntityOfPage":{"@id":"https:\/\/elcotarro.com\/?p=1754"},"wordCount":150,"commentCount":0,"publisher":{"@id":"https:\/\/elcotarro.com\/#organization"},"image":{"@id":"https:\/\/elcotarro.com\/?p=1754#primaryimage"},"thumbnailUrl":"https:\/\/elcotarro.com\/wp-content\/uploads\/2015\/09\/FOTO-2.-Plaza-iluminada-como-se-merece.jpg","keywords":["Atteneri Falero Alonso","Javier Abreu Rodr\u00edguez","Jos\u00e9 Alberto D\u00edaz"],"articleSection":["Sociedad"],"inLanguage":"es","potentialAction":[{"@type":"CommentAction","name":"Comment","target":["https:\/\/elcotarro.com\/?p=1754#respond"]}]},{"@type":"WebPage","@id":"https:\/\/elcotarro.com\/?p=1754","url":"https:\/\/elcotarro.com\/?p=1754","name":"OJO CON LA SENSIBILIDAD - El Cotarro","isPartOf":{"@id":"https:\/\/elcotarro.com\/#website"},"primaryImageOfPage":{"@id":"https:\/\/elcotarro.com\/?p=1754#primaryimage"},"image":{"@id":"https:\/\/elcotarro.com\/?p=1754#primaryimage"},"thumbnailUrl":"https:\/\/elcotarro.com\/wp-content\/uploads\/2015\/09\/FOTO-2.-Plaza-iluminada-como-se-merece.jpg","datePublished":"2015-09-13T10:07:22+00:00","description":"Todo esto, pero sobre todo la imagen del moreno Cristo lagunero y lo que representa su devoci\u00f3n para la ciudadan\u00eda lagunera, tinerfe\u00f1a y canaria, merece u","breadcrumb":{"@id":"https:\/\/elcotarro.com\/?p=1754#breadcrumb"},"inLanguage":"es","potentialAction":[{"@type":"ReadAction","target":["https:\/\/elcotarro.com\/?p=1754"]}]},{"@type":"ImageObject","inLanguage":"es","@id":"https:\/\/elcotarro.com\/?p=1754#primaryimage","url":"https:\/\/elcotarro.com\/wp-content\/uploads\/2015\/09\/FOTO-2.-Plaza-iluminada-como-se-merece.jpg","contentUrl":"https:\/\/elcotarro.com\/wp-content\/uploads\/2015\/09\/FOTO-2.-Plaza-iluminada-como-se-merece.jpg","width":433,"height":323},{"@type":"BreadcrumbList","@id":"https:\/\/elcotarro.com\/?p=1754#breadcrumb","itemListElement":[{"@type":"ListItem","position":1,"name":"Portada","item":"https:\/\/elcotarro.com\/"},{"@type":"ListItem","position":2,"name":"OJO CON LA SENSIBILIDAD"}]},{"@type":"WebSite","@id":"https:\/\/elcotarro.com\/#website","url":"https:\/\/elcotarro.com\/","name":"El Cotarro","description":"Peri\u00f3dico Digital Independiente dirigido por Jos\u00e9 Carlos Marrero","publisher":{"@id":"https:\/\/elcotarro.com\/#organization"},"potentialAction":[{"@type":"SearchAction","target":{"@type":"EntryPoint","urlTemplate":"https:\/\/elcotarro.com\/?s={search_term_string}"},"query-input":{"@type":"PropertyValueSpecification","valueRequired":true,"valueName":"search_term_string"}}],"inLanguage":"es"},{"@type":"Organization","@id":"https:\/\/elcotarro.com\/#organization","name":"El Cotarro","url":"https:\/\/elcotarro.com\/","logo":{"@type":"ImageObject","inLanguage":"es","@id":"https:\/\/elcotarro.com\/#\/schema\/logo\/image\/","url":"https:\/\/elcotarro.com\/wp-content\/uploads\/2014\/09\/Cabecera_El_Cotarro_v2.jpg","contentUrl":"https:\/\/elcotarro.com\/wp-content\/uploads\/2014\/09\/Cabecera_El_Cotarro_v2.jpg","width":3540,"height":441,"caption":"El Cotarro"},"image":{"@id":"https:\/\/elcotarro.com\/#\/schema\/logo\/image\/"},"sameAs":["https:\/\/www.facebook.com\/ElCotarro.Tenerife"]},{"@type":"Person","@id":"https:\/\/elcotarro.com\/#\/schema\/person\/af537ee7d60d15984c7e0affcd8a918b","name":"Jos\u00e9 Carlos Marrero Gonz\u00e1lez","image":{"@type":"ImageObject","inLanguage":"es","@id":"https:\/\/elcotarro.com\/#\/schema\/person\/image\/","url":"https:\/\/secure.gravatar.com\/avatar\/def4da036efb5d32c74d49c351f6dccc064dd69ad9f3aadc295c5a9a5391ca01?s=96&d=mm&r=g","contentUrl":"https:\/\/secure.gravatar.com\/avatar\/def4da036efb5d32c74d49c351f6dccc064dd69ad9f3aadc295c5a9a5391ca01?s=96&d=mm&r=g","caption":"Jos\u00e9 Carlos Marrero Gonz\u00e1lez"},"sameAs":["https:\/\/elcotarro.com"],"url":"https:\/\/elcotarro.com\/?author=2"}]}},"jetpack_featured_media_url":"","jetpack_sharing_enabled":true,"_links":{"self":[{"href":"https:\/\/elcotarro.com\/index.php?rest_route=\/wp\/v2\/posts\/1754","targetHints":{"allow":["GET"]}}],"collection":[{"href":"https:\/\/elcotarro.com\/index.php?rest_route=\/wp\/v2\/posts"}],"about":[{"href":"https:\/\/elcotarro.com\/index.php?rest_route=\/wp\/v2\/types\/post"}],"author":[{"embeddable":true,"href":"https:\/\/elcotarro.com\/index.php?rest_route=\/wp\/v2\/users\/2"}],"replies":[{"embeddable":true,"href":"https:\/\/elcotarro.com\/index.php?rest_route=%2Fwp%2Fv2%2Fcomments&post=1754"}],"version-history":[{"count":1,"href":"https:\/\/elcotarro.com\/index.php?rest_route=\/wp\/v2\/posts\/1754\/revisions"}],"predecessor-version":[{"id":1756,"href":"https:\/\/elcotarro.com\/index.php?rest_route=\/wp\/v2\/posts\/1754\/revisions\/1756"}],"wp:attachment":[{"href":"https:\/\/elcotarro.com\/index.php?rest_route=%2Fwp%2Fv2%2Fmedia&parent=1754"}],"wp:term":[{"taxonomy":"category","embeddable":true,"href":"https:\/\/elcotarro.com\/index.php?rest_route=%2Fwp%2Fv2%2Fcategories&post=1754"},{"taxonomy":"post_tag","embeddable":true,"href":"https:\/\/elcotarro.com\/index.php?rest_route=%2Fwp%2Fv2%2Ftags&post=1754"}],"curies":[{"name":"wp","href":"https:\/\/api.w.org\/{rel}","templated":true}]}}