{"id":1767,"date":"2015-09-20T11:03:31","date_gmt":"2015-09-20T10:03:31","guid":{"rendered":"https:\/\/elcotarro.com\/?p=1767"},"modified":"2015-09-20T10:08:09","modified_gmt":"2015-09-20T09:08:09","slug":"wolfgang-kiessling-y-el-brunellis","status":"publish","type":"post","link":"https:\/\/elcotarro.com\/?p=1767","title":{"rendered":"WOLFGANG KIESSLING Y EL BRUNELLI\u2019S"},"content":{"rendered":"<p>\u2666 Como sabr\u00e1n por la publicidad que ha salido publicada en <strong>EL D\u00cdA<\/strong>, ya es una feliz y sabrosa realidad la apertura del nuevo restaurante Brunelli\u2019s, fruto de la iniciativa y el empe\u00f1o personal de <strong>Wolfgang Kiessling<\/strong>, propietario y presidente de Loro Parque y Siam Park&#8230; El Brunelli\u2019s est\u00e1 en Punta Brava (Puerto de la Cruz), justo frente a la entrada principal del Loro Parque y es un <em>\u201csteakhouse\u201d<\/em> especializado en carnes, que tiene dos cosas \u00fanicas en Canarias&#8230; Un cristal panor\u00e1mico enterizo de unos 14 metros de largo, para disfrutar de unas impresionantes vistas del Atl\u00e1ntico en la costa norte de Tenerife, y un horno de la marca <em>Southbend<\/em>, especialmente tra\u00eddo de Estados Unidos, que cocina la carne a 800 grados de temperatura en un par de minutos&#8230;<strong>Wolfgang Kiessling<\/strong> (que present\u00f3 el Brunelli\u2019s el pasado 7 de septiembre, el mismo d\u00eda de su 78 cumplea\u00f1os) est\u00e1 satisfecho por esta aventura gastron\u00f3mico-empresarial, que debe servir para animar a que muchos m\u00e1s turistas y paisanos visiten el Puerto de la Cruz.<\/p>\n<p><a href=\"https:\/\/elcotarro.com\/wp-content\/uploads\/2015\/09\/FOTO-5.-Wolfgang-Kiessling1.jpg\"><img loading=\"lazy\" decoding=\"async\" class=\"aligncenter size-large wp-image-1769\" src=\"https:\/\/elcotarro.com\/wp-content\/uploads\/2015\/09\/FOTO-5.-Wolfgang-Kiessling1-1024x768.jpg\" alt=\"FOTO 5.- Wolfgang Kiessling\" width=\"1024\" height=\"768\" srcset=\"https:\/\/elcotarro.com\/wp-content\/uploads\/2015\/09\/FOTO-5.-Wolfgang-Kiessling1-1024x768.jpg 1024w, https:\/\/elcotarro.com\/wp-content\/uploads\/2015\/09\/FOTO-5.-Wolfgang-Kiessling1-300x225.jpg 300w, https:\/\/elcotarro.com\/wp-content\/uploads\/2015\/09\/FOTO-5.-Wolfgang-Kiessling1.jpg 1500w\" sizes=\"auto, (max-width: 1024px) 100vw, 1024px\" \/><\/a><\/p>\n<p class=\"comentario\" style=\"text-align: center;\">Wolfgang Kiessling cumpliendo a\u00f1os en la presentaci\u00f3n del restaurante Brunelli\u2019s<\/p>\n","protected":false},"excerpt":{"rendered":"<p>\u2666 Como sabr\u00e1n por la publicidad que ha salido publicada en EL D\u00cdA, ya es una feliz y sabrosa realidad la apertura del nuevo restaurante Brunelli\u2019s, fruto de la iniciativa y el empe\u00f1o personal de Wolfgang Kiessling, propietario y presidente de Loro Parque y Siam Park&#8230; El Brunelli\u2019s est\u00e1 en Punta Brava (Puerto de la &#8230; <a class=\"read-more\" href=\"https:\/\/elcotarro.com\/?p=1767\">Read more<\/a><\/p>\n","protected":false},"author":2,"featured_media":0,"comment_status":"open","ping_status":"open","sticky":false,"template":"","format":"standard","meta":{"_jetpack_memberships_contains_paid_content":false,"footnotes":""},"categories":[62],"tags":[217],"class_list":["post-1767","post","type-post","status-publish","format-standard","hentry","category-gastronomia","tag-wolfgang-kiessling"],"yoast_head":"<!-- This site is optimized with the Yoast SEO plugin v27.0 - https:\/\/yoast.com\/product\/yoast-seo-wordpress\/ -->\n<title>WOLFGANG KIESSLING Y EL BRUNELLI\u2019S - El Cotarro<\/title>\n<meta name=\"description\" content=\"Como sabr\u00e1n por la publicidad que ha salido publicada en EL D\u00cdA, ya es una feliz y sabrosa realidad la apertura del nuevo restaurante Brunelli\u2019s, fruto de\" \/>\n<meta name=\"robots\" content=\"index, follow, max-snippet:-1, max-image-preview:large, max-video-preview:-1\" \/>\n<link rel=\"canonical\" href=\"https:\/\/elcotarro.com\/?p=1767\" \/>\n<meta property=\"og:locale\" content=\"es_ES\" \/>\n<meta property=\"og:type\" content=\"article\" \/>\n<meta property=\"og:title\" content=\"WOLFGANG KIESSLING Y EL BRUNELLI\u2019S - El Cotarro\" \/>\n<meta property=\"og:description\" content=\"Como sabr\u00e1n por la publicidad que ha salido publicada en EL D\u00cdA, ya es una feliz y sabrosa realidad la apertura del nuevo restaurante Brunelli\u2019s, fruto de\" \/>\n<meta property=\"og:url\" content=\"https:\/\/elcotarro.com\/?p=1767\" \/>\n<meta property=\"og:site_name\" content=\"El Cotarro\" \/>\n<meta property=\"article:publisher\" content=\"https:\/\/www.facebook.com\/ElCotarro.Tenerife\" \/>\n<meta property=\"article:published_time\" content=\"2015-09-20T10:03:31+00:00\" \/>\n<meta property=\"og:image\" content=\"https:\/\/elcotarro.com\/wp-content\/uploads\/2015\/09\/FOTO-5.-Wolfgang-Kiessling1-1024x768.jpg\" \/>\n<meta name=\"author\" content=\"Jos\u00e9 Carlos Marrero Gonz\u00e1lez\" \/>\n<meta name=\"twitter:label1\" content=\"Escrito por\" \/>\n\t<meta name=\"twitter:data1\" content=\"Jos\u00e9 Carlos Marrero Gonz\u00e1lez\" \/>\n\t<meta name=\"twitter:label2\" content=\"Tiempo de lectura\" \/>\n\t<meta name=\"twitter:data2\" content=\"1 minuto\" \/>\n<script type=\"application\/ld+json\" class=\"yoast-schema-graph\">{\"@context\":\"https:\/\/schema.org\",\"@graph\":[{\"@type\":\"Article\",\"@id\":\"https:\/\/elcotarro.com\/?p=1767#article\",\"isPartOf\":{\"@id\":\"https:\/\/elcotarro.com\/?p=1767\"},\"author\":{\"name\":\"Jos\u00e9 Carlos Marrero Gonz\u00e1lez\",\"@id\":\"https:\/\/elcotarro.com\/#\/schema\/person\/af537ee7d60d15984c7e0affcd8a918b\"},\"headline\":\"WOLFGANG KIESSLING Y EL BRUNELLI\u2019S\",\"datePublished\":\"2015-09-20T10:03:31+00:00\",\"mainEntityOfPage\":{\"@id\":\"https:\/\/elcotarro.com\/?p=1767\"},\"wordCount\":198,\"commentCount\":0,\"publisher\":{\"@id\":\"https:\/\/elcotarro.com\/#organization\"},\"image\":{\"@id\":\"https:\/\/elcotarro.com\/?p=1767#primaryimage\"},\"thumbnailUrl\":\"https:\/\/elcotarro.com\/wp-content\/uploads\/2015\/09\/FOTO-5.-Wolfgang-Kiessling1-1024x768.jpg\",\"keywords\":[\"Wolfgang Kiessling\"],\"articleSection\":[\"Gastronom\u00eda\"],\"inLanguage\":\"es\",\"potentialAction\":[{\"@type\":\"CommentAction\",\"name\":\"Comment\",\"target\":[\"https:\/\/elcotarro.com\/?p=1767#respond\"]}]},{\"@type\":\"WebPage\",\"@id\":\"https:\/\/elcotarro.com\/?p=1767\",\"url\":\"https:\/\/elcotarro.com\/?p=1767\",\"name\":\"WOLFGANG KIESSLING Y EL BRUNELLI\u2019S - El Cotarro\",\"isPartOf\":{\"@id\":\"https:\/\/elcotarro.com\/#website\"},\"primaryImageOfPage\":{\"@id\":\"https:\/\/elcotarro.com\/?p=1767#primaryimage\"},\"image\":{\"@id\":\"https:\/\/elcotarro.com\/?p=1767#primaryimage\"},\"thumbnailUrl\":\"https:\/\/elcotarro.com\/wp-content\/uploads\/2015\/09\/FOTO-5.-Wolfgang-Kiessling1-1024x768.jpg\",\"datePublished\":\"2015-09-20T10:03:31+00:00\",\"description\":\"Como sabr\u00e1n por la publicidad que ha salido publicada en EL D\u00cdA, ya es una feliz y sabrosa realidad la apertura del nuevo restaurante Brunelli\u2019s, fruto de\",\"breadcrumb\":{\"@id\":\"https:\/\/elcotarro.com\/?p=1767#breadcrumb\"},\"inLanguage\":\"es\",\"potentialAction\":[{\"@type\":\"ReadAction\",\"target\":[\"https:\/\/elcotarro.com\/?p=1767\"]}]},{\"@type\":\"ImageObject\",\"inLanguage\":\"es\",\"@id\":\"https:\/\/elcotarro.com\/?p=1767#primaryimage\",\"url\":\"https:\/\/elcotarro.com\/wp-content\/uploads\/2015\/09\/FOTO-5.-Wolfgang-Kiessling1.jpg\",\"contentUrl\":\"https:\/\/elcotarro.com\/wp-content\/uploads\/2015\/09\/FOTO-5.-Wolfgang-Kiessling1.jpg\",\"width\":1500,\"height\":1125},{\"@type\":\"BreadcrumbList\",\"@id\":\"https:\/\/elcotarro.com\/?p=1767#breadcrumb\",\"itemListElement\":[{\"@type\":\"ListItem\",\"position\":1,\"name\":\"Portada\",\"item\":\"https:\/\/elcotarro.com\/\"},{\"@type\":\"ListItem\",\"position\":2,\"name\":\"WOLFGANG KIESSLING Y EL BRUNELLI\u2019S\"}]},{\"@type\":\"WebSite\",\"@id\":\"https:\/\/elcotarro.com\/#website\",\"url\":\"https:\/\/elcotarro.com\/\",\"name\":\"El Cotarro\",\"description\":\"Peri\u00f3dico Digital Independiente dirigido por Jos\u00e9 Carlos Marrero\",\"publisher\":{\"@id\":\"https:\/\/elcotarro.com\/#organization\"},\"potentialAction\":[{\"@type\":\"SearchAction\",\"target\":{\"@type\":\"EntryPoint\",\"urlTemplate\":\"https:\/\/elcotarro.com\/?s={search_term_string}\"},\"query-input\":{\"@type\":\"PropertyValueSpecification\",\"valueRequired\":true,\"valueName\":\"search_term_string\"}}],\"inLanguage\":\"es\"},{\"@type\":\"Organization\",\"@id\":\"https:\/\/elcotarro.com\/#organization\",\"name\":\"El Cotarro\",\"url\":\"https:\/\/elcotarro.com\/\",\"logo\":{\"@type\":\"ImageObject\",\"inLanguage\":\"es\",\"@id\":\"https:\/\/elcotarro.com\/#\/schema\/logo\/image\/\",\"url\":\"https:\/\/elcotarro.com\/wp-content\/uploads\/2014\/09\/Cabecera_El_Cotarro_v2.jpg\",\"contentUrl\":\"https:\/\/elcotarro.com\/wp-content\/uploads\/2014\/09\/Cabecera_El_Cotarro_v2.jpg\",\"width\":3540,\"height\":441,\"caption\":\"El Cotarro\"},\"image\":{\"@id\":\"https:\/\/elcotarro.com\/#\/schema\/logo\/image\/\"},\"sameAs\":[\"https:\/\/www.facebook.com\/ElCotarro.Tenerife\"]},{\"@type\":\"Person\",\"@id\":\"https:\/\/elcotarro.com\/#\/schema\/person\/af537ee7d60d15984c7e0affcd8a918b\",\"name\":\"Jos\u00e9 Carlos Marrero Gonz\u00e1lez\",\"image\":{\"@type\":\"ImageObject\",\"inLanguage\":\"es\",\"@id\":\"https:\/\/elcotarro.com\/#\/schema\/person\/image\/\",\"url\":\"https:\/\/secure.gravatar.com\/avatar\/def4da036efb5d32c74d49c351f6dccc064dd69ad9f3aadc295c5a9a5391ca01?s=96&d=mm&r=g\",\"contentUrl\":\"https:\/\/secure.gravatar.com\/avatar\/def4da036efb5d32c74d49c351f6dccc064dd69ad9f3aadc295c5a9a5391ca01?s=96&d=mm&r=g\",\"caption\":\"Jos\u00e9 Carlos Marrero Gonz\u00e1lez\"},\"sameAs\":[\"https:\/\/elcotarro.com\"],\"url\":\"https:\/\/elcotarro.com\/?author=2\"}]}<\/script>\n<!-- \/ Yoast SEO plugin. -->","yoast_head_json":{"title":"WOLFGANG KIESSLING Y EL BRUNELLI\u2019S - El Cotarro","description":"Como sabr\u00e1n por la publicidad que ha salido publicada en EL D\u00cdA, ya es una feliz y sabrosa realidad la apertura del nuevo restaurante Brunelli\u2019s, fruto de","robots":{"index":"index","follow":"follow","max-snippet":"max-snippet:-1","max-image-preview":"max-image-preview:large","max-video-preview":"max-video-preview:-1"},"canonical":"https:\/\/elcotarro.com\/?p=1767","og_locale":"es_ES","og_type":"article","og_title":"WOLFGANG KIESSLING Y EL BRUNELLI\u2019S - El Cotarro","og_description":"Como sabr\u00e1n por la publicidad que ha salido publicada en EL D\u00cdA, ya es una feliz y sabrosa realidad la apertura del nuevo restaurante Brunelli\u2019s, fruto de","og_url":"https:\/\/elcotarro.com\/?p=1767","og_site_name":"El Cotarro","article_publisher":"https:\/\/www.facebook.com\/ElCotarro.Tenerife","article_published_time":"2015-09-20T10:03:31+00:00","og_image":[{"url":"https:\/\/elcotarro.com\/wp-content\/uploads\/2015\/09\/FOTO-5.-Wolfgang-Kiessling1-1024x768.jpg","type":"","width":"","height":""}],"author":"Jos\u00e9 Carlos Marrero Gonz\u00e1lez","twitter_misc":{"Escrito por":"Jos\u00e9 Carlos Marrero Gonz\u00e1lez","Tiempo de lectura":"1 minuto"},"schema":{"@context":"https:\/\/schema.org","@graph":[{"@type":"Article","@id":"https:\/\/elcotarro.com\/?p=1767#article","isPartOf":{"@id":"https:\/\/elcotarro.com\/?p=1767"},"author":{"name":"Jos\u00e9 Carlos Marrero Gonz\u00e1lez","@id":"https:\/\/elcotarro.com\/#\/schema\/person\/af537ee7d60d15984c7e0affcd8a918b"},"headline":"WOLFGANG KIESSLING Y EL BRUNELLI\u2019S","datePublished":"2015-09-20T10:03:31+00:00","mainEntityOfPage":{"@id":"https:\/\/elcotarro.com\/?p=1767"},"wordCount":198,"commentCount":0,"publisher":{"@id":"https:\/\/elcotarro.com\/#organization"},"image":{"@id":"https:\/\/elcotarro.com\/?p=1767#primaryimage"},"thumbnailUrl":"https:\/\/elcotarro.com\/wp-content\/uploads\/2015\/09\/FOTO-5.-Wolfgang-Kiessling1-1024x768.jpg","keywords":["Wolfgang Kiessling"],"articleSection":["Gastronom\u00eda"],"inLanguage":"es","potentialAction":[{"@type":"CommentAction","name":"Comment","target":["https:\/\/elcotarro.com\/?p=1767#respond"]}]},{"@type":"WebPage","@id":"https:\/\/elcotarro.com\/?p=1767","url":"https:\/\/elcotarro.com\/?p=1767","name":"WOLFGANG KIESSLING Y EL BRUNELLI\u2019S - El Cotarro","isPartOf":{"@id":"https:\/\/elcotarro.com\/#website"},"primaryImageOfPage":{"@id":"https:\/\/elcotarro.com\/?p=1767#primaryimage"},"image":{"@id":"https:\/\/elcotarro.com\/?p=1767#primaryimage"},"thumbnailUrl":"https:\/\/elcotarro.com\/wp-content\/uploads\/2015\/09\/FOTO-5.-Wolfgang-Kiessling1-1024x768.jpg","datePublished":"2015-09-20T10:03:31+00:00","description":"Como sabr\u00e1n por la publicidad que ha salido publicada en EL D\u00cdA, ya es una feliz y sabrosa realidad la apertura del nuevo restaurante Brunelli\u2019s, fruto de","breadcrumb":{"@id":"https:\/\/elcotarro.com\/?p=1767#breadcrumb"},"inLanguage":"es","potentialAction":[{"@type":"ReadAction","target":["https:\/\/elcotarro.com\/?p=1767"]}]},{"@type":"ImageObject","inLanguage":"es","@id":"https:\/\/elcotarro.com\/?p=1767#primaryimage","url":"https:\/\/elcotarro.com\/wp-content\/uploads\/2015\/09\/FOTO-5.-Wolfgang-Kiessling1.jpg","contentUrl":"https:\/\/elcotarro.com\/wp-content\/uploads\/2015\/09\/FOTO-5.-Wolfgang-Kiessling1.jpg","width":1500,"height":1125},{"@type":"BreadcrumbList","@id":"https:\/\/elcotarro.com\/?p=1767#breadcrumb","itemListElement":[{"@type":"ListItem","position":1,"name":"Portada","item":"https:\/\/elcotarro.com\/"},{"@type":"ListItem","position":2,"name":"WOLFGANG KIESSLING Y EL BRUNELLI\u2019S"}]},{"@type":"WebSite","@id":"https:\/\/elcotarro.com\/#website","url":"https:\/\/elcotarro.com\/","name":"El Cotarro","description":"Peri\u00f3dico Digital Independiente dirigido por Jos\u00e9 Carlos Marrero","publisher":{"@id":"https:\/\/elcotarro.com\/#organization"},"potentialAction":[{"@type":"SearchAction","target":{"@type":"EntryPoint","urlTemplate":"https:\/\/elcotarro.com\/?s={search_term_string}"},"query-input":{"@type":"PropertyValueSpecification","valueRequired":true,"valueName":"search_term_string"}}],"inLanguage":"es"},{"@type":"Organization","@id":"https:\/\/elcotarro.com\/#organization","name":"El Cotarro","url":"https:\/\/elcotarro.com\/","logo":{"@type":"ImageObject","inLanguage":"es","@id":"https:\/\/elcotarro.com\/#\/schema\/logo\/image\/","url":"https:\/\/elcotarro.com\/wp-content\/uploads\/2014\/09\/Cabecera_El_Cotarro_v2.jpg","contentUrl":"https:\/\/elcotarro.com\/wp-content\/uploads\/2014\/09\/Cabecera_El_Cotarro_v2.jpg","width":3540,"height":441,"caption":"El Cotarro"},"image":{"@id":"https:\/\/elcotarro.com\/#\/schema\/logo\/image\/"},"sameAs":["https:\/\/www.facebook.com\/ElCotarro.Tenerife"]},{"@type":"Person","@id":"https:\/\/elcotarro.com\/#\/schema\/person\/af537ee7d60d15984c7e0affcd8a918b","name":"Jos\u00e9 Carlos Marrero Gonz\u00e1lez","image":{"@type":"ImageObject","inLanguage":"es","@id":"https:\/\/elcotarro.com\/#\/schema\/person\/image\/","url":"https:\/\/secure.gravatar.com\/avatar\/def4da036efb5d32c74d49c351f6dccc064dd69ad9f3aadc295c5a9a5391ca01?s=96&d=mm&r=g","contentUrl":"https:\/\/secure.gravatar.com\/avatar\/def4da036efb5d32c74d49c351f6dccc064dd69ad9f3aadc295c5a9a5391ca01?s=96&d=mm&r=g","caption":"Jos\u00e9 Carlos Marrero Gonz\u00e1lez"},"sameAs":["https:\/\/elcotarro.com"],"url":"https:\/\/elcotarro.com\/?author=2"}]}},"jetpack_featured_media_url":"","jetpack_sharing_enabled":true,"_links":{"self":[{"href":"https:\/\/elcotarro.com\/index.php?rest_route=\/wp\/v2\/posts\/1767","targetHints":{"allow":["GET"]}}],"collection":[{"href":"https:\/\/elcotarro.com\/index.php?rest_route=\/wp\/v2\/posts"}],"about":[{"href":"https:\/\/elcotarro.com\/index.php?rest_route=\/wp\/v2\/types\/post"}],"author":[{"embeddable":true,"href":"https:\/\/elcotarro.com\/index.php?rest_route=\/wp\/v2\/users\/2"}],"replies":[{"embeddable":true,"href":"https:\/\/elcotarro.com\/index.php?rest_route=%2Fwp%2Fv2%2Fcomments&post=1767"}],"version-history":[{"count":1,"href":"https:\/\/elcotarro.com\/index.php?rest_route=\/wp\/v2\/posts\/1767\/revisions"}],"predecessor-version":[{"id":1770,"href":"https:\/\/elcotarro.com\/index.php?rest_route=\/wp\/v2\/posts\/1767\/revisions\/1770"}],"wp:attachment":[{"href":"https:\/\/elcotarro.com\/index.php?rest_route=%2Fwp%2Fv2%2Fmedia&parent=1767"}],"wp:term":[{"taxonomy":"category","embeddable":true,"href":"https:\/\/elcotarro.com\/index.php?rest_route=%2Fwp%2Fv2%2Fcategories&post=1767"},{"taxonomy":"post_tag","embeddable":true,"href":"https:\/\/elcotarro.com\/index.php?rest_route=%2Fwp%2Fv2%2Ftags&post=1767"}],"curies":[{"name":"wp","href":"https:\/\/api.w.org\/{rel}","templated":true}]}}