{"id":1777,"date":"2015-09-20T11:06:44","date_gmt":"2015-09-20T10:06:44","guid":{"rendered":"https:\/\/elcotarro.com\/?p=1777"},"modified":"2015-09-20T10:16:09","modified_gmt":"2015-09-20T09:16:09","slug":"rectificando-que-es-gerundio","status":"publish","type":"post","link":"https:\/\/elcotarro.com\/?p=1777","title":{"rendered":"RECTIFICANDO, QUE ES GERUNDIO"},"content":{"rendered":"<p>\u2666 Dije y digo (tambi\u00e9n a don <strong>Bernardo<\/strong>) que los seis p\u00e1rrafos dedicados a la fiesta del Cristo el pasado domingo y sobre todo los dos primeros (que pueden releer en la hemeroteca del <strong>EL D\u00cdA<\/strong> entrando en www.eldia.es) est\u00e1n exquisitamente tratados y s\u00f3lo plantean una propuesta, que puede gustar o no y que puede ser compartida o no&#8230; Nadie puede dudar de mi respeto a la Iglesia, al obispo Nivariense y, sobre todo a nuestro Stmo. Cristo de La Laguna&#8230; No obstante, si me ha pedido <strong>Bernardo \u00c1lvarez<\/strong> (y lo hago sin problema porque tiene raz\u00f3n) que rectifique el punto en el que dije que nuestro obispo predicaba la homil\u00eda del D\u00eda del Cristo cuando, en realidad y tradicionalmente, quien lo hace cada a\u00f1o es el predicador del \u201cQuinario del Cristo\u201d, que en esta ocasi\u00f3n fue <strong>Gin\u00e9s Ram\u00f3n Garc\u00eda Beltr\u00e1n<\/strong>, obispo de Guadix.<\/p>\n<p><a href=\"https:\/\/elcotarro.com\/wp-content\/uploads\/2015\/09\/FOTO-2.-Alcalde-firmado-Libro-de-Oro.jpg\"><img loading=\"lazy\" decoding=\"async\" class=\"aligncenter size-large wp-image-1778\" src=\"https:\/\/elcotarro.com\/wp-content\/uploads\/2015\/09\/FOTO-2.-Alcalde-firmado-Libro-de-Oro-1024x768.jpg\" alt=\"FOTO 2.- Alcalde firmado Libro de Oro\" width=\"1024\" height=\"768\" srcset=\"https:\/\/elcotarro.com\/wp-content\/uploads\/2015\/09\/FOTO-2.-Alcalde-firmado-Libro-de-Oro-1024x768.jpg 1024w, https:\/\/elcotarro.com\/wp-content\/uploads\/2015\/09\/FOTO-2.-Alcalde-firmado-Libro-de-Oro-300x225.jpg 300w\" sizes=\"auto, (max-width: 1024px) 100vw, 1024px\" \/><\/a><\/p>\n<p class=\"comentario\" style=\"text-align: center;\">El obispo Gin\u00e9s Garc\u00eda Beltr\u00e1n (d) fue el predicador del \u201cD\u00eda Grande\u201d. En la foto con nuestro obispo (i) mientras el alcalde lagunero firma en el Libro de Oro de la Esclavitud<\/p>\n","protected":false},"excerpt":{"rendered":"<p>\u2666 Dije y digo (tambi\u00e9n a don Bernardo) que los seis p\u00e1rrafos dedicados a la fiesta del Cristo el pasado domingo y sobre todo los dos primeros (que pueden releer en la hemeroteca del EL D\u00cdA entrando en www.eldia.es) est\u00e1n exquisitamente tratados y s\u00f3lo plantean una propuesta, que puede gustar o no y que puede &#8230; <a class=\"read-more\" href=\"https:\/\/elcotarro.com\/?p=1777\">Read more<\/a><\/p>\n","protected":false},"author":2,"featured_media":0,"comment_status":"open","ping_status":"open","sticky":false,"template":"","format":"standard","meta":{"_jetpack_memberships_contains_paid_content":false,"footnotes":""},"categories":[43],"tags":[814,815],"class_list":["post-1777","post","type-post","status-publish","format-standard","hentry","category-sociedad","tag-bernardo-alvarez","tag-gines-ramon-garcia-beltran"],"yoast_head":"<!-- This site is optimized with the Yoast SEO plugin v27.0 - https:\/\/yoast.com\/product\/yoast-seo-wordpress\/ -->\n<title>RECTIFICANDO, QUE ES GERUNDIO - El Cotarro<\/title>\n<meta name=\"description\" content=\"Dije y digo (tambi\u00e9n a don Bernardo) que los seis p\u00e1rrafos dedicados a la fiesta del Cristo el pasado domingo y sobre todo los dos primeros (que pueden re\" \/>\n<meta name=\"robots\" content=\"index, follow, max-snippet:-1, max-image-preview:large, max-video-preview:-1\" \/>\n<link rel=\"canonical\" href=\"https:\/\/elcotarro.com\/?p=1777\" \/>\n<meta property=\"og:locale\" content=\"es_ES\" \/>\n<meta property=\"og:type\" content=\"article\" \/>\n<meta property=\"og:title\" content=\"RECTIFICANDO, QUE ES GERUNDIO - El Cotarro\" \/>\n<meta property=\"og:description\" content=\"Dije y digo (tambi\u00e9n a don Bernardo) que los seis p\u00e1rrafos dedicados a la fiesta del Cristo el pasado domingo y sobre todo los dos primeros (que pueden re\" \/>\n<meta property=\"og:url\" content=\"https:\/\/elcotarro.com\/?p=1777\" \/>\n<meta property=\"og:site_name\" content=\"El Cotarro\" \/>\n<meta property=\"article:publisher\" content=\"https:\/\/www.facebook.com\/ElCotarro.Tenerife\" \/>\n<meta property=\"article:published_time\" content=\"2015-09-20T10:06:44+00:00\" \/>\n<meta property=\"og:image\" content=\"https:\/\/elcotarro.com\/wp-content\/uploads\/2015\/09\/FOTO-2.-Alcalde-firmado-Libro-de-Oro-1024x768.jpg\" \/>\n<meta name=\"author\" content=\"Jos\u00e9 Carlos Marrero Gonz\u00e1lez\" \/>\n<meta name=\"twitter:label1\" content=\"Escrito por\" \/>\n\t<meta name=\"twitter:data1\" content=\"Jos\u00e9 Carlos Marrero Gonz\u00e1lez\" \/>\n\t<meta name=\"twitter:label2\" content=\"Tiempo de lectura\" \/>\n\t<meta name=\"twitter:data2\" content=\"1 minuto\" \/>\n<script type=\"application\/ld+json\" class=\"yoast-schema-graph\">{\"@context\":\"https:\/\/schema.org\",\"@graph\":[{\"@type\":\"Article\",\"@id\":\"https:\/\/elcotarro.com\/?p=1777#article\",\"isPartOf\":{\"@id\":\"https:\/\/elcotarro.com\/?p=1777\"},\"author\":{\"name\":\"Jos\u00e9 Carlos Marrero Gonz\u00e1lez\",\"@id\":\"https:\/\/elcotarro.com\/#\/schema\/person\/af537ee7d60d15984c7e0affcd8a918b\"},\"headline\":\"RECTIFICANDO, QUE ES GERUNDIO\",\"datePublished\":\"2015-09-20T10:06:44+00:00\",\"mainEntityOfPage\":{\"@id\":\"https:\/\/elcotarro.com\/?p=1777\"},\"wordCount\":199,\"commentCount\":0,\"publisher\":{\"@id\":\"https:\/\/elcotarro.com\/#organization\"},\"image\":{\"@id\":\"https:\/\/elcotarro.com\/?p=1777#primaryimage\"},\"thumbnailUrl\":\"https:\/\/elcotarro.com\/wp-content\/uploads\/2015\/09\/FOTO-2.-Alcalde-firmado-Libro-de-Oro-1024x768.jpg\",\"keywords\":[\"Bernardo \u00c1lvarez\",\"Gin\u00e9s Ram\u00f3n Garc\u00eda Beltr\u00e1n\"],\"articleSection\":[\"Sociedad\"],\"inLanguage\":\"es\",\"potentialAction\":[{\"@type\":\"CommentAction\",\"name\":\"Comment\",\"target\":[\"https:\/\/elcotarro.com\/?p=1777#respond\"]}]},{\"@type\":\"WebPage\",\"@id\":\"https:\/\/elcotarro.com\/?p=1777\",\"url\":\"https:\/\/elcotarro.com\/?p=1777\",\"name\":\"RECTIFICANDO, QUE ES GERUNDIO - El Cotarro\",\"isPartOf\":{\"@id\":\"https:\/\/elcotarro.com\/#website\"},\"primaryImageOfPage\":{\"@id\":\"https:\/\/elcotarro.com\/?p=1777#primaryimage\"},\"image\":{\"@id\":\"https:\/\/elcotarro.com\/?p=1777#primaryimage\"},\"thumbnailUrl\":\"https:\/\/elcotarro.com\/wp-content\/uploads\/2015\/09\/FOTO-2.-Alcalde-firmado-Libro-de-Oro-1024x768.jpg\",\"datePublished\":\"2015-09-20T10:06:44+00:00\",\"description\":\"Dije y digo (tambi\u00e9n a don Bernardo) que los seis p\u00e1rrafos dedicados a la fiesta del Cristo el pasado domingo y sobre todo los dos primeros (que pueden re\",\"breadcrumb\":{\"@id\":\"https:\/\/elcotarro.com\/?p=1777#breadcrumb\"},\"inLanguage\":\"es\",\"potentialAction\":[{\"@type\":\"ReadAction\",\"target\":[\"https:\/\/elcotarro.com\/?p=1777\"]}]},{\"@type\":\"ImageObject\",\"inLanguage\":\"es\",\"@id\":\"https:\/\/elcotarro.com\/?p=1777#primaryimage\",\"url\":\"https:\/\/elcotarro.com\/wp-content\/uploads\/2015\/09\/FOTO-2.-Alcalde-firmado-Libro-de-Oro.jpg\",\"contentUrl\":\"https:\/\/elcotarro.com\/wp-content\/uploads\/2015\/09\/FOTO-2.-Alcalde-firmado-Libro-de-Oro.jpg\",\"width\":3264,\"height\":2448},{\"@type\":\"BreadcrumbList\",\"@id\":\"https:\/\/elcotarro.com\/?p=1777#breadcrumb\",\"itemListElement\":[{\"@type\":\"ListItem\",\"position\":1,\"name\":\"Portada\",\"item\":\"https:\/\/elcotarro.com\/\"},{\"@type\":\"ListItem\",\"position\":2,\"name\":\"RECTIFICANDO, QUE ES GERUNDIO\"}]},{\"@type\":\"WebSite\",\"@id\":\"https:\/\/elcotarro.com\/#website\",\"url\":\"https:\/\/elcotarro.com\/\",\"name\":\"El Cotarro\",\"description\":\"Peri\u00f3dico Digital Independiente dirigido por Jos\u00e9 Carlos Marrero\",\"publisher\":{\"@id\":\"https:\/\/elcotarro.com\/#organization\"},\"potentialAction\":[{\"@type\":\"SearchAction\",\"target\":{\"@type\":\"EntryPoint\",\"urlTemplate\":\"https:\/\/elcotarro.com\/?s={search_term_string}\"},\"query-input\":{\"@type\":\"PropertyValueSpecification\",\"valueRequired\":true,\"valueName\":\"search_term_string\"}}],\"inLanguage\":\"es\"},{\"@type\":\"Organization\",\"@id\":\"https:\/\/elcotarro.com\/#organization\",\"name\":\"El Cotarro\",\"url\":\"https:\/\/elcotarro.com\/\",\"logo\":{\"@type\":\"ImageObject\",\"inLanguage\":\"es\",\"@id\":\"https:\/\/elcotarro.com\/#\/schema\/logo\/image\/\",\"url\":\"https:\/\/elcotarro.com\/wp-content\/uploads\/2014\/09\/Cabecera_El_Cotarro_v2.jpg\",\"contentUrl\":\"https:\/\/elcotarro.com\/wp-content\/uploads\/2014\/09\/Cabecera_El_Cotarro_v2.jpg\",\"width\":3540,\"height\":441,\"caption\":\"El Cotarro\"},\"image\":{\"@id\":\"https:\/\/elcotarro.com\/#\/schema\/logo\/image\/\"},\"sameAs\":[\"https:\/\/www.facebook.com\/ElCotarro.Tenerife\"]},{\"@type\":\"Person\",\"@id\":\"https:\/\/elcotarro.com\/#\/schema\/person\/af537ee7d60d15984c7e0affcd8a918b\",\"name\":\"Jos\u00e9 Carlos Marrero Gonz\u00e1lez\",\"image\":{\"@type\":\"ImageObject\",\"inLanguage\":\"es\",\"@id\":\"https:\/\/elcotarro.com\/#\/schema\/person\/image\/\",\"url\":\"https:\/\/secure.gravatar.com\/avatar\/def4da036efb5d32c74d49c351f6dccc064dd69ad9f3aadc295c5a9a5391ca01?s=96&d=mm&r=g\",\"contentUrl\":\"https:\/\/secure.gravatar.com\/avatar\/def4da036efb5d32c74d49c351f6dccc064dd69ad9f3aadc295c5a9a5391ca01?s=96&d=mm&r=g\",\"caption\":\"Jos\u00e9 Carlos Marrero Gonz\u00e1lez\"},\"sameAs\":[\"https:\/\/elcotarro.com\"],\"url\":\"https:\/\/elcotarro.com\/?author=2\"}]}<\/script>\n<!-- \/ Yoast SEO plugin. -->","yoast_head_json":{"title":"RECTIFICANDO, QUE ES GERUNDIO - El Cotarro","description":"Dije y digo (tambi\u00e9n a don Bernardo) que los seis p\u00e1rrafos dedicados a la fiesta del Cristo el pasado domingo y sobre todo los dos primeros (que pueden re","robots":{"index":"index","follow":"follow","max-snippet":"max-snippet:-1","max-image-preview":"max-image-preview:large","max-video-preview":"max-video-preview:-1"},"canonical":"https:\/\/elcotarro.com\/?p=1777","og_locale":"es_ES","og_type":"article","og_title":"RECTIFICANDO, QUE ES GERUNDIO - El Cotarro","og_description":"Dije y digo (tambi\u00e9n a don Bernardo) que los seis p\u00e1rrafos dedicados a la fiesta del Cristo el pasado domingo y sobre todo los dos primeros (que pueden re","og_url":"https:\/\/elcotarro.com\/?p=1777","og_site_name":"El Cotarro","article_publisher":"https:\/\/www.facebook.com\/ElCotarro.Tenerife","article_published_time":"2015-09-20T10:06:44+00:00","og_image":[{"url":"https:\/\/elcotarro.com\/wp-content\/uploads\/2015\/09\/FOTO-2.-Alcalde-firmado-Libro-de-Oro-1024x768.jpg","type":"","width":"","height":""}],"author":"Jos\u00e9 Carlos Marrero Gonz\u00e1lez","twitter_misc":{"Escrito por":"Jos\u00e9 Carlos Marrero Gonz\u00e1lez","Tiempo de lectura":"1 minuto"},"schema":{"@context":"https:\/\/schema.org","@graph":[{"@type":"Article","@id":"https:\/\/elcotarro.com\/?p=1777#article","isPartOf":{"@id":"https:\/\/elcotarro.com\/?p=1777"},"author":{"name":"Jos\u00e9 Carlos Marrero Gonz\u00e1lez","@id":"https:\/\/elcotarro.com\/#\/schema\/person\/af537ee7d60d15984c7e0affcd8a918b"},"headline":"RECTIFICANDO, QUE ES GERUNDIO","datePublished":"2015-09-20T10:06:44+00:00","mainEntityOfPage":{"@id":"https:\/\/elcotarro.com\/?p=1777"},"wordCount":199,"commentCount":0,"publisher":{"@id":"https:\/\/elcotarro.com\/#organization"},"image":{"@id":"https:\/\/elcotarro.com\/?p=1777#primaryimage"},"thumbnailUrl":"https:\/\/elcotarro.com\/wp-content\/uploads\/2015\/09\/FOTO-2.-Alcalde-firmado-Libro-de-Oro-1024x768.jpg","keywords":["Bernardo \u00c1lvarez","Gin\u00e9s Ram\u00f3n Garc\u00eda Beltr\u00e1n"],"articleSection":["Sociedad"],"inLanguage":"es","potentialAction":[{"@type":"CommentAction","name":"Comment","target":["https:\/\/elcotarro.com\/?p=1777#respond"]}]},{"@type":"WebPage","@id":"https:\/\/elcotarro.com\/?p=1777","url":"https:\/\/elcotarro.com\/?p=1777","name":"RECTIFICANDO, QUE ES GERUNDIO - El Cotarro","isPartOf":{"@id":"https:\/\/elcotarro.com\/#website"},"primaryImageOfPage":{"@id":"https:\/\/elcotarro.com\/?p=1777#primaryimage"},"image":{"@id":"https:\/\/elcotarro.com\/?p=1777#primaryimage"},"thumbnailUrl":"https:\/\/elcotarro.com\/wp-content\/uploads\/2015\/09\/FOTO-2.-Alcalde-firmado-Libro-de-Oro-1024x768.jpg","datePublished":"2015-09-20T10:06:44+00:00","description":"Dije y digo (tambi\u00e9n a don Bernardo) que los seis p\u00e1rrafos dedicados a la fiesta del Cristo el pasado domingo y sobre todo los dos primeros (que pueden re","breadcrumb":{"@id":"https:\/\/elcotarro.com\/?p=1777#breadcrumb"},"inLanguage":"es","potentialAction":[{"@type":"ReadAction","target":["https:\/\/elcotarro.com\/?p=1777"]}]},{"@type":"ImageObject","inLanguage":"es","@id":"https:\/\/elcotarro.com\/?p=1777#primaryimage","url":"https:\/\/elcotarro.com\/wp-content\/uploads\/2015\/09\/FOTO-2.-Alcalde-firmado-Libro-de-Oro.jpg","contentUrl":"https:\/\/elcotarro.com\/wp-content\/uploads\/2015\/09\/FOTO-2.-Alcalde-firmado-Libro-de-Oro.jpg","width":3264,"height":2448},{"@type":"BreadcrumbList","@id":"https:\/\/elcotarro.com\/?p=1777#breadcrumb","itemListElement":[{"@type":"ListItem","position":1,"name":"Portada","item":"https:\/\/elcotarro.com\/"},{"@type":"ListItem","position":2,"name":"RECTIFICANDO, QUE ES GERUNDIO"}]},{"@type":"WebSite","@id":"https:\/\/elcotarro.com\/#website","url":"https:\/\/elcotarro.com\/","name":"El Cotarro","description":"Peri\u00f3dico Digital Independiente dirigido por Jos\u00e9 Carlos Marrero","publisher":{"@id":"https:\/\/elcotarro.com\/#organization"},"potentialAction":[{"@type":"SearchAction","target":{"@type":"EntryPoint","urlTemplate":"https:\/\/elcotarro.com\/?s={search_term_string}"},"query-input":{"@type":"PropertyValueSpecification","valueRequired":true,"valueName":"search_term_string"}}],"inLanguage":"es"},{"@type":"Organization","@id":"https:\/\/elcotarro.com\/#organization","name":"El Cotarro","url":"https:\/\/elcotarro.com\/","logo":{"@type":"ImageObject","inLanguage":"es","@id":"https:\/\/elcotarro.com\/#\/schema\/logo\/image\/","url":"https:\/\/elcotarro.com\/wp-content\/uploads\/2014\/09\/Cabecera_El_Cotarro_v2.jpg","contentUrl":"https:\/\/elcotarro.com\/wp-content\/uploads\/2014\/09\/Cabecera_El_Cotarro_v2.jpg","width":3540,"height":441,"caption":"El Cotarro"},"image":{"@id":"https:\/\/elcotarro.com\/#\/schema\/logo\/image\/"},"sameAs":["https:\/\/www.facebook.com\/ElCotarro.Tenerife"]},{"@type":"Person","@id":"https:\/\/elcotarro.com\/#\/schema\/person\/af537ee7d60d15984c7e0affcd8a918b","name":"Jos\u00e9 Carlos Marrero Gonz\u00e1lez","image":{"@type":"ImageObject","inLanguage":"es","@id":"https:\/\/elcotarro.com\/#\/schema\/person\/image\/","url":"https:\/\/secure.gravatar.com\/avatar\/def4da036efb5d32c74d49c351f6dccc064dd69ad9f3aadc295c5a9a5391ca01?s=96&d=mm&r=g","contentUrl":"https:\/\/secure.gravatar.com\/avatar\/def4da036efb5d32c74d49c351f6dccc064dd69ad9f3aadc295c5a9a5391ca01?s=96&d=mm&r=g","caption":"Jos\u00e9 Carlos Marrero Gonz\u00e1lez"},"sameAs":["https:\/\/elcotarro.com"],"url":"https:\/\/elcotarro.com\/?author=2"}]}},"jetpack_featured_media_url":"","jetpack_sharing_enabled":true,"_links":{"self":[{"href":"https:\/\/elcotarro.com\/index.php?rest_route=\/wp\/v2\/posts\/1777","targetHints":{"allow":["GET"]}}],"collection":[{"href":"https:\/\/elcotarro.com\/index.php?rest_route=\/wp\/v2\/posts"}],"about":[{"href":"https:\/\/elcotarro.com\/index.php?rest_route=\/wp\/v2\/types\/post"}],"author":[{"embeddable":true,"href":"https:\/\/elcotarro.com\/index.php?rest_route=\/wp\/v2\/users\/2"}],"replies":[{"embeddable":true,"href":"https:\/\/elcotarro.com\/index.php?rest_route=%2Fwp%2Fv2%2Fcomments&post=1777"}],"version-history":[{"count":1,"href":"https:\/\/elcotarro.com\/index.php?rest_route=\/wp\/v2\/posts\/1777\/revisions"}],"predecessor-version":[{"id":1779,"href":"https:\/\/elcotarro.com\/index.php?rest_route=\/wp\/v2\/posts\/1777\/revisions\/1779"}],"wp:attachment":[{"href":"https:\/\/elcotarro.com\/index.php?rest_route=%2Fwp%2Fv2%2Fmedia&parent=1777"}],"wp:term":[{"taxonomy":"category","embeddable":true,"href":"https:\/\/elcotarro.com\/index.php?rest_route=%2Fwp%2Fv2%2Fcategories&post=1777"},{"taxonomy":"post_tag","embeddable":true,"href":"https:\/\/elcotarro.com\/index.php?rest_route=%2Fwp%2Fv2%2Ftags&post=1777"}],"curies":[{"name":"wp","href":"https:\/\/api.w.org\/{rel}","templated":true}]}}