{"id":1791,"date":"2015-09-27T11:03:31","date_gmt":"2015-09-27T10:03:31","guid":{"rendered":"https:\/\/elcotarro.com\/?p=1791"},"modified":"2015-09-27T10:18:50","modified_gmt":"2015-09-27T09:18:50","slug":"gastronomia-el-corte-ingles","status":"publish","type":"post","link":"https:\/\/elcotarro.com\/?p=1791","title":{"rendered":"GASTRONOM\u00cdA EL CORTE INGL\u00c9S"},"content":{"rendered":"<p>\u2666 Santa Cruz de Tenerife est\u00e1 de sabrosa enhorabuena&#8230; Desde el pasado jueves ya se puede disfrutar en toda su extensi\u00f3n de una maravilla denominada \u201cEspacio Gastron\u00f3mico El Corte Ingl\u00e9s\u201d, que fue presentado oficialmente en sociedad durante un exitoso acto en el que se dio cita el \u201ctodo Santa Cruz\u201d&#8230; El director de Hosteler\u00eda de El Corte Ingl\u00e9s a nivel nacional, <strong>Guillermo Arcenegui<\/strong> (especialmente desplazado desde Madrid para el evento) acompa\u00f1\u00f3 a <strong>Valent\u00edn Parejo<\/strong> (director regional de El Corte Ingl\u00e9s en Canarias), <strong>Gustavo Rodr\u00edguez<\/strong> (Actual director del centro de Mesa y L\u00f3pez en Las Palmas de Gran Canaria y futuro director regional cuando, antes de que acabe el pr\u00f3ximo 2016, <strong>Valent\u00edn<\/strong> pase a disfrutar de su merecida jubilaci\u00f3n) y el lagunero <strong>\u00c1lvaro Rojas Garc\u00eda<\/strong> (director de El Corte Ingl\u00e9s en Tenerife), junto con <strong>Antonio Marrero Picar<\/strong> y su esposa <strong>Bel\u00e9n De la Torre<\/strong> (Concesionarios de parte del nuevo Espacio Gastron\u00f3mico) y <strong>Manuel Marrero O\u2019Shanahan<\/strong> (director de Comunicaci\u00f3n de El Corte Ingl\u00e9s en Canarias) fueron los perfectos anfitriones de un animado y curioso \u201cmultic\u00f3ctel\u201d (uno en cada espacio) que cont\u00f3 con la presencia, entre otras autoridades, de <strong>Jos\u00e9 Manuel Berm\u00fadez<\/strong> (alcalde chicharrero de nuestra co-capital de Canarias); <strong>Pedro Ortega Rodr\u00edguez<\/strong> (consejero de Econom\u00eda, Industria, Comercio y Conocimiento del Gobierno de Canarias) y <strong>Juan Alfonso Cabello Mesa <\/strong>(concejal de Promoci\u00f3n Econ\u00f3mica, Turismo y responsable de la Sociedad de Desarrollo).<\/p>\n<p><a href=\"https:\/\/elcotarro.com\/wp-content\/uploads\/2015\/09\/FOTO-4.-Autoridades-en-El-Corte-Ingl\u00e9s.jpg\"><img loading=\"lazy\" decoding=\"async\" class=\"aligncenter size-large wp-image-1792\" src=\"https:\/\/elcotarro.com\/wp-content\/uploads\/2015\/09\/FOTO-4.-Autoridades-en-El-Corte-Ingl\u00e9s-1024x784.jpg\" alt=\"FOTO 4.- Autoridades en El Corte Ingl\u00e9s\" width=\"1024\" height=\"784\" srcset=\"https:\/\/elcotarro.com\/wp-content\/uploads\/2015\/09\/FOTO-4.-Autoridades-en-El-Corte-Ingl\u00e9s-1024x784.jpg 1024w, https:\/\/elcotarro.com\/wp-content\/uploads\/2015\/09\/FOTO-4.-Autoridades-en-El-Corte-Ingl\u00e9s-300x230.jpg 300w, https:\/\/elcotarro.com\/wp-content\/uploads\/2015\/09\/FOTO-4.-Autoridades-en-El-Corte-Ingl\u00e9s.jpg 1136w\" sizes=\"auto, (max-width: 1024px) 100vw, 1024px\" \/><\/a><\/p>\n<p class=\"comentario\" style=\"text-align: center;\">De izquierda a derecha: Antonio Marrero, Valent\u00edn Parejo, Pedro Ortega, Gustavo Rodr\u00edguez, Jos\u00e9 Manuel Berm\u00fadez y Guillermo Arcenegui.<\/p>\n","protected":false},"excerpt":{"rendered":"<p>\u2666 Santa Cruz de Tenerife est\u00e1 de sabrosa enhorabuena&#8230; Desde el pasado jueves ya se puede disfrutar en toda su extensi\u00f3n de una maravilla denominada \u201cEspacio Gastron\u00f3mico El Corte Ingl\u00e9s\u201d, que fue presentado oficialmente en sociedad durante un exitoso acto en el que se dio cita el \u201ctodo Santa Cruz\u201d&#8230; El director de Hosteler\u00eda de &#8230; <a class=\"read-more\" href=\"https:\/\/elcotarro.com\/?p=1791\">Read more<\/a><\/p>\n","protected":false},"author":2,"featured_media":0,"comment_status":"open","ping_status":"open","sticky":false,"template":"","format":"standard","meta":{"_jetpack_memberships_contains_paid_content":false,"footnotes":""},"categories":[136,62],"tags":[527,753,792,823,125,48,826,825,824],"class_list":["post-1791","post","type-post","status-publish","format-standard","hentry","category-eventos","category-gastronomia","tag-alvaro-rojas-garcia","tag-antonio-marrero-picar","tag-belen-de-la-torre","tag-guillermo-arcenegui","tag-gustavo-rodriguez","tag-jose-manuel-bermudez","tag-juan-alfonso-cabello-mesa","tag-pedro-ortega-rodriguez","tag-valentin-parejo"],"yoast_head":"<!-- This site is optimized with the Yoast SEO plugin v27.0 - https:\/\/yoast.com\/product\/yoast-seo-wordpress\/ -->\n<title>GASTRONOM\u00cdA EL CORTE INGL\u00c9S - El Cotarro<\/title>\n<meta name=\"description\" content=\"Santa Cruz de Tenerife est\u00e1 de sabrosa enhorabuena... Desde el pasado jueves ya se puede disfrutar en toda su extensi\u00f3n de una maravilla denominada \u201cEspac\" \/>\n<meta name=\"robots\" content=\"index, follow, max-snippet:-1, max-image-preview:large, max-video-preview:-1\" \/>\n<link rel=\"canonical\" href=\"https:\/\/elcotarro.com\/?p=1791\" \/>\n<meta property=\"og:locale\" content=\"es_ES\" \/>\n<meta property=\"og:type\" content=\"article\" \/>\n<meta property=\"og:title\" content=\"GASTRONOM\u00cdA EL CORTE INGL\u00c9S - El Cotarro\" \/>\n<meta property=\"og:description\" content=\"Santa Cruz de Tenerife est\u00e1 de sabrosa enhorabuena... Desde el pasado jueves ya se puede disfrutar en toda su extensi\u00f3n de una maravilla denominada \u201cEspac\" \/>\n<meta property=\"og:url\" content=\"https:\/\/elcotarro.com\/?p=1791\" \/>\n<meta property=\"og:site_name\" content=\"El Cotarro\" \/>\n<meta property=\"article:publisher\" content=\"https:\/\/www.facebook.com\/ElCotarro.Tenerife\" \/>\n<meta property=\"article:published_time\" content=\"2015-09-27T10:03:31+00:00\" \/>\n<meta name=\"author\" content=\"Jos\u00e9 Carlos Marrero Gonz\u00e1lez\" \/>\n<meta name=\"twitter:label1\" content=\"Escrito por\" \/>\n\t<meta name=\"twitter:data1\" content=\"Jos\u00e9 Carlos Marrero Gonz\u00e1lez\" \/>\n\t<meta name=\"twitter:label2\" content=\"Tiempo de lectura\" \/>\n\t<meta name=\"twitter:data2\" content=\"1 minuto\" \/>\n<script type=\"application\/ld+json\" class=\"yoast-schema-graph\">{\"@context\":\"https:\/\/schema.org\",\"@graph\":[{\"@type\":\"Article\",\"@id\":\"https:\/\/elcotarro.com\/?p=1791#article\",\"isPartOf\":{\"@id\":\"https:\/\/elcotarro.com\/?p=1791\"},\"author\":{\"name\":\"Jos\u00e9 Carlos Marrero Gonz\u00e1lez\",\"@id\":\"https:\/\/elcotarro.com\/#\/schema\/person\/af537ee7d60d15984c7e0affcd8a918b\"},\"headline\":\"GASTRONOM\u00cdA EL CORTE INGL\u00c9S\",\"datePublished\":\"2015-09-27T10:03:31+00:00\",\"mainEntityOfPage\":{\"@id\":\"https:\/\/elcotarro.com\/?p=1791\"},\"wordCount\":277,\"commentCount\":0,\"publisher\":{\"@id\":\"https:\/\/elcotarro.com\/#organization\"},\"keywords\":[\"\u00c1lvaro Rojas Garc\u00eda\",\"Antonio Marrero Picar\",\"Bel\u00e9n De la Torre\",\"Guillermo Arcenegui\",\"Gustavo Rodr\u00edguez\",\"Jos\u00e9 Manuel Berm\u00fadez\",\"Juan Alfonso Cabello Mesa\",\"Pedro Ortega Rodr\u00edguez\",\"Valent\u00edn Parejo\"],\"articleSection\":[\"Eventos\",\"Gastronom\u00eda\"],\"inLanguage\":\"es\",\"potentialAction\":[{\"@type\":\"CommentAction\",\"name\":\"Comment\",\"target\":[\"https:\/\/elcotarro.com\/?p=1791#respond\"]}]},{\"@type\":\"WebPage\",\"@id\":\"https:\/\/elcotarro.com\/?p=1791\",\"url\":\"https:\/\/elcotarro.com\/?p=1791\",\"name\":\"GASTRONOM\u00cdA EL CORTE INGL\u00c9S - El Cotarro\",\"isPartOf\":{\"@id\":\"https:\/\/elcotarro.com\/#website\"},\"datePublished\":\"2015-09-27T10:03:31+00:00\",\"description\":\"Santa Cruz de Tenerife est\u00e1 de sabrosa enhorabuena... Desde el pasado jueves ya se puede disfrutar en toda su extensi\u00f3n de una maravilla denominada \u201cEspac\",\"breadcrumb\":{\"@id\":\"https:\/\/elcotarro.com\/?p=1791#breadcrumb\"},\"inLanguage\":\"es\",\"potentialAction\":[{\"@type\":\"ReadAction\",\"target\":[\"https:\/\/elcotarro.com\/?p=1791\"]}]},{\"@type\":\"BreadcrumbList\",\"@id\":\"https:\/\/elcotarro.com\/?p=1791#breadcrumb\",\"itemListElement\":[{\"@type\":\"ListItem\",\"position\":1,\"name\":\"Portada\",\"item\":\"https:\/\/elcotarro.com\/\"},{\"@type\":\"ListItem\",\"position\":2,\"name\":\"GASTRONOM\u00cdA EL CORTE INGL\u00c9S\"}]},{\"@type\":\"WebSite\",\"@id\":\"https:\/\/elcotarro.com\/#website\",\"url\":\"https:\/\/elcotarro.com\/\",\"name\":\"El Cotarro\",\"description\":\"Peri\u00f3dico Digital Independiente dirigido por Jos\u00e9 Carlos Marrero\",\"publisher\":{\"@id\":\"https:\/\/elcotarro.com\/#organization\"},\"potentialAction\":[{\"@type\":\"SearchAction\",\"target\":{\"@type\":\"EntryPoint\",\"urlTemplate\":\"https:\/\/elcotarro.com\/?s={search_term_string}\"},\"query-input\":{\"@type\":\"PropertyValueSpecification\",\"valueRequired\":true,\"valueName\":\"search_term_string\"}}],\"inLanguage\":\"es\"},{\"@type\":\"Organization\",\"@id\":\"https:\/\/elcotarro.com\/#organization\",\"name\":\"El Cotarro\",\"url\":\"https:\/\/elcotarro.com\/\",\"logo\":{\"@type\":\"ImageObject\",\"inLanguage\":\"es\",\"@id\":\"https:\/\/elcotarro.com\/#\/schema\/logo\/image\/\",\"url\":\"https:\/\/elcotarro.com\/wp-content\/uploads\/2014\/09\/Cabecera_El_Cotarro_v2.jpg\",\"contentUrl\":\"https:\/\/elcotarro.com\/wp-content\/uploads\/2014\/09\/Cabecera_El_Cotarro_v2.jpg\",\"width\":3540,\"height\":441,\"caption\":\"El Cotarro\"},\"image\":{\"@id\":\"https:\/\/elcotarro.com\/#\/schema\/logo\/image\/\"},\"sameAs\":[\"https:\/\/www.facebook.com\/ElCotarro.Tenerife\"]},{\"@type\":\"Person\",\"@id\":\"https:\/\/elcotarro.com\/#\/schema\/person\/af537ee7d60d15984c7e0affcd8a918b\",\"name\":\"Jos\u00e9 Carlos Marrero Gonz\u00e1lez\",\"image\":{\"@type\":\"ImageObject\",\"inLanguage\":\"es\",\"@id\":\"https:\/\/elcotarro.com\/#\/schema\/person\/image\/\",\"url\":\"https:\/\/secure.gravatar.com\/avatar\/def4da036efb5d32c74d49c351f6dccc064dd69ad9f3aadc295c5a9a5391ca01?s=96&d=mm&r=g\",\"contentUrl\":\"https:\/\/secure.gravatar.com\/avatar\/def4da036efb5d32c74d49c351f6dccc064dd69ad9f3aadc295c5a9a5391ca01?s=96&d=mm&r=g\",\"caption\":\"Jos\u00e9 Carlos Marrero Gonz\u00e1lez\"},\"sameAs\":[\"https:\/\/elcotarro.com\"],\"url\":\"https:\/\/elcotarro.com\/?author=2\"}]}<\/script>\n<!-- \/ Yoast SEO plugin. -->","yoast_head_json":{"title":"GASTRONOM\u00cdA EL CORTE INGL\u00c9S - El Cotarro","description":"Santa Cruz de Tenerife est\u00e1 de sabrosa enhorabuena... Desde el pasado jueves ya se puede disfrutar en toda su extensi\u00f3n de una maravilla denominada \u201cEspac","robots":{"index":"index","follow":"follow","max-snippet":"max-snippet:-1","max-image-preview":"max-image-preview:large","max-video-preview":"max-video-preview:-1"},"canonical":"https:\/\/elcotarro.com\/?p=1791","og_locale":"es_ES","og_type":"article","og_title":"GASTRONOM\u00cdA EL CORTE INGL\u00c9S - El Cotarro","og_description":"Santa Cruz de Tenerife est\u00e1 de sabrosa enhorabuena... Desde el pasado jueves ya se puede disfrutar en toda su extensi\u00f3n de una maravilla denominada \u201cEspac","og_url":"https:\/\/elcotarro.com\/?p=1791","og_site_name":"El Cotarro","article_publisher":"https:\/\/www.facebook.com\/ElCotarro.Tenerife","article_published_time":"2015-09-27T10:03:31+00:00","author":"Jos\u00e9 Carlos Marrero Gonz\u00e1lez","twitter_misc":{"Escrito por":"Jos\u00e9 Carlos Marrero Gonz\u00e1lez","Tiempo de lectura":"1 minuto"},"schema":{"@context":"https:\/\/schema.org","@graph":[{"@type":"Article","@id":"https:\/\/elcotarro.com\/?p=1791#article","isPartOf":{"@id":"https:\/\/elcotarro.com\/?p=1791"},"author":{"name":"Jos\u00e9 Carlos Marrero Gonz\u00e1lez","@id":"https:\/\/elcotarro.com\/#\/schema\/person\/af537ee7d60d15984c7e0affcd8a918b"},"headline":"GASTRONOM\u00cdA EL CORTE INGL\u00c9S","datePublished":"2015-09-27T10:03:31+00:00","mainEntityOfPage":{"@id":"https:\/\/elcotarro.com\/?p=1791"},"wordCount":277,"commentCount":0,"publisher":{"@id":"https:\/\/elcotarro.com\/#organization"},"keywords":["\u00c1lvaro Rojas Garc\u00eda","Antonio Marrero Picar","Bel\u00e9n De la Torre","Guillermo Arcenegui","Gustavo Rodr\u00edguez","Jos\u00e9 Manuel Berm\u00fadez","Juan Alfonso Cabello Mesa","Pedro Ortega Rodr\u00edguez","Valent\u00edn Parejo"],"articleSection":["Eventos","Gastronom\u00eda"],"inLanguage":"es","potentialAction":[{"@type":"CommentAction","name":"Comment","target":["https:\/\/elcotarro.com\/?p=1791#respond"]}]},{"@type":"WebPage","@id":"https:\/\/elcotarro.com\/?p=1791","url":"https:\/\/elcotarro.com\/?p=1791","name":"GASTRONOM\u00cdA EL CORTE INGL\u00c9S - El Cotarro","isPartOf":{"@id":"https:\/\/elcotarro.com\/#website"},"datePublished":"2015-09-27T10:03:31+00:00","description":"Santa Cruz de Tenerife est\u00e1 de sabrosa enhorabuena... Desde el pasado jueves ya se puede disfrutar en toda su extensi\u00f3n de una maravilla denominada \u201cEspac","breadcrumb":{"@id":"https:\/\/elcotarro.com\/?p=1791#breadcrumb"},"inLanguage":"es","potentialAction":[{"@type":"ReadAction","target":["https:\/\/elcotarro.com\/?p=1791"]}]},{"@type":"BreadcrumbList","@id":"https:\/\/elcotarro.com\/?p=1791#breadcrumb","itemListElement":[{"@type":"ListItem","position":1,"name":"Portada","item":"https:\/\/elcotarro.com\/"},{"@type":"ListItem","position":2,"name":"GASTRONOM\u00cdA EL CORTE INGL\u00c9S"}]},{"@type":"WebSite","@id":"https:\/\/elcotarro.com\/#website","url":"https:\/\/elcotarro.com\/","name":"El Cotarro","description":"Peri\u00f3dico Digital Independiente dirigido por Jos\u00e9 Carlos Marrero","publisher":{"@id":"https:\/\/elcotarro.com\/#organization"},"potentialAction":[{"@type":"SearchAction","target":{"@type":"EntryPoint","urlTemplate":"https:\/\/elcotarro.com\/?s={search_term_string}"},"query-input":{"@type":"PropertyValueSpecification","valueRequired":true,"valueName":"search_term_string"}}],"inLanguage":"es"},{"@type":"Organization","@id":"https:\/\/elcotarro.com\/#organization","name":"El Cotarro","url":"https:\/\/elcotarro.com\/","logo":{"@type":"ImageObject","inLanguage":"es","@id":"https:\/\/elcotarro.com\/#\/schema\/logo\/image\/","url":"https:\/\/elcotarro.com\/wp-content\/uploads\/2014\/09\/Cabecera_El_Cotarro_v2.jpg","contentUrl":"https:\/\/elcotarro.com\/wp-content\/uploads\/2014\/09\/Cabecera_El_Cotarro_v2.jpg","width":3540,"height":441,"caption":"El Cotarro"},"image":{"@id":"https:\/\/elcotarro.com\/#\/schema\/logo\/image\/"},"sameAs":["https:\/\/www.facebook.com\/ElCotarro.Tenerife"]},{"@type":"Person","@id":"https:\/\/elcotarro.com\/#\/schema\/person\/af537ee7d60d15984c7e0affcd8a918b","name":"Jos\u00e9 Carlos Marrero Gonz\u00e1lez","image":{"@type":"ImageObject","inLanguage":"es","@id":"https:\/\/elcotarro.com\/#\/schema\/person\/image\/","url":"https:\/\/secure.gravatar.com\/avatar\/def4da036efb5d32c74d49c351f6dccc064dd69ad9f3aadc295c5a9a5391ca01?s=96&d=mm&r=g","contentUrl":"https:\/\/secure.gravatar.com\/avatar\/def4da036efb5d32c74d49c351f6dccc064dd69ad9f3aadc295c5a9a5391ca01?s=96&d=mm&r=g","caption":"Jos\u00e9 Carlos Marrero Gonz\u00e1lez"},"sameAs":["https:\/\/elcotarro.com"],"url":"https:\/\/elcotarro.com\/?author=2"}]}},"jetpack_featured_media_url":"","jetpack_sharing_enabled":true,"_links":{"self":[{"href":"https:\/\/elcotarro.com\/index.php?rest_route=\/wp\/v2\/posts\/1791","targetHints":{"allow":["GET"]}}],"collection":[{"href":"https:\/\/elcotarro.com\/index.php?rest_route=\/wp\/v2\/posts"}],"about":[{"href":"https:\/\/elcotarro.com\/index.php?rest_route=\/wp\/v2\/types\/post"}],"author":[{"embeddable":true,"href":"https:\/\/elcotarro.com\/index.php?rest_route=\/wp\/v2\/users\/2"}],"replies":[{"embeddable":true,"href":"https:\/\/elcotarro.com\/index.php?rest_route=%2Fwp%2Fv2%2Fcomments&post=1791"}],"version-history":[{"count":1,"href":"https:\/\/elcotarro.com\/index.php?rest_route=\/wp\/v2\/posts\/1791\/revisions"}],"predecessor-version":[{"id":1793,"href":"https:\/\/elcotarro.com\/index.php?rest_route=\/wp\/v2\/posts\/1791\/revisions\/1793"}],"wp:attachment":[{"href":"https:\/\/elcotarro.com\/index.php?rest_route=%2Fwp%2Fv2%2Fmedia&parent=1791"}],"wp:term":[{"taxonomy":"category","embeddable":true,"href":"https:\/\/elcotarro.com\/index.php?rest_route=%2Fwp%2Fv2%2Fcategories&post=1791"},{"taxonomy":"post_tag","embeddable":true,"href":"https:\/\/elcotarro.com\/index.php?rest_route=%2Fwp%2Fv2%2Ftags&post=1791"}],"curies":[{"name":"wp","href":"https:\/\/api.w.org\/{rel}","templated":true}]}}