{"id":1812,"date":"2015-10-04T11:03:46","date_gmt":"2015-10-04T10:03:46","guid":{"rendered":"https:\/\/elcotarro.com\/?p=1812"},"modified":"2015-10-04T10:27:28","modified_gmt":"2015-10-04T09:27:28","slug":"brillaron-por-su-ausencia","status":"publish","type":"post","link":"https:\/\/elcotarro.com\/?p=1812","title":{"rendered":"BRILLARON POR SU AUSENCIA"},"content":{"rendered":"<p>\u2666 Del Gobierno de Canarias s\u00ed estaban y pudimos ver a <strong>Abel Morales<\/strong> (viceconsejero de Agricultura), <strong>C\u00e9sar Mart\u00edn<\/strong> (director general de Agricultura), <strong>Crist\u00f3bal David de Vera<\/strong> (director general de Ganader\u00eda) y <strong>Jos\u00e9 Francisco P\u00e9rez <\/strong>(director general de Deportes) y se disculp\u00f3 oficialmente el propio consejero de Agricultura del Gobierno de Canarias, el herre\u00f1o <strong>Alejandro Narvay Quintero<\/strong>, (que estaba en La Frontera calmando las aguas del pacto)&#8230; Del Cabildo de Tenerife fue <strong>Mar\u00eda del Cristo P\u00e9rez<\/strong> (consejera insular de Deportes del Cabildo de Tenerife) y tambi\u00e9n se disculp\u00f3 y mand\u00f3 un mensaje de saludo que se transmiti\u00f3 por la megafon\u00eda el consejero insular de Agricultura del Cabildo de Tenerife, <strong>Jes\u00fas Morales<\/strong> (que estaba en la procesi\u00f3n de la fiesta lustral de su pueblo, Gu\u00eda de Isora)&#8230; Pero si se fijan, todos estos, absolutamente todos, son pol\u00edticos de Coalici\u00f3n Canaria&#8230; El resto de partidos pol\u00edticos brillaron por su ausencia&#8230; Despu\u00e9s hablan de apoyo al sector\u2026 Y luego se quejan&#8230; Por cierto y al margen de la pol\u00edtica, uno de los personajes populares que estuvo presente en la Final de La Laguna fue <strong>Alejandro Mart\u00ednez<\/strong>, entrenador del C.B. Canarias\u2026 3 puntos para <strong>Alejandro<\/strong>\u2026<\/p>\n<p><a href=\"https:\/\/elcotarro.com\/wp-content\/uploads\/2015\/10\/FOTO-5.-Pol\u00edticos-en-la-Final-de-Arrastre.jpg\"><img loading=\"lazy\" decoding=\"async\" class=\"size-large wp-image-1813 aligncenter\" src=\"https:\/\/elcotarro.com\/wp-content\/uploads\/2015\/10\/FOTO-5.-Pol\u00edticos-en-la-Final-de-Arrastre-1024x685.jpg\" alt=\"SONY DSC\" width=\"1024\" height=\"685\" srcset=\"https:\/\/elcotarro.com\/wp-content\/uploads\/2015\/10\/FOTO-5.-Pol\u00edticos-en-la-Final-de-Arrastre-1024x685.jpg 1024w, https:\/\/elcotarro.com\/wp-content\/uploads\/2015\/10\/FOTO-5.-Pol\u00edticos-en-la-Final-de-Arrastre-300x201.jpg 300w\" sizes=\"auto, (max-width: 1024px) 100vw, 1024px\" \/><\/a><\/p>\n<p class=\"comentario\" style=\"text-align: center;\">Todos los pol\u00edticos que aparecen en la foto son de CC, los dem\u00e1s brillaron por su ausencia<\/p>\n","protected":false},"excerpt":{"rendered":"<p>\u2666 Del Gobierno de Canarias s\u00ed estaban y pudimos ver a Abel Morales (viceconsejero de Agricultura), C\u00e9sar Mart\u00edn (director general de Agricultura), Crist\u00f3bal David de Vera (director general de Ganader\u00eda) y Jos\u00e9 Francisco P\u00e9rez (director general de Deportes) y se disculp\u00f3 oficialmente el propio consejero de Agricultura del Gobierno de Canarias, el herre\u00f1o Alejandro Narvay &#8230; <a class=\"read-more\" href=\"https:\/\/elcotarro.com\/?p=1812\">Read more<\/a><\/p>\n","protected":false},"author":2,"featured_media":0,"comment_status":"open","ping_status":"open","sticky":false,"template":"","format":"standard","meta":{"_jetpack_memberships_contains_paid_content":false,"footnotes":""},"categories":[7,43],"tags":[846,851,847,848,387,849,850],"class_list":["post-1812","post","type-post","status-publish","format-standard","hentry","category-politica","category-sociedad","tag-abel-morales","tag-alejandro-narvay-quintero","tag-cesar-martin","tag-cristobal-david-de-vera","tag-jesus-morales","tag-jose-francisco-perez","tag-maria-del-cristo-perez"],"yoast_head":"<!-- This site is optimized with the Yoast SEO plugin v27.0 - https:\/\/yoast.com\/product\/yoast-seo-wordpress\/ -->\n<title>BRILLARON POR SU AUSENCIA - El Cotarro<\/title>\n<meta name=\"description\" content=\"Del Gobierno de Canarias s\u00ed estaban y pudimos ver a Abel Morales (viceconsejero de Agricultura), C\u00e9sar Mart\u00edn (director general de Agricultura), Crist\u00f3bal\" \/>\n<meta name=\"robots\" content=\"index, follow, max-snippet:-1, max-image-preview:large, max-video-preview:-1\" \/>\n<link rel=\"canonical\" href=\"https:\/\/elcotarro.com\/?p=1812\" \/>\n<meta property=\"og:locale\" content=\"es_ES\" \/>\n<meta property=\"og:type\" content=\"article\" \/>\n<meta property=\"og:title\" content=\"BRILLARON POR SU AUSENCIA - El Cotarro\" \/>\n<meta property=\"og:description\" content=\"Del Gobierno de Canarias s\u00ed estaban y pudimos ver a Abel Morales (viceconsejero de Agricultura), C\u00e9sar Mart\u00edn (director general de Agricultura), Crist\u00f3bal\" \/>\n<meta property=\"og:url\" content=\"https:\/\/elcotarro.com\/?p=1812\" \/>\n<meta property=\"og:site_name\" content=\"El Cotarro\" \/>\n<meta property=\"article:publisher\" content=\"https:\/\/www.facebook.com\/ElCotarro.Tenerife\" \/>\n<meta property=\"article:published_time\" content=\"2015-10-04T10:03:46+00:00\" \/>\n<meta name=\"author\" content=\"Jos\u00e9 Carlos Marrero Gonz\u00e1lez\" \/>\n<meta name=\"twitter:label1\" content=\"Escrito por\" \/>\n\t<meta name=\"twitter:data1\" content=\"Jos\u00e9 Carlos Marrero Gonz\u00e1lez\" \/>\n\t<meta name=\"twitter:label2\" content=\"Tiempo de lectura\" \/>\n\t<meta name=\"twitter:data2\" content=\"1 minuto\" \/>\n<script type=\"application\/ld+json\" class=\"yoast-schema-graph\">{\"@context\":\"https:\/\/schema.org\",\"@graph\":[{\"@type\":\"Article\",\"@id\":\"https:\/\/elcotarro.com\/?p=1812#article\",\"isPartOf\":{\"@id\":\"https:\/\/elcotarro.com\/?p=1812\"},\"author\":{\"name\":\"Jos\u00e9 Carlos Marrero Gonz\u00e1lez\",\"@id\":\"https:\/\/elcotarro.com\/#\/schema\/person\/af537ee7d60d15984c7e0affcd8a918b\"},\"headline\":\"BRILLARON POR SU AUSENCIA\",\"datePublished\":\"2015-10-04T10:03:46+00:00\",\"mainEntityOfPage\":{\"@id\":\"https:\/\/elcotarro.com\/?p=1812\"},\"wordCount\":231,\"commentCount\":0,\"publisher\":{\"@id\":\"https:\/\/elcotarro.com\/#organization\"},\"keywords\":[\"Abel Morales\",\"Alejandro Narvay Quintero\",\"C\u00e9sar Mart\u00edn\",\"Crist\u00f3bal David de Vera\",\"Jes\u00fas Morales\",\"Jos\u00e9 Francisco P\u00e9rez\",\"Mar\u00eda del Cristo P\u00e9rez\"],\"articleSection\":[\"Pol\u00edtica\",\"Sociedad\"],\"inLanguage\":\"es\",\"potentialAction\":[{\"@type\":\"CommentAction\",\"name\":\"Comment\",\"target\":[\"https:\/\/elcotarro.com\/?p=1812#respond\"]}]},{\"@type\":\"WebPage\",\"@id\":\"https:\/\/elcotarro.com\/?p=1812\",\"url\":\"https:\/\/elcotarro.com\/?p=1812\",\"name\":\"BRILLARON POR SU AUSENCIA - El Cotarro\",\"isPartOf\":{\"@id\":\"https:\/\/elcotarro.com\/#website\"},\"datePublished\":\"2015-10-04T10:03:46+00:00\",\"description\":\"Del Gobierno de Canarias s\u00ed estaban y pudimos ver a Abel Morales (viceconsejero de Agricultura), C\u00e9sar Mart\u00edn (director general de Agricultura), Crist\u00f3bal\",\"breadcrumb\":{\"@id\":\"https:\/\/elcotarro.com\/?p=1812#breadcrumb\"},\"inLanguage\":\"es\",\"potentialAction\":[{\"@type\":\"ReadAction\",\"target\":[\"https:\/\/elcotarro.com\/?p=1812\"]}]},{\"@type\":\"BreadcrumbList\",\"@id\":\"https:\/\/elcotarro.com\/?p=1812#breadcrumb\",\"itemListElement\":[{\"@type\":\"ListItem\",\"position\":1,\"name\":\"Portada\",\"item\":\"https:\/\/elcotarro.com\/\"},{\"@type\":\"ListItem\",\"position\":2,\"name\":\"BRILLARON POR SU AUSENCIA\"}]},{\"@type\":\"WebSite\",\"@id\":\"https:\/\/elcotarro.com\/#website\",\"url\":\"https:\/\/elcotarro.com\/\",\"name\":\"El Cotarro\",\"description\":\"Peri\u00f3dico Digital Independiente dirigido por Jos\u00e9 Carlos Marrero\",\"publisher\":{\"@id\":\"https:\/\/elcotarro.com\/#organization\"},\"potentialAction\":[{\"@type\":\"SearchAction\",\"target\":{\"@type\":\"EntryPoint\",\"urlTemplate\":\"https:\/\/elcotarro.com\/?s={search_term_string}\"},\"query-input\":{\"@type\":\"PropertyValueSpecification\",\"valueRequired\":true,\"valueName\":\"search_term_string\"}}],\"inLanguage\":\"es\"},{\"@type\":\"Organization\",\"@id\":\"https:\/\/elcotarro.com\/#organization\",\"name\":\"El Cotarro\",\"url\":\"https:\/\/elcotarro.com\/\",\"logo\":{\"@type\":\"ImageObject\",\"inLanguage\":\"es\",\"@id\":\"https:\/\/elcotarro.com\/#\/schema\/logo\/image\/\",\"url\":\"https:\/\/elcotarro.com\/wp-content\/uploads\/2014\/09\/Cabecera_El_Cotarro_v2.jpg\",\"contentUrl\":\"https:\/\/elcotarro.com\/wp-content\/uploads\/2014\/09\/Cabecera_El_Cotarro_v2.jpg\",\"width\":3540,\"height\":441,\"caption\":\"El Cotarro\"},\"image\":{\"@id\":\"https:\/\/elcotarro.com\/#\/schema\/logo\/image\/\"},\"sameAs\":[\"https:\/\/www.facebook.com\/ElCotarro.Tenerife\"]},{\"@type\":\"Person\",\"@id\":\"https:\/\/elcotarro.com\/#\/schema\/person\/af537ee7d60d15984c7e0affcd8a918b\",\"name\":\"Jos\u00e9 Carlos Marrero Gonz\u00e1lez\",\"image\":{\"@type\":\"ImageObject\",\"inLanguage\":\"es\",\"@id\":\"https:\/\/elcotarro.com\/#\/schema\/person\/image\/\",\"url\":\"https:\/\/secure.gravatar.com\/avatar\/def4da036efb5d32c74d49c351f6dccc064dd69ad9f3aadc295c5a9a5391ca01?s=96&d=mm&r=g\",\"contentUrl\":\"https:\/\/secure.gravatar.com\/avatar\/def4da036efb5d32c74d49c351f6dccc064dd69ad9f3aadc295c5a9a5391ca01?s=96&d=mm&r=g\",\"caption\":\"Jos\u00e9 Carlos Marrero Gonz\u00e1lez\"},\"sameAs\":[\"https:\/\/elcotarro.com\"],\"url\":\"https:\/\/elcotarro.com\/?author=2\"}]}<\/script>\n<!-- \/ Yoast SEO plugin. -->","yoast_head_json":{"title":"BRILLARON POR SU AUSENCIA - El Cotarro","description":"Del Gobierno de Canarias s\u00ed estaban y pudimos ver a Abel Morales (viceconsejero de Agricultura), C\u00e9sar Mart\u00edn (director general de Agricultura), Crist\u00f3bal","robots":{"index":"index","follow":"follow","max-snippet":"max-snippet:-1","max-image-preview":"max-image-preview:large","max-video-preview":"max-video-preview:-1"},"canonical":"https:\/\/elcotarro.com\/?p=1812","og_locale":"es_ES","og_type":"article","og_title":"BRILLARON POR SU AUSENCIA - El Cotarro","og_description":"Del Gobierno de Canarias s\u00ed estaban y pudimos ver a Abel Morales (viceconsejero de Agricultura), C\u00e9sar Mart\u00edn (director general de Agricultura), Crist\u00f3bal","og_url":"https:\/\/elcotarro.com\/?p=1812","og_site_name":"El Cotarro","article_publisher":"https:\/\/www.facebook.com\/ElCotarro.Tenerife","article_published_time":"2015-10-04T10:03:46+00:00","author":"Jos\u00e9 Carlos Marrero Gonz\u00e1lez","twitter_misc":{"Escrito por":"Jos\u00e9 Carlos Marrero Gonz\u00e1lez","Tiempo de lectura":"1 minuto"},"schema":{"@context":"https:\/\/schema.org","@graph":[{"@type":"Article","@id":"https:\/\/elcotarro.com\/?p=1812#article","isPartOf":{"@id":"https:\/\/elcotarro.com\/?p=1812"},"author":{"name":"Jos\u00e9 Carlos Marrero Gonz\u00e1lez","@id":"https:\/\/elcotarro.com\/#\/schema\/person\/af537ee7d60d15984c7e0affcd8a918b"},"headline":"BRILLARON POR SU AUSENCIA","datePublished":"2015-10-04T10:03:46+00:00","mainEntityOfPage":{"@id":"https:\/\/elcotarro.com\/?p=1812"},"wordCount":231,"commentCount":0,"publisher":{"@id":"https:\/\/elcotarro.com\/#organization"},"keywords":["Abel Morales","Alejandro Narvay Quintero","C\u00e9sar Mart\u00edn","Crist\u00f3bal David de Vera","Jes\u00fas Morales","Jos\u00e9 Francisco P\u00e9rez","Mar\u00eda del Cristo P\u00e9rez"],"articleSection":["Pol\u00edtica","Sociedad"],"inLanguage":"es","potentialAction":[{"@type":"CommentAction","name":"Comment","target":["https:\/\/elcotarro.com\/?p=1812#respond"]}]},{"@type":"WebPage","@id":"https:\/\/elcotarro.com\/?p=1812","url":"https:\/\/elcotarro.com\/?p=1812","name":"BRILLARON POR SU AUSENCIA - El Cotarro","isPartOf":{"@id":"https:\/\/elcotarro.com\/#website"},"datePublished":"2015-10-04T10:03:46+00:00","description":"Del Gobierno de Canarias s\u00ed estaban y pudimos ver a Abel Morales (viceconsejero de Agricultura), C\u00e9sar Mart\u00edn (director general de Agricultura), Crist\u00f3bal","breadcrumb":{"@id":"https:\/\/elcotarro.com\/?p=1812#breadcrumb"},"inLanguage":"es","potentialAction":[{"@type":"ReadAction","target":["https:\/\/elcotarro.com\/?p=1812"]}]},{"@type":"BreadcrumbList","@id":"https:\/\/elcotarro.com\/?p=1812#breadcrumb","itemListElement":[{"@type":"ListItem","position":1,"name":"Portada","item":"https:\/\/elcotarro.com\/"},{"@type":"ListItem","position":2,"name":"BRILLARON POR SU AUSENCIA"}]},{"@type":"WebSite","@id":"https:\/\/elcotarro.com\/#website","url":"https:\/\/elcotarro.com\/","name":"El Cotarro","description":"Peri\u00f3dico Digital Independiente dirigido por Jos\u00e9 Carlos Marrero","publisher":{"@id":"https:\/\/elcotarro.com\/#organization"},"potentialAction":[{"@type":"SearchAction","target":{"@type":"EntryPoint","urlTemplate":"https:\/\/elcotarro.com\/?s={search_term_string}"},"query-input":{"@type":"PropertyValueSpecification","valueRequired":true,"valueName":"search_term_string"}}],"inLanguage":"es"},{"@type":"Organization","@id":"https:\/\/elcotarro.com\/#organization","name":"El Cotarro","url":"https:\/\/elcotarro.com\/","logo":{"@type":"ImageObject","inLanguage":"es","@id":"https:\/\/elcotarro.com\/#\/schema\/logo\/image\/","url":"https:\/\/elcotarro.com\/wp-content\/uploads\/2014\/09\/Cabecera_El_Cotarro_v2.jpg","contentUrl":"https:\/\/elcotarro.com\/wp-content\/uploads\/2014\/09\/Cabecera_El_Cotarro_v2.jpg","width":3540,"height":441,"caption":"El Cotarro"},"image":{"@id":"https:\/\/elcotarro.com\/#\/schema\/logo\/image\/"},"sameAs":["https:\/\/www.facebook.com\/ElCotarro.Tenerife"]},{"@type":"Person","@id":"https:\/\/elcotarro.com\/#\/schema\/person\/af537ee7d60d15984c7e0affcd8a918b","name":"Jos\u00e9 Carlos Marrero Gonz\u00e1lez","image":{"@type":"ImageObject","inLanguage":"es","@id":"https:\/\/elcotarro.com\/#\/schema\/person\/image\/","url":"https:\/\/secure.gravatar.com\/avatar\/def4da036efb5d32c74d49c351f6dccc064dd69ad9f3aadc295c5a9a5391ca01?s=96&d=mm&r=g","contentUrl":"https:\/\/secure.gravatar.com\/avatar\/def4da036efb5d32c74d49c351f6dccc064dd69ad9f3aadc295c5a9a5391ca01?s=96&d=mm&r=g","caption":"Jos\u00e9 Carlos Marrero Gonz\u00e1lez"},"sameAs":["https:\/\/elcotarro.com"],"url":"https:\/\/elcotarro.com\/?author=2"}]}},"jetpack_featured_media_url":"","jetpack_sharing_enabled":true,"_links":{"self":[{"href":"https:\/\/elcotarro.com\/index.php?rest_route=\/wp\/v2\/posts\/1812","targetHints":{"allow":["GET"]}}],"collection":[{"href":"https:\/\/elcotarro.com\/index.php?rest_route=\/wp\/v2\/posts"}],"about":[{"href":"https:\/\/elcotarro.com\/index.php?rest_route=\/wp\/v2\/types\/post"}],"author":[{"embeddable":true,"href":"https:\/\/elcotarro.com\/index.php?rest_route=\/wp\/v2\/users\/2"}],"replies":[{"embeddable":true,"href":"https:\/\/elcotarro.com\/index.php?rest_route=%2Fwp%2Fv2%2Fcomments&post=1812"}],"version-history":[{"count":1,"href":"https:\/\/elcotarro.com\/index.php?rest_route=\/wp\/v2\/posts\/1812\/revisions"}],"predecessor-version":[{"id":1814,"href":"https:\/\/elcotarro.com\/index.php?rest_route=\/wp\/v2\/posts\/1812\/revisions\/1814"}],"wp:attachment":[{"href":"https:\/\/elcotarro.com\/index.php?rest_route=%2Fwp%2Fv2%2Fmedia&parent=1812"}],"wp:term":[{"taxonomy":"category","embeddable":true,"href":"https:\/\/elcotarro.com\/index.php?rest_route=%2Fwp%2Fv2%2Fcategories&post=1812"},{"taxonomy":"post_tag","embeddable":true,"href":"https:\/\/elcotarro.com\/index.php?rest_route=%2Fwp%2Fv2%2Ftags&post=1812"}],"curies":[{"name":"wp","href":"https:\/\/api.w.org\/{rel}","templated":true}]}}