{"id":1862,"date":"2015-10-18T11:03:06","date_gmt":"2015-10-18T10:03:06","guid":{"rendered":"https:\/\/elcotarro.com\/?p=1862"},"modified":"2015-10-18T09:25:29","modified_gmt":"2015-10-18T08:25:29","slug":"arte-goloso-para-celebrarlo","status":"publish","type":"post","link":"https:\/\/elcotarro.com\/?p=1862","title":{"rendered":"ARTE GOLOSO PARA CELEBRARLO"},"content":{"rendered":"<p>\u2666 En un \u201cazucarado\u201d acto celebrado en el Real Casino de Santa Cruz de Tenerife, <strong>Teobaldo M\u00e9ndez, Mayte P\u00e9rez<\/strong>, su hija <strong>Ariadna<\/strong> y todo el magn\u00edfico equipo de profesionales de El Aderno presentaron una \u201cdulce antolog\u00eda\u201d de 25 a\u00f1os de buen trabajo, con dos novedades en forma de ediciones limitadas de 1000 cajas de bombones cada una&#8230; Una, la denominada \u201c25 Aniversario\u201d con dise\u00f1o de <strong>Fernando \u00c1lamo,<\/strong> artista tinerfe\u00f1o afincado en Gran Canaria, y otra de la serie \u201cBombones de Autor\u201d, que en esta ocasi\u00f3n responde a la golosa inspiraci\u00f3n del pintor <strong>Carlos Matallana<\/strong>&#8230; En este caso, no falt\u00f3 al acto la alcaldesa de Buenavista, <strong>Eva Mar\u00eda Garc\u00eda Herrera<\/strong> y su concejal de Cultura, Juventud y Econom\u00eda, <strong>David Fernando Baso D\u00edaz,<\/strong> as\u00ed como el vicepresidente del Cabildo de Tenerife, <strong>Efra\u00edn Medina Hern\u00e1ndez<\/strong> y el presidente del Real Casino, el oftalm\u00f3logo <strong>Jos\u00e9 Alberto Mui\u00f1os G\u00f3mez-Camacho<\/strong> quien, por cierto, parece que se est\u00e1 alejando pol\u00edticamente del Partido Popular y se perfila como uno de los puntales de Ciudadanos en Tenerife&#8230; \u00a1Felicidades a El Aderno!<\/p>\n<p>&nbsp;<\/p>\n<p><a href=\"https:\/\/elcotarro.com\/wp-content\/uploads\/2015\/10\/FOTO-5.-Teobaldo-y-Carlos-Matallana.jpg\"><img loading=\"lazy\" decoding=\"async\" class=\"aligncenter size-large wp-image-1863\" src=\"https:\/\/elcotarro.com\/wp-content\/uploads\/2015\/10\/FOTO-5.-Teobaldo-y-Carlos-Matallana-1024x768.jpg\" alt=\"FOTO 5.- Teobaldo y Carlos Matallana\" width=\"1024\" height=\"768\" srcset=\"https:\/\/elcotarro.com\/wp-content\/uploads\/2015\/10\/FOTO-5.-Teobaldo-y-Carlos-Matallana-1024x768.jpg 1024w, https:\/\/elcotarro.com\/wp-content\/uploads\/2015\/10\/FOTO-5.-Teobaldo-y-Carlos-Matallana-300x225.jpg 300w, https:\/\/elcotarro.com\/wp-content\/uploads\/2015\/10\/FOTO-5.-Teobaldo-y-Carlos-Matallana.jpg 1224w\" sizes=\"auto, (max-width: 1024px) 100vw, 1024px\" \/><\/a><\/p>\n<p class=\"comentario\" style=\"text-align: center;\">Teobaldo M\u00e9ndez (i) con los \u201cbombones de autor del artista Carlos Matallana (d)<\/p>\n","protected":false},"excerpt":{"rendered":"<p>\u2666 En un \u201cazucarado\u201d acto celebrado en el Real Casino de Santa Cruz de Tenerife, Teobaldo M\u00e9ndez, Mayte P\u00e9rez, su hija Ariadna y todo el magn\u00edfico equipo de profesionales de El Aderno presentaron una \u201cdulce antolog\u00eda\u201d de 25 a\u00f1os de buen trabajo, con dos novedades en forma de ediciones limitadas de 1000 cajas de bombones &#8230; <a class=\"read-more\" href=\"https:\/\/elcotarro.com\/?p=1862\">Read more<\/a><\/p>\n","protected":false},"author":2,"featured_media":0,"comment_status":"open","ping_status":"open","sticky":false,"template":"","format":"standard","meta":{"_jetpack_memberships_contains_paid_content":false,"footnotes":""},"categories":[62],"tags":[883,885,524,884,882,116,881,880],"class_list":["post-1862","post","type-post","status-publish","format-standard","hentry","category-gastronomia","tag-carlos-matallana","tag-david-fernando-baso-diaz","tag-efrain-medina-hernandez","tag-eva-maria-garcia-herrera","tag-fernando-alamo","tag-jose-alberto-muinos-gomez-camacho","tag-mayte-perez","tag-teobaldo-mendez"],"yoast_head":"<!-- This site is optimized with the Yoast SEO plugin v27.0 - https:\/\/yoast.com\/product\/yoast-seo-wordpress\/ -->\n<title>ARTE GOLOSO PARA CELEBRARLO - El Cotarro<\/title>\n<meta name=\"description\" content=\"En un \u201cazucarado\u201d acto celebrado en el Real Casino de Santa Cruz de Tenerife, Teobaldo M\u00e9ndez, Mayte P\u00e9rez, su hija Ariadna y todo el magn\u00edfico equipo de\" \/>\n<meta name=\"robots\" content=\"index, follow, max-snippet:-1, max-image-preview:large, max-video-preview:-1\" \/>\n<link rel=\"canonical\" href=\"https:\/\/elcotarro.com\/?p=1862\" \/>\n<meta property=\"og:locale\" content=\"es_ES\" \/>\n<meta property=\"og:type\" content=\"article\" \/>\n<meta property=\"og:title\" content=\"ARTE GOLOSO PARA CELEBRARLO - El Cotarro\" \/>\n<meta property=\"og:description\" content=\"En un \u201cazucarado\u201d acto celebrado en el Real Casino de Santa Cruz de Tenerife, Teobaldo M\u00e9ndez, Mayte P\u00e9rez, su hija Ariadna y todo el magn\u00edfico equipo de\" \/>\n<meta property=\"og:url\" content=\"https:\/\/elcotarro.com\/?p=1862\" \/>\n<meta property=\"og:site_name\" content=\"El Cotarro\" \/>\n<meta property=\"article:publisher\" content=\"https:\/\/www.facebook.com\/ElCotarro.Tenerife\" \/>\n<meta property=\"article:published_time\" content=\"2015-10-18T10:03:06+00:00\" \/>\n<meta property=\"og:image\" content=\"https:\/\/elcotarro.com\/wp-content\/uploads\/2015\/10\/FOTO-5.-Teobaldo-y-Carlos-Matallana-1024x768.jpg\" \/>\n<meta name=\"author\" content=\"Jos\u00e9 Carlos Marrero Gonz\u00e1lez\" \/>\n<meta name=\"twitter:label1\" content=\"Escrito por\" \/>\n\t<meta name=\"twitter:data1\" content=\"Jos\u00e9 Carlos Marrero Gonz\u00e1lez\" \/>\n\t<meta name=\"twitter:label2\" content=\"Tiempo de lectura\" \/>\n\t<meta name=\"twitter:data2\" content=\"1 minuto\" \/>\n<script type=\"application\/ld+json\" class=\"yoast-schema-graph\">{\"@context\":\"https:\/\/schema.org\",\"@graph\":[{\"@type\":\"Article\",\"@id\":\"https:\/\/elcotarro.com\/?p=1862#article\",\"isPartOf\":{\"@id\":\"https:\/\/elcotarro.com\/?p=1862\"},\"author\":{\"name\":\"Jos\u00e9 Carlos Marrero Gonz\u00e1lez\",\"@id\":\"https:\/\/elcotarro.com\/#\/schema\/person\/af537ee7d60d15984c7e0affcd8a918b\"},\"headline\":\"ARTE GOLOSO PARA CELEBRARLO\",\"datePublished\":\"2015-10-18T10:03:06+00:00\",\"mainEntityOfPage\":{\"@id\":\"https:\/\/elcotarro.com\/?p=1862\"},\"wordCount\":206,\"commentCount\":0,\"publisher\":{\"@id\":\"https:\/\/elcotarro.com\/#organization\"},\"image\":{\"@id\":\"https:\/\/elcotarro.com\/?p=1862#primaryimage\"},\"thumbnailUrl\":\"https:\/\/elcotarro.com\/wp-content\/uploads\/2015\/10\/FOTO-5.-Teobaldo-y-Carlos-Matallana-1024x768.jpg\",\"keywords\":[\"Carlos Matallana\",\"David Fernando Baso D\u00edaz\",\"Efra\u00edn Medina Hern\u00e1ndez\",\"Eva Mar\u00eda Garc\u00eda Herrera\",\"Fernando \u00c1lamo\",\"Jos\u00e9 Alberto Mui\u00f1os G\u00f3mez-Camacho\",\"Mayte P\u00e9rez\",\"Teobaldo M\u00e9ndez\"],\"articleSection\":[\"Gastronom\u00eda\"],\"inLanguage\":\"es\",\"potentialAction\":[{\"@type\":\"CommentAction\",\"name\":\"Comment\",\"target\":[\"https:\/\/elcotarro.com\/?p=1862#respond\"]}]},{\"@type\":\"WebPage\",\"@id\":\"https:\/\/elcotarro.com\/?p=1862\",\"url\":\"https:\/\/elcotarro.com\/?p=1862\",\"name\":\"ARTE GOLOSO PARA CELEBRARLO - El Cotarro\",\"isPartOf\":{\"@id\":\"https:\/\/elcotarro.com\/#website\"},\"primaryImageOfPage\":{\"@id\":\"https:\/\/elcotarro.com\/?p=1862#primaryimage\"},\"image\":{\"@id\":\"https:\/\/elcotarro.com\/?p=1862#primaryimage\"},\"thumbnailUrl\":\"https:\/\/elcotarro.com\/wp-content\/uploads\/2015\/10\/FOTO-5.-Teobaldo-y-Carlos-Matallana-1024x768.jpg\",\"datePublished\":\"2015-10-18T10:03:06+00:00\",\"description\":\"En un \u201cazucarado\u201d acto celebrado en el Real Casino de Santa Cruz de Tenerife, Teobaldo M\u00e9ndez, Mayte P\u00e9rez, su hija Ariadna y todo el magn\u00edfico equipo de\",\"breadcrumb\":{\"@id\":\"https:\/\/elcotarro.com\/?p=1862#breadcrumb\"},\"inLanguage\":\"es\",\"potentialAction\":[{\"@type\":\"ReadAction\",\"target\":[\"https:\/\/elcotarro.com\/?p=1862\"]}]},{\"@type\":\"ImageObject\",\"inLanguage\":\"es\",\"@id\":\"https:\/\/elcotarro.com\/?p=1862#primaryimage\",\"url\":\"https:\/\/elcotarro.com\/wp-content\/uploads\/2015\/10\/FOTO-5.-Teobaldo-y-Carlos-Matallana.jpg\",\"contentUrl\":\"https:\/\/elcotarro.com\/wp-content\/uploads\/2015\/10\/FOTO-5.-Teobaldo-y-Carlos-Matallana.jpg\",\"width\":1224,\"height\":918},{\"@type\":\"BreadcrumbList\",\"@id\":\"https:\/\/elcotarro.com\/?p=1862#breadcrumb\",\"itemListElement\":[{\"@type\":\"ListItem\",\"position\":1,\"name\":\"Portada\",\"item\":\"https:\/\/elcotarro.com\/\"},{\"@type\":\"ListItem\",\"position\":2,\"name\":\"ARTE GOLOSO PARA CELEBRARLO\"}]},{\"@type\":\"WebSite\",\"@id\":\"https:\/\/elcotarro.com\/#website\",\"url\":\"https:\/\/elcotarro.com\/\",\"name\":\"El Cotarro\",\"description\":\"Peri\u00f3dico Digital Independiente dirigido por Jos\u00e9 Carlos Marrero\",\"publisher\":{\"@id\":\"https:\/\/elcotarro.com\/#organization\"},\"potentialAction\":[{\"@type\":\"SearchAction\",\"target\":{\"@type\":\"EntryPoint\",\"urlTemplate\":\"https:\/\/elcotarro.com\/?s={search_term_string}\"},\"query-input\":{\"@type\":\"PropertyValueSpecification\",\"valueRequired\":true,\"valueName\":\"search_term_string\"}}],\"inLanguage\":\"es\"},{\"@type\":\"Organization\",\"@id\":\"https:\/\/elcotarro.com\/#organization\",\"name\":\"El Cotarro\",\"url\":\"https:\/\/elcotarro.com\/\",\"logo\":{\"@type\":\"ImageObject\",\"inLanguage\":\"es\",\"@id\":\"https:\/\/elcotarro.com\/#\/schema\/logo\/image\/\",\"url\":\"https:\/\/elcotarro.com\/wp-content\/uploads\/2014\/09\/Cabecera_El_Cotarro_v2.jpg\",\"contentUrl\":\"https:\/\/elcotarro.com\/wp-content\/uploads\/2014\/09\/Cabecera_El_Cotarro_v2.jpg\",\"width\":3540,\"height\":441,\"caption\":\"El Cotarro\"},\"image\":{\"@id\":\"https:\/\/elcotarro.com\/#\/schema\/logo\/image\/\"},\"sameAs\":[\"https:\/\/www.facebook.com\/ElCotarro.Tenerife\"]},{\"@type\":\"Person\",\"@id\":\"https:\/\/elcotarro.com\/#\/schema\/person\/af537ee7d60d15984c7e0affcd8a918b\",\"name\":\"Jos\u00e9 Carlos Marrero Gonz\u00e1lez\",\"image\":{\"@type\":\"ImageObject\",\"inLanguage\":\"es\",\"@id\":\"https:\/\/elcotarro.com\/#\/schema\/person\/image\/\",\"url\":\"https:\/\/secure.gravatar.com\/avatar\/def4da036efb5d32c74d49c351f6dccc064dd69ad9f3aadc295c5a9a5391ca01?s=96&d=mm&r=g\",\"contentUrl\":\"https:\/\/secure.gravatar.com\/avatar\/def4da036efb5d32c74d49c351f6dccc064dd69ad9f3aadc295c5a9a5391ca01?s=96&d=mm&r=g\",\"caption\":\"Jos\u00e9 Carlos Marrero Gonz\u00e1lez\"},\"sameAs\":[\"https:\/\/elcotarro.com\"],\"url\":\"https:\/\/elcotarro.com\/?author=2\"}]}<\/script>\n<!-- \/ Yoast SEO plugin. -->","yoast_head_json":{"title":"ARTE GOLOSO PARA CELEBRARLO - El Cotarro","description":"En un \u201cazucarado\u201d acto celebrado en el Real Casino de Santa Cruz de Tenerife, Teobaldo M\u00e9ndez, Mayte P\u00e9rez, su hija Ariadna y todo el magn\u00edfico equipo de","robots":{"index":"index","follow":"follow","max-snippet":"max-snippet:-1","max-image-preview":"max-image-preview:large","max-video-preview":"max-video-preview:-1"},"canonical":"https:\/\/elcotarro.com\/?p=1862","og_locale":"es_ES","og_type":"article","og_title":"ARTE GOLOSO PARA CELEBRARLO - El Cotarro","og_description":"En un \u201cazucarado\u201d acto celebrado en el Real Casino de Santa Cruz de Tenerife, Teobaldo M\u00e9ndez, Mayte P\u00e9rez, su hija Ariadna y todo el magn\u00edfico equipo de","og_url":"https:\/\/elcotarro.com\/?p=1862","og_site_name":"El Cotarro","article_publisher":"https:\/\/www.facebook.com\/ElCotarro.Tenerife","article_published_time":"2015-10-18T10:03:06+00:00","og_image":[{"url":"https:\/\/elcotarro.com\/wp-content\/uploads\/2015\/10\/FOTO-5.-Teobaldo-y-Carlos-Matallana-1024x768.jpg","type":"","width":"","height":""}],"author":"Jos\u00e9 Carlos Marrero Gonz\u00e1lez","twitter_misc":{"Escrito por":"Jos\u00e9 Carlos Marrero Gonz\u00e1lez","Tiempo de lectura":"1 minuto"},"schema":{"@context":"https:\/\/schema.org","@graph":[{"@type":"Article","@id":"https:\/\/elcotarro.com\/?p=1862#article","isPartOf":{"@id":"https:\/\/elcotarro.com\/?p=1862"},"author":{"name":"Jos\u00e9 Carlos Marrero Gonz\u00e1lez","@id":"https:\/\/elcotarro.com\/#\/schema\/person\/af537ee7d60d15984c7e0affcd8a918b"},"headline":"ARTE GOLOSO PARA CELEBRARLO","datePublished":"2015-10-18T10:03:06+00:00","mainEntityOfPage":{"@id":"https:\/\/elcotarro.com\/?p=1862"},"wordCount":206,"commentCount":0,"publisher":{"@id":"https:\/\/elcotarro.com\/#organization"},"image":{"@id":"https:\/\/elcotarro.com\/?p=1862#primaryimage"},"thumbnailUrl":"https:\/\/elcotarro.com\/wp-content\/uploads\/2015\/10\/FOTO-5.-Teobaldo-y-Carlos-Matallana-1024x768.jpg","keywords":["Carlos Matallana","David Fernando Baso D\u00edaz","Efra\u00edn Medina Hern\u00e1ndez","Eva Mar\u00eda Garc\u00eda Herrera","Fernando \u00c1lamo","Jos\u00e9 Alberto Mui\u00f1os G\u00f3mez-Camacho","Mayte P\u00e9rez","Teobaldo M\u00e9ndez"],"articleSection":["Gastronom\u00eda"],"inLanguage":"es","potentialAction":[{"@type":"CommentAction","name":"Comment","target":["https:\/\/elcotarro.com\/?p=1862#respond"]}]},{"@type":"WebPage","@id":"https:\/\/elcotarro.com\/?p=1862","url":"https:\/\/elcotarro.com\/?p=1862","name":"ARTE GOLOSO PARA CELEBRARLO - El Cotarro","isPartOf":{"@id":"https:\/\/elcotarro.com\/#website"},"primaryImageOfPage":{"@id":"https:\/\/elcotarro.com\/?p=1862#primaryimage"},"image":{"@id":"https:\/\/elcotarro.com\/?p=1862#primaryimage"},"thumbnailUrl":"https:\/\/elcotarro.com\/wp-content\/uploads\/2015\/10\/FOTO-5.-Teobaldo-y-Carlos-Matallana-1024x768.jpg","datePublished":"2015-10-18T10:03:06+00:00","description":"En un \u201cazucarado\u201d acto celebrado en el Real Casino de Santa Cruz de Tenerife, Teobaldo M\u00e9ndez, Mayte P\u00e9rez, su hija Ariadna y todo el magn\u00edfico equipo de","breadcrumb":{"@id":"https:\/\/elcotarro.com\/?p=1862#breadcrumb"},"inLanguage":"es","potentialAction":[{"@type":"ReadAction","target":["https:\/\/elcotarro.com\/?p=1862"]}]},{"@type":"ImageObject","inLanguage":"es","@id":"https:\/\/elcotarro.com\/?p=1862#primaryimage","url":"https:\/\/elcotarro.com\/wp-content\/uploads\/2015\/10\/FOTO-5.-Teobaldo-y-Carlos-Matallana.jpg","contentUrl":"https:\/\/elcotarro.com\/wp-content\/uploads\/2015\/10\/FOTO-5.-Teobaldo-y-Carlos-Matallana.jpg","width":1224,"height":918},{"@type":"BreadcrumbList","@id":"https:\/\/elcotarro.com\/?p=1862#breadcrumb","itemListElement":[{"@type":"ListItem","position":1,"name":"Portada","item":"https:\/\/elcotarro.com\/"},{"@type":"ListItem","position":2,"name":"ARTE GOLOSO PARA CELEBRARLO"}]},{"@type":"WebSite","@id":"https:\/\/elcotarro.com\/#website","url":"https:\/\/elcotarro.com\/","name":"El Cotarro","description":"Peri\u00f3dico Digital Independiente dirigido por Jos\u00e9 Carlos Marrero","publisher":{"@id":"https:\/\/elcotarro.com\/#organization"},"potentialAction":[{"@type":"SearchAction","target":{"@type":"EntryPoint","urlTemplate":"https:\/\/elcotarro.com\/?s={search_term_string}"},"query-input":{"@type":"PropertyValueSpecification","valueRequired":true,"valueName":"search_term_string"}}],"inLanguage":"es"},{"@type":"Organization","@id":"https:\/\/elcotarro.com\/#organization","name":"El Cotarro","url":"https:\/\/elcotarro.com\/","logo":{"@type":"ImageObject","inLanguage":"es","@id":"https:\/\/elcotarro.com\/#\/schema\/logo\/image\/","url":"https:\/\/elcotarro.com\/wp-content\/uploads\/2014\/09\/Cabecera_El_Cotarro_v2.jpg","contentUrl":"https:\/\/elcotarro.com\/wp-content\/uploads\/2014\/09\/Cabecera_El_Cotarro_v2.jpg","width":3540,"height":441,"caption":"El Cotarro"},"image":{"@id":"https:\/\/elcotarro.com\/#\/schema\/logo\/image\/"},"sameAs":["https:\/\/www.facebook.com\/ElCotarro.Tenerife"]},{"@type":"Person","@id":"https:\/\/elcotarro.com\/#\/schema\/person\/af537ee7d60d15984c7e0affcd8a918b","name":"Jos\u00e9 Carlos Marrero Gonz\u00e1lez","image":{"@type":"ImageObject","inLanguage":"es","@id":"https:\/\/elcotarro.com\/#\/schema\/person\/image\/","url":"https:\/\/secure.gravatar.com\/avatar\/def4da036efb5d32c74d49c351f6dccc064dd69ad9f3aadc295c5a9a5391ca01?s=96&d=mm&r=g","contentUrl":"https:\/\/secure.gravatar.com\/avatar\/def4da036efb5d32c74d49c351f6dccc064dd69ad9f3aadc295c5a9a5391ca01?s=96&d=mm&r=g","caption":"Jos\u00e9 Carlos Marrero Gonz\u00e1lez"},"sameAs":["https:\/\/elcotarro.com"],"url":"https:\/\/elcotarro.com\/?author=2"}]}},"jetpack_featured_media_url":"","jetpack_sharing_enabled":true,"_links":{"self":[{"href":"https:\/\/elcotarro.com\/index.php?rest_route=\/wp\/v2\/posts\/1862","targetHints":{"allow":["GET"]}}],"collection":[{"href":"https:\/\/elcotarro.com\/index.php?rest_route=\/wp\/v2\/posts"}],"about":[{"href":"https:\/\/elcotarro.com\/index.php?rest_route=\/wp\/v2\/types\/post"}],"author":[{"embeddable":true,"href":"https:\/\/elcotarro.com\/index.php?rest_route=\/wp\/v2\/users\/2"}],"replies":[{"embeddable":true,"href":"https:\/\/elcotarro.com\/index.php?rest_route=%2Fwp%2Fv2%2Fcomments&post=1862"}],"version-history":[{"count":1,"href":"https:\/\/elcotarro.com\/index.php?rest_route=\/wp\/v2\/posts\/1862\/revisions"}],"predecessor-version":[{"id":1864,"href":"https:\/\/elcotarro.com\/index.php?rest_route=\/wp\/v2\/posts\/1862\/revisions\/1864"}],"wp:attachment":[{"href":"https:\/\/elcotarro.com\/index.php?rest_route=%2Fwp%2Fv2%2Fmedia&parent=1862"}],"wp:term":[{"taxonomy":"category","embeddable":true,"href":"https:\/\/elcotarro.com\/index.php?rest_route=%2Fwp%2Fv2%2Fcategories&post=1862"},{"taxonomy":"post_tag","embeddable":true,"href":"https:\/\/elcotarro.com\/index.php?rest_route=%2Fwp%2Fv2%2Ftags&post=1862"}],"curies":[{"name":"wp","href":"https:\/\/api.w.org\/{rel}","templated":true}]}}