{"id":1871,"date":"2015-10-18T11:06:56","date_gmt":"2015-10-18T10:06:56","guid":{"rendered":"https:\/\/elcotarro.com\/?p=1871"},"modified":"2015-10-18T09:34:18","modified_gmt":"2015-10-18T08:34:18","slug":"y-mira-que-avisamos","status":"publish","type":"post","link":"https:\/\/elcotarro.com\/?p=1871","title":{"rendered":"Y MIRA QUE AVISAMOS"},"content":{"rendered":"<p>\u2666 Ese mismo domingo inform\u00e9 de que, siete d\u00edas m\u00e1s tarde, se cerrar\u00eda la temporada de Arrastre con la final de los j\u00f3venes guayeritos y guayeritas, en el terrero <strong>Jacinto B\u00e1ez<\/strong> de Valle Tabares&#8230; Y avis\u00e9 de que, en medio de dicha final de la cantera del Arrastre (que no es otra cosa que la cantera del Sector Primario de Tenerife y Canarias) la juventud iba a tributar un merecido homenaje al mism\u00edsimo <strong>Pedro Molina Ramos<\/strong>, que va remontando el c\u00e1ncer que padece dando todo un ejemplo de superaci\u00f3n, fuerza de voluntad y trabajo en pro del sector&#8230; Lo que pas\u00f3 fue m\u00e1s de lo mismo pero multiplicado&#8230; Vinieron representantes de Gran Canaria y de La Palma y hasta desde el Pa\u00eds Vasco mandaron un precioso regalo para <strong>Pedro Molina<\/strong>&#8230; Fue un emotivo homenaje donde, de nuevo, solo estuvieron presentes representantes de Coalici\u00f3n Canaria&#8230; Solo de Coalici\u00f3n.<\/p>\n<p><a href=\"https:\/\/elcotarro.com\/wp-content\/uploads\/2015\/10\/FOTO-2.-Pedro-Molina-homenajeado.jpg\"><img loading=\"lazy\" decoding=\"async\" class=\"size-large wp-image-1872 aligncenter\" src=\"https:\/\/elcotarro.com\/wp-content\/uploads\/2015\/10\/FOTO-2.-Pedro-Molina-homenajeado-1024x507.jpg\" alt=\"SONY DSC\" width=\"1024\" height=\"507\" srcset=\"https:\/\/elcotarro.com\/wp-content\/uploads\/2015\/10\/FOTO-2.-Pedro-Molina-homenajeado-1024x507.jpg 1024w, https:\/\/elcotarro.com\/wp-content\/uploads\/2015\/10\/FOTO-2.-Pedro-Molina-homenajeado-300x149.jpg 300w, https:\/\/elcotarro.com\/wp-content\/uploads\/2015\/10\/FOTO-2.-Pedro-Molina-homenajeado.jpg 1725w\" sizes=\"auto, (max-width: 1024px) 100vw, 1024px\" \/><\/a><\/p>\n<p class=\"comentario\" style=\"text-align: center;\">El terrero Jacinto B\u00e1ez de Valle Tabares se llen\u00f3 para homenajear a Pedro Molina (detr\u00e1s en el centro) en la foto de familia con las autoridades, representantes vecinales y toda la gran y joven cantera del Arrastre Canario<\/p>\n","protected":false},"excerpt":{"rendered":"<p>\u2666 Ese mismo domingo inform\u00e9 de que, siete d\u00edas m\u00e1s tarde, se cerrar\u00eda la temporada de Arrastre con la final de los j\u00f3venes guayeritos y guayeritas, en el terrero Jacinto B\u00e1ez de Valle Tabares&#8230; Y avis\u00e9 de que, en medio de dicha final de la cantera del Arrastre (que no es otra cosa que la &#8230; <a class=\"read-more\" href=\"https:\/\/elcotarro.com\/?p=1871\">Read more<\/a><\/p>\n","protected":false},"author":2,"featured_media":0,"comment_status":"open","ping_status":"open","sticky":false,"template":"","format":"standard","meta":{"_jetpack_memberships_contains_paid_content":false,"footnotes":""},"categories":[54],"tags":[887,467],"class_list":["post-1871","post","type-post","status-publish","format-standard","hentry","category-personajes","tag-jacinto-baez","tag-pedro-molina-ramos"],"yoast_head":"<!-- This site is optimized with the Yoast SEO plugin v27.0 - https:\/\/yoast.com\/product\/yoast-seo-wordpress\/ -->\n<title>Y MIRA QUE AVISAMOS - El Cotarro<\/title>\n<meta name=\"description\" content=\"Ese mismo domingo inform\u00e9 de que, siete d\u00edas m\u00e1s tarde, se cerrar\u00eda la temporada de Arrastre con la final de los j\u00f3venes guayeritos y guayeritas, en el te\" \/>\n<meta name=\"robots\" content=\"index, follow, max-snippet:-1, max-image-preview:large, max-video-preview:-1\" \/>\n<link rel=\"canonical\" href=\"https:\/\/elcotarro.com\/?p=1871\" \/>\n<meta property=\"og:locale\" content=\"es_ES\" \/>\n<meta property=\"og:type\" content=\"article\" \/>\n<meta property=\"og:title\" content=\"Y MIRA QUE AVISAMOS - El Cotarro\" \/>\n<meta property=\"og:description\" content=\"Ese mismo domingo inform\u00e9 de que, siete d\u00edas m\u00e1s tarde, se cerrar\u00eda la temporada de Arrastre con la final de los j\u00f3venes guayeritos y guayeritas, en el te\" \/>\n<meta property=\"og:url\" content=\"https:\/\/elcotarro.com\/?p=1871\" \/>\n<meta property=\"og:site_name\" content=\"El Cotarro\" \/>\n<meta property=\"article:publisher\" content=\"https:\/\/www.facebook.com\/ElCotarro.Tenerife\" \/>\n<meta property=\"article:published_time\" content=\"2015-10-18T10:06:56+00:00\" \/>\n<meta property=\"og:image\" content=\"https:\/\/elcotarro.com\/wp-content\/uploads\/2015\/10\/FOTO-2.-Pedro-Molina-homenajeado-1024x507.jpg\" \/>\n<meta name=\"author\" content=\"Jos\u00e9 Carlos Marrero Gonz\u00e1lez\" \/>\n<meta name=\"twitter:label1\" content=\"Escrito por\" \/>\n\t<meta name=\"twitter:data1\" content=\"Jos\u00e9 Carlos Marrero Gonz\u00e1lez\" \/>\n\t<meta name=\"twitter:label2\" content=\"Tiempo de lectura\" \/>\n\t<meta name=\"twitter:data2\" content=\"1 minuto\" \/>\n<script type=\"application\/ld+json\" class=\"yoast-schema-graph\">{\"@context\":\"https:\/\/schema.org\",\"@graph\":[{\"@type\":\"Article\",\"@id\":\"https:\/\/elcotarro.com\/?p=1871#article\",\"isPartOf\":{\"@id\":\"https:\/\/elcotarro.com\/?p=1871\"},\"author\":{\"name\":\"Jos\u00e9 Carlos Marrero Gonz\u00e1lez\",\"@id\":\"https:\/\/elcotarro.com\/#\/schema\/person\/af537ee7d60d15984c7e0affcd8a918b\"},\"headline\":\"Y MIRA QUE AVISAMOS\",\"datePublished\":\"2015-10-18T10:06:56+00:00\",\"mainEntityOfPage\":{\"@id\":\"https:\/\/elcotarro.com\/?p=1871\"},\"wordCount\":202,\"commentCount\":0,\"publisher\":{\"@id\":\"https:\/\/elcotarro.com\/#organization\"},\"image\":{\"@id\":\"https:\/\/elcotarro.com\/?p=1871#primaryimage\"},\"thumbnailUrl\":\"https:\/\/elcotarro.com\/wp-content\/uploads\/2015\/10\/FOTO-2.-Pedro-Molina-homenajeado-1024x507.jpg\",\"keywords\":[\"Jacinto B\u00e1ez\",\"Pedro Molina Ramos\"],\"articleSection\":[\"Personajes\"],\"inLanguage\":\"es\",\"potentialAction\":[{\"@type\":\"CommentAction\",\"name\":\"Comment\",\"target\":[\"https:\/\/elcotarro.com\/?p=1871#respond\"]}]},{\"@type\":\"WebPage\",\"@id\":\"https:\/\/elcotarro.com\/?p=1871\",\"url\":\"https:\/\/elcotarro.com\/?p=1871\",\"name\":\"Y MIRA QUE AVISAMOS - El Cotarro\",\"isPartOf\":{\"@id\":\"https:\/\/elcotarro.com\/#website\"},\"primaryImageOfPage\":{\"@id\":\"https:\/\/elcotarro.com\/?p=1871#primaryimage\"},\"image\":{\"@id\":\"https:\/\/elcotarro.com\/?p=1871#primaryimage\"},\"thumbnailUrl\":\"https:\/\/elcotarro.com\/wp-content\/uploads\/2015\/10\/FOTO-2.-Pedro-Molina-homenajeado-1024x507.jpg\",\"datePublished\":\"2015-10-18T10:06:56+00:00\",\"description\":\"Ese mismo domingo inform\u00e9 de que, siete d\u00edas m\u00e1s tarde, se cerrar\u00eda la temporada de Arrastre con la final de los j\u00f3venes guayeritos y guayeritas, en el te\",\"breadcrumb\":{\"@id\":\"https:\/\/elcotarro.com\/?p=1871#breadcrumb\"},\"inLanguage\":\"es\",\"potentialAction\":[{\"@type\":\"ReadAction\",\"target\":[\"https:\/\/elcotarro.com\/?p=1871\"]}]},{\"@type\":\"ImageObject\",\"inLanguage\":\"es\",\"@id\":\"https:\/\/elcotarro.com\/?p=1871#primaryimage\",\"url\":\"https:\/\/elcotarro.com\/wp-content\/uploads\/2015\/10\/FOTO-2.-Pedro-Molina-homenajeado.jpg\",\"contentUrl\":\"https:\/\/elcotarro.com\/wp-content\/uploads\/2015\/10\/FOTO-2.-Pedro-Molina-homenajeado.jpg\",\"width\":1725,\"height\":854,\"caption\":\"SONY DSC\"},{\"@type\":\"BreadcrumbList\",\"@id\":\"https:\/\/elcotarro.com\/?p=1871#breadcrumb\",\"itemListElement\":[{\"@type\":\"ListItem\",\"position\":1,\"name\":\"Portada\",\"item\":\"https:\/\/elcotarro.com\/\"},{\"@type\":\"ListItem\",\"position\":2,\"name\":\"Y MIRA QUE AVISAMOS\"}]},{\"@type\":\"WebSite\",\"@id\":\"https:\/\/elcotarro.com\/#website\",\"url\":\"https:\/\/elcotarro.com\/\",\"name\":\"El Cotarro\",\"description\":\"Peri\u00f3dico Digital Independiente dirigido por Jos\u00e9 Carlos Marrero\",\"publisher\":{\"@id\":\"https:\/\/elcotarro.com\/#organization\"},\"potentialAction\":[{\"@type\":\"SearchAction\",\"target\":{\"@type\":\"EntryPoint\",\"urlTemplate\":\"https:\/\/elcotarro.com\/?s={search_term_string}\"},\"query-input\":{\"@type\":\"PropertyValueSpecification\",\"valueRequired\":true,\"valueName\":\"search_term_string\"}}],\"inLanguage\":\"es\"},{\"@type\":\"Organization\",\"@id\":\"https:\/\/elcotarro.com\/#organization\",\"name\":\"El Cotarro\",\"url\":\"https:\/\/elcotarro.com\/\",\"logo\":{\"@type\":\"ImageObject\",\"inLanguage\":\"es\",\"@id\":\"https:\/\/elcotarro.com\/#\/schema\/logo\/image\/\",\"url\":\"https:\/\/elcotarro.com\/wp-content\/uploads\/2014\/09\/Cabecera_El_Cotarro_v2.jpg\",\"contentUrl\":\"https:\/\/elcotarro.com\/wp-content\/uploads\/2014\/09\/Cabecera_El_Cotarro_v2.jpg\",\"width\":3540,\"height\":441,\"caption\":\"El Cotarro\"},\"image\":{\"@id\":\"https:\/\/elcotarro.com\/#\/schema\/logo\/image\/\"},\"sameAs\":[\"https:\/\/www.facebook.com\/ElCotarro.Tenerife\"]},{\"@type\":\"Person\",\"@id\":\"https:\/\/elcotarro.com\/#\/schema\/person\/af537ee7d60d15984c7e0affcd8a918b\",\"name\":\"Jos\u00e9 Carlos Marrero Gonz\u00e1lez\",\"image\":{\"@type\":\"ImageObject\",\"inLanguage\":\"es\",\"@id\":\"https:\/\/elcotarro.com\/#\/schema\/person\/image\/\",\"url\":\"https:\/\/secure.gravatar.com\/avatar\/def4da036efb5d32c74d49c351f6dccc064dd69ad9f3aadc295c5a9a5391ca01?s=96&d=mm&r=g\",\"contentUrl\":\"https:\/\/secure.gravatar.com\/avatar\/def4da036efb5d32c74d49c351f6dccc064dd69ad9f3aadc295c5a9a5391ca01?s=96&d=mm&r=g\",\"caption\":\"Jos\u00e9 Carlos Marrero Gonz\u00e1lez\"},\"sameAs\":[\"https:\/\/elcotarro.com\"],\"url\":\"https:\/\/elcotarro.com\/?author=2\"}]}<\/script>\n<!-- \/ Yoast SEO plugin. -->","yoast_head_json":{"title":"Y MIRA QUE AVISAMOS - El Cotarro","description":"Ese mismo domingo inform\u00e9 de que, siete d\u00edas m\u00e1s tarde, se cerrar\u00eda la temporada de Arrastre con la final de los j\u00f3venes guayeritos y guayeritas, en el te","robots":{"index":"index","follow":"follow","max-snippet":"max-snippet:-1","max-image-preview":"max-image-preview:large","max-video-preview":"max-video-preview:-1"},"canonical":"https:\/\/elcotarro.com\/?p=1871","og_locale":"es_ES","og_type":"article","og_title":"Y MIRA QUE AVISAMOS - El Cotarro","og_description":"Ese mismo domingo inform\u00e9 de que, siete d\u00edas m\u00e1s tarde, se cerrar\u00eda la temporada de Arrastre con la final de los j\u00f3venes guayeritos y guayeritas, en el te","og_url":"https:\/\/elcotarro.com\/?p=1871","og_site_name":"El Cotarro","article_publisher":"https:\/\/www.facebook.com\/ElCotarro.Tenerife","article_published_time":"2015-10-18T10:06:56+00:00","og_image":[{"url":"https:\/\/elcotarro.com\/wp-content\/uploads\/2015\/10\/FOTO-2.-Pedro-Molina-homenajeado-1024x507.jpg","type":"","width":"","height":""}],"author":"Jos\u00e9 Carlos Marrero Gonz\u00e1lez","twitter_misc":{"Escrito por":"Jos\u00e9 Carlos Marrero Gonz\u00e1lez","Tiempo de lectura":"1 minuto"},"schema":{"@context":"https:\/\/schema.org","@graph":[{"@type":"Article","@id":"https:\/\/elcotarro.com\/?p=1871#article","isPartOf":{"@id":"https:\/\/elcotarro.com\/?p=1871"},"author":{"name":"Jos\u00e9 Carlos Marrero Gonz\u00e1lez","@id":"https:\/\/elcotarro.com\/#\/schema\/person\/af537ee7d60d15984c7e0affcd8a918b"},"headline":"Y MIRA QUE AVISAMOS","datePublished":"2015-10-18T10:06:56+00:00","mainEntityOfPage":{"@id":"https:\/\/elcotarro.com\/?p=1871"},"wordCount":202,"commentCount":0,"publisher":{"@id":"https:\/\/elcotarro.com\/#organization"},"image":{"@id":"https:\/\/elcotarro.com\/?p=1871#primaryimage"},"thumbnailUrl":"https:\/\/elcotarro.com\/wp-content\/uploads\/2015\/10\/FOTO-2.-Pedro-Molina-homenajeado-1024x507.jpg","keywords":["Jacinto B\u00e1ez","Pedro Molina Ramos"],"articleSection":["Personajes"],"inLanguage":"es","potentialAction":[{"@type":"CommentAction","name":"Comment","target":["https:\/\/elcotarro.com\/?p=1871#respond"]}]},{"@type":"WebPage","@id":"https:\/\/elcotarro.com\/?p=1871","url":"https:\/\/elcotarro.com\/?p=1871","name":"Y MIRA QUE AVISAMOS - El Cotarro","isPartOf":{"@id":"https:\/\/elcotarro.com\/#website"},"primaryImageOfPage":{"@id":"https:\/\/elcotarro.com\/?p=1871#primaryimage"},"image":{"@id":"https:\/\/elcotarro.com\/?p=1871#primaryimage"},"thumbnailUrl":"https:\/\/elcotarro.com\/wp-content\/uploads\/2015\/10\/FOTO-2.-Pedro-Molina-homenajeado-1024x507.jpg","datePublished":"2015-10-18T10:06:56+00:00","description":"Ese mismo domingo inform\u00e9 de que, siete d\u00edas m\u00e1s tarde, se cerrar\u00eda la temporada de Arrastre con la final de los j\u00f3venes guayeritos y guayeritas, en el te","breadcrumb":{"@id":"https:\/\/elcotarro.com\/?p=1871#breadcrumb"},"inLanguage":"es","potentialAction":[{"@type":"ReadAction","target":["https:\/\/elcotarro.com\/?p=1871"]}]},{"@type":"ImageObject","inLanguage":"es","@id":"https:\/\/elcotarro.com\/?p=1871#primaryimage","url":"https:\/\/elcotarro.com\/wp-content\/uploads\/2015\/10\/FOTO-2.-Pedro-Molina-homenajeado.jpg","contentUrl":"https:\/\/elcotarro.com\/wp-content\/uploads\/2015\/10\/FOTO-2.-Pedro-Molina-homenajeado.jpg","width":1725,"height":854,"caption":"SONY DSC"},{"@type":"BreadcrumbList","@id":"https:\/\/elcotarro.com\/?p=1871#breadcrumb","itemListElement":[{"@type":"ListItem","position":1,"name":"Portada","item":"https:\/\/elcotarro.com\/"},{"@type":"ListItem","position":2,"name":"Y MIRA QUE AVISAMOS"}]},{"@type":"WebSite","@id":"https:\/\/elcotarro.com\/#website","url":"https:\/\/elcotarro.com\/","name":"El Cotarro","description":"Peri\u00f3dico Digital Independiente dirigido por Jos\u00e9 Carlos Marrero","publisher":{"@id":"https:\/\/elcotarro.com\/#organization"},"potentialAction":[{"@type":"SearchAction","target":{"@type":"EntryPoint","urlTemplate":"https:\/\/elcotarro.com\/?s={search_term_string}"},"query-input":{"@type":"PropertyValueSpecification","valueRequired":true,"valueName":"search_term_string"}}],"inLanguage":"es"},{"@type":"Organization","@id":"https:\/\/elcotarro.com\/#organization","name":"El Cotarro","url":"https:\/\/elcotarro.com\/","logo":{"@type":"ImageObject","inLanguage":"es","@id":"https:\/\/elcotarro.com\/#\/schema\/logo\/image\/","url":"https:\/\/elcotarro.com\/wp-content\/uploads\/2014\/09\/Cabecera_El_Cotarro_v2.jpg","contentUrl":"https:\/\/elcotarro.com\/wp-content\/uploads\/2014\/09\/Cabecera_El_Cotarro_v2.jpg","width":3540,"height":441,"caption":"El Cotarro"},"image":{"@id":"https:\/\/elcotarro.com\/#\/schema\/logo\/image\/"},"sameAs":["https:\/\/www.facebook.com\/ElCotarro.Tenerife"]},{"@type":"Person","@id":"https:\/\/elcotarro.com\/#\/schema\/person\/af537ee7d60d15984c7e0affcd8a918b","name":"Jos\u00e9 Carlos Marrero Gonz\u00e1lez","image":{"@type":"ImageObject","inLanguage":"es","@id":"https:\/\/elcotarro.com\/#\/schema\/person\/image\/","url":"https:\/\/secure.gravatar.com\/avatar\/def4da036efb5d32c74d49c351f6dccc064dd69ad9f3aadc295c5a9a5391ca01?s=96&d=mm&r=g","contentUrl":"https:\/\/secure.gravatar.com\/avatar\/def4da036efb5d32c74d49c351f6dccc064dd69ad9f3aadc295c5a9a5391ca01?s=96&d=mm&r=g","caption":"Jos\u00e9 Carlos Marrero Gonz\u00e1lez"},"sameAs":["https:\/\/elcotarro.com"],"url":"https:\/\/elcotarro.com\/?author=2"}]}},"jetpack_featured_media_url":"","jetpack_sharing_enabled":true,"_links":{"self":[{"href":"https:\/\/elcotarro.com\/index.php?rest_route=\/wp\/v2\/posts\/1871","targetHints":{"allow":["GET"]}}],"collection":[{"href":"https:\/\/elcotarro.com\/index.php?rest_route=\/wp\/v2\/posts"}],"about":[{"href":"https:\/\/elcotarro.com\/index.php?rest_route=\/wp\/v2\/types\/post"}],"author":[{"embeddable":true,"href":"https:\/\/elcotarro.com\/index.php?rest_route=\/wp\/v2\/users\/2"}],"replies":[{"embeddable":true,"href":"https:\/\/elcotarro.com\/index.php?rest_route=%2Fwp%2Fv2%2Fcomments&post=1871"}],"version-history":[{"count":1,"href":"https:\/\/elcotarro.com\/index.php?rest_route=\/wp\/v2\/posts\/1871\/revisions"}],"predecessor-version":[{"id":1873,"href":"https:\/\/elcotarro.com\/index.php?rest_route=\/wp\/v2\/posts\/1871\/revisions\/1873"}],"wp:attachment":[{"href":"https:\/\/elcotarro.com\/index.php?rest_route=%2Fwp%2Fv2%2Fmedia&parent=1871"}],"wp:term":[{"taxonomy":"category","embeddable":true,"href":"https:\/\/elcotarro.com\/index.php?rest_route=%2Fwp%2Fv2%2Fcategories&post=1871"},{"taxonomy":"post_tag","embeddable":true,"href":"https:\/\/elcotarro.com\/index.php?rest_route=%2Fwp%2Fv2%2Ftags&post=1871"}],"curies":[{"name":"wp","href":"https:\/\/api.w.org\/{rel}","templated":true}]}}