{"id":1882,"date":"2015-10-25T11:02:44","date_gmt":"2015-10-25T11:02:44","guid":{"rendered":"https:\/\/elcotarro.com\/?p=1882"},"modified":"2015-10-25T09:36:07","modified_gmt":"2015-10-25T09:36:07","slug":"el-kilometro-solidario","status":"publish","type":"post","link":"https:\/\/elcotarro.com\/?p=1882","title":{"rendered":"EL \u201cKIL\u00d3METRO SOLIDARIO\u201d"},"content":{"rendered":"<p>\u2666 Con iniciativas como esta cena solidaria y otros eventos ben\u00e9ficos, <strong>Juan Julio Fern\u00e1ndez<\/strong>, su gran equipo de voluntarios y ya casi 4.500 socios de la AECC en nuestra provincia, han conseguido hacer realidad el proyecto \u201cKil\u00f3metro Solidario\u201d que ya cuenta con un microb\u00fas propio (comprado con casi 87.000 euros donados) para trasladar a pacientes de c\u00e1ncer (del sur y norte de Tenerife) a las duras sesiones de quimioterapia y radioterapia en los dos grandes hospitales de referencia tinerfe\u00f1os&#8230; Este proyecto tiene nombre propio, <strong>D\u00e1cil Mart\u00edn<\/strong>, una encantadora y bella actriz de Tenerife que, lamentablemente, falleci\u00f3 de c\u00e1ncer el pasado a\u00f1o&#8230; Su ejemplo de lucha y solidaridad, consiguiendo fondos y moviendo de manera especial a la colonia brit\u00e1nica de Tenerife, ha sido reconocido p\u00fablicamente en esta cena solidaria&#8230; La propia presidenta de la Asociaci\u00f3n Espa\u00f1ola contra el C\u00e1ncer, <strong>Isabel Oriol D\u00edaz de Bustamante <\/strong>(que esta misma semana ha estado en Tenerife), ha felicitado a <strong>Juan Julio<\/strong> por su labor de liderazgo y ha reconocido que nuestra asociaci\u00f3n provincial est\u00e1 en el \u201cTop Ten\u201d, o sea, entre las diez mejores y m\u00e1s activas de Espa\u00f1a. \u00a1Ol\u00e9!<\/p>\n<p><a href=\"https:\/\/elcotarro.com\/wp-content\/uploads\/2015\/10\/FOTO-6.-Juan-Julio-Fern\u00e1ndez-2.jpg\"><img loading=\"lazy\" decoding=\"async\" class=\"aligncenter size-full wp-image-1883\" src=\"https:\/\/elcotarro.com\/wp-content\/uploads\/2015\/10\/FOTO-6.-Juan-Julio-Fern\u00e1ndez-2.jpg\" alt=\"04lo23afot1.JPG\" width=\"317\" height=\"364\" srcset=\"https:\/\/elcotarro.com\/wp-content\/uploads\/2015\/10\/FOTO-6.-Juan-Julio-Fern\u00e1ndez-2.jpg 317w, https:\/\/elcotarro.com\/wp-content\/uploads\/2015\/10\/FOTO-6.-Juan-Julio-Fern\u00e1ndez-2-261x300.jpg 261w\" sizes=\"auto, (max-width: 317px) 100vw, 317px\" \/><\/a><\/p>\n<p class=\"comentario\" style=\"text-align: center;\">Juan Julio Fern\u00e1ndez, presidente provincial de la AECC en Santa Cruz de Tenerife<\/p>\n","protected":false},"excerpt":{"rendered":"<p>\u2666 Con iniciativas como esta cena solidaria y otros eventos ben\u00e9ficos, Juan Julio Fern\u00e1ndez, su gran equipo de voluntarios y ya casi 4.500 socios de la AECC en nuestra provincia, han conseguido hacer realidad el proyecto \u201cKil\u00f3metro Solidario\u201d que ya cuenta con un microb\u00fas propio (comprado con casi 87.000 euros donados) para trasladar a pacientes &#8230; <a class=\"read-more\" href=\"https:\/\/elcotarro.com\/?p=1882\">Read more<\/a><\/p>\n","protected":false},"author":2,"featured_media":0,"comment_status":"open","ping_status":"open","sticky":false,"template":"","format":"standard","meta":{"_jetpack_memberships_contains_paid_content":false,"footnotes":""},"categories":[54],"tags":[891,892,893,890],"class_list":["post-1882","post","type-post","status-publish","format-standard","hentry","category-personajes","tag-dacil-martin","tag-isabel-oriol-diaz-de-bustamante","tag-juan-julio","tag-juan-julio-fernandez"],"yoast_head":"<!-- This site is optimized with the Yoast SEO plugin v27.0 - https:\/\/yoast.com\/product\/yoast-seo-wordpress\/ -->\n<title>EL \u201cKIL\u00d3METRO SOLIDARIO\u201d - El Cotarro<\/title>\n<meta name=\"description\" content=\"Con iniciativas como esta cena solidaria y otros eventos ben\u00e9ficos, Juan Julio Fern\u00e1ndez, su gran equipo de voluntarios y ya casi 4.500 socios de la AECC\" \/>\n<meta name=\"robots\" content=\"index, follow, max-snippet:-1, max-image-preview:large, max-video-preview:-1\" \/>\n<link rel=\"canonical\" href=\"https:\/\/elcotarro.com\/?p=1882\" \/>\n<meta property=\"og:locale\" content=\"es_ES\" \/>\n<meta property=\"og:type\" content=\"article\" \/>\n<meta property=\"og:title\" content=\"EL \u201cKIL\u00d3METRO SOLIDARIO\u201d - El Cotarro\" \/>\n<meta property=\"og:description\" content=\"Con iniciativas como esta cena solidaria y otros eventos ben\u00e9ficos, Juan Julio Fern\u00e1ndez, su gran equipo de voluntarios y ya casi 4.500 socios de la AECC\" \/>\n<meta property=\"og:url\" content=\"https:\/\/elcotarro.com\/?p=1882\" \/>\n<meta property=\"og:site_name\" content=\"El Cotarro\" \/>\n<meta property=\"article:publisher\" content=\"https:\/\/www.facebook.com\/ElCotarro.Tenerife\" \/>\n<meta property=\"article:published_time\" content=\"2015-10-25T11:02:44+00:00\" \/>\n<meta name=\"author\" content=\"Jos\u00e9 Carlos Marrero Gonz\u00e1lez\" \/>\n<meta name=\"twitter:label1\" content=\"Escrito por\" \/>\n\t<meta name=\"twitter:data1\" content=\"Jos\u00e9 Carlos Marrero Gonz\u00e1lez\" \/>\n\t<meta name=\"twitter:label2\" content=\"Tiempo de lectura\" \/>\n\t<meta name=\"twitter:data2\" content=\"1 minuto\" \/>\n<script type=\"application\/ld+json\" class=\"yoast-schema-graph\">{\"@context\":\"https:\/\/schema.org\",\"@graph\":[{\"@type\":\"Article\",\"@id\":\"https:\/\/elcotarro.com\/?p=1882#article\",\"isPartOf\":{\"@id\":\"https:\/\/elcotarro.com\/?p=1882\"},\"author\":{\"name\":\"Jos\u00e9 Carlos Marrero Gonz\u00e1lez\",\"@id\":\"https:\/\/elcotarro.com\/#\/schema\/person\/af537ee7d60d15984c7e0affcd8a918b\"},\"headline\":\"EL \u201cKIL\u00d3METRO SOLIDARIO\u201d\",\"datePublished\":\"2015-10-25T11:02:44+00:00\",\"mainEntityOfPage\":{\"@id\":\"https:\/\/elcotarro.com\/?p=1882\"},\"wordCount\":219,\"commentCount\":0,\"publisher\":{\"@id\":\"https:\/\/elcotarro.com\/#organization\"},\"keywords\":[\"D\u00e1cil Mart\u00edn\",\"Isabel Oriol D\u00edaz de Bustamante\",\"Juan Julio\",\"Juan Julio Fern\u00e1ndez\"],\"articleSection\":[\"Personajes\"],\"inLanguage\":\"es\",\"potentialAction\":[{\"@type\":\"CommentAction\",\"name\":\"Comment\",\"target\":[\"https:\/\/elcotarro.com\/?p=1882#respond\"]}]},{\"@type\":\"WebPage\",\"@id\":\"https:\/\/elcotarro.com\/?p=1882\",\"url\":\"https:\/\/elcotarro.com\/?p=1882\",\"name\":\"EL \u201cKIL\u00d3METRO SOLIDARIO\u201d - El Cotarro\",\"isPartOf\":{\"@id\":\"https:\/\/elcotarro.com\/#website\"},\"datePublished\":\"2015-10-25T11:02:44+00:00\",\"description\":\"Con iniciativas como esta cena solidaria y otros eventos ben\u00e9ficos, Juan Julio Fern\u00e1ndez, su gran equipo de voluntarios y ya casi 4.500 socios de la AECC\",\"breadcrumb\":{\"@id\":\"https:\/\/elcotarro.com\/?p=1882#breadcrumb\"},\"inLanguage\":\"es\",\"potentialAction\":[{\"@type\":\"ReadAction\",\"target\":[\"https:\/\/elcotarro.com\/?p=1882\"]}]},{\"@type\":\"BreadcrumbList\",\"@id\":\"https:\/\/elcotarro.com\/?p=1882#breadcrumb\",\"itemListElement\":[{\"@type\":\"ListItem\",\"position\":1,\"name\":\"Portada\",\"item\":\"https:\/\/elcotarro.com\/\"},{\"@type\":\"ListItem\",\"position\":2,\"name\":\"EL \u201cKIL\u00d3METRO SOLIDARIO\u201d\"}]},{\"@type\":\"WebSite\",\"@id\":\"https:\/\/elcotarro.com\/#website\",\"url\":\"https:\/\/elcotarro.com\/\",\"name\":\"El Cotarro\",\"description\":\"Peri\u00f3dico Digital Independiente dirigido por Jos\u00e9 Carlos Marrero\",\"publisher\":{\"@id\":\"https:\/\/elcotarro.com\/#organization\"},\"potentialAction\":[{\"@type\":\"SearchAction\",\"target\":{\"@type\":\"EntryPoint\",\"urlTemplate\":\"https:\/\/elcotarro.com\/?s={search_term_string}\"},\"query-input\":{\"@type\":\"PropertyValueSpecification\",\"valueRequired\":true,\"valueName\":\"search_term_string\"}}],\"inLanguage\":\"es\"},{\"@type\":\"Organization\",\"@id\":\"https:\/\/elcotarro.com\/#organization\",\"name\":\"El Cotarro\",\"url\":\"https:\/\/elcotarro.com\/\",\"logo\":{\"@type\":\"ImageObject\",\"inLanguage\":\"es\",\"@id\":\"https:\/\/elcotarro.com\/#\/schema\/logo\/image\/\",\"url\":\"https:\/\/elcotarro.com\/wp-content\/uploads\/2014\/09\/Cabecera_El_Cotarro_v2.jpg\",\"contentUrl\":\"https:\/\/elcotarro.com\/wp-content\/uploads\/2014\/09\/Cabecera_El_Cotarro_v2.jpg\",\"width\":3540,\"height\":441,\"caption\":\"El Cotarro\"},\"image\":{\"@id\":\"https:\/\/elcotarro.com\/#\/schema\/logo\/image\/\"},\"sameAs\":[\"https:\/\/www.facebook.com\/ElCotarro.Tenerife\"]},{\"@type\":\"Person\",\"@id\":\"https:\/\/elcotarro.com\/#\/schema\/person\/af537ee7d60d15984c7e0affcd8a918b\",\"name\":\"Jos\u00e9 Carlos Marrero Gonz\u00e1lez\",\"image\":{\"@type\":\"ImageObject\",\"inLanguage\":\"es\",\"@id\":\"https:\/\/elcotarro.com\/#\/schema\/person\/image\/\",\"url\":\"https:\/\/secure.gravatar.com\/avatar\/def4da036efb5d32c74d49c351f6dccc064dd69ad9f3aadc295c5a9a5391ca01?s=96&d=mm&r=g\",\"contentUrl\":\"https:\/\/secure.gravatar.com\/avatar\/def4da036efb5d32c74d49c351f6dccc064dd69ad9f3aadc295c5a9a5391ca01?s=96&d=mm&r=g\",\"caption\":\"Jos\u00e9 Carlos Marrero Gonz\u00e1lez\"},\"sameAs\":[\"https:\/\/elcotarro.com\"],\"url\":\"https:\/\/elcotarro.com\/?author=2\"}]}<\/script>\n<!-- \/ Yoast SEO plugin. -->","yoast_head_json":{"title":"EL \u201cKIL\u00d3METRO SOLIDARIO\u201d - El Cotarro","description":"Con iniciativas como esta cena solidaria y otros eventos ben\u00e9ficos, Juan Julio Fern\u00e1ndez, su gran equipo de voluntarios y ya casi 4.500 socios de la AECC","robots":{"index":"index","follow":"follow","max-snippet":"max-snippet:-1","max-image-preview":"max-image-preview:large","max-video-preview":"max-video-preview:-1"},"canonical":"https:\/\/elcotarro.com\/?p=1882","og_locale":"es_ES","og_type":"article","og_title":"EL \u201cKIL\u00d3METRO SOLIDARIO\u201d - El Cotarro","og_description":"Con iniciativas como esta cena solidaria y otros eventos ben\u00e9ficos, Juan Julio Fern\u00e1ndez, su gran equipo de voluntarios y ya casi 4.500 socios de la AECC","og_url":"https:\/\/elcotarro.com\/?p=1882","og_site_name":"El Cotarro","article_publisher":"https:\/\/www.facebook.com\/ElCotarro.Tenerife","article_published_time":"2015-10-25T11:02:44+00:00","author":"Jos\u00e9 Carlos Marrero Gonz\u00e1lez","twitter_misc":{"Escrito por":"Jos\u00e9 Carlos Marrero Gonz\u00e1lez","Tiempo de lectura":"1 minuto"},"schema":{"@context":"https:\/\/schema.org","@graph":[{"@type":"Article","@id":"https:\/\/elcotarro.com\/?p=1882#article","isPartOf":{"@id":"https:\/\/elcotarro.com\/?p=1882"},"author":{"name":"Jos\u00e9 Carlos Marrero Gonz\u00e1lez","@id":"https:\/\/elcotarro.com\/#\/schema\/person\/af537ee7d60d15984c7e0affcd8a918b"},"headline":"EL \u201cKIL\u00d3METRO SOLIDARIO\u201d","datePublished":"2015-10-25T11:02:44+00:00","mainEntityOfPage":{"@id":"https:\/\/elcotarro.com\/?p=1882"},"wordCount":219,"commentCount":0,"publisher":{"@id":"https:\/\/elcotarro.com\/#organization"},"keywords":["D\u00e1cil Mart\u00edn","Isabel Oriol D\u00edaz de Bustamante","Juan Julio","Juan Julio Fern\u00e1ndez"],"articleSection":["Personajes"],"inLanguage":"es","potentialAction":[{"@type":"CommentAction","name":"Comment","target":["https:\/\/elcotarro.com\/?p=1882#respond"]}]},{"@type":"WebPage","@id":"https:\/\/elcotarro.com\/?p=1882","url":"https:\/\/elcotarro.com\/?p=1882","name":"EL \u201cKIL\u00d3METRO SOLIDARIO\u201d - El Cotarro","isPartOf":{"@id":"https:\/\/elcotarro.com\/#website"},"datePublished":"2015-10-25T11:02:44+00:00","description":"Con iniciativas como esta cena solidaria y otros eventos ben\u00e9ficos, Juan Julio Fern\u00e1ndez, su gran equipo de voluntarios y ya casi 4.500 socios de la AECC","breadcrumb":{"@id":"https:\/\/elcotarro.com\/?p=1882#breadcrumb"},"inLanguage":"es","potentialAction":[{"@type":"ReadAction","target":["https:\/\/elcotarro.com\/?p=1882"]}]},{"@type":"BreadcrumbList","@id":"https:\/\/elcotarro.com\/?p=1882#breadcrumb","itemListElement":[{"@type":"ListItem","position":1,"name":"Portada","item":"https:\/\/elcotarro.com\/"},{"@type":"ListItem","position":2,"name":"EL \u201cKIL\u00d3METRO SOLIDARIO\u201d"}]},{"@type":"WebSite","@id":"https:\/\/elcotarro.com\/#website","url":"https:\/\/elcotarro.com\/","name":"El Cotarro","description":"Peri\u00f3dico Digital Independiente dirigido por Jos\u00e9 Carlos Marrero","publisher":{"@id":"https:\/\/elcotarro.com\/#organization"},"potentialAction":[{"@type":"SearchAction","target":{"@type":"EntryPoint","urlTemplate":"https:\/\/elcotarro.com\/?s={search_term_string}"},"query-input":{"@type":"PropertyValueSpecification","valueRequired":true,"valueName":"search_term_string"}}],"inLanguage":"es"},{"@type":"Organization","@id":"https:\/\/elcotarro.com\/#organization","name":"El Cotarro","url":"https:\/\/elcotarro.com\/","logo":{"@type":"ImageObject","inLanguage":"es","@id":"https:\/\/elcotarro.com\/#\/schema\/logo\/image\/","url":"https:\/\/elcotarro.com\/wp-content\/uploads\/2014\/09\/Cabecera_El_Cotarro_v2.jpg","contentUrl":"https:\/\/elcotarro.com\/wp-content\/uploads\/2014\/09\/Cabecera_El_Cotarro_v2.jpg","width":3540,"height":441,"caption":"El Cotarro"},"image":{"@id":"https:\/\/elcotarro.com\/#\/schema\/logo\/image\/"},"sameAs":["https:\/\/www.facebook.com\/ElCotarro.Tenerife"]},{"@type":"Person","@id":"https:\/\/elcotarro.com\/#\/schema\/person\/af537ee7d60d15984c7e0affcd8a918b","name":"Jos\u00e9 Carlos Marrero Gonz\u00e1lez","image":{"@type":"ImageObject","inLanguage":"es","@id":"https:\/\/elcotarro.com\/#\/schema\/person\/image\/","url":"https:\/\/secure.gravatar.com\/avatar\/def4da036efb5d32c74d49c351f6dccc064dd69ad9f3aadc295c5a9a5391ca01?s=96&d=mm&r=g","contentUrl":"https:\/\/secure.gravatar.com\/avatar\/def4da036efb5d32c74d49c351f6dccc064dd69ad9f3aadc295c5a9a5391ca01?s=96&d=mm&r=g","caption":"Jos\u00e9 Carlos Marrero Gonz\u00e1lez"},"sameAs":["https:\/\/elcotarro.com"],"url":"https:\/\/elcotarro.com\/?author=2"}]}},"jetpack_featured_media_url":"","jetpack_sharing_enabled":true,"_links":{"self":[{"href":"https:\/\/elcotarro.com\/index.php?rest_route=\/wp\/v2\/posts\/1882","targetHints":{"allow":["GET"]}}],"collection":[{"href":"https:\/\/elcotarro.com\/index.php?rest_route=\/wp\/v2\/posts"}],"about":[{"href":"https:\/\/elcotarro.com\/index.php?rest_route=\/wp\/v2\/types\/post"}],"author":[{"embeddable":true,"href":"https:\/\/elcotarro.com\/index.php?rest_route=\/wp\/v2\/users\/2"}],"replies":[{"embeddable":true,"href":"https:\/\/elcotarro.com\/index.php?rest_route=%2Fwp%2Fv2%2Fcomments&post=1882"}],"version-history":[{"count":1,"href":"https:\/\/elcotarro.com\/index.php?rest_route=\/wp\/v2\/posts\/1882\/revisions"}],"predecessor-version":[{"id":1884,"href":"https:\/\/elcotarro.com\/index.php?rest_route=\/wp\/v2\/posts\/1882\/revisions\/1884"}],"wp:attachment":[{"href":"https:\/\/elcotarro.com\/index.php?rest_route=%2Fwp%2Fv2%2Fmedia&parent=1882"}],"wp:term":[{"taxonomy":"category","embeddable":true,"href":"https:\/\/elcotarro.com\/index.php?rest_route=%2Fwp%2Fv2%2Fcategories&post=1882"},{"taxonomy":"post_tag","embeddable":true,"href":"https:\/\/elcotarro.com\/index.php?rest_route=%2Fwp%2Fv2%2Ftags&post=1882"}],"curies":[{"name":"wp","href":"https:\/\/api.w.org\/{rel}","templated":true}]}}