{"id":1895,"date":"2015-10-25T11:06:23","date_gmt":"2015-10-25T11:06:23","guid":{"rendered":"https:\/\/elcotarro.com\/?p=1895"},"modified":"2015-10-25T09:50:46","modified_gmt":"2015-10-25T09:50:46","slug":"mosqueo-con-las-feminas","status":"publish","type":"post","link":"https:\/\/elcotarro.com\/?p=1895","title":{"rendered":"MOSQUEO CON LAS F\u00c9MINAS"},"content":{"rendered":"<p>\u2666 Con lo que nunca se pens\u00f3 contar fue con el \u201cmosqueo\u201d y la envidia (espero que sana) de algunos altos responsables del C.D. Tenerife (no s\u00e9 si el presidente <strong>Miguel Concepci\u00f3n<\/strong> estar\u00e1 entre ellos), que el pasado lunes se \u201csubieron por las paredes\u201d al comprobar que las f\u00e9minas del UDG Tenerife Egatesa hab\u00eda desplazado al querido \u201cTete\u201d de nuestra primera p\u00e1gina&#8230; Y es que la cosa no tiene mucho truco ni trato&#8230; Solo uni\u00f3n, ilusi\u00f3n y trabajo en conjunto&#8230; La trabajadora directiva con <strong>Sergio Batista<\/strong> (presidente), <strong>Vicente \u00c1lvarez-Pedreira Gil<\/strong> (vicepresidente), <strong>Jaime P\u00e9rez Padr\u00f3n<\/strong> (Secretario), <strong>Juan Carlos Cabrera <\/strong>(tesorero) <strong>Julio Luis P\u00e9rez Alonso<\/strong> (director gerente) y <strong>Laura Castro<\/strong> (jefa de Prensa, junto con <strong>Antonio \u201cTony\u201d Ayala<\/strong> (entrenador) y las 20 jugadoras con <strong>Cindy<\/strong> como capitana y puntales como las gemelas <strong>Noelia<\/strong> y <strong>Natalia Ramos<\/strong>, actualmente jugando ya con la selecci\u00f3n espa\u00f1ola Sub-17, hacen de todo este proyecto una exitosa realidad que ojal\u00e1 dure muchos a\u00f1os y siga protagonizando muchas portadas.<\/p>\n<p>&nbsp;<\/p>\n<p><a href=\"https:\/\/elcotarro.com\/wp-content\/uploads\/2015\/10\/FOTO-2.-Granadilla-Egatesa.jpg\"><img loading=\"lazy\" decoding=\"async\" class=\"aligncenter size-full wp-image-1896\" src=\"https:\/\/elcotarro.com\/wp-content\/uploads\/2015\/10\/FOTO-2.-Granadilla-Egatesa.jpg\" alt=\"FOTO 2.- Granadilla Egatesa\" width=\"707\" height=\"518\" srcset=\"https:\/\/elcotarro.com\/wp-content\/uploads\/2015\/10\/FOTO-2.-Granadilla-Egatesa.jpg 707w, https:\/\/elcotarro.com\/wp-content\/uploads\/2015\/10\/FOTO-2.-Granadilla-Egatesa-300x220.jpg 300w\" sizes=\"auto, (max-width: 707px) 100vw, 707px\" \/><\/a><\/p>\n<p class=\"comentario\" style=\"text-align: center;\">Parte de las \u201cpuntales\u201d de la U.D. Granadilla Tenerife Egatesa, de Primera Divisi\u00f3n.<\/p>\n","protected":false},"excerpt":{"rendered":"<p>\u2666 Con lo que nunca se pens\u00f3 contar fue con el \u201cmosqueo\u201d y la envidia (espero que sana) de algunos altos responsables del C.D. Tenerife (no s\u00e9 si el presidente Miguel Concepci\u00f3n estar\u00e1 entre ellos), que el pasado lunes se \u201csubieron por las paredes\u201d al comprobar que las f\u00e9minas del UDG Tenerife Egatesa hab\u00eda desplazado &#8230; <a class=\"read-more\" href=\"https:\/\/elcotarro.com\/?p=1895\">Read more<\/a><\/p>\n","protected":false},"author":2,"featured_media":0,"comment_status":"open","ping_status":"open","sticky":false,"template":"","format":"standard","meta":{"_jetpack_memberships_contains_paid_content":false,"footnotes":""},"categories":[43],"tags":[908,904,906,907,903,905],"class_list":["post-1895","post","type-post","status-publish","format-standard","hentry","category-sociedad","tag-antonio-tony-ayala","tag-ergio-batista","tag-jaime-perez-padron","tag-juan-carlos-cabrera-julio-luis-perez-alonso-y-laura-castro","tag-miguel-concepcion","tag-vicente-alvarez-pedreira-gil"],"yoast_head":"<!-- This site is optimized with the Yoast SEO plugin v27.0 - https:\/\/yoast.com\/product\/yoast-seo-wordpress\/ -->\n<title>MOSQUEO CON LAS F\u00c9MINAS - El Cotarro<\/title>\n<meta name=\"description\" content=\"Con lo que nunca se pens\u00f3 contar fue con el \u201cmosqueo\u201d y la envidia (espero que sana) de algunos altos responsables del C.D. Tenerife (no s\u00e9 si el presiden\" \/>\n<meta name=\"robots\" content=\"index, follow, max-snippet:-1, max-image-preview:large, max-video-preview:-1\" \/>\n<link rel=\"canonical\" href=\"https:\/\/elcotarro.com\/?p=1895\" \/>\n<meta property=\"og:locale\" content=\"es_ES\" \/>\n<meta property=\"og:type\" content=\"article\" \/>\n<meta property=\"og:title\" content=\"MOSQUEO CON LAS F\u00c9MINAS - El Cotarro\" \/>\n<meta property=\"og:description\" content=\"Con lo que nunca se pens\u00f3 contar fue con el \u201cmosqueo\u201d y la envidia (espero que sana) de algunos altos responsables del C.D. Tenerife (no s\u00e9 si el presiden\" \/>\n<meta property=\"og:url\" content=\"https:\/\/elcotarro.com\/?p=1895\" \/>\n<meta property=\"og:site_name\" content=\"El Cotarro\" \/>\n<meta property=\"article:publisher\" content=\"https:\/\/www.facebook.com\/ElCotarro.Tenerife\" \/>\n<meta property=\"article:published_time\" content=\"2015-10-25T11:06:23+00:00\" \/>\n<meta property=\"og:image\" content=\"https:\/\/elcotarro.com\/wp-content\/uploads\/2015\/10\/FOTO-2.-Granadilla-Egatesa.jpg\" \/>\n<meta name=\"author\" content=\"Jos\u00e9 Carlos Marrero Gonz\u00e1lez\" \/>\n<meta name=\"twitter:label1\" content=\"Escrito por\" \/>\n\t<meta name=\"twitter:data1\" content=\"Jos\u00e9 Carlos Marrero Gonz\u00e1lez\" \/>\n\t<meta name=\"twitter:label2\" content=\"Tiempo de lectura\" \/>\n\t<meta name=\"twitter:data2\" content=\"1 minuto\" \/>\n<script type=\"application\/ld+json\" class=\"yoast-schema-graph\">{\"@context\":\"https:\/\/schema.org\",\"@graph\":[{\"@type\":\"Article\",\"@id\":\"https:\/\/elcotarro.com\/?p=1895#article\",\"isPartOf\":{\"@id\":\"https:\/\/elcotarro.com\/?p=1895\"},\"author\":{\"name\":\"Jos\u00e9 Carlos Marrero Gonz\u00e1lez\",\"@id\":\"https:\/\/elcotarro.com\/#\/schema\/person\/af537ee7d60d15984c7e0affcd8a918b\"},\"headline\":\"MOSQUEO CON LAS F\u00c9MINAS\",\"datePublished\":\"2015-10-25T11:06:23+00:00\",\"mainEntityOfPage\":{\"@id\":\"https:\/\/elcotarro.com\/?p=1895\"},\"wordCount\":192,\"commentCount\":0,\"publisher\":{\"@id\":\"https:\/\/elcotarro.com\/#organization\"},\"image\":{\"@id\":\"https:\/\/elcotarro.com\/?p=1895#primaryimage\"},\"thumbnailUrl\":\"https:\/\/elcotarro.com\/wp-content\/uploads\/2015\/10\/FOTO-2.-Granadilla-Egatesa.jpg\",\"keywords\":[\"Antonio \u201cTony\u201d Ayala\",\"ergio Batista\",\"Jaime P\u00e9rez Padr\u00f3n\",\"Juan Carlos Cabrera Julio Luis P\u00e9rez Alonso y Laura Castro\",\"Miguel Concepci\u00f3n\",\"Vicente \u00c1lvarez-Pedreira Gil\"],\"articleSection\":[\"Sociedad\"],\"inLanguage\":\"es\",\"potentialAction\":[{\"@type\":\"CommentAction\",\"name\":\"Comment\",\"target\":[\"https:\/\/elcotarro.com\/?p=1895#respond\"]}]},{\"@type\":\"WebPage\",\"@id\":\"https:\/\/elcotarro.com\/?p=1895\",\"url\":\"https:\/\/elcotarro.com\/?p=1895\",\"name\":\"MOSQUEO CON LAS F\u00c9MINAS - El Cotarro\",\"isPartOf\":{\"@id\":\"https:\/\/elcotarro.com\/#website\"},\"primaryImageOfPage\":{\"@id\":\"https:\/\/elcotarro.com\/?p=1895#primaryimage\"},\"image\":{\"@id\":\"https:\/\/elcotarro.com\/?p=1895#primaryimage\"},\"thumbnailUrl\":\"https:\/\/elcotarro.com\/wp-content\/uploads\/2015\/10\/FOTO-2.-Granadilla-Egatesa.jpg\",\"datePublished\":\"2015-10-25T11:06:23+00:00\",\"description\":\"Con lo que nunca se pens\u00f3 contar fue con el \u201cmosqueo\u201d y la envidia (espero que sana) de algunos altos responsables del C.D. Tenerife (no s\u00e9 si el presiden\",\"breadcrumb\":{\"@id\":\"https:\/\/elcotarro.com\/?p=1895#breadcrumb\"},\"inLanguage\":\"es\",\"potentialAction\":[{\"@type\":\"ReadAction\",\"target\":[\"https:\/\/elcotarro.com\/?p=1895\"]}]},{\"@type\":\"ImageObject\",\"inLanguage\":\"es\",\"@id\":\"https:\/\/elcotarro.com\/?p=1895#primaryimage\",\"url\":\"https:\/\/elcotarro.com\/wp-content\/uploads\/2015\/10\/FOTO-2.-Granadilla-Egatesa.jpg\",\"contentUrl\":\"https:\/\/elcotarro.com\/wp-content\/uploads\/2015\/10\/FOTO-2.-Granadilla-Egatesa.jpg\",\"width\":707,\"height\":518},{\"@type\":\"BreadcrumbList\",\"@id\":\"https:\/\/elcotarro.com\/?p=1895#breadcrumb\",\"itemListElement\":[{\"@type\":\"ListItem\",\"position\":1,\"name\":\"Portada\",\"item\":\"https:\/\/elcotarro.com\/\"},{\"@type\":\"ListItem\",\"position\":2,\"name\":\"MOSQUEO CON LAS F\u00c9MINAS\"}]},{\"@type\":\"WebSite\",\"@id\":\"https:\/\/elcotarro.com\/#website\",\"url\":\"https:\/\/elcotarro.com\/\",\"name\":\"El Cotarro\",\"description\":\"Peri\u00f3dico Digital Independiente dirigido por Jos\u00e9 Carlos Marrero\",\"publisher\":{\"@id\":\"https:\/\/elcotarro.com\/#organization\"},\"potentialAction\":[{\"@type\":\"SearchAction\",\"target\":{\"@type\":\"EntryPoint\",\"urlTemplate\":\"https:\/\/elcotarro.com\/?s={search_term_string}\"},\"query-input\":{\"@type\":\"PropertyValueSpecification\",\"valueRequired\":true,\"valueName\":\"search_term_string\"}}],\"inLanguage\":\"es\"},{\"@type\":\"Organization\",\"@id\":\"https:\/\/elcotarro.com\/#organization\",\"name\":\"El Cotarro\",\"url\":\"https:\/\/elcotarro.com\/\",\"logo\":{\"@type\":\"ImageObject\",\"inLanguage\":\"es\",\"@id\":\"https:\/\/elcotarro.com\/#\/schema\/logo\/image\/\",\"url\":\"https:\/\/elcotarro.com\/wp-content\/uploads\/2014\/09\/Cabecera_El_Cotarro_v2.jpg\",\"contentUrl\":\"https:\/\/elcotarro.com\/wp-content\/uploads\/2014\/09\/Cabecera_El_Cotarro_v2.jpg\",\"width\":3540,\"height\":441,\"caption\":\"El Cotarro\"},\"image\":{\"@id\":\"https:\/\/elcotarro.com\/#\/schema\/logo\/image\/\"},\"sameAs\":[\"https:\/\/www.facebook.com\/ElCotarro.Tenerife\"]},{\"@type\":\"Person\",\"@id\":\"https:\/\/elcotarro.com\/#\/schema\/person\/af537ee7d60d15984c7e0affcd8a918b\",\"name\":\"Jos\u00e9 Carlos Marrero Gonz\u00e1lez\",\"image\":{\"@type\":\"ImageObject\",\"inLanguage\":\"es\",\"@id\":\"https:\/\/elcotarro.com\/#\/schema\/person\/image\/\",\"url\":\"https:\/\/secure.gravatar.com\/avatar\/def4da036efb5d32c74d49c351f6dccc064dd69ad9f3aadc295c5a9a5391ca01?s=96&d=mm&r=g\",\"contentUrl\":\"https:\/\/secure.gravatar.com\/avatar\/def4da036efb5d32c74d49c351f6dccc064dd69ad9f3aadc295c5a9a5391ca01?s=96&d=mm&r=g\",\"caption\":\"Jos\u00e9 Carlos Marrero Gonz\u00e1lez\"},\"sameAs\":[\"https:\/\/elcotarro.com\"],\"url\":\"https:\/\/elcotarro.com\/?author=2\"}]}<\/script>\n<!-- \/ Yoast SEO plugin. -->","yoast_head_json":{"title":"MOSQUEO CON LAS F\u00c9MINAS - El Cotarro","description":"Con lo que nunca se pens\u00f3 contar fue con el \u201cmosqueo\u201d y la envidia (espero que sana) de algunos altos responsables del C.D. Tenerife (no s\u00e9 si el presiden","robots":{"index":"index","follow":"follow","max-snippet":"max-snippet:-1","max-image-preview":"max-image-preview:large","max-video-preview":"max-video-preview:-1"},"canonical":"https:\/\/elcotarro.com\/?p=1895","og_locale":"es_ES","og_type":"article","og_title":"MOSQUEO CON LAS F\u00c9MINAS - El Cotarro","og_description":"Con lo que nunca se pens\u00f3 contar fue con el \u201cmosqueo\u201d y la envidia (espero que sana) de algunos altos responsables del C.D. Tenerife (no s\u00e9 si el presiden","og_url":"https:\/\/elcotarro.com\/?p=1895","og_site_name":"El Cotarro","article_publisher":"https:\/\/www.facebook.com\/ElCotarro.Tenerife","article_published_time":"2015-10-25T11:06:23+00:00","og_image":[{"url":"https:\/\/elcotarro.com\/wp-content\/uploads\/2015\/10\/FOTO-2.-Granadilla-Egatesa.jpg","type":"","width":"","height":""}],"author":"Jos\u00e9 Carlos Marrero Gonz\u00e1lez","twitter_misc":{"Escrito por":"Jos\u00e9 Carlos Marrero Gonz\u00e1lez","Tiempo de lectura":"1 minuto"},"schema":{"@context":"https:\/\/schema.org","@graph":[{"@type":"Article","@id":"https:\/\/elcotarro.com\/?p=1895#article","isPartOf":{"@id":"https:\/\/elcotarro.com\/?p=1895"},"author":{"name":"Jos\u00e9 Carlos Marrero Gonz\u00e1lez","@id":"https:\/\/elcotarro.com\/#\/schema\/person\/af537ee7d60d15984c7e0affcd8a918b"},"headline":"MOSQUEO CON LAS F\u00c9MINAS","datePublished":"2015-10-25T11:06:23+00:00","mainEntityOfPage":{"@id":"https:\/\/elcotarro.com\/?p=1895"},"wordCount":192,"commentCount":0,"publisher":{"@id":"https:\/\/elcotarro.com\/#organization"},"image":{"@id":"https:\/\/elcotarro.com\/?p=1895#primaryimage"},"thumbnailUrl":"https:\/\/elcotarro.com\/wp-content\/uploads\/2015\/10\/FOTO-2.-Granadilla-Egatesa.jpg","keywords":["Antonio \u201cTony\u201d Ayala","ergio Batista","Jaime P\u00e9rez Padr\u00f3n","Juan Carlos Cabrera Julio Luis P\u00e9rez Alonso y Laura Castro","Miguel Concepci\u00f3n","Vicente \u00c1lvarez-Pedreira Gil"],"articleSection":["Sociedad"],"inLanguage":"es","potentialAction":[{"@type":"CommentAction","name":"Comment","target":["https:\/\/elcotarro.com\/?p=1895#respond"]}]},{"@type":"WebPage","@id":"https:\/\/elcotarro.com\/?p=1895","url":"https:\/\/elcotarro.com\/?p=1895","name":"MOSQUEO CON LAS F\u00c9MINAS - El Cotarro","isPartOf":{"@id":"https:\/\/elcotarro.com\/#website"},"primaryImageOfPage":{"@id":"https:\/\/elcotarro.com\/?p=1895#primaryimage"},"image":{"@id":"https:\/\/elcotarro.com\/?p=1895#primaryimage"},"thumbnailUrl":"https:\/\/elcotarro.com\/wp-content\/uploads\/2015\/10\/FOTO-2.-Granadilla-Egatesa.jpg","datePublished":"2015-10-25T11:06:23+00:00","description":"Con lo que nunca se pens\u00f3 contar fue con el \u201cmosqueo\u201d y la envidia (espero que sana) de algunos altos responsables del C.D. Tenerife (no s\u00e9 si el presiden","breadcrumb":{"@id":"https:\/\/elcotarro.com\/?p=1895#breadcrumb"},"inLanguage":"es","potentialAction":[{"@type":"ReadAction","target":["https:\/\/elcotarro.com\/?p=1895"]}]},{"@type":"ImageObject","inLanguage":"es","@id":"https:\/\/elcotarro.com\/?p=1895#primaryimage","url":"https:\/\/elcotarro.com\/wp-content\/uploads\/2015\/10\/FOTO-2.-Granadilla-Egatesa.jpg","contentUrl":"https:\/\/elcotarro.com\/wp-content\/uploads\/2015\/10\/FOTO-2.-Granadilla-Egatesa.jpg","width":707,"height":518},{"@type":"BreadcrumbList","@id":"https:\/\/elcotarro.com\/?p=1895#breadcrumb","itemListElement":[{"@type":"ListItem","position":1,"name":"Portada","item":"https:\/\/elcotarro.com\/"},{"@type":"ListItem","position":2,"name":"MOSQUEO CON LAS F\u00c9MINAS"}]},{"@type":"WebSite","@id":"https:\/\/elcotarro.com\/#website","url":"https:\/\/elcotarro.com\/","name":"El Cotarro","description":"Peri\u00f3dico Digital Independiente dirigido por Jos\u00e9 Carlos Marrero","publisher":{"@id":"https:\/\/elcotarro.com\/#organization"},"potentialAction":[{"@type":"SearchAction","target":{"@type":"EntryPoint","urlTemplate":"https:\/\/elcotarro.com\/?s={search_term_string}"},"query-input":{"@type":"PropertyValueSpecification","valueRequired":true,"valueName":"search_term_string"}}],"inLanguage":"es"},{"@type":"Organization","@id":"https:\/\/elcotarro.com\/#organization","name":"El Cotarro","url":"https:\/\/elcotarro.com\/","logo":{"@type":"ImageObject","inLanguage":"es","@id":"https:\/\/elcotarro.com\/#\/schema\/logo\/image\/","url":"https:\/\/elcotarro.com\/wp-content\/uploads\/2014\/09\/Cabecera_El_Cotarro_v2.jpg","contentUrl":"https:\/\/elcotarro.com\/wp-content\/uploads\/2014\/09\/Cabecera_El_Cotarro_v2.jpg","width":3540,"height":441,"caption":"El Cotarro"},"image":{"@id":"https:\/\/elcotarro.com\/#\/schema\/logo\/image\/"},"sameAs":["https:\/\/www.facebook.com\/ElCotarro.Tenerife"]},{"@type":"Person","@id":"https:\/\/elcotarro.com\/#\/schema\/person\/af537ee7d60d15984c7e0affcd8a918b","name":"Jos\u00e9 Carlos Marrero Gonz\u00e1lez","image":{"@type":"ImageObject","inLanguage":"es","@id":"https:\/\/elcotarro.com\/#\/schema\/person\/image\/","url":"https:\/\/secure.gravatar.com\/avatar\/def4da036efb5d32c74d49c351f6dccc064dd69ad9f3aadc295c5a9a5391ca01?s=96&d=mm&r=g","contentUrl":"https:\/\/secure.gravatar.com\/avatar\/def4da036efb5d32c74d49c351f6dccc064dd69ad9f3aadc295c5a9a5391ca01?s=96&d=mm&r=g","caption":"Jos\u00e9 Carlos Marrero Gonz\u00e1lez"},"sameAs":["https:\/\/elcotarro.com"],"url":"https:\/\/elcotarro.com\/?author=2"}]}},"jetpack_featured_media_url":"","jetpack_sharing_enabled":true,"_links":{"self":[{"href":"https:\/\/elcotarro.com\/index.php?rest_route=\/wp\/v2\/posts\/1895","targetHints":{"allow":["GET"]}}],"collection":[{"href":"https:\/\/elcotarro.com\/index.php?rest_route=\/wp\/v2\/posts"}],"about":[{"href":"https:\/\/elcotarro.com\/index.php?rest_route=\/wp\/v2\/types\/post"}],"author":[{"embeddable":true,"href":"https:\/\/elcotarro.com\/index.php?rest_route=\/wp\/v2\/users\/2"}],"replies":[{"embeddable":true,"href":"https:\/\/elcotarro.com\/index.php?rest_route=%2Fwp%2Fv2%2Fcomments&post=1895"}],"version-history":[{"count":1,"href":"https:\/\/elcotarro.com\/index.php?rest_route=\/wp\/v2\/posts\/1895\/revisions"}],"predecessor-version":[{"id":1897,"href":"https:\/\/elcotarro.com\/index.php?rest_route=\/wp\/v2\/posts\/1895\/revisions\/1897"}],"wp:attachment":[{"href":"https:\/\/elcotarro.com\/index.php?rest_route=%2Fwp%2Fv2%2Fmedia&parent=1895"}],"wp:term":[{"taxonomy":"category","embeddable":true,"href":"https:\/\/elcotarro.com\/index.php?rest_route=%2Fwp%2Fv2%2Fcategories&post=1895"},{"taxonomy":"post_tag","embeddable":true,"href":"https:\/\/elcotarro.com\/index.php?rest_route=%2Fwp%2Fv2%2Ftags&post=1895"}],"curies":[{"name":"wp","href":"https:\/\/api.w.org\/{rel}","templated":true}]}}