{"id":1906,"date":"2015-11-01T11:02:32","date_gmt":"2015-11-01T11:02:32","guid":{"rendered":"https:\/\/elcotarro.com\/?p=1906"},"modified":"2015-10-31T22:54:19","modified_gmt":"2015-10-31T22:54:19","slug":"jose-luis-reina-in-memoriam","status":"publish","type":"post","link":"https:\/\/elcotarro.com\/?p=1906","title":{"rendered":"JOS\u00c9 LUIS REINA&#8230; IN MEMORIAM"},"content":{"rendered":"<p>\u2666 Hoy termino triste por la partida de otro gran compa\u00f1ero y amigo, que este pasado viernes en Las Palmas de Gran Canaria se nos ha ido para siempre&#8230; Me refiero al bueno de <strong>Jos\u00e9 Luis Reina Delgado<\/strong>, ex-director de Comunicaci\u00f3n de la compa\u00f1\u00eda a\u00e9rea Binter y, sin duda, una de las personas que m\u00e1s ha colaborado en que dicha compa\u00f1\u00eda tenga la buena imagen y la ejemplar fluidez de relaciones con la Prensa&#8230; Siempre dispuesto al servicio de todos, con una capacidad de trabajo, una tranquilidad y una naturalidad envidiables, <strong>Jos\u00e9 Luis<\/strong> ha sido uno de los mejores directores de Comunicaci\u00f3n de Canarias&#8230; Conoc\u00ed a <strong>Jos\u00e9 Luis Reina<\/strong> all\u00e1 por los a\u00f1os setenta de la mano de <strong>Felo Monz\u00f3n<\/strong> (hijo), cuando ambos en la universidad compart\u00edamos ideales y esperanzas de futuro y democracia en el seno de Juventudes Socialistas, donde participamos en la fusi\u00f3n de las juventudes canarias del PSOE con las del PSP de Tierno Galv\u00e1n&#8230; Muchas an\u00e9cdotas, como cuando participamos parte del \u201cservicio de seguridad\u201d de un joven <strong>Felipe Gonz\u00e1lez<\/strong>, cuando vino a dar un mitin en el estadio del Pe\u00f1\u00f3n, en el Puerto de la Cruz, subido en una caja de madera de cervezas CCC&#8230; O cuando le \u201crob\u00e1bamos\u201d la furgoneta del supermercado de mi padre para \u201cempapelarla\u201d con carteles del PSOE y ponerle un altavoz en el techo para pedir cambio, democracia y libertad&#8230;<\/p>\n<p><a href=\"https:\/\/elcotarro.com\/wp-content\/uploads\/2015\/10\/FOTO-5.-Jos\u00e9-Luis-Reina.jpg\"><img loading=\"lazy\" decoding=\"async\" class=\"aligncenter size-full wp-image-1907\" src=\"https:\/\/elcotarro.com\/wp-content\/uploads\/2015\/10\/FOTO-5.-Jos\u00e9-Luis-Reina.jpg\" alt=\"FOTO 5.- Jos\u00e9 Luis Reina\" width=\"400\" height=\"600\" srcset=\"https:\/\/elcotarro.com\/wp-content\/uploads\/2015\/10\/FOTO-5.-Jos\u00e9-Luis-Reina.jpg 400w, https:\/\/elcotarro.com\/wp-content\/uploads\/2015\/10\/FOTO-5.-Jos\u00e9-Luis-Reina-200x300.jpg 200w\" sizes=\"auto, (max-width: 400px) 100vw, 400px\" \/><\/a><\/p>\n<p class=\"comentario\" style=\"text-align: center;\">Jos\u00e9 Luis Reina. Descanse en paz.<\/p>\n","protected":false},"excerpt":{"rendered":"<p>\u2666 Hoy termino triste por la partida de otro gran compa\u00f1ero y amigo, que este pasado viernes en Las Palmas de Gran Canaria se nos ha ido para siempre&#8230; Me refiero al bueno de Jos\u00e9 Luis Reina Delgado, ex-director de Comunicaci\u00f3n de la compa\u00f1\u00eda a\u00e9rea Binter y, sin duda, una de las personas que m\u00e1s &#8230; <a class=\"read-more\" href=\"https:\/\/elcotarro.com\/?p=1906\">Read more<\/a><\/p>\n","protected":false},"author":2,"featured_media":0,"comment_status":"open","ping_status":"open","sticky":false,"template":"","format":"standard","meta":{"_jetpack_memberships_contains_paid_content":false,"footnotes":""},"categories":[54],"tags":[912,911,910],"class_list":["post-1906","post","type-post","status-publish","format-standard","hentry","category-personajes","tag-felipe-gonzalez","tag-felo-monzon","tag-jose-luis-reina-delgado"],"yoast_head":"<!-- This site is optimized with the Yoast SEO plugin v27.0 - https:\/\/yoast.com\/product\/yoast-seo-wordpress\/ -->\n<title>JOS\u00c9 LUIS REINA... IN MEMORIAM - El Cotarro<\/title>\n<meta name=\"description\" content=\"Hoy termino triste por la partida de otro gran compa\u00f1ero y amigo, que este pasado viernes en Las Palmas de Gran Canaria se nos ha ido para siempre... Me r\" \/>\n<meta name=\"robots\" content=\"index, follow, max-snippet:-1, max-image-preview:large, max-video-preview:-1\" \/>\n<link rel=\"canonical\" href=\"https:\/\/elcotarro.com\/?p=1906\" \/>\n<meta property=\"og:locale\" content=\"es_ES\" \/>\n<meta property=\"og:type\" content=\"article\" \/>\n<meta property=\"og:title\" content=\"JOS\u00c9 LUIS REINA... IN MEMORIAM - El Cotarro\" \/>\n<meta property=\"og:description\" content=\"Hoy termino triste por la partida de otro gran compa\u00f1ero y amigo, que este pasado viernes en Las Palmas de Gran Canaria se nos ha ido para siempre... Me r\" \/>\n<meta property=\"og:url\" content=\"https:\/\/elcotarro.com\/?p=1906\" \/>\n<meta property=\"og:site_name\" content=\"El Cotarro\" \/>\n<meta property=\"article:publisher\" content=\"https:\/\/www.facebook.com\/ElCotarro.Tenerife\" \/>\n<meta property=\"article:published_time\" content=\"2015-11-01T11:02:32+00:00\" \/>\n<meta name=\"author\" content=\"Jos\u00e9 Carlos Marrero Gonz\u00e1lez\" \/>\n<meta name=\"twitter:label1\" content=\"Escrito por\" \/>\n\t<meta name=\"twitter:data1\" content=\"Jos\u00e9 Carlos Marrero Gonz\u00e1lez\" \/>\n\t<meta name=\"twitter:label2\" content=\"Tiempo de lectura\" \/>\n\t<meta name=\"twitter:data2\" content=\"1 minuto\" \/>\n<script type=\"application\/ld+json\" class=\"yoast-schema-graph\">{\"@context\":\"https:\/\/schema.org\",\"@graph\":[{\"@type\":\"Article\",\"@id\":\"https:\/\/elcotarro.com\/?p=1906#article\",\"isPartOf\":{\"@id\":\"https:\/\/elcotarro.com\/?p=1906\"},\"author\":{\"name\":\"Jos\u00e9 Carlos Marrero Gonz\u00e1lez\",\"@id\":\"https:\/\/elcotarro.com\/#\/schema\/person\/af537ee7d60d15984c7e0affcd8a918b\"},\"headline\":\"JOS\u00c9 LUIS REINA&#8230; IN MEMORIAM\",\"datePublished\":\"2015-11-01T11:02:32+00:00\",\"mainEntityOfPage\":{\"@id\":\"https:\/\/elcotarro.com\/?p=1906\"},\"wordCount\":255,\"commentCount\":0,\"publisher\":{\"@id\":\"https:\/\/elcotarro.com\/#organization\"},\"keywords\":[\"Felipe Gonz\u00e1lez\",\"Felo Monz\u00f3n\",\"Jos\u00e9 Luis Reina Delgado\"],\"articleSection\":[\"Personajes\"],\"inLanguage\":\"es\",\"potentialAction\":[{\"@type\":\"CommentAction\",\"name\":\"Comment\",\"target\":[\"https:\/\/elcotarro.com\/?p=1906#respond\"]}]},{\"@type\":\"WebPage\",\"@id\":\"https:\/\/elcotarro.com\/?p=1906\",\"url\":\"https:\/\/elcotarro.com\/?p=1906\",\"name\":\"JOS\u00c9 LUIS REINA... IN MEMORIAM - El Cotarro\",\"isPartOf\":{\"@id\":\"https:\/\/elcotarro.com\/#website\"},\"datePublished\":\"2015-11-01T11:02:32+00:00\",\"description\":\"Hoy termino triste por la partida de otro gran compa\u00f1ero y amigo, que este pasado viernes en Las Palmas de Gran Canaria se nos ha ido para siempre... Me r\",\"breadcrumb\":{\"@id\":\"https:\/\/elcotarro.com\/?p=1906#breadcrumb\"},\"inLanguage\":\"es\",\"potentialAction\":[{\"@type\":\"ReadAction\",\"target\":[\"https:\/\/elcotarro.com\/?p=1906\"]}]},{\"@type\":\"BreadcrumbList\",\"@id\":\"https:\/\/elcotarro.com\/?p=1906#breadcrumb\",\"itemListElement\":[{\"@type\":\"ListItem\",\"position\":1,\"name\":\"Portada\",\"item\":\"https:\/\/elcotarro.com\/\"},{\"@type\":\"ListItem\",\"position\":2,\"name\":\"JOS\u00c9 LUIS REINA&#8230; IN MEMORIAM\"}]},{\"@type\":\"WebSite\",\"@id\":\"https:\/\/elcotarro.com\/#website\",\"url\":\"https:\/\/elcotarro.com\/\",\"name\":\"El Cotarro\",\"description\":\"Peri\u00f3dico Digital Independiente dirigido por Jos\u00e9 Carlos Marrero\",\"publisher\":{\"@id\":\"https:\/\/elcotarro.com\/#organization\"},\"potentialAction\":[{\"@type\":\"SearchAction\",\"target\":{\"@type\":\"EntryPoint\",\"urlTemplate\":\"https:\/\/elcotarro.com\/?s={search_term_string}\"},\"query-input\":{\"@type\":\"PropertyValueSpecification\",\"valueRequired\":true,\"valueName\":\"search_term_string\"}}],\"inLanguage\":\"es\"},{\"@type\":\"Organization\",\"@id\":\"https:\/\/elcotarro.com\/#organization\",\"name\":\"El Cotarro\",\"url\":\"https:\/\/elcotarro.com\/\",\"logo\":{\"@type\":\"ImageObject\",\"inLanguage\":\"es\",\"@id\":\"https:\/\/elcotarro.com\/#\/schema\/logo\/image\/\",\"url\":\"https:\/\/elcotarro.com\/wp-content\/uploads\/2014\/09\/Cabecera_El_Cotarro_v2.jpg\",\"contentUrl\":\"https:\/\/elcotarro.com\/wp-content\/uploads\/2014\/09\/Cabecera_El_Cotarro_v2.jpg\",\"width\":3540,\"height\":441,\"caption\":\"El Cotarro\"},\"image\":{\"@id\":\"https:\/\/elcotarro.com\/#\/schema\/logo\/image\/\"},\"sameAs\":[\"https:\/\/www.facebook.com\/ElCotarro.Tenerife\"]},{\"@type\":\"Person\",\"@id\":\"https:\/\/elcotarro.com\/#\/schema\/person\/af537ee7d60d15984c7e0affcd8a918b\",\"name\":\"Jos\u00e9 Carlos Marrero Gonz\u00e1lez\",\"image\":{\"@type\":\"ImageObject\",\"inLanguage\":\"es\",\"@id\":\"https:\/\/elcotarro.com\/#\/schema\/person\/image\/\",\"url\":\"https:\/\/secure.gravatar.com\/avatar\/def4da036efb5d32c74d49c351f6dccc064dd69ad9f3aadc295c5a9a5391ca01?s=96&d=mm&r=g\",\"contentUrl\":\"https:\/\/secure.gravatar.com\/avatar\/def4da036efb5d32c74d49c351f6dccc064dd69ad9f3aadc295c5a9a5391ca01?s=96&d=mm&r=g\",\"caption\":\"Jos\u00e9 Carlos Marrero Gonz\u00e1lez\"},\"sameAs\":[\"https:\/\/elcotarro.com\"],\"url\":\"https:\/\/elcotarro.com\/?author=2\"}]}<\/script>\n<!-- \/ Yoast SEO plugin. -->","yoast_head_json":{"title":"JOS\u00c9 LUIS REINA... IN MEMORIAM - El Cotarro","description":"Hoy termino triste por la partida de otro gran compa\u00f1ero y amigo, que este pasado viernes en Las Palmas de Gran Canaria se nos ha ido para siempre... Me r","robots":{"index":"index","follow":"follow","max-snippet":"max-snippet:-1","max-image-preview":"max-image-preview:large","max-video-preview":"max-video-preview:-1"},"canonical":"https:\/\/elcotarro.com\/?p=1906","og_locale":"es_ES","og_type":"article","og_title":"JOS\u00c9 LUIS REINA... IN MEMORIAM - El Cotarro","og_description":"Hoy termino triste por la partida de otro gran compa\u00f1ero y amigo, que este pasado viernes en Las Palmas de Gran Canaria se nos ha ido para siempre... Me r","og_url":"https:\/\/elcotarro.com\/?p=1906","og_site_name":"El Cotarro","article_publisher":"https:\/\/www.facebook.com\/ElCotarro.Tenerife","article_published_time":"2015-11-01T11:02:32+00:00","author":"Jos\u00e9 Carlos Marrero Gonz\u00e1lez","twitter_misc":{"Escrito por":"Jos\u00e9 Carlos Marrero Gonz\u00e1lez","Tiempo de lectura":"1 minuto"},"schema":{"@context":"https:\/\/schema.org","@graph":[{"@type":"Article","@id":"https:\/\/elcotarro.com\/?p=1906#article","isPartOf":{"@id":"https:\/\/elcotarro.com\/?p=1906"},"author":{"name":"Jos\u00e9 Carlos Marrero Gonz\u00e1lez","@id":"https:\/\/elcotarro.com\/#\/schema\/person\/af537ee7d60d15984c7e0affcd8a918b"},"headline":"JOS\u00c9 LUIS REINA&#8230; IN MEMORIAM","datePublished":"2015-11-01T11:02:32+00:00","mainEntityOfPage":{"@id":"https:\/\/elcotarro.com\/?p=1906"},"wordCount":255,"commentCount":0,"publisher":{"@id":"https:\/\/elcotarro.com\/#organization"},"keywords":["Felipe Gonz\u00e1lez","Felo Monz\u00f3n","Jos\u00e9 Luis Reina Delgado"],"articleSection":["Personajes"],"inLanguage":"es","potentialAction":[{"@type":"CommentAction","name":"Comment","target":["https:\/\/elcotarro.com\/?p=1906#respond"]}]},{"@type":"WebPage","@id":"https:\/\/elcotarro.com\/?p=1906","url":"https:\/\/elcotarro.com\/?p=1906","name":"JOS\u00c9 LUIS REINA... IN MEMORIAM - El Cotarro","isPartOf":{"@id":"https:\/\/elcotarro.com\/#website"},"datePublished":"2015-11-01T11:02:32+00:00","description":"Hoy termino triste por la partida de otro gran compa\u00f1ero y amigo, que este pasado viernes en Las Palmas de Gran Canaria se nos ha ido para siempre... Me r","breadcrumb":{"@id":"https:\/\/elcotarro.com\/?p=1906#breadcrumb"},"inLanguage":"es","potentialAction":[{"@type":"ReadAction","target":["https:\/\/elcotarro.com\/?p=1906"]}]},{"@type":"BreadcrumbList","@id":"https:\/\/elcotarro.com\/?p=1906#breadcrumb","itemListElement":[{"@type":"ListItem","position":1,"name":"Portada","item":"https:\/\/elcotarro.com\/"},{"@type":"ListItem","position":2,"name":"JOS\u00c9 LUIS REINA&#8230; IN MEMORIAM"}]},{"@type":"WebSite","@id":"https:\/\/elcotarro.com\/#website","url":"https:\/\/elcotarro.com\/","name":"El Cotarro","description":"Peri\u00f3dico Digital Independiente dirigido por Jos\u00e9 Carlos Marrero","publisher":{"@id":"https:\/\/elcotarro.com\/#organization"},"potentialAction":[{"@type":"SearchAction","target":{"@type":"EntryPoint","urlTemplate":"https:\/\/elcotarro.com\/?s={search_term_string}"},"query-input":{"@type":"PropertyValueSpecification","valueRequired":true,"valueName":"search_term_string"}}],"inLanguage":"es"},{"@type":"Organization","@id":"https:\/\/elcotarro.com\/#organization","name":"El Cotarro","url":"https:\/\/elcotarro.com\/","logo":{"@type":"ImageObject","inLanguage":"es","@id":"https:\/\/elcotarro.com\/#\/schema\/logo\/image\/","url":"https:\/\/elcotarro.com\/wp-content\/uploads\/2014\/09\/Cabecera_El_Cotarro_v2.jpg","contentUrl":"https:\/\/elcotarro.com\/wp-content\/uploads\/2014\/09\/Cabecera_El_Cotarro_v2.jpg","width":3540,"height":441,"caption":"El Cotarro"},"image":{"@id":"https:\/\/elcotarro.com\/#\/schema\/logo\/image\/"},"sameAs":["https:\/\/www.facebook.com\/ElCotarro.Tenerife"]},{"@type":"Person","@id":"https:\/\/elcotarro.com\/#\/schema\/person\/af537ee7d60d15984c7e0affcd8a918b","name":"Jos\u00e9 Carlos Marrero Gonz\u00e1lez","image":{"@type":"ImageObject","inLanguage":"es","@id":"https:\/\/elcotarro.com\/#\/schema\/person\/image\/","url":"https:\/\/secure.gravatar.com\/avatar\/def4da036efb5d32c74d49c351f6dccc064dd69ad9f3aadc295c5a9a5391ca01?s=96&d=mm&r=g","contentUrl":"https:\/\/secure.gravatar.com\/avatar\/def4da036efb5d32c74d49c351f6dccc064dd69ad9f3aadc295c5a9a5391ca01?s=96&d=mm&r=g","caption":"Jos\u00e9 Carlos Marrero Gonz\u00e1lez"},"sameAs":["https:\/\/elcotarro.com"],"url":"https:\/\/elcotarro.com\/?author=2"}]}},"jetpack_featured_media_url":"","jetpack_sharing_enabled":true,"_links":{"self":[{"href":"https:\/\/elcotarro.com\/index.php?rest_route=\/wp\/v2\/posts\/1906","targetHints":{"allow":["GET"]}}],"collection":[{"href":"https:\/\/elcotarro.com\/index.php?rest_route=\/wp\/v2\/posts"}],"about":[{"href":"https:\/\/elcotarro.com\/index.php?rest_route=\/wp\/v2\/types\/post"}],"author":[{"embeddable":true,"href":"https:\/\/elcotarro.com\/index.php?rest_route=\/wp\/v2\/users\/2"}],"replies":[{"embeddable":true,"href":"https:\/\/elcotarro.com\/index.php?rest_route=%2Fwp%2Fv2%2Fcomments&post=1906"}],"version-history":[{"count":1,"href":"https:\/\/elcotarro.com\/index.php?rest_route=\/wp\/v2\/posts\/1906\/revisions"}],"predecessor-version":[{"id":1908,"href":"https:\/\/elcotarro.com\/index.php?rest_route=\/wp\/v2\/posts\/1906\/revisions\/1908"}],"wp:attachment":[{"href":"https:\/\/elcotarro.com\/index.php?rest_route=%2Fwp%2Fv2%2Fmedia&parent=1906"}],"wp:term":[{"taxonomy":"category","embeddable":true,"href":"https:\/\/elcotarro.com\/index.php?rest_route=%2Fwp%2Fv2%2Fcategories&post=1906"},{"taxonomy":"post_tag","embeddable":true,"href":"https:\/\/elcotarro.com\/index.php?rest_route=%2Fwp%2Fv2%2Ftags&post=1906"}],"curies":[{"name":"wp","href":"https:\/\/api.w.org\/{rel}","templated":true}]}}