{"id":1916,"date":"2015-11-01T11:05:14","date_gmt":"2015-11-01T11:05:14","guid":{"rendered":"https:\/\/elcotarro.com\/?p=1916"},"modified":"2015-10-31T23:10:55","modified_gmt":"2015-10-31T23:10:55","slug":"movida-alrededor-del-tete","status":"publish","type":"post","link":"https:\/\/elcotarro.com\/?p=1916","title":{"rendered":"MOVIDA ALREDEDOR DEL TETE"},"content":{"rendered":"<p>\u2666 Esta pasada semana tuve la oportunidad de compartir un buen rato en la influyente tertulia gastron\u00f3mica <em>La Pinza<\/em>, donde en esta ocasi\u00f3n, estuvieron como invitados dos grandes veteranos del mundo del f\u00fatbol&#8230; A m\u00ed del f\u00fatbol lo \u00fanico que me interesa es el apartado gastron\u00f3mico, pero he de confesar que hablaban de coraz\u00f3n y con conocimiento de causa sobre las pr\u00f3ximas elecciones a la presidencia del C.D. Tenerife&#8230; Lo que pasa es que el coraz\u00f3n no pone presidentes, sino los votos de los accionistas&#8230; Parece que ni al presidente del Gobierno de Canarias, <strong>Fernando Clavijo<\/strong>, ni al del Cabildo tinerfe\u00f1o, <strong>Carlos Alonso<\/strong>, les gusta un pelo que el expresidente del gobierno canario, <strong>Paulino Rivero<\/strong>, sea el que releve de la presidencia del \u00abTete\u00bb a su m\u00e1s que amigo <strong>Miguel Concepci\u00f3n<\/strong>.<\/p>\n<p><a href=\"https:\/\/elcotarro.com\/wp-content\/uploads\/2015\/10\/FOTO-2.-Pier-Luigi-Cherubino.jpg\"><img loading=\"lazy\" decoding=\"async\" class=\"aligncenter size-full wp-image-1918\" src=\"https:\/\/elcotarro.com\/wp-content\/uploads\/2015\/10\/FOTO-2.-Pier-Luigi-Cherubino.jpg\" alt=\"FOTO 2.- Pier Luigi Cherubino\" width=\"289\" height=\"346\" srcset=\"https:\/\/elcotarro.com\/wp-content\/uploads\/2015\/10\/FOTO-2.-Pier-Luigi-Cherubino.jpg 289w, https:\/\/elcotarro.com\/wp-content\/uploads\/2015\/10\/FOTO-2.-Pier-Luigi-Cherubino-251x300.jpg 251w\" sizes=\"auto, (max-width: 289px) 100vw, 289px\" \/><\/a><\/p>\n<p class=\"comentario\" style=\"text-align: center;\">Pier Luigi Cherubino<\/p>\n","protected":false},"excerpt":{"rendered":"<p>\u2666 Esta pasada semana tuve la oportunidad de compartir un buen rato en la influyente tertulia gastron\u00f3mica La Pinza, donde en esta ocasi\u00f3n, estuvieron como invitados dos grandes veteranos del mundo del f\u00fatbol&#8230; A m\u00ed del f\u00fatbol lo \u00fanico que me interesa es el apartado gastron\u00f3mico, pero he de confesar que hablaban de coraz\u00f3n y &#8230; <a class=\"read-more\" href=\"https:\/\/elcotarro.com\/?p=1916\">Read more<\/a><\/p>\n","protected":false},"author":2,"featured_media":0,"comment_status":"open","ping_status":"open","sticky":false,"template":"","format":"standard","meta":{"_jetpack_memberships_contains_paid_content":false,"footnotes":""},"categories":[7],"tags":[291,10,903,100],"class_list":["post-1916","post","type-post","status-publish","format-standard","hentry","category-politica","tag-carlos-alonso","tag-fernando-clavijo","tag-miguel-concepcion","tag-paulino-rivero"],"yoast_head":"<!-- This site is optimized with the Yoast SEO plugin v27.0 - https:\/\/yoast.com\/product\/yoast-seo-wordpress\/ -->\n<title>MOVIDA ALREDEDOR DEL TETE - El Cotarro<\/title>\n<meta name=\"description\" content=\"Esta pasada semana tuve la oportunidad de compartir un buen rato en la influyente tertulia gastron\u00f3mica La Pinza, donde en esta ocasi\u00f3n, estuvieron como i\" \/>\n<meta name=\"robots\" content=\"index, follow, max-snippet:-1, max-image-preview:large, max-video-preview:-1\" \/>\n<link rel=\"canonical\" href=\"https:\/\/elcotarro.com\/?p=1916\" \/>\n<meta property=\"og:locale\" content=\"es_ES\" \/>\n<meta property=\"og:type\" content=\"article\" \/>\n<meta property=\"og:title\" content=\"MOVIDA ALREDEDOR DEL TETE - El Cotarro\" \/>\n<meta property=\"og:description\" content=\"Esta pasada semana tuve la oportunidad de compartir un buen rato en la influyente tertulia gastron\u00f3mica La Pinza, donde en esta ocasi\u00f3n, estuvieron como i\" \/>\n<meta property=\"og:url\" content=\"https:\/\/elcotarro.com\/?p=1916\" \/>\n<meta property=\"og:site_name\" content=\"El Cotarro\" \/>\n<meta property=\"article:publisher\" content=\"https:\/\/www.facebook.com\/ElCotarro.Tenerife\" \/>\n<meta property=\"article:published_time\" content=\"2015-11-01T11:05:14+00:00\" \/>\n<meta property=\"og:image\" content=\"https:\/\/elcotarro.com\/wp-content\/uploads\/2015\/10\/FOTO-2.-Pier-Luigi-Cherubino.jpg\" \/>\n<meta name=\"author\" content=\"Jos\u00e9 Carlos Marrero Gonz\u00e1lez\" \/>\n<meta name=\"twitter:label1\" content=\"Escrito por\" \/>\n\t<meta name=\"twitter:data1\" content=\"Jos\u00e9 Carlos Marrero Gonz\u00e1lez\" \/>\n\t<meta name=\"twitter:label2\" content=\"Tiempo de lectura\" \/>\n\t<meta name=\"twitter:data2\" content=\"1 minuto\" \/>\n<script type=\"application\/ld+json\" class=\"yoast-schema-graph\">{\"@context\":\"https:\/\/schema.org\",\"@graph\":[{\"@type\":\"Article\",\"@id\":\"https:\/\/elcotarro.com\/?p=1916#article\",\"isPartOf\":{\"@id\":\"https:\/\/elcotarro.com\/?p=1916\"},\"author\":{\"name\":\"Jos\u00e9 Carlos Marrero Gonz\u00e1lez\",\"@id\":\"https:\/\/elcotarro.com\/#\/schema\/person\/af537ee7d60d15984c7e0affcd8a918b\"},\"headline\":\"MOVIDA ALREDEDOR DEL TETE\",\"datePublished\":\"2015-11-01T11:05:14+00:00\",\"mainEntityOfPage\":{\"@id\":\"https:\/\/elcotarro.com\/?p=1916\"},\"wordCount\":149,\"commentCount\":0,\"publisher\":{\"@id\":\"https:\/\/elcotarro.com\/#organization\"},\"image\":{\"@id\":\"https:\/\/elcotarro.com\/?p=1916#primaryimage\"},\"thumbnailUrl\":\"https:\/\/elcotarro.com\/wp-content\/uploads\/2015\/10\/FOTO-2.-Pier-Luigi-Cherubino.jpg\",\"keywords\":[\"Carlos Alonso\",\"Fernando Clavijo\",\"Miguel Concepci\u00f3n\",\"Paulino Rivero\"],\"articleSection\":[\"Pol\u00edtica\"],\"inLanguage\":\"es\",\"potentialAction\":[{\"@type\":\"CommentAction\",\"name\":\"Comment\",\"target\":[\"https:\/\/elcotarro.com\/?p=1916#respond\"]}]},{\"@type\":\"WebPage\",\"@id\":\"https:\/\/elcotarro.com\/?p=1916\",\"url\":\"https:\/\/elcotarro.com\/?p=1916\",\"name\":\"MOVIDA ALREDEDOR DEL TETE - El Cotarro\",\"isPartOf\":{\"@id\":\"https:\/\/elcotarro.com\/#website\"},\"primaryImageOfPage\":{\"@id\":\"https:\/\/elcotarro.com\/?p=1916#primaryimage\"},\"image\":{\"@id\":\"https:\/\/elcotarro.com\/?p=1916#primaryimage\"},\"thumbnailUrl\":\"https:\/\/elcotarro.com\/wp-content\/uploads\/2015\/10\/FOTO-2.-Pier-Luigi-Cherubino.jpg\",\"datePublished\":\"2015-11-01T11:05:14+00:00\",\"description\":\"Esta pasada semana tuve la oportunidad de compartir un buen rato en la influyente tertulia gastron\u00f3mica La Pinza, donde en esta ocasi\u00f3n, estuvieron como i\",\"breadcrumb\":{\"@id\":\"https:\/\/elcotarro.com\/?p=1916#breadcrumb\"},\"inLanguage\":\"es\",\"potentialAction\":[{\"@type\":\"ReadAction\",\"target\":[\"https:\/\/elcotarro.com\/?p=1916\"]}]},{\"@type\":\"ImageObject\",\"inLanguage\":\"es\",\"@id\":\"https:\/\/elcotarro.com\/?p=1916#primaryimage\",\"url\":\"https:\/\/elcotarro.com\/wp-content\/uploads\/2015\/10\/FOTO-2.-Pier-Luigi-Cherubino.jpg\",\"contentUrl\":\"https:\/\/elcotarro.com\/wp-content\/uploads\/2015\/10\/FOTO-2.-Pier-Luigi-Cherubino.jpg\",\"width\":289,\"height\":346},{\"@type\":\"BreadcrumbList\",\"@id\":\"https:\/\/elcotarro.com\/?p=1916#breadcrumb\",\"itemListElement\":[{\"@type\":\"ListItem\",\"position\":1,\"name\":\"Portada\",\"item\":\"https:\/\/elcotarro.com\/\"},{\"@type\":\"ListItem\",\"position\":2,\"name\":\"MOVIDA ALREDEDOR DEL TETE\"}]},{\"@type\":\"WebSite\",\"@id\":\"https:\/\/elcotarro.com\/#website\",\"url\":\"https:\/\/elcotarro.com\/\",\"name\":\"El Cotarro\",\"description\":\"Peri\u00f3dico Digital Independiente dirigido por Jos\u00e9 Carlos Marrero\",\"publisher\":{\"@id\":\"https:\/\/elcotarro.com\/#organization\"},\"potentialAction\":[{\"@type\":\"SearchAction\",\"target\":{\"@type\":\"EntryPoint\",\"urlTemplate\":\"https:\/\/elcotarro.com\/?s={search_term_string}\"},\"query-input\":{\"@type\":\"PropertyValueSpecification\",\"valueRequired\":true,\"valueName\":\"search_term_string\"}}],\"inLanguage\":\"es\"},{\"@type\":\"Organization\",\"@id\":\"https:\/\/elcotarro.com\/#organization\",\"name\":\"El Cotarro\",\"url\":\"https:\/\/elcotarro.com\/\",\"logo\":{\"@type\":\"ImageObject\",\"inLanguage\":\"es\",\"@id\":\"https:\/\/elcotarro.com\/#\/schema\/logo\/image\/\",\"url\":\"https:\/\/elcotarro.com\/wp-content\/uploads\/2014\/09\/Cabecera_El_Cotarro_v2.jpg\",\"contentUrl\":\"https:\/\/elcotarro.com\/wp-content\/uploads\/2014\/09\/Cabecera_El_Cotarro_v2.jpg\",\"width\":3540,\"height\":441,\"caption\":\"El Cotarro\"},\"image\":{\"@id\":\"https:\/\/elcotarro.com\/#\/schema\/logo\/image\/\"},\"sameAs\":[\"https:\/\/www.facebook.com\/ElCotarro.Tenerife\"]},{\"@type\":\"Person\",\"@id\":\"https:\/\/elcotarro.com\/#\/schema\/person\/af537ee7d60d15984c7e0affcd8a918b\",\"name\":\"Jos\u00e9 Carlos Marrero Gonz\u00e1lez\",\"image\":{\"@type\":\"ImageObject\",\"inLanguage\":\"es\",\"@id\":\"https:\/\/elcotarro.com\/#\/schema\/person\/image\/\",\"url\":\"https:\/\/secure.gravatar.com\/avatar\/def4da036efb5d32c74d49c351f6dccc064dd69ad9f3aadc295c5a9a5391ca01?s=96&d=mm&r=g\",\"contentUrl\":\"https:\/\/secure.gravatar.com\/avatar\/def4da036efb5d32c74d49c351f6dccc064dd69ad9f3aadc295c5a9a5391ca01?s=96&d=mm&r=g\",\"caption\":\"Jos\u00e9 Carlos Marrero Gonz\u00e1lez\"},\"sameAs\":[\"https:\/\/elcotarro.com\"],\"url\":\"https:\/\/elcotarro.com\/?author=2\"}]}<\/script>\n<!-- \/ Yoast SEO plugin. -->","yoast_head_json":{"title":"MOVIDA ALREDEDOR DEL TETE - El Cotarro","description":"Esta pasada semana tuve la oportunidad de compartir un buen rato en la influyente tertulia gastron\u00f3mica La Pinza, donde en esta ocasi\u00f3n, estuvieron como i","robots":{"index":"index","follow":"follow","max-snippet":"max-snippet:-1","max-image-preview":"max-image-preview:large","max-video-preview":"max-video-preview:-1"},"canonical":"https:\/\/elcotarro.com\/?p=1916","og_locale":"es_ES","og_type":"article","og_title":"MOVIDA ALREDEDOR DEL TETE - El Cotarro","og_description":"Esta pasada semana tuve la oportunidad de compartir un buen rato en la influyente tertulia gastron\u00f3mica La Pinza, donde en esta ocasi\u00f3n, estuvieron como i","og_url":"https:\/\/elcotarro.com\/?p=1916","og_site_name":"El Cotarro","article_publisher":"https:\/\/www.facebook.com\/ElCotarro.Tenerife","article_published_time":"2015-11-01T11:05:14+00:00","og_image":[{"url":"https:\/\/elcotarro.com\/wp-content\/uploads\/2015\/10\/FOTO-2.-Pier-Luigi-Cherubino.jpg","type":"","width":"","height":""}],"author":"Jos\u00e9 Carlos Marrero Gonz\u00e1lez","twitter_misc":{"Escrito por":"Jos\u00e9 Carlos Marrero Gonz\u00e1lez","Tiempo de lectura":"1 minuto"},"schema":{"@context":"https:\/\/schema.org","@graph":[{"@type":"Article","@id":"https:\/\/elcotarro.com\/?p=1916#article","isPartOf":{"@id":"https:\/\/elcotarro.com\/?p=1916"},"author":{"name":"Jos\u00e9 Carlos Marrero Gonz\u00e1lez","@id":"https:\/\/elcotarro.com\/#\/schema\/person\/af537ee7d60d15984c7e0affcd8a918b"},"headline":"MOVIDA ALREDEDOR DEL TETE","datePublished":"2015-11-01T11:05:14+00:00","mainEntityOfPage":{"@id":"https:\/\/elcotarro.com\/?p=1916"},"wordCount":149,"commentCount":0,"publisher":{"@id":"https:\/\/elcotarro.com\/#organization"},"image":{"@id":"https:\/\/elcotarro.com\/?p=1916#primaryimage"},"thumbnailUrl":"https:\/\/elcotarro.com\/wp-content\/uploads\/2015\/10\/FOTO-2.-Pier-Luigi-Cherubino.jpg","keywords":["Carlos Alonso","Fernando Clavijo","Miguel Concepci\u00f3n","Paulino Rivero"],"articleSection":["Pol\u00edtica"],"inLanguage":"es","potentialAction":[{"@type":"CommentAction","name":"Comment","target":["https:\/\/elcotarro.com\/?p=1916#respond"]}]},{"@type":"WebPage","@id":"https:\/\/elcotarro.com\/?p=1916","url":"https:\/\/elcotarro.com\/?p=1916","name":"MOVIDA ALREDEDOR DEL TETE - El Cotarro","isPartOf":{"@id":"https:\/\/elcotarro.com\/#website"},"primaryImageOfPage":{"@id":"https:\/\/elcotarro.com\/?p=1916#primaryimage"},"image":{"@id":"https:\/\/elcotarro.com\/?p=1916#primaryimage"},"thumbnailUrl":"https:\/\/elcotarro.com\/wp-content\/uploads\/2015\/10\/FOTO-2.-Pier-Luigi-Cherubino.jpg","datePublished":"2015-11-01T11:05:14+00:00","description":"Esta pasada semana tuve la oportunidad de compartir un buen rato en la influyente tertulia gastron\u00f3mica La Pinza, donde en esta ocasi\u00f3n, estuvieron como i","breadcrumb":{"@id":"https:\/\/elcotarro.com\/?p=1916#breadcrumb"},"inLanguage":"es","potentialAction":[{"@type":"ReadAction","target":["https:\/\/elcotarro.com\/?p=1916"]}]},{"@type":"ImageObject","inLanguage":"es","@id":"https:\/\/elcotarro.com\/?p=1916#primaryimage","url":"https:\/\/elcotarro.com\/wp-content\/uploads\/2015\/10\/FOTO-2.-Pier-Luigi-Cherubino.jpg","contentUrl":"https:\/\/elcotarro.com\/wp-content\/uploads\/2015\/10\/FOTO-2.-Pier-Luigi-Cherubino.jpg","width":289,"height":346},{"@type":"BreadcrumbList","@id":"https:\/\/elcotarro.com\/?p=1916#breadcrumb","itemListElement":[{"@type":"ListItem","position":1,"name":"Portada","item":"https:\/\/elcotarro.com\/"},{"@type":"ListItem","position":2,"name":"MOVIDA ALREDEDOR DEL TETE"}]},{"@type":"WebSite","@id":"https:\/\/elcotarro.com\/#website","url":"https:\/\/elcotarro.com\/","name":"El Cotarro","description":"Peri\u00f3dico Digital Independiente dirigido por Jos\u00e9 Carlos Marrero","publisher":{"@id":"https:\/\/elcotarro.com\/#organization"},"potentialAction":[{"@type":"SearchAction","target":{"@type":"EntryPoint","urlTemplate":"https:\/\/elcotarro.com\/?s={search_term_string}"},"query-input":{"@type":"PropertyValueSpecification","valueRequired":true,"valueName":"search_term_string"}}],"inLanguage":"es"},{"@type":"Organization","@id":"https:\/\/elcotarro.com\/#organization","name":"El Cotarro","url":"https:\/\/elcotarro.com\/","logo":{"@type":"ImageObject","inLanguage":"es","@id":"https:\/\/elcotarro.com\/#\/schema\/logo\/image\/","url":"https:\/\/elcotarro.com\/wp-content\/uploads\/2014\/09\/Cabecera_El_Cotarro_v2.jpg","contentUrl":"https:\/\/elcotarro.com\/wp-content\/uploads\/2014\/09\/Cabecera_El_Cotarro_v2.jpg","width":3540,"height":441,"caption":"El Cotarro"},"image":{"@id":"https:\/\/elcotarro.com\/#\/schema\/logo\/image\/"},"sameAs":["https:\/\/www.facebook.com\/ElCotarro.Tenerife"]},{"@type":"Person","@id":"https:\/\/elcotarro.com\/#\/schema\/person\/af537ee7d60d15984c7e0affcd8a918b","name":"Jos\u00e9 Carlos Marrero Gonz\u00e1lez","image":{"@type":"ImageObject","inLanguage":"es","@id":"https:\/\/elcotarro.com\/#\/schema\/person\/image\/","url":"https:\/\/secure.gravatar.com\/avatar\/def4da036efb5d32c74d49c351f6dccc064dd69ad9f3aadc295c5a9a5391ca01?s=96&d=mm&r=g","contentUrl":"https:\/\/secure.gravatar.com\/avatar\/def4da036efb5d32c74d49c351f6dccc064dd69ad9f3aadc295c5a9a5391ca01?s=96&d=mm&r=g","caption":"Jos\u00e9 Carlos Marrero Gonz\u00e1lez"},"sameAs":["https:\/\/elcotarro.com"],"url":"https:\/\/elcotarro.com\/?author=2"}]}},"jetpack_featured_media_url":"","jetpack_sharing_enabled":true,"_links":{"self":[{"href":"https:\/\/elcotarro.com\/index.php?rest_route=\/wp\/v2\/posts\/1916","targetHints":{"allow":["GET"]}}],"collection":[{"href":"https:\/\/elcotarro.com\/index.php?rest_route=\/wp\/v2\/posts"}],"about":[{"href":"https:\/\/elcotarro.com\/index.php?rest_route=\/wp\/v2\/types\/post"}],"author":[{"embeddable":true,"href":"https:\/\/elcotarro.com\/index.php?rest_route=\/wp\/v2\/users\/2"}],"replies":[{"embeddable":true,"href":"https:\/\/elcotarro.com\/index.php?rest_route=%2Fwp%2Fv2%2Fcomments&post=1916"}],"version-history":[{"count":2,"href":"https:\/\/elcotarro.com\/index.php?rest_route=\/wp\/v2\/posts\/1916\/revisions"}],"predecessor-version":[{"id":1919,"href":"https:\/\/elcotarro.com\/index.php?rest_route=\/wp\/v2\/posts\/1916\/revisions\/1919"}],"wp:attachment":[{"href":"https:\/\/elcotarro.com\/index.php?rest_route=%2Fwp%2Fv2%2Fmedia&parent=1916"}],"wp:term":[{"taxonomy":"category","embeddable":true,"href":"https:\/\/elcotarro.com\/index.php?rest_route=%2Fwp%2Fv2%2Fcategories&post=1916"},{"taxonomy":"post_tag","embeddable":true,"href":"https:\/\/elcotarro.com\/index.php?rest_route=%2Fwp%2Fv2%2Ftags&post=1916"}],"curies":[{"name":"wp","href":"https:\/\/api.w.org\/{rel}","templated":true}]}}