{"id":1942,"date":"2015-11-08T11:06:08","date_gmt":"2015-11-08T11:06:08","guid":{"rendered":"https:\/\/elcotarro.com\/?p=1942"},"modified":"2015-11-08T11:00:30","modified_gmt":"2015-11-08T11:00:30","slug":"el-gesto-de-bermudez","status":"publish","type":"post","link":"https:\/\/elcotarro.com\/?p=1942","title":{"rendered":"EL GESTO DE BERM\u00daDEZ"},"content":{"rendered":"<p>\u2666 Un respetuoso alcalde santacrucero, <strong>Jos\u00e9 Manuel Berm\u00fadez<\/strong>, ha querido seguir con la norma y tradici\u00f3n no escrita de que, la llamada Comisi\u00f3n de Reclamaciones y Sugerencias del ayuntamiento chicharrero, sea presidida por un miembro de la oposici\u00f3n&#8230; Y de acuerdo a lo previsto y establecido, a partir del resultado de las \u00faltimas elecciones locales, la comisi\u00f3n se constituy\u00f3 con 9 ediles: 3 de Coalici\u00f3n Canaria (CC), 2 del Partido Popular (PP), 1 del Partido Socialista (PSOE), 1 de S\u00ed Se Puede (SSP), 1 de Ciudadanos (C\u2019s) y 1 de Izquierda Unida Canaria (IUC)&#8230; Y en virtud de la norma no escrita, me dicen que <strong>Jos\u00e9 Manuel Berm\u00fadez<\/strong> habl\u00f3 (y creo que pact\u00f3) con el l\u00edder de Ciudadanos en Tenerife, que C\u2019s pondr\u00eda en dicha comisi\u00f3n a su concejal <strong>Enrique Ernesto Rosales<\/strong> (m\u00e1s conocido como <strong>Enrique Bronx<\/strong>)<\/p>\n<p><a href=\"https:\/\/elcotarro.com\/wp-content\/uploads\/2015\/11\/FOTO-1.-Jos\u00e9-Manuel-Berm\u00fadez.jpg\"><img loading=\"lazy\" decoding=\"async\" class=\"aligncenter size-full wp-image-1944\" src=\"https:\/\/elcotarro.com\/wp-content\/uploads\/2015\/11\/FOTO-1.-Jos\u00e9-Manuel-Berm\u00fadez.jpg\" alt=\"FOTO 1.- Jos\u00e9 Manuel Berm\u00fadez\" width=\"218\" height=\"258\" \/><\/a><\/p>\n<p class=\"comentario\" style=\"text-align: center;\">Jos\u00e9 Manuel Berm\u00fadez Esparza, un alcalde de consenso en Santa Cruz de Tenerife.<\/p>\n","protected":false},"excerpt":{"rendered":"<p>\u2666 Un respetuoso alcalde santacrucero, Jos\u00e9 Manuel Berm\u00fadez, ha querido seguir con la norma y tradici\u00f3n no escrita de que, la llamada Comisi\u00f3n de Reclamaciones y Sugerencias del ayuntamiento chicharrero, sea presidida por un miembro de la oposici\u00f3n&#8230; Y de acuerdo a lo previsto y establecido, a partir del resultado de las \u00faltimas elecciones locales, &#8230; <a class=\"read-more\" href=\"https:\/\/elcotarro.com\/?p=1942\">Read more<\/a><\/p>\n","protected":false},"author":2,"featured_media":0,"comment_status":"open","ping_status":"open","sticky":false,"template":"","format":"standard","meta":{"_jetpack_memberships_contains_paid_content":false,"footnotes":""},"categories":[7],"tags":[48],"class_list":["post-1942","post","type-post","status-publish","format-standard","hentry","category-politica","tag-jose-manuel-bermudez"],"yoast_head":"<!-- This site is optimized with the Yoast SEO plugin v27.0 - https:\/\/yoast.com\/product\/yoast-seo-wordpress\/ -->\n<title>EL GESTO DE BERM\u00daDEZ - El Cotarro<\/title>\n<meta name=\"description\" content=\"Un respetuoso alcalde santacrucero, Jos\u00e9 Manuel Berm\u00fadez, ha querido seguir con la norma y tradici\u00f3n no escrita de que, la llamada Comisi\u00f3n de Reclamacion\" \/>\n<meta name=\"robots\" content=\"index, follow, max-snippet:-1, max-image-preview:large, max-video-preview:-1\" \/>\n<link rel=\"canonical\" href=\"https:\/\/elcotarro.com\/?p=1942\" \/>\n<meta property=\"og:locale\" content=\"es_ES\" \/>\n<meta property=\"og:type\" content=\"article\" \/>\n<meta property=\"og:title\" content=\"EL GESTO DE BERM\u00daDEZ - El Cotarro\" \/>\n<meta property=\"og:description\" content=\"Un respetuoso alcalde santacrucero, Jos\u00e9 Manuel Berm\u00fadez, ha querido seguir con la norma y tradici\u00f3n no escrita de que, la llamada Comisi\u00f3n de Reclamacion\" \/>\n<meta property=\"og:url\" content=\"https:\/\/elcotarro.com\/?p=1942\" \/>\n<meta property=\"og:site_name\" content=\"El Cotarro\" \/>\n<meta property=\"article:publisher\" content=\"https:\/\/www.facebook.com\/ElCotarro.Tenerife\" \/>\n<meta property=\"article:published_time\" content=\"2015-11-08T11:06:08+00:00\" \/>\n<meta name=\"author\" content=\"Jos\u00e9 Carlos Marrero Gonz\u00e1lez\" \/>\n<meta name=\"twitter:label1\" content=\"Escrito por\" \/>\n\t<meta name=\"twitter:data1\" content=\"Jos\u00e9 Carlos Marrero Gonz\u00e1lez\" \/>\n\t<meta name=\"twitter:label2\" content=\"Tiempo de lectura\" \/>\n\t<meta name=\"twitter:data2\" content=\"1 minuto\" \/>\n<script type=\"application\/ld+json\" class=\"yoast-schema-graph\">{\"@context\":\"https:\/\/schema.org\",\"@graph\":[{\"@type\":\"Article\",\"@id\":\"https:\/\/elcotarro.com\/?p=1942#article\",\"isPartOf\":{\"@id\":\"https:\/\/elcotarro.com\/?p=1942\"},\"author\":{\"name\":\"Jos\u00e9 Carlos Marrero Gonz\u00e1lez\",\"@id\":\"https:\/\/elcotarro.com\/#\/schema\/person\/af537ee7d60d15984c7e0affcd8a918b\"},\"headline\":\"EL GESTO DE BERM\u00daDEZ\",\"datePublished\":\"2015-11-08T11:06:08+00:00\",\"mainEntityOfPage\":{\"@id\":\"https:\/\/elcotarro.com\/?p=1942\"},\"wordCount\":161,\"commentCount\":0,\"publisher\":{\"@id\":\"https:\/\/elcotarro.com\/#organization\"},\"keywords\":[\"Jos\u00e9 Manuel Berm\u00fadez\"],\"articleSection\":[\"Pol\u00edtica\"],\"inLanguage\":\"es\",\"potentialAction\":[{\"@type\":\"CommentAction\",\"name\":\"Comment\",\"target\":[\"https:\/\/elcotarro.com\/?p=1942#respond\"]}]},{\"@type\":\"WebPage\",\"@id\":\"https:\/\/elcotarro.com\/?p=1942\",\"url\":\"https:\/\/elcotarro.com\/?p=1942\",\"name\":\"EL GESTO DE BERM\u00daDEZ - El Cotarro\",\"isPartOf\":{\"@id\":\"https:\/\/elcotarro.com\/#website\"},\"datePublished\":\"2015-11-08T11:06:08+00:00\",\"description\":\"Un respetuoso alcalde santacrucero, Jos\u00e9 Manuel Berm\u00fadez, ha querido seguir con la norma y tradici\u00f3n no escrita de que, la llamada Comisi\u00f3n de Reclamacion\",\"breadcrumb\":{\"@id\":\"https:\/\/elcotarro.com\/?p=1942#breadcrumb\"},\"inLanguage\":\"es\",\"potentialAction\":[{\"@type\":\"ReadAction\",\"target\":[\"https:\/\/elcotarro.com\/?p=1942\"]}]},{\"@type\":\"BreadcrumbList\",\"@id\":\"https:\/\/elcotarro.com\/?p=1942#breadcrumb\",\"itemListElement\":[{\"@type\":\"ListItem\",\"position\":1,\"name\":\"Portada\",\"item\":\"https:\/\/elcotarro.com\/\"},{\"@type\":\"ListItem\",\"position\":2,\"name\":\"EL GESTO DE BERM\u00daDEZ\"}]},{\"@type\":\"WebSite\",\"@id\":\"https:\/\/elcotarro.com\/#website\",\"url\":\"https:\/\/elcotarro.com\/\",\"name\":\"El Cotarro\",\"description\":\"Peri\u00f3dico Digital Independiente dirigido por Jos\u00e9 Carlos Marrero\",\"publisher\":{\"@id\":\"https:\/\/elcotarro.com\/#organization\"},\"potentialAction\":[{\"@type\":\"SearchAction\",\"target\":{\"@type\":\"EntryPoint\",\"urlTemplate\":\"https:\/\/elcotarro.com\/?s={search_term_string}\"},\"query-input\":{\"@type\":\"PropertyValueSpecification\",\"valueRequired\":true,\"valueName\":\"search_term_string\"}}],\"inLanguage\":\"es\"},{\"@type\":\"Organization\",\"@id\":\"https:\/\/elcotarro.com\/#organization\",\"name\":\"El Cotarro\",\"url\":\"https:\/\/elcotarro.com\/\",\"logo\":{\"@type\":\"ImageObject\",\"inLanguage\":\"es\",\"@id\":\"https:\/\/elcotarro.com\/#\/schema\/logo\/image\/\",\"url\":\"https:\/\/elcotarro.com\/wp-content\/uploads\/2014\/09\/Cabecera_El_Cotarro_v2.jpg\",\"contentUrl\":\"https:\/\/elcotarro.com\/wp-content\/uploads\/2014\/09\/Cabecera_El_Cotarro_v2.jpg\",\"width\":3540,\"height\":441,\"caption\":\"El Cotarro\"},\"image\":{\"@id\":\"https:\/\/elcotarro.com\/#\/schema\/logo\/image\/\"},\"sameAs\":[\"https:\/\/www.facebook.com\/ElCotarro.Tenerife\"]},{\"@type\":\"Person\",\"@id\":\"https:\/\/elcotarro.com\/#\/schema\/person\/af537ee7d60d15984c7e0affcd8a918b\",\"name\":\"Jos\u00e9 Carlos Marrero Gonz\u00e1lez\",\"image\":{\"@type\":\"ImageObject\",\"inLanguage\":\"es\",\"@id\":\"https:\/\/elcotarro.com\/#\/schema\/person\/image\/\",\"url\":\"https:\/\/secure.gravatar.com\/avatar\/def4da036efb5d32c74d49c351f6dccc064dd69ad9f3aadc295c5a9a5391ca01?s=96&d=mm&r=g\",\"contentUrl\":\"https:\/\/secure.gravatar.com\/avatar\/def4da036efb5d32c74d49c351f6dccc064dd69ad9f3aadc295c5a9a5391ca01?s=96&d=mm&r=g\",\"caption\":\"Jos\u00e9 Carlos Marrero Gonz\u00e1lez\"},\"sameAs\":[\"https:\/\/elcotarro.com\"],\"url\":\"https:\/\/elcotarro.com\/?author=2\"}]}<\/script>\n<!-- \/ Yoast SEO plugin. -->","yoast_head_json":{"title":"EL GESTO DE BERM\u00daDEZ - El Cotarro","description":"Un respetuoso alcalde santacrucero, Jos\u00e9 Manuel Berm\u00fadez, ha querido seguir con la norma y tradici\u00f3n no escrita de que, la llamada Comisi\u00f3n de Reclamacion","robots":{"index":"index","follow":"follow","max-snippet":"max-snippet:-1","max-image-preview":"max-image-preview:large","max-video-preview":"max-video-preview:-1"},"canonical":"https:\/\/elcotarro.com\/?p=1942","og_locale":"es_ES","og_type":"article","og_title":"EL GESTO DE BERM\u00daDEZ - El Cotarro","og_description":"Un respetuoso alcalde santacrucero, Jos\u00e9 Manuel Berm\u00fadez, ha querido seguir con la norma y tradici\u00f3n no escrita de que, la llamada Comisi\u00f3n de Reclamacion","og_url":"https:\/\/elcotarro.com\/?p=1942","og_site_name":"El Cotarro","article_publisher":"https:\/\/www.facebook.com\/ElCotarro.Tenerife","article_published_time":"2015-11-08T11:06:08+00:00","author":"Jos\u00e9 Carlos Marrero Gonz\u00e1lez","twitter_misc":{"Escrito por":"Jos\u00e9 Carlos Marrero Gonz\u00e1lez","Tiempo de lectura":"1 minuto"},"schema":{"@context":"https:\/\/schema.org","@graph":[{"@type":"Article","@id":"https:\/\/elcotarro.com\/?p=1942#article","isPartOf":{"@id":"https:\/\/elcotarro.com\/?p=1942"},"author":{"name":"Jos\u00e9 Carlos Marrero Gonz\u00e1lez","@id":"https:\/\/elcotarro.com\/#\/schema\/person\/af537ee7d60d15984c7e0affcd8a918b"},"headline":"EL GESTO DE BERM\u00daDEZ","datePublished":"2015-11-08T11:06:08+00:00","mainEntityOfPage":{"@id":"https:\/\/elcotarro.com\/?p=1942"},"wordCount":161,"commentCount":0,"publisher":{"@id":"https:\/\/elcotarro.com\/#organization"},"keywords":["Jos\u00e9 Manuel Berm\u00fadez"],"articleSection":["Pol\u00edtica"],"inLanguage":"es","potentialAction":[{"@type":"CommentAction","name":"Comment","target":["https:\/\/elcotarro.com\/?p=1942#respond"]}]},{"@type":"WebPage","@id":"https:\/\/elcotarro.com\/?p=1942","url":"https:\/\/elcotarro.com\/?p=1942","name":"EL GESTO DE BERM\u00daDEZ - El Cotarro","isPartOf":{"@id":"https:\/\/elcotarro.com\/#website"},"datePublished":"2015-11-08T11:06:08+00:00","description":"Un respetuoso alcalde santacrucero, Jos\u00e9 Manuel Berm\u00fadez, ha querido seguir con la norma y tradici\u00f3n no escrita de que, la llamada Comisi\u00f3n de Reclamacion","breadcrumb":{"@id":"https:\/\/elcotarro.com\/?p=1942#breadcrumb"},"inLanguage":"es","potentialAction":[{"@type":"ReadAction","target":["https:\/\/elcotarro.com\/?p=1942"]}]},{"@type":"BreadcrumbList","@id":"https:\/\/elcotarro.com\/?p=1942#breadcrumb","itemListElement":[{"@type":"ListItem","position":1,"name":"Portada","item":"https:\/\/elcotarro.com\/"},{"@type":"ListItem","position":2,"name":"EL GESTO DE BERM\u00daDEZ"}]},{"@type":"WebSite","@id":"https:\/\/elcotarro.com\/#website","url":"https:\/\/elcotarro.com\/","name":"El Cotarro","description":"Peri\u00f3dico Digital Independiente dirigido por Jos\u00e9 Carlos Marrero","publisher":{"@id":"https:\/\/elcotarro.com\/#organization"},"potentialAction":[{"@type":"SearchAction","target":{"@type":"EntryPoint","urlTemplate":"https:\/\/elcotarro.com\/?s={search_term_string}"},"query-input":{"@type":"PropertyValueSpecification","valueRequired":true,"valueName":"search_term_string"}}],"inLanguage":"es"},{"@type":"Organization","@id":"https:\/\/elcotarro.com\/#organization","name":"El Cotarro","url":"https:\/\/elcotarro.com\/","logo":{"@type":"ImageObject","inLanguage":"es","@id":"https:\/\/elcotarro.com\/#\/schema\/logo\/image\/","url":"https:\/\/elcotarro.com\/wp-content\/uploads\/2014\/09\/Cabecera_El_Cotarro_v2.jpg","contentUrl":"https:\/\/elcotarro.com\/wp-content\/uploads\/2014\/09\/Cabecera_El_Cotarro_v2.jpg","width":3540,"height":441,"caption":"El Cotarro"},"image":{"@id":"https:\/\/elcotarro.com\/#\/schema\/logo\/image\/"},"sameAs":["https:\/\/www.facebook.com\/ElCotarro.Tenerife"]},{"@type":"Person","@id":"https:\/\/elcotarro.com\/#\/schema\/person\/af537ee7d60d15984c7e0affcd8a918b","name":"Jos\u00e9 Carlos Marrero Gonz\u00e1lez","image":{"@type":"ImageObject","inLanguage":"es","@id":"https:\/\/elcotarro.com\/#\/schema\/person\/image\/","url":"https:\/\/secure.gravatar.com\/avatar\/def4da036efb5d32c74d49c351f6dccc064dd69ad9f3aadc295c5a9a5391ca01?s=96&d=mm&r=g","contentUrl":"https:\/\/secure.gravatar.com\/avatar\/def4da036efb5d32c74d49c351f6dccc064dd69ad9f3aadc295c5a9a5391ca01?s=96&d=mm&r=g","caption":"Jos\u00e9 Carlos Marrero Gonz\u00e1lez"},"sameAs":["https:\/\/elcotarro.com"],"url":"https:\/\/elcotarro.com\/?author=2"}]}},"jetpack_featured_media_url":"","jetpack_sharing_enabled":true,"_links":{"self":[{"href":"https:\/\/elcotarro.com\/index.php?rest_route=\/wp\/v2\/posts\/1942","targetHints":{"allow":["GET"]}}],"collection":[{"href":"https:\/\/elcotarro.com\/index.php?rest_route=\/wp\/v2\/posts"}],"about":[{"href":"https:\/\/elcotarro.com\/index.php?rest_route=\/wp\/v2\/types\/post"}],"author":[{"embeddable":true,"href":"https:\/\/elcotarro.com\/index.php?rest_route=\/wp\/v2\/users\/2"}],"replies":[{"embeddable":true,"href":"https:\/\/elcotarro.com\/index.php?rest_route=%2Fwp%2Fv2%2Fcomments&post=1942"}],"version-history":[{"count":1,"href":"https:\/\/elcotarro.com\/index.php?rest_route=\/wp\/v2\/posts\/1942\/revisions"}],"predecessor-version":[{"id":1945,"href":"https:\/\/elcotarro.com\/index.php?rest_route=\/wp\/v2\/posts\/1942\/revisions\/1945"}],"wp:attachment":[{"href":"https:\/\/elcotarro.com\/index.php?rest_route=%2Fwp%2Fv2%2Fmedia&parent=1942"}],"wp:term":[{"taxonomy":"category","embeddable":true,"href":"https:\/\/elcotarro.com\/index.php?rest_route=%2Fwp%2Fv2%2Fcategories&post=1942"},{"taxonomy":"post_tag","embeddable":true,"href":"https:\/\/elcotarro.com\/index.php?rest_route=%2Fwp%2Fv2%2Ftags&post=1942"}],"curies":[{"name":"wp","href":"https:\/\/api.w.org\/{rel}","templated":true}]}}