{"id":1951,"date":"2015-11-15T11:01:55","date_gmt":"2015-11-15T11:01:55","guid":{"rendered":"https:\/\/elcotarro.com\/?p=1951"},"modified":"2015-11-15T10:13:52","modified_gmt":"2015-11-15T10:13:52","slug":"prestigio-internacional","status":"publish","type":"post","link":"https:\/\/elcotarro.com\/?p=1951","title":{"rendered":"PRESTIGIO INTERNACIONAL"},"content":{"rendered":"<p>\u2666 Hoy me congratula acabar haci\u00e9ndome eco del reconocimiento internacional a otro de \u00ablos nuestros\u00bb, el joven pero experimentado abogado tinerfe\u00f1o, <strong>Leopoldo C\u00f3logan Rodr\u00edguez de Azero<\/strong>, socio de Litigios y Arbitrajes del despacho <strong>Garrigues<\/strong> y profesor del m\u00e1ster universitario en Abogac\u00eda de la facultad de Derecho de la Universidad de La Laguna, ha sido reconocido por el prestigioso directorio internacional Best Lawyers, entre los mejores abogados en Santa Cruz de Tenerife en su \u00e1rea de pr\u00e1ctica, junto con su socio y compa\u00f1ero de despacho <strong>Carlos Pinilla Dom\u00ednguez<\/strong>, en el \u00e1rea laboral, as\u00ed como con <strong>C\u00e9sar Acosta Criado<\/strong>, en el \u00e1rea de impuestos. La publicaci\u00f3n Best Lawyers, editada desde 1983 en EE.UU. y para Espa\u00f1a desde 2006, es una de las gu\u00edas de referencia del sector legal, que distingue a los mejores abogados de nuestro pa\u00eds en m\u00e1s de una treintena de especialidades de pr\u00e1ctica del Derecho de los negocios. Los resultados del mismo se obtienen a trav\u00e9s de la recogida de las valoraciones que hacen los propios abogados espa\u00f1oles, que califican y hablan sobre la competencia y val\u00eda de sus colegas, por medio de entrevistas confidenciales y, muy importante, los abogados no se pueden votar a s\u00ed mismos, ni a compa\u00f1eros de su mismo bufete. Adem\u00e1s, por cierto, <strong>Leopoldo C\u00f3logan Rodr\u00edguez de Azero<\/strong>, es uno de los j\u00f3venes puntales de la actual Junta Directiva del Real Casino de Tenerife. La inclusi\u00f3n en Best Lawyers supone todo un merecido reconocimiento para \u00e9l y sus compa\u00f1eros de bufete, que les honra a ellos y, de paso, prestigia a Tenerife.<\/p>\n<p><a href=\"https:\/\/elcotarro.com\/wp-content\/uploads\/2015\/11\/FOTO-7.-Leopoldo-C\u00f3logan-Rodr\u00edguez-de-Azero.jpg\"><img loading=\"lazy\" decoding=\"async\" class=\"aligncenter size-full wp-image-1952\" src=\"https:\/\/elcotarro.com\/wp-content\/uploads\/2015\/11\/FOTO-7.-Leopoldo-C\u00f3logan-Rodr\u00edguez-de-Azero.jpg\" alt=\"FOTO 7.- Leopoldo C\u00f3logan Rodr\u00edguez de Azero\" width=\"640\" height=\"867\" srcset=\"https:\/\/elcotarro.com\/wp-content\/uploads\/2015\/11\/FOTO-7.-Leopoldo-C\u00f3logan-Rodr\u00edguez-de-Azero.jpg 640w, https:\/\/elcotarro.com\/wp-content\/uploads\/2015\/11\/FOTO-7.-Leopoldo-C\u00f3logan-Rodr\u00edguez-de-Azero-221x300.jpg 221w\" sizes=\"auto, (max-width: 640px) 100vw, 640px\" \/><\/a><\/p>\n<p class=\"comentario\" style=\"text-align: center;\">Leopoldo C\u00f3logan Rodr\u00edguez de Azero<\/p>\n<p><a href=\"https:\/\/elcotarro.com\/wp-content\/uploads\/2014\/12\/Bnn_Careca.jpg\"><img loading=\"lazy\" decoding=\"async\" class=\"aligncenter size-full wp-image-539\" src=\"https:\/\/elcotarro.com\/wp-content\/uploads\/2014\/12\/Bnn_Careca.jpg\" alt=\"Bnn_Careca\" width=\"750\" height=\"150\" srcset=\"https:\/\/elcotarro.com\/wp-content\/uploads\/2014\/12\/Bnn_Careca.jpg 750w, https:\/\/elcotarro.com\/wp-content\/uploads\/2014\/12\/Bnn_Careca-300x60.jpg 300w\" sizes=\"auto, (max-width: 750px) 100vw, 750px\" \/><\/a><\/p>\n","protected":false},"excerpt":{"rendered":"<p>\u2666 Hoy me congratula acabar haci\u00e9ndome eco del reconocimiento internacional a otro de \u00ablos nuestros\u00bb, el joven pero experimentado abogado tinerfe\u00f1o, Leopoldo C\u00f3logan Rodr\u00edguez de Azero, socio de Litigios y Arbitrajes del despacho Garrigues y profesor del m\u00e1ster universitario en Abogac\u00eda de la facultad de Derecho de la Universidad de La Laguna, ha sido reconocido &#8230; <a class=\"read-more\" href=\"https:\/\/elcotarro.com\/?p=1951\">Read more<\/a><\/p>\n","protected":false},"author":2,"featured_media":0,"comment_status":"open","ping_status":"open","sticky":false,"template":"","format":"standard","meta":{"_jetpack_memberships_contains_paid_content":false,"footnotes":""},"categories":[43],"tags":[931,930,929],"class_list":["post-1951","post","type-post","status-publish","format-standard","hentry","category-sociedad","tag-carlos-pinilla-dominguez","tag-cesar-acosta-criado","tag-leopoldo-cologan-rodriguez-de-azero"],"yoast_head":"<!-- This site is optimized with the Yoast SEO plugin v27.0 - https:\/\/yoast.com\/product\/yoast-seo-wordpress\/ -->\n<title>PRESTIGIO INTERNACIONAL - El Cotarro<\/title>\n<meta name=\"description\" content=\"Hoy me congratula acabar haci\u00e9ndome eco del reconocimiento internacional a otro de &quot;los nuestros&quot;, el joven pero experimentado abogado tinerfe\u00f1o, Leopoldo\" \/>\n<meta name=\"robots\" content=\"index, follow, max-snippet:-1, max-image-preview:large, max-video-preview:-1\" \/>\n<link rel=\"canonical\" href=\"https:\/\/elcotarro.com\/?p=1951\" \/>\n<meta property=\"og:locale\" content=\"es_ES\" \/>\n<meta property=\"og:type\" content=\"article\" \/>\n<meta property=\"og:title\" content=\"PRESTIGIO INTERNACIONAL - El Cotarro\" \/>\n<meta property=\"og:description\" content=\"Hoy me congratula acabar haci\u00e9ndome eco del reconocimiento internacional a otro de &quot;los nuestros&quot;, el joven pero experimentado abogado tinerfe\u00f1o, Leopoldo\" \/>\n<meta property=\"og:url\" content=\"https:\/\/elcotarro.com\/?p=1951\" \/>\n<meta property=\"og:site_name\" content=\"El Cotarro\" \/>\n<meta property=\"article:publisher\" content=\"https:\/\/www.facebook.com\/ElCotarro.Tenerife\" \/>\n<meta property=\"article:published_time\" content=\"2015-11-15T11:01:55+00:00\" \/>\n<meta property=\"og:image\" content=\"https:\/\/elcotarro.com\/wp-content\/uploads\/2014\/12\/Bnn_Careca.jpg\" \/>\n<meta name=\"author\" content=\"Jos\u00e9 Carlos Marrero Gonz\u00e1lez\" \/>\n<meta name=\"twitter:label1\" content=\"Escrito por\" \/>\n\t<meta name=\"twitter:data1\" content=\"Jos\u00e9 Carlos Marrero Gonz\u00e1lez\" \/>\n\t<meta name=\"twitter:label2\" content=\"Tiempo de lectura\" \/>\n\t<meta name=\"twitter:data2\" content=\"1 minuto\" \/>\n<script type=\"application\/ld+json\" class=\"yoast-schema-graph\">{\"@context\":\"https:\/\/schema.org\",\"@graph\":[{\"@type\":\"Article\",\"@id\":\"https:\/\/elcotarro.com\/?p=1951#article\",\"isPartOf\":{\"@id\":\"https:\/\/elcotarro.com\/?p=1951\"},\"author\":{\"name\":\"Jos\u00e9 Carlos Marrero Gonz\u00e1lez\",\"@id\":\"https:\/\/elcotarro.com\/#\/schema\/person\/af537ee7d60d15984c7e0affcd8a918b\"},\"headline\":\"PRESTIGIO INTERNACIONAL\",\"datePublished\":\"2015-11-15T11:01:55+00:00\",\"mainEntityOfPage\":{\"@id\":\"https:\/\/elcotarro.com\/?p=1951\"},\"wordCount\":290,\"commentCount\":0,\"publisher\":{\"@id\":\"https:\/\/elcotarro.com\/#organization\"},\"image\":{\"@id\":\"https:\/\/elcotarro.com\/?p=1951#primaryimage\"},\"thumbnailUrl\":\"https:\/\/elcotarro.com\/wp-content\/uploads\/2014\/12\/Bnn_Careca.jpg\",\"keywords\":[\"Carlos Pinilla Dom\u00ednguez\",\"C\u00e9sar Acosta Criado\",\"Leopoldo C\u00f3logan Rodr\u00edguez de Azero\"],\"articleSection\":[\"Sociedad\"],\"inLanguage\":\"es\",\"potentialAction\":[{\"@type\":\"CommentAction\",\"name\":\"Comment\",\"target\":[\"https:\/\/elcotarro.com\/?p=1951#respond\"]}]},{\"@type\":\"WebPage\",\"@id\":\"https:\/\/elcotarro.com\/?p=1951\",\"url\":\"https:\/\/elcotarro.com\/?p=1951\",\"name\":\"PRESTIGIO INTERNACIONAL - El Cotarro\",\"isPartOf\":{\"@id\":\"https:\/\/elcotarro.com\/#website\"},\"primaryImageOfPage\":{\"@id\":\"https:\/\/elcotarro.com\/?p=1951#primaryimage\"},\"image\":{\"@id\":\"https:\/\/elcotarro.com\/?p=1951#primaryimage\"},\"thumbnailUrl\":\"https:\/\/elcotarro.com\/wp-content\/uploads\/2014\/12\/Bnn_Careca.jpg\",\"datePublished\":\"2015-11-15T11:01:55+00:00\",\"description\":\"Hoy me congratula acabar haci\u00e9ndome eco del reconocimiento internacional a otro de \\\"los nuestros\\\", el joven pero experimentado abogado tinerfe\u00f1o, Leopoldo\",\"breadcrumb\":{\"@id\":\"https:\/\/elcotarro.com\/?p=1951#breadcrumb\"},\"inLanguage\":\"es\",\"potentialAction\":[{\"@type\":\"ReadAction\",\"target\":[\"https:\/\/elcotarro.com\/?p=1951\"]}]},{\"@type\":\"ImageObject\",\"inLanguage\":\"es\",\"@id\":\"https:\/\/elcotarro.com\/?p=1951#primaryimage\",\"url\":\"https:\/\/elcotarro.com\/wp-content\/uploads\/2014\/12\/Bnn_Careca.jpg\",\"contentUrl\":\"https:\/\/elcotarro.com\/wp-content\/uploads\/2014\/12\/Bnn_Careca.jpg\",\"width\":750,\"height\":150},{\"@type\":\"BreadcrumbList\",\"@id\":\"https:\/\/elcotarro.com\/?p=1951#breadcrumb\",\"itemListElement\":[{\"@type\":\"ListItem\",\"position\":1,\"name\":\"Portada\",\"item\":\"https:\/\/elcotarro.com\/\"},{\"@type\":\"ListItem\",\"position\":2,\"name\":\"PRESTIGIO INTERNACIONAL\"}]},{\"@type\":\"WebSite\",\"@id\":\"https:\/\/elcotarro.com\/#website\",\"url\":\"https:\/\/elcotarro.com\/\",\"name\":\"El Cotarro\",\"description\":\"Peri\u00f3dico Digital Independiente dirigido por Jos\u00e9 Carlos Marrero\",\"publisher\":{\"@id\":\"https:\/\/elcotarro.com\/#organization\"},\"potentialAction\":[{\"@type\":\"SearchAction\",\"target\":{\"@type\":\"EntryPoint\",\"urlTemplate\":\"https:\/\/elcotarro.com\/?s={search_term_string}\"},\"query-input\":{\"@type\":\"PropertyValueSpecification\",\"valueRequired\":true,\"valueName\":\"search_term_string\"}}],\"inLanguage\":\"es\"},{\"@type\":\"Organization\",\"@id\":\"https:\/\/elcotarro.com\/#organization\",\"name\":\"El Cotarro\",\"url\":\"https:\/\/elcotarro.com\/\",\"logo\":{\"@type\":\"ImageObject\",\"inLanguage\":\"es\",\"@id\":\"https:\/\/elcotarro.com\/#\/schema\/logo\/image\/\",\"url\":\"https:\/\/elcotarro.com\/wp-content\/uploads\/2014\/09\/Cabecera_El_Cotarro_v2.jpg\",\"contentUrl\":\"https:\/\/elcotarro.com\/wp-content\/uploads\/2014\/09\/Cabecera_El_Cotarro_v2.jpg\",\"width\":3540,\"height\":441,\"caption\":\"El Cotarro\"},\"image\":{\"@id\":\"https:\/\/elcotarro.com\/#\/schema\/logo\/image\/\"},\"sameAs\":[\"https:\/\/www.facebook.com\/ElCotarro.Tenerife\"]},{\"@type\":\"Person\",\"@id\":\"https:\/\/elcotarro.com\/#\/schema\/person\/af537ee7d60d15984c7e0affcd8a918b\",\"name\":\"Jos\u00e9 Carlos Marrero Gonz\u00e1lez\",\"image\":{\"@type\":\"ImageObject\",\"inLanguage\":\"es\",\"@id\":\"https:\/\/elcotarro.com\/#\/schema\/person\/image\/\",\"url\":\"https:\/\/secure.gravatar.com\/avatar\/def4da036efb5d32c74d49c351f6dccc064dd69ad9f3aadc295c5a9a5391ca01?s=96&d=mm&r=g\",\"contentUrl\":\"https:\/\/secure.gravatar.com\/avatar\/def4da036efb5d32c74d49c351f6dccc064dd69ad9f3aadc295c5a9a5391ca01?s=96&d=mm&r=g\",\"caption\":\"Jos\u00e9 Carlos Marrero Gonz\u00e1lez\"},\"sameAs\":[\"https:\/\/elcotarro.com\"],\"url\":\"https:\/\/elcotarro.com\/?author=2\"}]}<\/script>\n<!-- \/ Yoast SEO plugin. -->","yoast_head_json":{"title":"PRESTIGIO INTERNACIONAL - El Cotarro","description":"Hoy me congratula acabar haci\u00e9ndome eco del reconocimiento internacional a otro de \"los nuestros\", el joven pero experimentado abogado tinerfe\u00f1o, Leopoldo","robots":{"index":"index","follow":"follow","max-snippet":"max-snippet:-1","max-image-preview":"max-image-preview:large","max-video-preview":"max-video-preview:-1"},"canonical":"https:\/\/elcotarro.com\/?p=1951","og_locale":"es_ES","og_type":"article","og_title":"PRESTIGIO INTERNACIONAL - El Cotarro","og_description":"Hoy me congratula acabar haci\u00e9ndome eco del reconocimiento internacional a otro de \"los nuestros\", el joven pero experimentado abogado tinerfe\u00f1o, Leopoldo","og_url":"https:\/\/elcotarro.com\/?p=1951","og_site_name":"El Cotarro","article_publisher":"https:\/\/www.facebook.com\/ElCotarro.Tenerife","article_published_time":"2015-11-15T11:01:55+00:00","og_image":[{"url":"https:\/\/elcotarro.com\/wp-content\/uploads\/2014\/12\/Bnn_Careca.jpg","type":"","width":"","height":""}],"author":"Jos\u00e9 Carlos Marrero Gonz\u00e1lez","twitter_misc":{"Escrito por":"Jos\u00e9 Carlos Marrero Gonz\u00e1lez","Tiempo de lectura":"1 minuto"},"schema":{"@context":"https:\/\/schema.org","@graph":[{"@type":"Article","@id":"https:\/\/elcotarro.com\/?p=1951#article","isPartOf":{"@id":"https:\/\/elcotarro.com\/?p=1951"},"author":{"name":"Jos\u00e9 Carlos Marrero Gonz\u00e1lez","@id":"https:\/\/elcotarro.com\/#\/schema\/person\/af537ee7d60d15984c7e0affcd8a918b"},"headline":"PRESTIGIO INTERNACIONAL","datePublished":"2015-11-15T11:01:55+00:00","mainEntityOfPage":{"@id":"https:\/\/elcotarro.com\/?p=1951"},"wordCount":290,"commentCount":0,"publisher":{"@id":"https:\/\/elcotarro.com\/#organization"},"image":{"@id":"https:\/\/elcotarro.com\/?p=1951#primaryimage"},"thumbnailUrl":"https:\/\/elcotarro.com\/wp-content\/uploads\/2014\/12\/Bnn_Careca.jpg","keywords":["Carlos Pinilla Dom\u00ednguez","C\u00e9sar Acosta Criado","Leopoldo C\u00f3logan Rodr\u00edguez de Azero"],"articleSection":["Sociedad"],"inLanguage":"es","potentialAction":[{"@type":"CommentAction","name":"Comment","target":["https:\/\/elcotarro.com\/?p=1951#respond"]}]},{"@type":"WebPage","@id":"https:\/\/elcotarro.com\/?p=1951","url":"https:\/\/elcotarro.com\/?p=1951","name":"PRESTIGIO INTERNACIONAL - El Cotarro","isPartOf":{"@id":"https:\/\/elcotarro.com\/#website"},"primaryImageOfPage":{"@id":"https:\/\/elcotarro.com\/?p=1951#primaryimage"},"image":{"@id":"https:\/\/elcotarro.com\/?p=1951#primaryimage"},"thumbnailUrl":"https:\/\/elcotarro.com\/wp-content\/uploads\/2014\/12\/Bnn_Careca.jpg","datePublished":"2015-11-15T11:01:55+00:00","description":"Hoy me congratula acabar haci\u00e9ndome eco del reconocimiento internacional a otro de \"los nuestros\", el joven pero experimentado abogado tinerfe\u00f1o, Leopoldo","breadcrumb":{"@id":"https:\/\/elcotarro.com\/?p=1951#breadcrumb"},"inLanguage":"es","potentialAction":[{"@type":"ReadAction","target":["https:\/\/elcotarro.com\/?p=1951"]}]},{"@type":"ImageObject","inLanguage":"es","@id":"https:\/\/elcotarro.com\/?p=1951#primaryimage","url":"https:\/\/elcotarro.com\/wp-content\/uploads\/2014\/12\/Bnn_Careca.jpg","contentUrl":"https:\/\/elcotarro.com\/wp-content\/uploads\/2014\/12\/Bnn_Careca.jpg","width":750,"height":150},{"@type":"BreadcrumbList","@id":"https:\/\/elcotarro.com\/?p=1951#breadcrumb","itemListElement":[{"@type":"ListItem","position":1,"name":"Portada","item":"https:\/\/elcotarro.com\/"},{"@type":"ListItem","position":2,"name":"PRESTIGIO INTERNACIONAL"}]},{"@type":"WebSite","@id":"https:\/\/elcotarro.com\/#website","url":"https:\/\/elcotarro.com\/","name":"El Cotarro","description":"Peri\u00f3dico Digital Independiente dirigido por Jos\u00e9 Carlos Marrero","publisher":{"@id":"https:\/\/elcotarro.com\/#organization"},"potentialAction":[{"@type":"SearchAction","target":{"@type":"EntryPoint","urlTemplate":"https:\/\/elcotarro.com\/?s={search_term_string}"},"query-input":{"@type":"PropertyValueSpecification","valueRequired":true,"valueName":"search_term_string"}}],"inLanguage":"es"},{"@type":"Organization","@id":"https:\/\/elcotarro.com\/#organization","name":"El Cotarro","url":"https:\/\/elcotarro.com\/","logo":{"@type":"ImageObject","inLanguage":"es","@id":"https:\/\/elcotarro.com\/#\/schema\/logo\/image\/","url":"https:\/\/elcotarro.com\/wp-content\/uploads\/2014\/09\/Cabecera_El_Cotarro_v2.jpg","contentUrl":"https:\/\/elcotarro.com\/wp-content\/uploads\/2014\/09\/Cabecera_El_Cotarro_v2.jpg","width":3540,"height":441,"caption":"El Cotarro"},"image":{"@id":"https:\/\/elcotarro.com\/#\/schema\/logo\/image\/"},"sameAs":["https:\/\/www.facebook.com\/ElCotarro.Tenerife"]},{"@type":"Person","@id":"https:\/\/elcotarro.com\/#\/schema\/person\/af537ee7d60d15984c7e0affcd8a918b","name":"Jos\u00e9 Carlos Marrero Gonz\u00e1lez","image":{"@type":"ImageObject","inLanguage":"es","@id":"https:\/\/elcotarro.com\/#\/schema\/person\/image\/","url":"https:\/\/secure.gravatar.com\/avatar\/def4da036efb5d32c74d49c351f6dccc064dd69ad9f3aadc295c5a9a5391ca01?s=96&d=mm&r=g","contentUrl":"https:\/\/secure.gravatar.com\/avatar\/def4da036efb5d32c74d49c351f6dccc064dd69ad9f3aadc295c5a9a5391ca01?s=96&d=mm&r=g","caption":"Jos\u00e9 Carlos Marrero Gonz\u00e1lez"},"sameAs":["https:\/\/elcotarro.com"],"url":"https:\/\/elcotarro.com\/?author=2"}]}},"jetpack_featured_media_url":"","jetpack_sharing_enabled":true,"_links":{"self":[{"href":"https:\/\/elcotarro.com\/index.php?rest_route=\/wp\/v2\/posts\/1951","targetHints":{"allow":["GET"]}}],"collection":[{"href":"https:\/\/elcotarro.com\/index.php?rest_route=\/wp\/v2\/posts"}],"about":[{"href":"https:\/\/elcotarro.com\/index.php?rest_route=\/wp\/v2\/types\/post"}],"author":[{"embeddable":true,"href":"https:\/\/elcotarro.com\/index.php?rest_route=\/wp\/v2\/users\/2"}],"replies":[{"embeddable":true,"href":"https:\/\/elcotarro.com\/index.php?rest_route=%2Fwp%2Fv2%2Fcomments&post=1951"}],"version-history":[{"count":3,"href":"https:\/\/elcotarro.com\/index.php?rest_route=\/wp\/v2\/posts\/1951\/revisions"}],"predecessor-version":[{"id":1955,"href":"https:\/\/elcotarro.com\/index.php?rest_route=\/wp\/v2\/posts\/1951\/revisions\/1955"}],"wp:attachment":[{"href":"https:\/\/elcotarro.com\/index.php?rest_route=%2Fwp%2Fv2%2Fmedia&parent=1951"}],"wp:term":[{"taxonomy":"category","embeddable":true,"href":"https:\/\/elcotarro.com\/index.php?rest_route=%2Fwp%2Fv2%2Fcategories&post=1951"},{"taxonomy":"post_tag","embeddable":true,"href":"https:\/\/elcotarro.com\/index.php?rest_route=%2Fwp%2Fv2%2Ftags&post=1951"}],"curies":[{"name":"wp","href":"https:\/\/api.w.org\/{rel}","templated":true}]}}