{"id":1969,"date":"2015-11-15T11:06:51","date_gmt":"2015-11-15T11:06:51","guid":{"rendered":"https:\/\/elcotarro.com\/?p=1969"},"modified":"2015-11-15T10:35:20","modified_gmt":"2015-11-15T10:35:20","slug":"mirando-hacia-atras-con-olor-a-gasolina","status":"publish","type":"post","link":"https:\/\/elcotarro.com\/?p=1969","title":{"rendered":"MIRANDO HACIA ATR\u00c1S CON OLOR A GASOLINA"},"content":{"rendered":"<p>\u2666 Comienzo El Cotarro dominical de hoy de la misma manera con la que termin\u00e9 el pasado domingo: el que avisa no es traidor. Les adelanto que el pr\u00f3ximo viernes, 20N, en un punto medio secreto y no especificado de la zona Valle Jim\u00e9nez, va a tener lugar un encuentro que, sin duda, ya me atrevo a catalogar como \u201cautomovil\u00edsticamente hist\u00f3rico\u201d. Por culpa de <strong>Francisco Guerrero Sanluis \u201cEl Quijo\u201d<\/strong> (promotor de la idea, como no podr\u00eda ser de otra manera) se van a reunir un centenar de \u201cviejas glorias\u201d (con perd\u00f3n) del automovilismo tinerfe\u00f1o, para juntos recordar historias, vivencias y an\u00e9cdotas de los \u00faltimos 75 a\u00f1os del fant\u00e1stico mundo del motor en Tenerife. Yo mismo tendr\u00e9 la oportunidad de recordar que en el a\u00f1o 1979 comenc\u00e9 en este apasionante mundo del periodismo de la mano del automovilismo con el programa \u201cEl fant\u00e1stico mundo del motor\u201d, que se emit\u00eda desde los estudios de Radio Club Tenerife (EAJ-43) en la calle Su\u00e1rez Guerra, con <strong>Juan Rolo<\/strong> en el control de realizaci\u00f3n y <strong>Paco Padr\u00f3n Garc\u00eda<\/strong> como el director m\u00e1s joven de la SER en Espa\u00f1a.<\/p>\n<p><a href=\"https:\/\/elcotarro.com\/wp-content\/uploads\/2015\/11\/FOTO-1.-Salida-del-Rallye-de-Santa-Cruz.jpg\"><img loading=\"lazy\" decoding=\"async\" class=\"aligncenter size-large wp-image-1970\" src=\"https:\/\/elcotarro.com\/wp-content\/uploads\/2015\/11\/FOTO-1.-Salida-del-Rallye-de-Santa-Cruz-1024x697.jpg\" alt=\"FOTO 1.- Salida del Rallye de Santa Cruz\" width=\"1024\" height=\"697\" srcset=\"https:\/\/elcotarro.com\/wp-content\/uploads\/2015\/11\/FOTO-1.-Salida-del-Rallye-de-Santa-Cruz-1024x697.jpg 1024w, https:\/\/elcotarro.com\/wp-content\/uploads\/2015\/11\/FOTO-1.-Salida-del-Rallye-de-Santa-Cruz-300x204.jpg 300w, https:\/\/elcotarro.com\/wp-content\/uploads\/2015\/11\/FOTO-1.-Salida-del-Rallye-de-Santa-Cruz.jpg 1081w\" sizes=\"auto, (max-width: 1024px) 100vw, 1024px\" \/><\/a><\/p>\n<p class=\"comentario\" style=\"text-align: center;\">Salida de un rallye de Santa Cruz en la Avenida de Madrid. A la izquierda Armando Sigut, cronometrando, y a la derecha el menda, transmitiendo para Radio Club.<\/p>\n","protected":false},"excerpt":{"rendered":"<p>\u2666 Comienzo El Cotarro dominical de hoy de la misma manera con la que termin\u00e9 el pasado domingo: el que avisa no es traidor. Les adelanto que el pr\u00f3ximo viernes, 20N, en un punto medio secreto y no especificado de la zona Valle Jim\u00e9nez, va a tener lugar un encuentro que, sin duda, ya me &#8230; <a class=\"read-more\" href=\"https:\/\/elcotarro.com\/?p=1969\">Read more<\/a><\/p>\n","protected":false},"author":2,"featured_media":0,"comment_status":"open","ping_status":"open","sticky":false,"template":"","format":"standard","meta":{"_jetpack_memberships_contains_paid_content":false,"footnotes":""},"categories":[43],"tags":[953,954,955],"class_list":["post-1969","post","type-post","status-publish","format-standard","hentry","category-sociedad","tag-francisco-guerrero-sanluis-el-quijo","tag-juan-rolo","tag-paco-padron-garcia"],"yoast_head":"<!-- This site is optimized with the Yoast SEO plugin v27.0 - https:\/\/yoast.com\/product\/yoast-seo-wordpress\/ -->\n<title>MIRANDO HACIA ATR\u00c1S CON OLOR A GASOLINA - El Cota<\/title>\n<meta name=\"description\" content=\"Comienzo El Cotarro dominical de hoy de la misma manera con la que termin\u00e9 el pasado domingo: el que avisa no es traidor. Les adelanto que el pr\u00f3ximo vier\" \/>\n<meta name=\"robots\" content=\"index, follow, max-snippet:-1, max-image-preview:large, max-video-preview:-1\" \/>\n<link rel=\"canonical\" href=\"https:\/\/elcotarro.com\/?p=1969\" \/>\n<meta property=\"og:locale\" content=\"es_ES\" \/>\n<meta property=\"og:type\" content=\"article\" \/>\n<meta property=\"og:title\" content=\"MIRANDO HACIA ATR\u00c1S CON OLOR A GASOLINA - El Cota\" \/>\n<meta property=\"og:description\" content=\"Comienzo El Cotarro dominical de hoy de la misma manera con la que termin\u00e9 el pasado domingo: el que avisa no es traidor. Les adelanto que el pr\u00f3ximo vier\" \/>\n<meta property=\"og:url\" content=\"https:\/\/elcotarro.com\/?p=1969\" \/>\n<meta property=\"og:site_name\" content=\"El Cotarro\" \/>\n<meta property=\"article:publisher\" content=\"https:\/\/www.facebook.com\/ElCotarro.Tenerife\" \/>\n<meta property=\"article:published_time\" content=\"2015-11-15T11:06:51+00:00\" \/>\n<meta property=\"og:image\" content=\"https:\/\/elcotarro.com\/wp-content\/uploads\/2015\/11\/FOTO-1.-Salida-del-Rallye-de-Santa-Cruz-1024x697.jpg\" \/>\n<meta name=\"author\" content=\"Jos\u00e9 Carlos Marrero Gonz\u00e1lez\" \/>\n<meta name=\"twitter:label1\" content=\"Escrito por\" \/>\n\t<meta name=\"twitter:data1\" content=\"Jos\u00e9 Carlos Marrero Gonz\u00e1lez\" \/>\n\t<meta name=\"twitter:label2\" content=\"Tiempo de lectura\" \/>\n\t<meta name=\"twitter:data2\" content=\"1 minuto\" \/>\n<script type=\"application\/ld+json\" class=\"yoast-schema-graph\">{\"@context\":\"https:\/\/schema.org\",\"@graph\":[{\"@type\":\"Article\",\"@id\":\"https:\/\/elcotarro.com\/?p=1969#article\",\"isPartOf\":{\"@id\":\"https:\/\/elcotarro.com\/?p=1969\"},\"author\":{\"name\":\"Jos\u00e9 Carlos Marrero Gonz\u00e1lez\",\"@id\":\"https:\/\/elcotarro.com\/#\/schema\/person\/af537ee7d60d15984c7e0affcd8a918b\"},\"headline\":\"MIRANDO HACIA ATR\u00c1S CON OLOR A GASOLINA\",\"datePublished\":\"2015-11-15T11:06:51+00:00\",\"mainEntityOfPage\":{\"@id\":\"https:\/\/elcotarro.com\/?p=1969\"},\"wordCount\":235,\"commentCount\":0,\"publisher\":{\"@id\":\"https:\/\/elcotarro.com\/#organization\"},\"image\":{\"@id\":\"https:\/\/elcotarro.com\/?p=1969#primaryimage\"},\"thumbnailUrl\":\"https:\/\/elcotarro.com\/wp-content\/uploads\/2015\/11\/FOTO-1.-Salida-del-Rallye-de-Santa-Cruz-1024x697.jpg\",\"keywords\":[\"Francisco Guerrero Sanluis \u201cEl Quijo\u201d\",\"Juan Rolo\",\"Paco Padr\u00f3n Garc\u00eda\"],\"articleSection\":[\"Sociedad\"],\"inLanguage\":\"es\",\"potentialAction\":[{\"@type\":\"CommentAction\",\"name\":\"Comment\",\"target\":[\"https:\/\/elcotarro.com\/?p=1969#respond\"]}]},{\"@type\":\"WebPage\",\"@id\":\"https:\/\/elcotarro.com\/?p=1969\",\"url\":\"https:\/\/elcotarro.com\/?p=1969\",\"name\":\"MIRANDO HACIA ATR\u00c1S CON OLOR A GASOLINA - El Cota\",\"isPartOf\":{\"@id\":\"https:\/\/elcotarro.com\/#website\"},\"primaryImageOfPage\":{\"@id\":\"https:\/\/elcotarro.com\/?p=1969#primaryimage\"},\"image\":{\"@id\":\"https:\/\/elcotarro.com\/?p=1969#primaryimage\"},\"thumbnailUrl\":\"https:\/\/elcotarro.com\/wp-content\/uploads\/2015\/11\/FOTO-1.-Salida-del-Rallye-de-Santa-Cruz-1024x697.jpg\",\"datePublished\":\"2015-11-15T11:06:51+00:00\",\"description\":\"Comienzo El Cotarro dominical de hoy de la misma manera con la que termin\u00e9 el pasado domingo: el que avisa no es traidor. Les adelanto que el pr\u00f3ximo vier\",\"breadcrumb\":{\"@id\":\"https:\/\/elcotarro.com\/?p=1969#breadcrumb\"},\"inLanguage\":\"es\",\"potentialAction\":[{\"@type\":\"ReadAction\",\"target\":[\"https:\/\/elcotarro.com\/?p=1969\"]}]},{\"@type\":\"ImageObject\",\"inLanguage\":\"es\",\"@id\":\"https:\/\/elcotarro.com\/?p=1969#primaryimage\",\"url\":\"https:\/\/elcotarro.com\/wp-content\/uploads\/2015\/11\/FOTO-1.-Salida-del-Rallye-de-Santa-Cruz.jpg\",\"contentUrl\":\"https:\/\/elcotarro.com\/wp-content\/uploads\/2015\/11\/FOTO-1.-Salida-del-Rallye-de-Santa-Cruz.jpg\",\"width\":1081,\"height\":736},{\"@type\":\"BreadcrumbList\",\"@id\":\"https:\/\/elcotarro.com\/?p=1969#breadcrumb\",\"itemListElement\":[{\"@type\":\"ListItem\",\"position\":1,\"name\":\"Portada\",\"item\":\"https:\/\/elcotarro.com\/\"},{\"@type\":\"ListItem\",\"position\":2,\"name\":\"MIRANDO HACIA ATR\u00c1S CON OLOR A GASOLINA\"}]},{\"@type\":\"WebSite\",\"@id\":\"https:\/\/elcotarro.com\/#website\",\"url\":\"https:\/\/elcotarro.com\/\",\"name\":\"El Cotarro\",\"description\":\"Peri\u00f3dico Digital Independiente dirigido por Jos\u00e9 Carlos Marrero\",\"publisher\":{\"@id\":\"https:\/\/elcotarro.com\/#organization\"},\"potentialAction\":[{\"@type\":\"SearchAction\",\"target\":{\"@type\":\"EntryPoint\",\"urlTemplate\":\"https:\/\/elcotarro.com\/?s={search_term_string}\"},\"query-input\":{\"@type\":\"PropertyValueSpecification\",\"valueRequired\":true,\"valueName\":\"search_term_string\"}}],\"inLanguage\":\"es\"},{\"@type\":\"Organization\",\"@id\":\"https:\/\/elcotarro.com\/#organization\",\"name\":\"El Cotarro\",\"url\":\"https:\/\/elcotarro.com\/\",\"logo\":{\"@type\":\"ImageObject\",\"inLanguage\":\"es\",\"@id\":\"https:\/\/elcotarro.com\/#\/schema\/logo\/image\/\",\"url\":\"https:\/\/elcotarro.com\/wp-content\/uploads\/2014\/09\/Cabecera_El_Cotarro_v2.jpg\",\"contentUrl\":\"https:\/\/elcotarro.com\/wp-content\/uploads\/2014\/09\/Cabecera_El_Cotarro_v2.jpg\",\"width\":3540,\"height\":441,\"caption\":\"El Cotarro\"},\"image\":{\"@id\":\"https:\/\/elcotarro.com\/#\/schema\/logo\/image\/\"},\"sameAs\":[\"https:\/\/www.facebook.com\/ElCotarro.Tenerife\"]},{\"@type\":\"Person\",\"@id\":\"https:\/\/elcotarro.com\/#\/schema\/person\/af537ee7d60d15984c7e0affcd8a918b\",\"name\":\"Jos\u00e9 Carlos Marrero Gonz\u00e1lez\",\"image\":{\"@type\":\"ImageObject\",\"inLanguage\":\"es\",\"@id\":\"https:\/\/elcotarro.com\/#\/schema\/person\/image\/\",\"url\":\"https:\/\/secure.gravatar.com\/avatar\/def4da036efb5d32c74d49c351f6dccc064dd69ad9f3aadc295c5a9a5391ca01?s=96&d=mm&r=g\",\"contentUrl\":\"https:\/\/secure.gravatar.com\/avatar\/def4da036efb5d32c74d49c351f6dccc064dd69ad9f3aadc295c5a9a5391ca01?s=96&d=mm&r=g\",\"caption\":\"Jos\u00e9 Carlos Marrero Gonz\u00e1lez\"},\"sameAs\":[\"https:\/\/elcotarro.com\"],\"url\":\"https:\/\/elcotarro.com\/?author=2\"}]}<\/script>\n<!-- \/ Yoast SEO plugin. -->","yoast_head_json":{"title":"MIRANDO HACIA ATR\u00c1S CON OLOR A GASOLINA - El Cota","description":"Comienzo El Cotarro dominical de hoy de la misma manera con la que termin\u00e9 el pasado domingo: el que avisa no es traidor. Les adelanto que el pr\u00f3ximo vier","robots":{"index":"index","follow":"follow","max-snippet":"max-snippet:-1","max-image-preview":"max-image-preview:large","max-video-preview":"max-video-preview:-1"},"canonical":"https:\/\/elcotarro.com\/?p=1969","og_locale":"es_ES","og_type":"article","og_title":"MIRANDO HACIA ATR\u00c1S CON OLOR A GASOLINA - El Cota","og_description":"Comienzo El Cotarro dominical de hoy de la misma manera con la que termin\u00e9 el pasado domingo: el que avisa no es traidor. Les adelanto que el pr\u00f3ximo vier","og_url":"https:\/\/elcotarro.com\/?p=1969","og_site_name":"El Cotarro","article_publisher":"https:\/\/www.facebook.com\/ElCotarro.Tenerife","article_published_time":"2015-11-15T11:06:51+00:00","og_image":[{"url":"https:\/\/elcotarro.com\/wp-content\/uploads\/2015\/11\/FOTO-1.-Salida-del-Rallye-de-Santa-Cruz-1024x697.jpg","type":"","width":"","height":""}],"author":"Jos\u00e9 Carlos Marrero Gonz\u00e1lez","twitter_misc":{"Escrito por":"Jos\u00e9 Carlos Marrero Gonz\u00e1lez","Tiempo de lectura":"1 minuto"},"schema":{"@context":"https:\/\/schema.org","@graph":[{"@type":"Article","@id":"https:\/\/elcotarro.com\/?p=1969#article","isPartOf":{"@id":"https:\/\/elcotarro.com\/?p=1969"},"author":{"name":"Jos\u00e9 Carlos Marrero Gonz\u00e1lez","@id":"https:\/\/elcotarro.com\/#\/schema\/person\/af537ee7d60d15984c7e0affcd8a918b"},"headline":"MIRANDO HACIA ATR\u00c1S CON OLOR A GASOLINA","datePublished":"2015-11-15T11:06:51+00:00","mainEntityOfPage":{"@id":"https:\/\/elcotarro.com\/?p=1969"},"wordCount":235,"commentCount":0,"publisher":{"@id":"https:\/\/elcotarro.com\/#organization"},"image":{"@id":"https:\/\/elcotarro.com\/?p=1969#primaryimage"},"thumbnailUrl":"https:\/\/elcotarro.com\/wp-content\/uploads\/2015\/11\/FOTO-1.-Salida-del-Rallye-de-Santa-Cruz-1024x697.jpg","keywords":["Francisco Guerrero Sanluis \u201cEl Quijo\u201d","Juan Rolo","Paco Padr\u00f3n Garc\u00eda"],"articleSection":["Sociedad"],"inLanguage":"es","potentialAction":[{"@type":"CommentAction","name":"Comment","target":["https:\/\/elcotarro.com\/?p=1969#respond"]}]},{"@type":"WebPage","@id":"https:\/\/elcotarro.com\/?p=1969","url":"https:\/\/elcotarro.com\/?p=1969","name":"MIRANDO HACIA ATR\u00c1S CON OLOR A GASOLINA - El Cota","isPartOf":{"@id":"https:\/\/elcotarro.com\/#website"},"primaryImageOfPage":{"@id":"https:\/\/elcotarro.com\/?p=1969#primaryimage"},"image":{"@id":"https:\/\/elcotarro.com\/?p=1969#primaryimage"},"thumbnailUrl":"https:\/\/elcotarro.com\/wp-content\/uploads\/2015\/11\/FOTO-1.-Salida-del-Rallye-de-Santa-Cruz-1024x697.jpg","datePublished":"2015-11-15T11:06:51+00:00","description":"Comienzo El Cotarro dominical de hoy de la misma manera con la que termin\u00e9 el pasado domingo: el que avisa no es traidor. Les adelanto que el pr\u00f3ximo vier","breadcrumb":{"@id":"https:\/\/elcotarro.com\/?p=1969#breadcrumb"},"inLanguage":"es","potentialAction":[{"@type":"ReadAction","target":["https:\/\/elcotarro.com\/?p=1969"]}]},{"@type":"ImageObject","inLanguage":"es","@id":"https:\/\/elcotarro.com\/?p=1969#primaryimage","url":"https:\/\/elcotarro.com\/wp-content\/uploads\/2015\/11\/FOTO-1.-Salida-del-Rallye-de-Santa-Cruz.jpg","contentUrl":"https:\/\/elcotarro.com\/wp-content\/uploads\/2015\/11\/FOTO-1.-Salida-del-Rallye-de-Santa-Cruz.jpg","width":1081,"height":736},{"@type":"BreadcrumbList","@id":"https:\/\/elcotarro.com\/?p=1969#breadcrumb","itemListElement":[{"@type":"ListItem","position":1,"name":"Portada","item":"https:\/\/elcotarro.com\/"},{"@type":"ListItem","position":2,"name":"MIRANDO HACIA ATR\u00c1S CON OLOR A GASOLINA"}]},{"@type":"WebSite","@id":"https:\/\/elcotarro.com\/#website","url":"https:\/\/elcotarro.com\/","name":"El Cotarro","description":"Peri\u00f3dico Digital Independiente dirigido por Jos\u00e9 Carlos Marrero","publisher":{"@id":"https:\/\/elcotarro.com\/#organization"},"potentialAction":[{"@type":"SearchAction","target":{"@type":"EntryPoint","urlTemplate":"https:\/\/elcotarro.com\/?s={search_term_string}"},"query-input":{"@type":"PropertyValueSpecification","valueRequired":true,"valueName":"search_term_string"}}],"inLanguage":"es"},{"@type":"Organization","@id":"https:\/\/elcotarro.com\/#organization","name":"El Cotarro","url":"https:\/\/elcotarro.com\/","logo":{"@type":"ImageObject","inLanguage":"es","@id":"https:\/\/elcotarro.com\/#\/schema\/logo\/image\/","url":"https:\/\/elcotarro.com\/wp-content\/uploads\/2014\/09\/Cabecera_El_Cotarro_v2.jpg","contentUrl":"https:\/\/elcotarro.com\/wp-content\/uploads\/2014\/09\/Cabecera_El_Cotarro_v2.jpg","width":3540,"height":441,"caption":"El Cotarro"},"image":{"@id":"https:\/\/elcotarro.com\/#\/schema\/logo\/image\/"},"sameAs":["https:\/\/www.facebook.com\/ElCotarro.Tenerife"]},{"@type":"Person","@id":"https:\/\/elcotarro.com\/#\/schema\/person\/af537ee7d60d15984c7e0affcd8a918b","name":"Jos\u00e9 Carlos Marrero Gonz\u00e1lez","image":{"@type":"ImageObject","inLanguage":"es","@id":"https:\/\/elcotarro.com\/#\/schema\/person\/image\/","url":"https:\/\/secure.gravatar.com\/avatar\/def4da036efb5d32c74d49c351f6dccc064dd69ad9f3aadc295c5a9a5391ca01?s=96&d=mm&r=g","contentUrl":"https:\/\/secure.gravatar.com\/avatar\/def4da036efb5d32c74d49c351f6dccc064dd69ad9f3aadc295c5a9a5391ca01?s=96&d=mm&r=g","caption":"Jos\u00e9 Carlos Marrero Gonz\u00e1lez"},"sameAs":["https:\/\/elcotarro.com"],"url":"https:\/\/elcotarro.com\/?author=2"}]}},"jetpack_featured_media_url":"","jetpack_sharing_enabled":true,"_links":{"self":[{"href":"https:\/\/elcotarro.com\/index.php?rest_route=\/wp\/v2\/posts\/1969","targetHints":{"allow":["GET"]}}],"collection":[{"href":"https:\/\/elcotarro.com\/index.php?rest_route=\/wp\/v2\/posts"}],"about":[{"href":"https:\/\/elcotarro.com\/index.php?rest_route=\/wp\/v2\/types\/post"}],"author":[{"embeddable":true,"href":"https:\/\/elcotarro.com\/index.php?rest_route=\/wp\/v2\/users\/2"}],"replies":[{"embeddable":true,"href":"https:\/\/elcotarro.com\/index.php?rest_route=%2Fwp%2Fv2%2Fcomments&post=1969"}],"version-history":[{"count":1,"href":"https:\/\/elcotarro.com\/index.php?rest_route=\/wp\/v2\/posts\/1969\/revisions"}],"predecessor-version":[{"id":1971,"href":"https:\/\/elcotarro.com\/index.php?rest_route=\/wp\/v2\/posts\/1969\/revisions\/1971"}],"wp:attachment":[{"href":"https:\/\/elcotarro.com\/index.php?rest_route=%2Fwp%2Fv2%2Fmedia&parent=1969"}],"wp:term":[{"taxonomy":"category","embeddable":true,"href":"https:\/\/elcotarro.com\/index.php?rest_route=%2Fwp%2Fv2%2Fcategories&post=1969"},{"taxonomy":"post_tag","embeddable":true,"href":"https:\/\/elcotarro.com\/index.php?rest_route=%2Fwp%2Fv2%2Ftags&post=1969"}],"curies":[{"name":"wp","href":"https:\/\/api.w.org\/{rel}","templated":true}]}}