{"id":1984,"date":"2015-11-22T11:04:09","date_gmt":"2015-11-22T11:04:09","guid":{"rendered":"https:\/\/elcotarro.com\/?p=1984"},"modified":"2015-11-22T00:41:24","modified_gmt":"2015-11-22T00:41:24","slug":"casimiro-curbelo-muy-agradecido","status":"publish","type":"post","link":"https:\/\/elcotarro.com\/?p=1984","title":{"rendered":"CASIMIRO CURBELO, MUY AGRADECIDO"},"content":{"rendered":"<p>\u2666 Si es cierto aquello de que, <em>\u201ces de bien nacido el ser agradecido\u201d<\/em> el incansable socialista <strong>Casimiro Curbelo Curbelo<\/strong> actual presidente del Cabildo Insular de La Gomera, l\u00edder de la nueva Agrupaci\u00f3n Socialista Gomera (ASG) y gracias a ella diputado regional en el Parlamento de Canarias, es bien nacido por partida doble&#8230; Lo digo porque se ha \u201cpegado\u201d dos tremendas invitaciones en forma de comidas multitudinarias, para agradecer a las gomeras y gomeros residentes en Tenerife (pero imagino que empadronados en La Gomera) su apoyo incondicional y, supongo, su voto en las pasadas elecciones locales.<\/p>\n<p><a href=\"https:\/\/elcotarro.com\/wp-content\/uploads\/2015\/11\/FOTO-3.-Casimiro-Curbelo-Curbelo.jpg\"><img loading=\"lazy\" decoding=\"async\" class=\"aligncenter size-large wp-image-1986\" src=\"https:\/\/elcotarro.com\/wp-content\/uploads\/2015\/11\/FOTO-3.-Casimiro-Curbelo-Curbelo-1024x791.jpg\" alt=\"FOTO 3.- Casimiro Curbelo Curbelo\" width=\"1024\" height=\"791\" srcset=\"https:\/\/elcotarro.com\/wp-content\/uploads\/2015\/11\/FOTO-3.-Casimiro-Curbelo-Curbelo-1024x791.jpg 1024w, https:\/\/elcotarro.com\/wp-content\/uploads\/2015\/11\/FOTO-3.-Casimiro-Curbelo-Curbelo-300x232.jpg 300w\" sizes=\"auto, (max-width: 1024px) 100vw, 1024px\" \/><\/a><\/p>\n<p class=\"comentario\" style=\"text-align: center;\">Casimiro Curbelo Curbelo: gomero, presidente, l\u00edder y\u2026 muy agradecido.<\/p>\n","protected":false},"excerpt":{"rendered":"<p>\u2666 Si es cierto aquello de que, \u201ces de bien nacido el ser agradecido\u201d el incansable socialista Casimiro Curbelo Curbelo actual presidente del Cabildo Insular de La Gomera, l\u00edder de la nueva Agrupaci\u00f3n Socialista Gomera (ASG) y gracias a ella diputado regional en el Parlamento de Canarias, es bien nacido por partida doble&#8230; Lo digo &#8230; <a class=\"read-more\" href=\"https:\/\/elcotarro.com\/?p=1984\">Read more<\/a><\/p>\n","protected":false},"author":2,"featured_media":0,"comment_status":"open","ping_status":"open","sticky":false,"template":"","format":"standard","meta":{"_jetpack_memberships_contains_paid_content":false,"footnotes":""},"categories":[7],"tags":[600],"class_list":["post-1984","post","type-post","status-publish","format-standard","hentry","category-politica","tag-casimiro-curbelo"],"yoast_head":"<!-- This site is optimized with the Yoast SEO plugin v27.0 - https:\/\/yoast.com\/product\/yoast-seo-wordpress\/ -->\n<title>CASIMIRO CURBELO, MUY AGRADECIDO - El Cotarro<\/title>\n<meta name=\"description\" content=\"Si es cierto aquello de que, \u201ces de bien nacido el ser agradecido\u201d el incansable socialista Casimiro Curbelo Curbelo actual presidente del Cabildo Insular\" \/>\n<meta name=\"robots\" content=\"index, follow, max-snippet:-1, max-image-preview:large, max-video-preview:-1\" \/>\n<link rel=\"canonical\" href=\"https:\/\/elcotarro.com\/?p=1984\" \/>\n<meta property=\"og:locale\" content=\"es_ES\" \/>\n<meta property=\"og:type\" content=\"article\" \/>\n<meta property=\"og:title\" content=\"CASIMIRO CURBELO, MUY AGRADECIDO - El Cotarro\" \/>\n<meta property=\"og:description\" content=\"Si es cierto aquello de que, \u201ces de bien nacido el ser agradecido\u201d el incansable socialista Casimiro Curbelo Curbelo actual presidente del Cabildo Insular\" \/>\n<meta property=\"og:url\" content=\"https:\/\/elcotarro.com\/?p=1984\" \/>\n<meta property=\"og:site_name\" content=\"El Cotarro\" \/>\n<meta property=\"article:publisher\" content=\"https:\/\/www.facebook.com\/ElCotarro.Tenerife\" \/>\n<meta property=\"article:published_time\" content=\"2015-11-22T11:04:09+00:00\" \/>\n<meta property=\"og:image\" content=\"https:\/\/elcotarro.com\/wp-content\/uploads\/2015\/11\/FOTO-3.-Casimiro-Curbelo-Curbelo-1024x791.jpg\" \/>\n<meta name=\"author\" content=\"Jos\u00e9 Carlos Marrero Gonz\u00e1lez\" \/>\n<meta name=\"twitter:label1\" content=\"Escrito por\" \/>\n\t<meta name=\"twitter:data1\" content=\"Jos\u00e9 Carlos Marrero Gonz\u00e1lez\" \/>\n\t<meta name=\"twitter:label2\" content=\"Tiempo de lectura\" \/>\n\t<meta name=\"twitter:data2\" content=\"1 minuto\" \/>\n<script type=\"application\/ld+json\" class=\"yoast-schema-graph\">{\"@context\":\"https:\/\/schema.org\",\"@graph\":[{\"@type\":\"Article\",\"@id\":\"https:\/\/elcotarro.com\/?p=1984#article\",\"isPartOf\":{\"@id\":\"https:\/\/elcotarro.com\/?p=1984\"},\"author\":{\"name\":\"Jos\u00e9 Carlos Marrero Gonz\u00e1lez\",\"@id\":\"https:\/\/elcotarro.com\/#\/schema\/person\/af537ee7d60d15984c7e0affcd8a918b\"},\"headline\":\"CASIMIRO CURBELO, MUY AGRADECIDO\",\"datePublished\":\"2015-11-22T11:04:09+00:00\",\"mainEntityOfPage\":{\"@id\":\"https:\/\/elcotarro.com\/?p=1984\"},\"wordCount\":111,\"commentCount\":0,\"publisher\":{\"@id\":\"https:\/\/elcotarro.com\/#organization\"},\"image\":{\"@id\":\"https:\/\/elcotarro.com\/?p=1984#primaryimage\"},\"thumbnailUrl\":\"https:\/\/elcotarro.com\/wp-content\/uploads\/2015\/11\/FOTO-3.-Casimiro-Curbelo-Curbelo-1024x791.jpg\",\"keywords\":[\"Casimiro Curbelo\"],\"articleSection\":[\"Pol\u00edtica\"],\"inLanguage\":\"es\",\"potentialAction\":[{\"@type\":\"CommentAction\",\"name\":\"Comment\",\"target\":[\"https:\/\/elcotarro.com\/?p=1984#respond\"]}]},{\"@type\":\"WebPage\",\"@id\":\"https:\/\/elcotarro.com\/?p=1984\",\"url\":\"https:\/\/elcotarro.com\/?p=1984\",\"name\":\"CASIMIRO CURBELO, MUY AGRADECIDO - El Cotarro\",\"isPartOf\":{\"@id\":\"https:\/\/elcotarro.com\/#website\"},\"primaryImageOfPage\":{\"@id\":\"https:\/\/elcotarro.com\/?p=1984#primaryimage\"},\"image\":{\"@id\":\"https:\/\/elcotarro.com\/?p=1984#primaryimage\"},\"thumbnailUrl\":\"https:\/\/elcotarro.com\/wp-content\/uploads\/2015\/11\/FOTO-3.-Casimiro-Curbelo-Curbelo-1024x791.jpg\",\"datePublished\":\"2015-11-22T11:04:09+00:00\",\"description\":\"Si es cierto aquello de que, \u201ces de bien nacido el ser agradecido\u201d el incansable socialista Casimiro Curbelo Curbelo actual presidente del Cabildo Insular\",\"breadcrumb\":{\"@id\":\"https:\/\/elcotarro.com\/?p=1984#breadcrumb\"},\"inLanguage\":\"es\",\"potentialAction\":[{\"@type\":\"ReadAction\",\"target\":[\"https:\/\/elcotarro.com\/?p=1984\"]}]},{\"@type\":\"ImageObject\",\"inLanguage\":\"es\",\"@id\":\"https:\/\/elcotarro.com\/?p=1984#primaryimage\",\"url\":\"https:\/\/elcotarro.com\/wp-content\/uploads\/2015\/11\/FOTO-3.-Casimiro-Curbelo-Curbelo.jpg\",\"contentUrl\":\"https:\/\/elcotarro.com\/wp-content\/uploads\/2015\/11\/FOTO-3.-Casimiro-Curbelo-Curbelo.jpg\",\"width\":3597,\"height\":2779},{\"@type\":\"BreadcrumbList\",\"@id\":\"https:\/\/elcotarro.com\/?p=1984#breadcrumb\",\"itemListElement\":[{\"@type\":\"ListItem\",\"position\":1,\"name\":\"Portada\",\"item\":\"https:\/\/elcotarro.com\/\"},{\"@type\":\"ListItem\",\"position\":2,\"name\":\"CASIMIRO CURBELO, MUY AGRADECIDO\"}]},{\"@type\":\"WebSite\",\"@id\":\"https:\/\/elcotarro.com\/#website\",\"url\":\"https:\/\/elcotarro.com\/\",\"name\":\"El Cotarro\",\"description\":\"Peri\u00f3dico Digital Independiente dirigido por Jos\u00e9 Carlos Marrero\",\"publisher\":{\"@id\":\"https:\/\/elcotarro.com\/#organization\"},\"potentialAction\":[{\"@type\":\"SearchAction\",\"target\":{\"@type\":\"EntryPoint\",\"urlTemplate\":\"https:\/\/elcotarro.com\/?s={search_term_string}\"},\"query-input\":{\"@type\":\"PropertyValueSpecification\",\"valueRequired\":true,\"valueName\":\"search_term_string\"}}],\"inLanguage\":\"es\"},{\"@type\":\"Organization\",\"@id\":\"https:\/\/elcotarro.com\/#organization\",\"name\":\"El Cotarro\",\"url\":\"https:\/\/elcotarro.com\/\",\"logo\":{\"@type\":\"ImageObject\",\"inLanguage\":\"es\",\"@id\":\"https:\/\/elcotarro.com\/#\/schema\/logo\/image\/\",\"url\":\"https:\/\/elcotarro.com\/wp-content\/uploads\/2014\/09\/Cabecera_El_Cotarro_v2.jpg\",\"contentUrl\":\"https:\/\/elcotarro.com\/wp-content\/uploads\/2014\/09\/Cabecera_El_Cotarro_v2.jpg\",\"width\":3540,\"height\":441,\"caption\":\"El Cotarro\"},\"image\":{\"@id\":\"https:\/\/elcotarro.com\/#\/schema\/logo\/image\/\"},\"sameAs\":[\"https:\/\/www.facebook.com\/ElCotarro.Tenerife\"]},{\"@type\":\"Person\",\"@id\":\"https:\/\/elcotarro.com\/#\/schema\/person\/af537ee7d60d15984c7e0affcd8a918b\",\"name\":\"Jos\u00e9 Carlos Marrero Gonz\u00e1lez\",\"image\":{\"@type\":\"ImageObject\",\"inLanguage\":\"es\",\"@id\":\"https:\/\/elcotarro.com\/#\/schema\/person\/image\/\",\"url\":\"https:\/\/secure.gravatar.com\/avatar\/def4da036efb5d32c74d49c351f6dccc064dd69ad9f3aadc295c5a9a5391ca01?s=96&d=mm&r=g\",\"contentUrl\":\"https:\/\/secure.gravatar.com\/avatar\/def4da036efb5d32c74d49c351f6dccc064dd69ad9f3aadc295c5a9a5391ca01?s=96&d=mm&r=g\",\"caption\":\"Jos\u00e9 Carlos Marrero Gonz\u00e1lez\"},\"sameAs\":[\"https:\/\/elcotarro.com\"],\"url\":\"https:\/\/elcotarro.com\/?author=2\"}]}<\/script>\n<!-- \/ Yoast SEO plugin. -->","yoast_head_json":{"title":"CASIMIRO CURBELO, MUY AGRADECIDO - El Cotarro","description":"Si es cierto aquello de que, \u201ces de bien nacido el ser agradecido\u201d el incansable socialista Casimiro Curbelo Curbelo actual presidente del Cabildo Insular","robots":{"index":"index","follow":"follow","max-snippet":"max-snippet:-1","max-image-preview":"max-image-preview:large","max-video-preview":"max-video-preview:-1"},"canonical":"https:\/\/elcotarro.com\/?p=1984","og_locale":"es_ES","og_type":"article","og_title":"CASIMIRO CURBELO, MUY AGRADECIDO - El Cotarro","og_description":"Si es cierto aquello de que, \u201ces de bien nacido el ser agradecido\u201d el incansable socialista Casimiro Curbelo Curbelo actual presidente del Cabildo Insular","og_url":"https:\/\/elcotarro.com\/?p=1984","og_site_name":"El Cotarro","article_publisher":"https:\/\/www.facebook.com\/ElCotarro.Tenerife","article_published_time":"2015-11-22T11:04:09+00:00","og_image":[{"url":"https:\/\/elcotarro.com\/wp-content\/uploads\/2015\/11\/FOTO-3.-Casimiro-Curbelo-Curbelo-1024x791.jpg","type":"","width":"","height":""}],"author":"Jos\u00e9 Carlos Marrero Gonz\u00e1lez","twitter_misc":{"Escrito por":"Jos\u00e9 Carlos Marrero Gonz\u00e1lez","Tiempo de lectura":"1 minuto"},"schema":{"@context":"https:\/\/schema.org","@graph":[{"@type":"Article","@id":"https:\/\/elcotarro.com\/?p=1984#article","isPartOf":{"@id":"https:\/\/elcotarro.com\/?p=1984"},"author":{"name":"Jos\u00e9 Carlos Marrero Gonz\u00e1lez","@id":"https:\/\/elcotarro.com\/#\/schema\/person\/af537ee7d60d15984c7e0affcd8a918b"},"headline":"CASIMIRO CURBELO, MUY AGRADECIDO","datePublished":"2015-11-22T11:04:09+00:00","mainEntityOfPage":{"@id":"https:\/\/elcotarro.com\/?p=1984"},"wordCount":111,"commentCount":0,"publisher":{"@id":"https:\/\/elcotarro.com\/#organization"},"image":{"@id":"https:\/\/elcotarro.com\/?p=1984#primaryimage"},"thumbnailUrl":"https:\/\/elcotarro.com\/wp-content\/uploads\/2015\/11\/FOTO-3.-Casimiro-Curbelo-Curbelo-1024x791.jpg","keywords":["Casimiro Curbelo"],"articleSection":["Pol\u00edtica"],"inLanguage":"es","potentialAction":[{"@type":"CommentAction","name":"Comment","target":["https:\/\/elcotarro.com\/?p=1984#respond"]}]},{"@type":"WebPage","@id":"https:\/\/elcotarro.com\/?p=1984","url":"https:\/\/elcotarro.com\/?p=1984","name":"CASIMIRO CURBELO, MUY AGRADECIDO - El Cotarro","isPartOf":{"@id":"https:\/\/elcotarro.com\/#website"},"primaryImageOfPage":{"@id":"https:\/\/elcotarro.com\/?p=1984#primaryimage"},"image":{"@id":"https:\/\/elcotarro.com\/?p=1984#primaryimage"},"thumbnailUrl":"https:\/\/elcotarro.com\/wp-content\/uploads\/2015\/11\/FOTO-3.-Casimiro-Curbelo-Curbelo-1024x791.jpg","datePublished":"2015-11-22T11:04:09+00:00","description":"Si es cierto aquello de que, \u201ces de bien nacido el ser agradecido\u201d el incansable socialista Casimiro Curbelo Curbelo actual presidente del Cabildo Insular","breadcrumb":{"@id":"https:\/\/elcotarro.com\/?p=1984#breadcrumb"},"inLanguage":"es","potentialAction":[{"@type":"ReadAction","target":["https:\/\/elcotarro.com\/?p=1984"]}]},{"@type":"ImageObject","inLanguage":"es","@id":"https:\/\/elcotarro.com\/?p=1984#primaryimage","url":"https:\/\/elcotarro.com\/wp-content\/uploads\/2015\/11\/FOTO-3.-Casimiro-Curbelo-Curbelo.jpg","contentUrl":"https:\/\/elcotarro.com\/wp-content\/uploads\/2015\/11\/FOTO-3.-Casimiro-Curbelo-Curbelo.jpg","width":3597,"height":2779},{"@type":"BreadcrumbList","@id":"https:\/\/elcotarro.com\/?p=1984#breadcrumb","itemListElement":[{"@type":"ListItem","position":1,"name":"Portada","item":"https:\/\/elcotarro.com\/"},{"@type":"ListItem","position":2,"name":"CASIMIRO CURBELO, MUY AGRADECIDO"}]},{"@type":"WebSite","@id":"https:\/\/elcotarro.com\/#website","url":"https:\/\/elcotarro.com\/","name":"El Cotarro","description":"Peri\u00f3dico Digital Independiente dirigido por Jos\u00e9 Carlos Marrero","publisher":{"@id":"https:\/\/elcotarro.com\/#organization"},"potentialAction":[{"@type":"SearchAction","target":{"@type":"EntryPoint","urlTemplate":"https:\/\/elcotarro.com\/?s={search_term_string}"},"query-input":{"@type":"PropertyValueSpecification","valueRequired":true,"valueName":"search_term_string"}}],"inLanguage":"es"},{"@type":"Organization","@id":"https:\/\/elcotarro.com\/#organization","name":"El Cotarro","url":"https:\/\/elcotarro.com\/","logo":{"@type":"ImageObject","inLanguage":"es","@id":"https:\/\/elcotarro.com\/#\/schema\/logo\/image\/","url":"https:\/\/elcotarro.com\/wp-content\/uploads\/2014\/09\/Cabecera_El_Cotarro_v2.jpg","contentUrl":"https:\/\/elcotarro.com\/wp-content\/uploads\/2014\/09\/Cabecera_El_Cotarro_v2.jpg","width":3540,"height":441,"caption":"El Cotarro"},"image":{"@id":"https:\/\/elcotarro.com\/#\/schema\/logo\/image\/"},"sameAs":["https:\/\/www.facebook.com\/ElCotarro.Tenerife"]},{"@type":"Person","@id":"https:\/\/elcotarro.com\/#\/schema\/person\/af537ee7d60d15984c7e0affcd8a918b","name":"Jos\u00e9 Carlos Marrero Gonz\u00e1lez","image":{"@type":"ImageObject","inLanguage":"es","@id":"https:\/\/elcotarro.com\/#\/schema\/person\/image\/","url":"https:\/\/secure.gravatar.com\/avatar\/def4da036efb5d32c74d49c351f6dccc064dd69ad9f3aadc295c5a9a5391ca01?s=96&d=mm&r=g","contentUrl":"https:\/\/secure.gravatar.com\/avatar\/def4da036efb5d32c74d49c351f6dccc064dd69ad9f3aadc295c5a9a5391ca01?s=96&d=mm&r=g","caption":"Jos\u00e9 Carlos Marrero Gonz\u00e1lez"},"sameAs":["https:\/\/elcotarro.com"],"url":"https:\/\/elcotarro.com\/?author=2"}]}},"jetpack_featured_media_url":"","jetpack_sharing_enabled":true,"_links":{"self":[{"href":"https:\/\/elcotarro.com\/index.php?rest_route=\/wp\/v2\/posts\/1984","targetHints":{"allow":["GET"]}}],"collection":[{"href":"https:\/\/elcotarro.com\/index.php?rest_route=\/wp\/v2\/posts"}],"about":[{"href":"https:\/\/elcotarro.com\/index.php?rest_route=\/wp\/v2\/types\/post"}],"author":[{"embeddable":true,"href":"https:\/\/elcotarro.com\/index.php?rest_route=\/wp\/v2\/users\/2"}],"replies":[{"embeddable":true,"href":"https:\/\/elcotarro.com\/index.php?rest_route=%2Fwp%2Fv2%2Fcomments&post=1984"}],"version-history":[{"count":2,"href":"https:\/\/elcotarro.com\/index.php?rest_route=\/wp\/v2\/posts\/1984\/revisions"}],"predecessor-version":[{"id":1987,"href":"https:\/\/elcotarro.com\/index.php?rest_route=\/wp\/v2\/posts\/1984\/revisions\/1987"}],"wp:attachment":[{"href":"https:\/\/elcotarro.com\/index.php?rest_route=%2Fwp%2Fv2%2Fmedia&parent=1984"}],"wp:term":[{"taxonomy":"category","embeddable":true,"href":"https:\/\/elcotarro.com\/index.php?rest_route=%2Fwp%2Fv2%2Fcategories&post=1984"},{"taxonomy":"post_tag","embeddable":true,"href":"https:\/\/elcotarro.com\/index.php?rest_route=%2Fwp%2Fv2%2Ftags&post=1984"}],"curies":[{"name":"wp","href":"https:\/\/api.w.org\/{rel}","templated":true}]}}