{"id":2027,"date":"2015-12-06T11:03:43","date_gmt":"2015-12-06T11:03:43","guid":{"rendered":"https:\/\/elcotarro.com\/?p=2027"},"modified":"2015-12-06T09:31:04","modified_gmt":"2015-12-06T09:31:04","slug":"mosqueo-lagunero-con-telefonica","status":"publish","type":"post","link":"https:\/\/elcotarro.com\/?p=2027","title":{"rendered":"MOSQUEO LAGUNERO CON TELEF\u00d3NICA"},"content":{"rendered":"<p>\u2666 Tremendo mosqueo (por no decir cabreo) tienen los laguneros del casco hist\u00f3rico de la ciudad por la chapuza que est\u00e1 realizando la empresa Telef\u00f3nica (o una subcontrata en nombre de ella) para instalar los servicios de fibra \u00f3ptica y Movistar+. La cosa fastidia porque, seg\u00fan me comenta el presidente de la Asociaci\u00f3n de Vecinos del Casco, <strong>Pablo Reyes N\u00fa\u00f1ez<\/strong>, particulares y empresarios han tenido que gastarse en los \u00faltimos a\u00f1os un buen dinerito para tapar cables o desag\u00fces y cajas de registro en el casco hist\u00f3rico con hierro forjado, m\u00e1s apropiado para un entorno declarado Bien Cultural Patrimonio de la Humanidad. Todo el mundo ha pasado por el aro, pero parece que Telef\u00f3nica manda mucho (o la dejan mandar mucho) porque est\u00e1 poniendo unas cajas de pl\u00e1stico, bastante lamentables, a las que pinta para fingir que son de hierro y la canalizaciones tambi\u00e9n de pl\u00e1stico.<\/p>\n<p>&nbsp;<\/p>\n<p><img loading=\"lazy\" decoding=\"async\" class=\"size-full wp-image-2028 aligncenter\" src=\"https:\/\/elcotarro.com\/wp-content\/uploads\/2015\/12\/FOTO-5.-Pablo-Reyes-N\u00fa\u00f1ez.jpg\" alt=\"RUEDA DE PRENSA PRESIDENTE DE ASOCIACION DE VECINOS DEL CASCO, Reyes y Manuel Chico\" width=\"231\" height=\"404\" srcset=\"https:\/\/elcotarro.com\/wp-content\/uploads\/2015\/12\/FOTO-5.-Pablo-Reyes-N\u00fa\u00f1ez.jpg 231w, https:\/\/elcotarro.com\/wp-content\/uploads\/2015\/12\/FOTO-5.-Pablo-Reyes-N\u00fa\u00f1ez-172x300.jpg 172w\" sizes=\"auto, (max-width: 231px) 100vw, 231px\" \/><\/p>\n<p class=\"comentario\" style=\"text-align: center;\">Pablo Reyes N\u00fa\u00f1ez, presidente de la AA.VV. Casco Hist\u00f3rico de La Laguna.<\/p>\n","protected":false},"excerpt":{"rendered":"<p>\u2666 Tremendo mosqueo (por no decir cabreo) tienen los laguneros del casco hist\u00f3rico de la ciudad por la chapuza que est\u00e1 realizando la empresa Telef\u00f3nica (o una subcontrata en nombre de ella) para instalar los servicios de fibra \u00f3ptica y Movistar+. La cosa fastidia porque, seg\u00fan me comenta el presidente de la Asociaci\u00f3n de Vecinos &#8230; <a class=\"read-more\" href=\"https:\/\/elcotarro.com\/?p=2027\">Read more<\/a><\/p>\n","protected":false},"author":2,"featured_media":0,"comment_status":"open","ping_status":"open","sticky":false,"template":"","format":"standard","meta":{"_jetpack_memberships_contains_paid_content":false,"footnotes":""},"categories":[43],"tags":[288],"class_list":["post-2027","post","type-post","status-publish","format-standard","hentry","category-sociedad","tag-pablo-reyes-nunez"],"yoast_head":"<!-- This site is optimized with the Yoast SEO plugin v27.0 - https:\/\/yoast.com\/product\/yoast-seo-wordpress\/ -->\n<title>MOSQUEO LAGUNERO CON TELEF\u00d3NICA - El Cotarro<\/title>\n<meta name=\"description\" content=\"Tremendo mosqueo (por no decir cabreo) tienen los laguneros del casco hist\u00f3rico de la ciudad por la chapuza que est\u00e1 realizando la empresa Telef\u00f3nica (o u\" \/>\n<meta name=\"robots\" content=\"index, follow, max-snippet:-1, max-image-preview:large, max-video-preview:-1\" \/>\n<link rel=\"canonical\" href=\"https:\/\/elcotarro.com\/?p=2027\" \/>\n<meta property=\"og:locale\" content=\"es_ES\" \/>\n<meta property=\"og:type\" content=\"article\" \/>\n<meta property=\"og:title\" content=\"MOSQUEO LAGUNERO CON TELEF\u00d3NICA - El Cotarro\" \/>\n<meta property=\"og:description\" content=\"Tremendo mosqueo (por no decir cabreo) tienen los laguneros del casco hist\u00f3rico de la ciudad por la chapuza que est\u00e1 realizando la empresa Telef\u00f3nica (o u\" \/>\n<meta property=\"og:url\" content=\"https:\/\/elcotarro.com\/?p=2027\" \/>\n<meta property=\"og:site_name\" content=\"El Cotarro\" \/>\n<meta property=\"article:publisher\" content=\"https:\/\/www.facebook.com\/ElCotarro.Tenerife\" \/>\n<meta property=\"article:published_time\" content=\"2015-12-06T11:03:43+00:00\" \/>\n<meta name=\"author\" content=\"Jos\u00e9 Carlos Marrero Gonz\u00e1lez\" \/>\n<meta name=\"twitter:label1\" content=\"Escrito por\" \/>\n\t<meta name=\"twitter:data1\" content=\"Jos\u00e9 Carlos Marrero Gonz\u00e1lez\" \/>\n\t<meta name=\"twitter:label2\" content=\"Tiempo de lectura\" \/>\n\t<meta name=\"twitter:data2\" content=\"1 minuto\" \/>\n<script type=\"application\/ld+json\" class=\"yoast-schema-graph\">{\"@context\":\"https:\/\/schema.org\",\"@graph\":[{\"@type\":\"Article\",\"@id\":\"https:\/\/elcotarro.com\/?p=2027#article\",\"isPartOf\":{\"@id\":\"https:\/\/elcotarro.com\/?p=2027\"},\"author\":{\"name\":\"Jos\u00e9 Carlos Marrero Gonz\u00e1lez\",\"@id\":\"https:\/\/elcotarro.com\/#\/schema\/person\/af537ee7d60d15984c7e0affcd8a918b\"},\"headline\":\"MOSQUEO LAGUNERO CON TELEF\u00d3NICA\",\"datePublished\":\"2015-12-06T11:03:43+00:00\",\"mainEntityOfPage\":{\"@id\":\"https:\/\/elcotarro.com\/?p=2027\"},\"wordCount\":179,\"commentCount\":0,\"publisher\":{\"@id\":\"https:\/\/elcotarro.com\/#organization\"},\"keywords\":[\"Pablo Reyes N\u00fa\u00f1ez\"],\"articleSection\":[\"Sociedad\"],\"inLanguage\":\"es\",\"potentialAction\":[{\"@type\":\"CommentAction\",\"name\":\"Comment\",\"target\":[\"https:\/\/elcotarro.com\/?p=2027#respond\"]}]},{\"@type\":\"WebPage\",\"@id\":\"https:\/\/elcotarro.com\/?p=2027\",\"url\":\"https:\/\/elcotarro.com\/?p=2027\",\"name\":\"MOSQUEO LAGUNERO CON TELEF\u00d3NICA - El Cotarro\",\"isPartOf\":{\"@id\":\"https:\/\/elcotarro.com\/#website\"},\"datePublished\":\"2015-12-06T11:03:43+00:00\",\"description\":\"Tremendo mosqueo (por no decir cabreo) tienen los laguneros del casco hist\u00f3rico de la ciudad por la chapuza que est\u00e1 realizando la empresa Telef\u00f3nica (o u\",\"breadcrumb\":{\"@id\":\"https:\/\/elcotarro.com\/?p=2027#breadcrumb\"},\"inLanguage\":\"es\",\"potentialAction\":[{\"@type\":\"ReadAction\",\"target\":[\"https:\/\/elcotarro.com\/?p=2027\"]}]},{\"@type\":\"BreadcrumbList\",\"@id\":\"https:\/\/elcotarro.com\/?p=2027#breadcrumb\",\"itemListElement\":[{\"@type\":\"ListItem\",\"position\":1,\"name\":\"Portada\",\"item\":\"https:\/\/elcotarro.com\/\"},{\"@type\":\"ListItem\",\"position\":2,\"name\":\"MOSQUEO LAGUNERO CON TELEF\u00d3NICA\"}]},{\"@type\":\"WebSite\",\"@id\":\"https:\/\/elcotarro.com\/#website\",\"url\":\"https:\/\/elcotarro.com\/\",\"name\":\"El Cotarro\",\"description\":\"Peri\u00f3dico Digital Independiente dirigido por Jos\u00e9 Carlos Marrero\",\"publisher\":{\"@id\":\"https:\/\/elcotarro.com\/#organization\"},\"potentialAction\":[{\"@type\":\"SearchAction\",\"target\":{\"@type\":\"EntryPoint\",\"urlTemplate\":\"https:\/\/elcotarro.com\/?s={search_term_string}\"},\"query-input\":{\"@type\":\"PropertyValueSpecification\",\"valueRequired\":true,\"valueName\":\"search_term_string\"}}],\"inLanguage\":\"es\"},{\"@type\":\"Organization\",\"@id\":\"https:\/\/elcotarro.com\/#organization\",\"name\":\"El Cotarro\",\"url\":\"https:\/\/elcotarro.com\/\",\"logo\":{\"@type\":\"ImageObject\",\"inLanguage\":\"es\",\"@id\":\"https:\/\/elcotarro.com\/#\/schema\/logo\/image\/\",\"url\":\"https:\/\/elcotarro.com\/wp-content\/uploads\/2014\/09\/Cabecera_El_Cotarro_v2.jpg\",\"contentUrl\":\"https:\/\/elcotarro.com\/wp-content\/uploads\/2014\/09\/Cabecera_El_Cotarro_v2.jpg\",\"width\":3540,\"height\":441,\"caption\":\"El Cotarro\"},\"image\":{\"@id\":\"https:\/\/elcotarro.com\/#\/schema\/logo\/image\/\"},\"sameAs\":[\"https:\/\/www.facebook.com\/ElCotarro.Tenerife\"]},{\"@type\":\"Person\",\"@id\":\"https:\/\/elcotarro.com\/#\/schema\/person\/af537ee7d60d15984c7e0affcd8a918b\",\"name\":\"Jos\u00e9 Carlos Marrero Gonz\u00e1lez\",\"image\":{\"@type\":\"ImageObject\",\"inLanguage\":\"es\",\"@id\":\"https:\/\/elcotarro.com\/#\/schema\/person\/image\/\",\"url\":\"https:\/\/secure.gravatar.com\/avatar\/def4da036efb5d32c74d49c351f6dccc064dd69ad9f3aadc295c5a9a5391ca01?s=96&d=mm&r=g\",\"contentUrl\":\"https:\/\/secure.gravatar.com\/avatar\/def4da036efb5d32c74d49c351f6dccc064dd69ad9f3aadc295c5a9a5391ca01?s=96&d=mm&r=g\",\"caption\":\"Jos\u00e9 Carlos Marrero Gonz\u00e1lez\"},\"sameAs\":[\"https:\/\/elcotarro.com\"],\"url\":\"https:\/\/elcotarro.com\/?author=2\"}]}<\/script>\n<!-- \/ Yoast SEO plugin. -->","yoast_head_json":{"title":"MOSQUEO LAGUNERO CON TELEF\u00d3NICA - El Cotarro","description":"Tremendo mosqueo (por no decir cabreo) tienen los laguneros del casco hist\u00f3rico de la ciudad por la chapuza que est\u00e1 realizando la empresa Telef\u00f3nica (o u","robots":{"index":"index","follow":"follow","max-snippet":"max-snippet:-1","max-image-preview":"max-image-preview:large","max-video-preview":"max-video-preview:-1"},"canonical":"https:\/\/elcotarro.com\/?p=2027","og_locale":"es_ES","og_type":"article","og_title":"MOSQUEO LAGUNERO CON TELEF\u00d3NICA - El Cotarro","og_description":"Tremendo mosqueo (por no decir cabreo) tienen los laguneros del casco hist\u00f3rico de la ciudad por la chapuza que est\u00e1 realizando la empresa Telef\u00f3nica (o u","og_url":"https:\/\/elcotarro.com\/?p=2027","og_site_name":"El Cotarro","article_publisher":"https:\/\/www.facebook.com\/ElCotarro.Tenerife","article_published_time":"2015-12-06T11:03:43+00:00","author":"Jos\u00e9 Carlos Marrero Gonz\u00e1lez","twitter_misc":{"Escrito por":"Jos\u00e9 Carlos Marrero Gonz\u00e1lez","Tiempo de lectura":"1 minuto"},"schema":{"@context":"https:\/\/schema.org","@graph":[{"@type":"Article","@id":"https:\/\/elcotarro.com\/?p=2027#article","isPartOf":{"@id":"https:\/\/elcotarro.com\/?p=2027"},"author":{"name":"Jos\u00e9 Carlos Marrero Gonz\u00e1lez","@id":"https:\/\/elcotarro.com\/#\/schema\/person\/af537ee7d60d15984c7e0affcd8a918b"},"headline":"MOSQUEO LAGUNERO CON TELEF\u00d3NICA","datePublished":"2015-12-06T11:03:43+00:00","mainEntityOfPage":{"@id":"https:\/\/elcotarro.com\/?p=2027"},"wordCount":179,"commentCount":0,"publisher":{"@id":"https:\/\/elcotarro.com\/#organization"},"keywords":["Pablo Reyes N\u00fa\u00f1ez"],"articleSection":["Sociedad"],"inLanguage":"es","potentialAction":[{"@type":"CommentAction","name":"Comment","target":["https:\/\/elcotarro.com\/?p=2027#respond"]}]},{"@type":"WebPage","@id":"https:\/\/elcotarro.com\/?p=2027","url":"https:\/\/elcotarro.com\/?p=2027","name":"MOSQUEO LAGUNERO CON TELEF\u00d3NICA - El Cotarro","isPartOf":{"@id":"https:\/\/elcotarro.com\/#website"},"datePublished":"2015-12-06T11:03:43+00:00","description":"Tremendo mosqueo (por no decir cabreo) tienen los laguneros del casco hist\u00f3rico de la ciudad por la chapuza que est\u00e1 realizando la empresa Telef\u00f3nica (o u","breadcrumb":{"@id":"https:\/\/elcotarro.com\/?p=2027#breadcrumb"},"inLanguage":"es","potentialAction":[{"@type":"ReadAction","target":["https:\/\/elcotarro.com\/?p=2027"]}]},{"@type":"BreadcrumbList","@id":"https:\/\/elcotarro.com\/?p=2027#breadcrumb","itemListElement":[{"@type":"ListItem","position":1,"name":"Portada","item":"https:\/\/elcotarro.com\/"},{"@type":"ListItem","position":2,"name":"MOSQUEO LAGUNERO CON TELEF\u00d3NICA"}]},{"@type":"WebSite","@id":"https:\/\/elcotarro.com\/#website","url":"https:\/\/elcotarro.com\/","name":"El Cotarro","description":"Peri\u00f3dico Digital Independiente dirigido por Jos\u00e9 Carlos Marrero","publisher":{"@id":"https:\/\/elcotarro.com\/#organization"},"potentialAction":[{"@type":"SearchAction","target":{"@type":"EntryPoint","urlTemplate":"https:\/\/elcotarro.com\/?s={search_term_string}"},"query-input":{"@type":"PropertyValueSpecification","valueRequired":true,"valueName":"search_term_string"}}],"inLanguage":"es"},{"@type":"Organization","@id":"https:\/\/elcotarro.com\/#organization","name":"El Cotarro","url":"https:\/\/elcotarro.com\/","logo":{"@type":"ImageObject","inLanguage":"es","@id":"https:\/\/elcotarro.com\/#\/schema\/logo\/image\/","url":"https:\/\/elcotarro.com\/wp-content\/uploads\/2014\/09\/Cabecera_El_Cotarro_v2.jpg","contentUrl":"https:\/\/elcotarro.com\/wp-content\/uploads\/2014\/09\/Cabecera_El_Cotarro_v2.jpg","width":3540,"height":441,"caption":"El Cotarro"},"image":{"@id":"https:\/\/elcotarro.com\/#\/schema\/logo\/image\/"},"sameAs":["https:\/\/www.facebook.com\/ElCotarro.Tenerife"]},{"@type":"Person","@id":"https:\/\/elcotarro.com\/#\/schema\/person\/af537ee7d60d15984c7e0affcd8a918b","name":"Jos\u00e9 Carlos Marrero Gonz\u00e1lez","image":{"@type":"ImageObject","inLanguage":"es","@id":"https:\/\/elcotarro.com\/#\/schema\/person\/image\/","url":"https:\/\/secure.gravatar.com\/avatar\/def4da036efb5d32c74d49c351f6dccc064dd69ad9f3aadc295c5a9a5391ca01?s=96&d=mm&r=g","contentUrl":"https:\/\/secure.gravatar.com\/avatar\/def4da036efb5d32c74d49c351f6dccc064dd69ad9f3aadc295c5a9a5391ca01?s=96&d=mm&r=g","caption":"Jos\u00e9 Carlos Marrero Gonz\u00e1lez"},"sameAs":["https:\/\/elcotarro.com"],"url":"https:\/\/elcotarro.com\/?author=2"}]}},"jetpack_featured_media_url":"","jetpack_sharing_enabled":true,"_links":{"self":[{"href":"https:\/\/elcotarro.com\/index.php?rest_route=\/wp\/v2\/posts\/2027","targetHints":{"allow":["GET"]}}],"collection":[{"href":"https:\/\/elcotarro.com\/index.php?rest_route=\/wp\/v2\/posts"}],"about":[{"href":"https:\/\/elcotarro.com\/index.php?rest_route=\/wp\/v2\/types\/post"}],"author":[{"embeddable":true,"href":"https:\/\/elcotarro.com\/index.php?rest_route=\/wp\/v2\/users\/2"}],"replies":[{"embeddable":true,"href":"https:\/\/elcotarro.com\/index.php?rest_route=%2Fwp%2Fv2%2Fcomments&post=2027"}],"version-history":[{"count":1,"href":"https:\/\/elcotarro.com\/index.php?rest_route=\/wp\/v2\/posts\/2027\/revisions"}],"predecessor-version":[{"id":2029,"href":"https:\/\/elcotarro.com\/index.php?rest_route=\/wp\/v2\/posts\/2027\/revisions\/2029"}],"wp:attachment":[{"href":"https:\/\/elcotarro.com\/index.php?rest_route=%2Fwp%2Fv2%2Fmedia&parent=2027"}],"wp:term":[{"taxonomy":"category","embeddable":true,"href":"https:\/\/elcotarro.com\/index.php?rest_route=%2Fwp%2Fv2%2Fcategories&post=2027"},{"taxonomy":"post_tag","embeddable":true,"href":"https:\/\/elcotarro.com\/index.php?rest_route=%2Fwp%2Fv2%2Ftags&post=2027"}],"curies":[{"name":"wp","href":"https:\/\/api.w.org\/{rel}","templated":true}]}}